{"id":101789,"date":"2019-03-27T07:06:44","date_gmt":"2019-03-27T06:06:44","guid":{"rendered":"https:\/\/batijournal.com\/?p=101789"},"modified":"2019-07-15T11:14:37","modified_gmt":"2019-07-15T09:14:37","slug":"9e-edition-du-festival-de-lhistoire-de-lart","status":"publish","type":"post","link":"https:\/\/batijournal.com\/index.php\/9e-edition-du-festival-de-lhistoire-de-lart\/101789\/","title":{"rendered":"9e \u00e9dition du Festival de l\u2019histoire de l\u2019art"},"content":{"rendered":"<p>Pour sa 9e \u00e9dition, les 7, 8 et 9 juin 2019, le Festival de l\u2019histoire de l\u2019art aura pour th\u00e8me le Peuple et mettra \u00e0 l\u2019honneur les pays nordiques. Il r\u00e9unira une centaine d\u2019historiens de l\u2019art (chercheurs, conservateurs, \u00e9tudiants) et acteurs de la cr\u00e9ation contemporaine \u2013 dont une importante d\u00e9l\u00e9gation d\u2019experts danois, finlandais, islandais, norv\u00e9giens et su\u00e9dois \u2013 et proposera, comme chaque ann\u00e9e, un point de vue panoramique sur la production artistique et la discipline de l\u2019histoire de l\u2019art de ces pays. \u00c0 travers plus de 300 \u00e9v\u00e9nements \u2013 conf\u00e9rences, rencontres, tables rondes, visites, ateliers, concerts, projections et spectacles \u2013 enti\u00e8rement gratuits, le Festival constitue un moment festif de partage des savoirs pour les amateurs, les familles, les chercheurs, les \u00e9tudiants et le jeune public. Le Festival de l\u2019histoire de l\u2019art est une op\u00e9ration nationale du minist\u00e8re de la Culture mise en \u0153uvre par l\u2019Institut national d\u2019histoire de l\u2019art et le ch\u00e2teau de Fontainebleau.<\/p>\n","protected":false},"excerpt":{"rendered":"<p>Pour sa 9e \u00e9dition, les 7, 8 et 9 juin 2019, le Festival de l\u2019histoire de l\u2019art aura pour th\u00e8me le Peuple et mettra \u00e0 l\u2019honneur les pays nordiques. Il r\u00e9unira une centaine d\u2019historiens de l\u2019art (chercheurs, conservateurs, \u00e9tudiants) et acteurs de la cr\u00e9ation contemporaine \u2013 dont une importante d\u00e9l\u00e9gation d\u2019experts danois, finlandais, islandais, norv\u00e9giens [&hellip;]<\/p>\n","protected":false},"author":17,"featured_media":101790,"comment_status":"closed","ping_status":"closed","sticky":false,"template":"","format":"standard","meta":{"_et_pb_use_builder":"","_et_pb_old_content":"","_et_gb_content_width":"","footnotes":""},"categories":[10530,6340,10785],"tags":[8405],"class_list":["post-101789","post","type-post","status-publish","format-standard","has-post-thumbnail","hentry","category-actualites","category-architecture-conception","category-atrium","tag-festival-de-lhistoire-de-lart"],"yoast_head":"<!-- This site is optimized with the Yoast SEO plugin v27.4 - https:\/\/yoast.com\/product\/yoast-seo-wordpress\/ -->\n<title>9e \u00e9dition du Festival de l\u2019histoire de l\u2019art<\/title>\n<meta name=\"description\" content=\"Pour sa 9e \u00e9dition, les 7, 8 et 9 juin 2019, le Festival de l\u2019histoire de l\u2019art aura pour th\u00e8me le Peuple et mettra \u00e0 l\u2019honneur les pays nordiques\" \/>\n<meta name=\"robots\" content=\"index, follow, max-snippet:-1, max-image-preview:large, max-video-preview:-1\" \/>\n<link rel=\"canonical\" href=\"https:\/\/batijournal.com\/index.php\/9e-edition-du-festival-de-lhistoire-de-lart\/101789\/\" \/>\n<meta property=\"og:locale\" content=\"fr_FR\" \/>\n<meta property=\"og:type\" content=\"article\" \/>\n<meta property=\"og:title\" content=\"9e \u00e9dition du Festival de l\u2019histoire de l\u2019art\" \/>\n<meta property=\"og:description\" content=\"Pour sa 9e \u00e9dition, les 7, 8 et 9 juin 2019, le Festival de l\u2019histoire de l\u2019art aura pour th\u00e8me le Peuple et mettra \u00e0 l\u2019honneur les pays nordiques\" \/>\n<meta property=\"og:url\" content=\"https:\/\/batijournal.com\/index.php\/9e-edition-du-festival-de-lhistoire-de-lart\/101789\/\" \/>\n<meta property=\"og:site_name\" content=\"Batijournal\" \/>\n<meta property=\"article:published_time\" content=\"2019-03-27T06:06:44+00:00\" \/>\n<meta property=\"article:modified_time\" content=\"2019-07-15T09:14:37+00:00\" \/>\n<meta property=\"og:image\" content=\"https:\/\/batijournal.com\/wp-content\/uploads\/2019\/03\/festival-histoire-de-l-art-fontainebleau.png\" \/>\n\t<meta property=\"og:image:width\" content=\"517\" \/>\n\t<meta property=\"og:image:height\" content=\"513\" \/>\n\t<meta property=\"og:image:type\" content=\"image\/png\" \/>\n<meta name=\"author\" content=\"St\u00e9phane Miget\" \/>\n<meta name=\"twitter:card\" content=\"summary_large_image\" \/>\n<meta name=\"twitter:creator\" content=\"@bati_journal\" \/>\n<meta name=\"twitter:site\" content=\"@bati_journal\" \/>\n<meta name=\"twitter:label1\" content=\"\u00c9crit par\" \/>\n\t<meta name=\"twitter:data1\" content=\"St\u00e9phane Miget\" \/>\n\t<meta name=\"twitter:label2\" content=\"Dur\u00e9e de lecture estim\u00e9e\" \/>\n\t<meta name=\"twitter:data2\" content=\"1 minute\" \/>\n<script type=\"application\/ld+json\" class=\"yoast-schema-graph\">{\"@context\":\"https:\\\/\\\/schema.org\",\"@graph\":[{\"@type\":\"Article\",\"@id\":\"https:\\\/\\\/batijournal.com\\\/index.php\\\/9e-edition-du-festival-de-lhistoire-de-lart\\\/101789\\\/#article\",\"isPartOf\":{\"@id\":\"https:\\\/\\\/batijournal.com\\\/index.php\\\/9e-edition-du-festival-de-lhistoire-de-lart\\\/101789\\\/\"},\"author\":{\"name\":\"St\u00e9phane Miget\",\"@id\":\"https:\\\/\\\/batijournal.com\\\/#\\\/schema\\\/person\\\/1dc96ec6957aa1ccb25ebe78bb19f100\"},\"headline\":\"9e \u00e9dition du Festival de l\u2019histoire de l\u2019art\",\"datePublished\":\"2019-03-27T06:06:44+00:00\",\"dateModified\":\"2019-07-15T09:14:37+00:00\",\"mainEntityOfPage\":{\"@id\":\"https:\\\/\\\/batijournal.com\\\/index.php\\\/9e-edition-du-festival-de-lhistoire-de-lart\\\/101789\\\/\"},\"wordCount\":180,\"image\":{\"@id\":\"https:\\\/\\\/batijournal.com\\\/index.php\\\/9e-edition-du-festival-de-lhistoire-de-lart\\\/101789\\\/#primaryimage\"},\"thumbnailUrl\":\"https:\\\/\\\/batijournal.com\\\/wp-content\\\/uploads\\\/2019\\\/03\\\/festival-histoire-de-l-art-fontainebleau.png\",\"keywords\":[\"festival de lhistoire de lart\"],\"articleSection\":[\"Actualit\u00e9s\",\"Architecture &amp; Conception\",\"zz_Atrium Patrimoine\"],\"inLanguage\":\"fr-FR\"},{\"@type\":\"WebPage\",\"@id\":\"https:\\\/\\\/batijournal.com\\\/index.php\\\/9e-edition-du-festival-de-lhistoire-de-lart\\\/101789\\\/\",\"url\":\"https:\\\/\\\/batijournal.com\\\/index.php\\\/9e-edition-du-festival-de-lhistoire-de-lart\\\/101789\\\/\",\"name\":\"9e \u00e9dition du Festival de l\u2019histoire de l\u2019art\",\"isPartOf\":{\"@id\":\"https:\\\/\\\/batijournal.com\\\/#website\"},\"primaryImageOfPage\":{\"@id\":\"https:\\\/\\\/batijournal.com\\\/index.php\\\/9e-edition-du-festival-de-lhistoire-de-lart\\\/101789\\\/#primaryimage\"},\"image\":{\"@id\":\"https:\\\/\\\/batijournal.com\\\/index.php\\\/9e-edition-du-festival-de-lhistoire-de-lart\\\/101789\\\/#primaryimage\"},\"thumbnailUrl\":\"https:\\\/\\\/batijournal.com\\\/wp-content\\\/uploads\\\/2019\\\/03\\\/festival-histoire-de-l-art-fontainebleau.png\",\"datePublished\":\"2019-03-27T06:06:44+00:00\",\"dateModified\":\"2019-07-15T09:14:37+00:00\",\"author\":{\"@id\":\"https:\\\/\\\/batijournal.com\\\/#\\\/schema\\\/person\\\/1dc96ec6957aa1ccb25ebe78bb19f100\"},\"description\":\"Pour sa 9e \u00e9dition, les 7, 8 et 9 juin 2019, le Festival de l\u2019histoire de l\u2019art aura pour th\u00e8me le Peuple et mettra \u00e0 l\u2019honneur les pays nordiques\",\"breadcrumb\":{\"@id\":\"https:\\\/\\\/batijournal.com\\\/index.php\\\/9e-edition-du-festival-de-lhistoire-de-lart\\\/101789\\\/#breadcrumb\"},\"inLanguage\":\"fr-FR\",\"potentialAction\":[{\"@type\":\"ReadAction\",\"target\":[\"https:\\\/\\\/batijournal.com\\\/index.php\\\/9e-edition-du-festival-de-lhistoire-de-lart\\\/101789\\\/\"]}]},{\"@type\":\"ImageObject\",\"inLanguage\":\"fr-FR\",\"@id\":\"https:\\\/\\\/batijournal.com\\\/index.php\\\/9e-edition-du-festival-de-lhistoire-de-lart\\\/101789\\\/#primaryimage\",\"url\":\"https:\\\/\\\/batijournal.com\\\/wp-content\\\/uploads\\\/2019\\\/03\\\/festival-histoire-de-l-art-fontainebleau.png\",\"contentUrl\":\"https:\\\/\\\/batijournal.com\\\/wp-content\\\/uploads\\\/2019\\\/03\\\/festival-histoire-de-l-art-fontainebleau.png\",\"width\":517,\"height\":513},{\"@type\":\"BreadcrumbList\",\"@id\":\"https:\\\/\\\/batijournal.com\\\/index.php\\\/9e-edition-du-festival-de-lhistoire-de-lart\\\/101789\\\/#breadcrumb\",\"itemListElement\":[{\"@type\":\"ListItem\",\"position\":1,\"name\":\"Accueil\",\"item\":\"https:\\\/\\\/batijournal.com\\\/\"},{\"@type\":\"ListItem\",\"position\":2,\"name\":\"Actualit\u00e9s\",\"item\":\"https:\\\/\\\/batijournal.com\\\/index.php\\\/category\\\/actualites\\\/\"},{\"@type\":\"ListItem\",\"position\":3,\"name\":\"9e \u00e9dition du Festival de l\u2019histoire de l\u2019art\"}]},{\"@type\":\"WebSite\",\"@id\":\"https:\\\/\\\/batijournal.com\\\/#website\",\"url\":\"https:\\\/\\\/batijournal.com\\\/\",\"name\":\"Batijournal\",\"description\":\"L&#039;actualit\u00e9 du b\u00e2timent\",\"potentialAction\":[{\"@type\":\"SearchAction\",\"target\":{\"@type\":\"EntryPoint\",\"urlTemplate\":\"https:\\\/\\\/batijournal.com\\\/?s={search_term_string}\"},\"query-input\":{\"@type\":\"PropertyValueSpecification\",\"valueRequired\":true,\"valueName\":\"search_term_string\"}}],\"inLanguage\":\"fr-FR\"},{\"@type\":\"Person\",\"@id\":\"https:\\\/\\\/batijournal.com\\\/#\\\/schema\\\/person\\\/1dc96ec6957aa1ccb25ebe78bb19f100\",\"name\":\"St\u00e9phane Miget\",\"image\":{\"@type\":\"ImageObject\",\"inLanguage\":\"fr-FR\",\"@id\":\"https:\\\/\\\/secure.gravatar.com\\\/avatar\\\/89915563d925342126b8ef0281b93d9d7fc337043e8df017f780908eb9644451?s=96&d=mm&r=g\",\"url\":\"https:\\\/\\\/secure.gravatar.com\\\/avatar\\\/89915563d925342126b8ef0281b93d9d7fc337043e8df017f780908eb9644451?s=96&d=mm&r=g\",\"contentUrl\":\"https:\\\/\\\/secure.gravatar.com\\\/avatar\\\/89915563d925342126b8ef0281b93d9d7fc337043e8df017f780908eb9644451?s=96&d=mm&r=g\",\"caption\":\"St\u00e9phane Miget\"},\"url\":\"https:\\\/\\\/batijournal.com\\\/index.php\\\/author\\\/stephane\\\/\"}]}<\/script>\n<!-- \/ Yoast SEO plugin. -->","yoast_head_json":{"title":"9e \u00e9dition du Festival de l\u2019histoire de l\u2019art","description":"Pour sa 9e \u00e9dition, les 7, 8 et 9 juin 2019, le Festival de l\u2019histoire de l\u2019art aura pour th\u00e8me le Peuple et mettra \u00e0 l\u2019honneur les pays nordiques","robots":{"index":"index","follow":"follow","max-snippet":"max-snippet:-1","max-image-preview":"max-image-preview:large","max-video-preview":"max-video-preview:-1"},"canonical":"https:\/\/batijournal.com\/index.php\/9e-edition-du-festival-de-lhistoire-de-lart\/101789\/","og_locale":"fr_FR","og_type":"article","og_title":"9e \u00e9dition du Festival de l\u2019histoire de l\u2019art","og_description":"Pour sa 9e \u00e9dition, les 7, 8 et 9 juin 2019, le Festival de l\u2019histoire de l\u2019art aura pour th\u00e8me le Peuple et mettra \u00e0 l\u2019honneur les pays nordiques","og_url":"https:\/\/batijournal.com\/index.php\/9e-edition-du-festival-de-lhistoire-de-lart\/101789\/","og_site_name":"Batijournal","article_published_time":"2019-03-27T06:06:44+00:00","article_modified_time":"2019-07-15T09:14:37+00:00","og_image":[{"width":517,"height":513,"url":"https:\/\/batijournal.com\/wp-content\/uploads\/2019\/03\/festival-histoire-de-l-art-fontainebleau.png","type":"image\/png"}],"author":"St\u00e9phane Miget","twitter_card":"summary_large_image","twitter_creator":"@bati_journal","twitter_site":"@bati_journal","twitter_misc":{"\u00c9crit par":"St\u00e9phane Miget","Dur\u00e9e de lecture estim\u00e9e":"1 minute"},"schema":{"@context":"https:\/\/schema.org","@graph":[{"@type":"Article","@id":"https:\/\/batijournal.com\/index.php\/9e-edition-du-festival-de-lhistoire-de-lart\/101789\/#article","isPartOf":{"@id":"https:\/\/batijournal.com\/index.php\/9e-edition-du-festival-de-lhistoire-de-lart\/101789\/"},"author":{"name":"St\u00e9phane Miget","@id":"https:\/\/batijournal.com\/#\/schema\/person\/1dc96ec6957aa1ccb25ebe78bb19f100"},"headline":"9e \u00e9dition du Festival de l\u2019histoire de l\u2019art","datePublished":"2019-03-27T06:06:44+00:00","dateModified":"2019-07-15T09:14:37+00:00","mainEntityOfPage":{"@id":"https:\/\/batijournal.com\/index.php\/9e-edition-du-festival-de-lhistoire-de-lart\/101789\/"},"wordCount":180,"image":{"@id":"https:\/\/batijournal.com\/index.php\/9e-edition-du-festival-de-lhistoire-de-lart\/101789\/#primaryimage"},"thumbnailUrl":"https:\/\/batijournal.com\/wp-content\/uploads\/2019\/03\/festival-histoire-de-l-art-fontainebleau.png","keywords":["festival de lhistoire de lart"],"articleSection":["Actualit\u00e9s","Architecture &amp; Conception","zz_Atrium Patrimoine"],"inLanguage":"fr-FR"},{"@type":"WebPage","@id":"https:\/\/batijournal.com\/index.php\/9e-edition-du-festival-de-lhistoire-de-lart\/101789\/","url":"https:\/\/batijournal.com\/index.php\/9e-edition-du-festival-de-lhistoire-de-lart\/101789\/","name":"9e \u00e9dition du Festival de l\u2019histoire de l\u2019art","isPartOf":{"@id":"https:\/\/batijournal.com\/#website"},"primaryImageOfPage":{"@id":"https:\/\/batijournal.com\/index.php\/9e-edition-du-festival-de-lhistoire-de-lart\/101789\/#primaryimage"},"image":{"@id":"https:\/\/batijournal.com\/index.php\/9e-edition-du-festival-de-lhistoire-de-lart\/101789\/#primaryimage"},"thumbnailUrl":"https:\/\/batijournal.com\/wp-content\/uploads\/2019\/03\/festival-histoire-de-l-art-fontainebleau.png","datePublished":"2019-03-27T06:06:44+00:00","dateModified":"2019-07-15T09:14:37+00:00","author":{"@id":"https:\/\/batijournal.com\/#\/schema\/person\/1dc96ec6957aa1ccb25ebe78bb19f100"},"description":"Pour sa 9e \u00e9dition, les 7, 8 et 9 juin 2019, le Festival de l\u2019histoire de l\u2019art aura pour th\u00e8me le Peuple et mettra \u00e0 l\u2019honneur les pays nordiques","breadcrumb":{"@id":"https:\/\/batijournal.com\/index.php\/9e-edition-du-festival-de-lhistoire-de-lart\/101789\/#breadcrumb"},"inLanguage":"fr-FR","potentialAction":[{"@type":"ReadAction","target":["https:\/\/batijournal.com\/index.php\/9e-edition-du-festival-de-lhistoire-de-lart\/101789\/"]}]},{"@type":"ImageObject","inLanguage":"fr-FR","@id":"https:\/\/batijournal.com\/index.php\/9e-edition-du-festival-de-lhistoire-de-lart\/101789\/#primaryimage","url":"https:\/\/batijournal.com\/wp-content\/uploads\/2019\/03\/festival-histoire-de-l-art-fontainebleau.png","contentUrl":"https:\/\/batijournal.com\/wp-content\/uploads\/2019\/03\/festival-histoire-de-l-art-fontainebleau.png","width":517,"height":513},{"@type":"BreadcrumbList","@id":"https:\/\/batijournal.com\/index.php\/9e-edition-du-festival-de-lhistoire-de-lart\/101789\/#breadcrumb","itemListElement":[{"@type":"ListItem","position":1,"name":"Accueil","item":"https:\/\/batijournal.com\/"},{"@type":"ListItem","position":2,"name":"Actualit\u00e9s","item":"https:\/\/batijournal.com\/index.php\/category\/actualites\/"},{"@type":"ListItem","position":3,"name":"9e \u00e9dition du Festival de l\u2019histoire de l\u2019art"}]},{"@type":"WebSite","@id":"https:\/\/batijournal.com\/#website","url":"https:\/\/batijournal.com\/","name":"Batijournal","description":"L&#039;actualit\u00e9 du b\u00e2timent","potentialAction":[{"@type":"SearchAction","target":{"@type":"EntryPoint","urlTemplate":"https:\/\/batijournal.com\/?s={search_term_string}"},"query-input":{"@type":"PropertyValueSpecification","valueRequired":true,"valueName":"search_term_string"}}],"inLanguage":"fr-FR"},{"@type":"Person","@id":"https:\/\/batijournal.com\/#\/schema\/person\/1dc96ec6957aa1ccb25ebe78bb19f100","name":"St\u00e9phane Miget","image":{"@type":"ImageObject","inLanguage":"fr-FR","@id":"https:\/\/secure.gravatar.com\/avatar\/89915563d925342126b8ef0281b93d9d7fc337043e8df017f780908eb9644451?s=96&d=mm&r=g","url":"https:\/\/secure.gravatar.com\/avatar\/89915563d925342126b8ef0281b93d9d7fc337043e8df017f780908eb9644451?s=96&d=mm&r=g","contentUrl":"https:\/\/secure.gravatar.com\/avatar\/89915563d925342126b8ef0281b93d9d7fc337043e8df017f780908eb9644451?s=96&d=mm&r=g","caption":"St\u00e9phane Miget"},"url":"https:\/\/batijournal.com\/index.php\/author\/stephane\/"}]}},"_links":{"self":[{"href":"https:\/\/batijournal.com\/index.php\/wp-json\/wp\/v2\/posts\/101789","targetHints":{"allow":["GET"]}}],"collection":[{"href":"https:\/\/batijournal.com\/index.php\/wp-json\/wp\/v2\/posts"}],"about":[{"href":"https:\/\/batijournal.com\/index.php\/wp-json\/wp\/v2\/types\/post"}],"author":[{"embeddable":true,"href":"https:\/\/batijournal.com\/index.php\/wp-json\/wp\/v2\/users\/17"}],"replies":[{"embeddable":true,"href":"https:\/\/batijournal.com\/index.php\/wp-json\/wp\/v2\/comments?post=101789"}],"version-history":[{"count":0,"href":"https:\/\/batijournal.com\/index.php\/wp-json\/wp\/v2\/posts\/101789\/revisions"}],"wp:featuredmedia":[{"embeddable":true,"href":"https:\/\/batijournal.com\/index.php\/wp-json\/wp\/v2\/media\/101790"}],"wp:attachment":[{"href":"https:\/\/batijournal.com\/index.php\/wp-json\/wp\/v2\/media?parent=101789"}],"wp:term":[{"taxonomy":"category","embeddable":true,"href":"https:\/\/batijournal.com\/index.php\/wp-json\/wp\/v2\/categories?post=101789"},{"taxonomy":"post_tag","embeddable":true,"href":"https:\/\/batijournal.com\/index.php\/wp-json\/wp\/v2\/tags?post=101789"}],"curies":[{"name":"wp","href":"https:\/\/api.w.org\/{rel}","templated":true}]}}