{"id":101791,"date":"2019-03-27T07:59:05","date_gmt":"2019-03-27T06:59:05","guid":{"rendered":"https:\/\/batijournal.com\/?p=101791"},"modified":"2019-07-15T11:14:37","modified_gmt":"2019-07-15T09:14:37","slug":"les-tremies-de-la-calanque-de-port-miou-retrouvent-une-seconde-jeunesse","status":"publish","type":"post","link":"https:\/\/batijournal.com\/index.php\/les-tremies-de-la-calanque-de-port-miou-retrouvent-une-seconde-jeunesse\/101791\/","title":{"rendered":"Les tr\u00e9mies de la calanque de Port-Miou retrouvent une seconde jeunesse"},"content":{"rendered":"<p>A la pointe Cacau, \u00e0 l\u2019extr\u00e9mit\u00e9 de la calanque de Port-Miou, \u00e0 Cassis affleure la roche urgonienne. C\u2019est d&rsquo;elle qu\u2019est tir\u00e9e la pierre de Cassis dont la duret\u00e9 en a fait un mat\u00e9riau de choix pour le dallage ou l\u2019\u00e9dification de monuments comme certains phares de la r\u00e9gion ou m\u00eame les quais du canal de Suez. La carri\u00e8re a \u00e9t\u00e9 exploit\u00e9e jusqu\u2019en 1982. T\u00e9moins du pass\u00e9 d&rsquo;extraction de la calanque de Port-Miou, les tr\u00e9mies de chargement des bateaux, construites en 1850 par des bagnards de Toulon, \u00e9taient soumises \u00e0 la lente \u00e9rosion maritime. Le Parc national des Calanques, la Ville de Cassis, le Conservatoire du littoral, Alpes de lumi\u00e8re (entreprise sp\u00e9cialis\u00e9e dans la restauration du patrimoine historique) avec le m\u00e9c\u00e9nat de l&rsquo;architecte du Mucem, Rudy Ricciotti, ont d\u00e9cid\u00e9 de les restaurer en 2016. Depuis, tous les printemps, jusqu&rsquo;au d\u00e9but de l&rsquo;\u00e9t\u00e9, s&rsquo;affairent des \u00e9quipes de jeunes qui g\u00e2chent un mortier de chaux \u00e0 l&rsquo;eau de mer et redressent les murs \u00e9boul\u00e9s. Le chantier continue encore cette ann\u00e9e.<\/p>\n","protected":false},"excerpt":{"rendered":"<p>A la pointe Cacau, \u00e0 l\u2019extr\u00e9mit\u00e9 de la calanque de Port-Miou, \u00e0 Cassis affleure la roche urgonienne. C\u2019est d&rsquo;elle qu\u2019est tir\u00e9e la pierre de Cassis dont la duret\u00e9 en a fait un mat\u00e9riau de choix pour le dallage ou l\u2019\u00e9dification de monuments comme certains phares de la r\u00e9gion ou m\u00eame les quais du canal de [&hellip;]<\/p>\n","protected":false},"author":17,"featured_media":101792,"comment_status":"closed","ping_status":"closed","sticky":false,"template":"","format":"standard","meta":{"_et_pb_use_builder":"","_et_pb_old_content":"","_et_gb_content_width":"","footnotes":""},"categories":[10530,6340,10785],"tags":[7202],"class_list":["post-101791","post","type-post","status-publish","format-standard","has-post-thumbnail","hentry","category-actualites","category-architecture-conception","category-atrium","tag-restauration-du-patrimoine"],"yoast_head":"<!-- This site is optimized with the Yoast SEO plugin v27.4 - https:\/\/yoast.com\/product\/yoast-seo-wordpress\/ -->\n<title>Les tr\u00e9mies de la calanque de Port-Miou retrouvent une seconde jeunesse<\/title>\n<meta name=\"description\" content=\"Le Parc national des Calanques, la Ville de Cassis, le Conservatoire du littoral, avec le m\u00e9c\u00e9nat de Rudy Ricciotti, ont d\u00e9cid\u00e9 de restaurer les tr\u00e9mies\" \/>\n<meta name=\"robots\" content=\"index, follow, max-snippet:-1, max-image-preview:large, max-video-preview:-1\" \/>\n<link rel=\"canonical\" href=\"https:\/\/batijournal.com\/index.php\/les-tremies-de-la-calanque-de-port-miou-retrouvent-une-seconde-jeunesse\/101791\/\" \/>\n<meta property=\"og:locale\" content=\"fr_FR\" \/>\n<meta property=\"og:type\" content=\"article\" \/>\n<meta property=\"og:title\" content=\"Les tr\u00e9mies de la calanque de Port-Miou retrouvent une seconde jeunesse\" \/>\n<meta property=\"og:description\" content=\"Le Parc national des Calanques, la Ville de Cassis, le Conservatoire du littoral, avec le m\u00e9c\u00e9nat de Rudy Ricciotti, ont d\u00e9cid\u00e9 de restaurer les tr\u00e9mies\" \/>\n<meta property=\"og:url\" content=\"https:\/\/batijournal.com\/index.php\/les-tremies-de-la-calanque-de-port-miou-retrouvent-une-seconde-jeunesse\/101791\/\" \/>\n<meta property=\"og:site_name\" content=\"Batijournal\" \/>\n<meta property=\"article:published_time\" content=\"2019-03-27T06:59:05+00:00\" \/>\n<meta property=\"article:modified_time\" content=\"2019-07-15T09:14:37+00:00\" \/>\n<meta property=\"og:image\" content=\"https:\/\/batijournal.com\/wp-content\/uploads\/2019\/03\/tremis-calanques-cassis.jpg\" \/>\n\t<meta property=\"og:image:width\" content=\"1200\" \/>\n\t<meta property=\"og:image:height\" content=\"718\" \/>\n\t<meta property=\"og:image:type\" content=\"image\/jpeg\" \/>\n<meta name=\"author\" content=\"St\u00e9phane Miget\" \/>\n<meta name=\"twitter:card\" content=\"summary_large_image\" \/>\n<meta name=\"twitter:creator\" content=\"@bati_journal\" \/>\n<meta name=\"twitter:site\" content=\"@bati_journal\" \/>\n<meta name=\"twitter:label1\" content=\"\u00c9crit par\" \/>\n\t<meta name=\"twitter:data1\" content=\"St\u00e9phane Miget\" \/>\n\t<meta name=\"twitter:label2\" content=\"Dur\u00e9e de lecture estim\u00e9e\" \/>\n\t<meta name=\"twitter:data2\" content=\"1 minute\" \/>\n<script type=\"application\/ld+json\" class=\"yoast-schema-graph\">{\"@context\":\"https:\\\/\\\/schema.org\",\"@graph\":[{\"@type\":\"Article\",\"@id\":\"https:\\\/\\\/batijournal.com\\\/index.php\\\/les-tremies-de-la-calanque-de-port-miou-retrouvent-une-seconde-jeunesse\\\/101791\\\/#article\",\"isPartOf\":{\"@id\":\"https:\\\/\\\/batijournal.com\\\/index.php\\\/les-tremies-de-la-calanque-de-port-miou-retrouvent-une-seconde-jeunesse\\\/101791\\\/\"},\"author\":{\"name\":\"St\u00e9phane Miget\",\"@id\":\"https:\\\/\\\/batijournal.com\\\/#\\\/schema\\\/person\\\/1dc96ec6957aa1ccb25ebe78bb19f100\"},\"headline\":\"Les tr\u00e9mies de la calanque de Port-Miou retrouvent une seconde jeunesse\",\"datePublished\":\"2019-03-27T06:59:05+00:00\",\"dateModified\":\"2019-07-15T09:14:37+00:00\",\"mainEntityOfPage\":{\"@id\":\"https:\\\/\\\/batijournal.com\\\/index.php\\\/les-tremies-de-la-calanque-de-port-miou-retrouvent-une-seconde-jeunesse\\\/101791\\\/\"},\"wordCount\":203,\"image\":{\"@id\":\"https:\\\/\\\/batijournal.com\\\/index.php\\\/les-tremies-de-la-calanque-de-port-miou-retrouvent-une-seconde-jeunesse\\\/101791\\\/#primaryimage\"},\"thumbnailUrl\":\"https:\\\/\\\/batijournal.com\\\/wp-content\\\/uploads\\\/2019\\\/03\\\/tremis-calanques-cassis.jpg\",\"keywords\":[\"restauration du patrimoine\"],\"articleSection\":[\"Actualit\u00e9s\",\"Architecture &amp; Conception\",\"zz_Atrium Patrimoine\"],\"inLanguage\":\"fr-FR\"},{\"@type\":\"WebPage\",\"@id\":\"https:\\\/\\\/batijournal.com\\\/index.php\\\/les-tremies-de-la-calanque-de-port-miou-retrouvent-une-seconde-jeunesse\\\/101791\\\/\",\"url\":\"https:\\\/\\\/batijournal.com\\\/index.php\\\/les-tremies-de-la-calanque-de-port-miou-retrouvent-une-seconde-jeunesse\\\/101791\\\/\",\"name\":\"Les tr\u00e9mies de la calanque de Port-Miou retrouvent une seconde jeunesse\",\"isPartOf\":{\"@id\":\"https:\\\/\\\/batijournal.com\\\/#website\"},\"primaryImageOfPage\":{\"@id\":\"https:\\\/\\\/batijournal.com\\\/index.php\\\/les-tremies-de-la-calanque-de-port-miou-retrouvent-une-seconde-jeunesse\\\/101791\\\/#primaryimage\"},\"image\":{\"@id\":\"https:\\\/\\\/batijournal.com\\\/index.php\\\/les-tremies-de-la-calanque-de-port-miou-retrouvent-une-seconde-jeunesse\\\/101791\\\/#primaryimage\"},\"thumbnailUrl\":\"https:\\\/\\\/batijournal.com\\\/wp-content\\\/uploads\\\/2019\\\/03\\\/tremis-calanques-cassis.jpg\",\"datePublished\":\"2019-03-27T06:59:05+00:00\",\"dateModified\":\"2019-07-15T09:14:37+00:00\",\"author\":{\"@id\":\"https:\\\/\\\/batijournal.com\\\/#\\\/schema\\\/person\\\/1dc96ec6957aa1ccb25ebe78bb19f100\"},\"description\":\"Le Parc national des Calanques, la Ville de Cassis, le Conservatoire du littoral, avec le m\u00e9c\u00e9nat de Rudy Ricciotti, ont d\u00e9cid\u00e9 de restaurer les tr\u00e9mies\",\"breadcrumb\":{\"@id\":\"https:\\\/\\\/batijournal.com\\\/index.php\\\/les-tremies-de-la-calanque-de-port-miou-retrouvent-une-seconde-jeunesse\\\/101791\\\/#breadcrumb\"},\"inLanguage\":\"fr-FR\",\"potentialAction\":[{\"@type\":\"ReadAction\",\"target\":[\"https:\\\/\\\/batijournal.com\\\/index.php\\\/les-tremies-de-la-calanque-de-port-miou-retrouvent-une-seconde-jeunesse\\\/101791\\\/\"]}]},{\"@type\":\"ImageObject\",\"inLanguage\":\"fr-FR\",\"@id\":\"https:\\\/\\\/batijournal.com\\\/index.php\\\/les-tremies-de-la-calanque-de-port-miou-retrouvent-une-seconde-jeunesse\\\/101791\\\/#primaryimage\",\"url\":\"https:\\\/\\\/batijournal.com\\\/wp-content\\\/uploads\\\/2019\\\/03\\\/tremis-calanques-cassis.jpg\",\"contentUrl\":\"https:\\\/\\\/batijournal.com\\\/wp-content\\\/uploads\\\/2019\\\/03\\\/tremis-calanques-cassis.jpg\",\"width\":1200,\"height\":718},{\"@type\":\"BreadcrumbList\",\"@id\":\"https:\\\/\\\/batijournal.com\\\/index.php\\\/les-tremies-de-la-calanque-de-port-miou-retrouvent-une-seconde-jeunesse\\\/101791\\\/#breadcrumb\",\"itemListElement\":[{\"@type\":\"ListItem\",\"position\":1,\"name\":\"Accueil\",\"item\":\"https:\\\/\\\/batijournal.com\\\/\"},{\"@type\":\"ListItem\",\"position\":2,\"name\":\"Actualit\u00e9s\",\"item\":\"https:\\\/\\\/batijournal.com\\\/index.php\\\/category\\\/actualites\\\/\"},{\"@type\":\"ListItem\",\"position\":3,\"name\":\"Les tr\u00e9mies de la calanque de Port-Miou retrouvent une seconde jeunesse\"}]},{\"@type\":\"WebSite\",\"@id\":\"https:\\\/\\\/batijournal.com\\\/#website\",\"url\":\"https:\\\/\\\/batijournal.com\\\/\",\"name\":\"Batijournal\",\"description\":\"L&#039;actualit\u00e9 du b\u00e2timent\",\"potentialAction\":[{\"@type\":\"SearchAction\",\"target\":{\"@type\":\"EntryPoint\",\"urlTemplate\":\"https:\\\/\\\/batijournal.com\\\/?s={search_term_string}\"},\"query-input\":{\"@type\":\"PropertyValueSpecification\",\"valueRequired\":true,\"valueName\":\"search_term_string\"}}],\"inLanguage\":\"fr-FR\"},{\"@type\":\"Person\",\"@id\":\"https:\\\/\\\/batijournal.com\\\/#\\\/schema\\\/person\\\/1dc96ec6957aa1ccb25ebe78bb19f100\",\"name\":\"St\u00e9phane Miget\",\"image\":{\"@type\":\"ImageObject\",\"inLanguage\":\"fr-FR\",\"@id\":\"https:\\\/\\\/secure.gravatar.com\\\/avatar\\\/89915563d925342126b8ef0281b93d9d7fc337043e8df017f780908eb9644451?s=96&d=mm&r=g\",\"url\":\"https:\\\/\\\/secure.gravatar.com\\\/avatar\\\/89915563d925342126b8ef0281b93d9d7fc337043e8df017f780908eb9644451?s=96&d=mm&r=g\",\"contentUrl\":\"https:\\\/\\\/secure.gravatar.com\\\/avatar\\\/89915563d925342126b8ef0281b93d9d7fc337043e8df017f780908eb9644451?s=96&d=mm&r=g\",\"caption\":\"St\u00e9phane Miget\"},\"url\":\"https:\\\/\\\/batijournal.com\\\/index.php\\\/author\\\/stephane\\\/\"}]}<\/script>\n<!-- \/ Yoast SEO plugin. -->","yoast_head_json":{"title":"Les tr\u00e9mies de la calanque de Port-Miou retrouvent une seconde jeunesse","description":"Le Parc national des Calanques, la Ville de Cassis, le Conservatoire du littoral, avec le m\u00e9c\u00e9nat de Rudy Ricciotti, ont d\u00e9cid\u00e9 de restaurer les tr\u00e9mies","robots":{"index":"index","follow":"follow","max-snippet":"max-snippet:-1","max-image-preview":"max-image-preview:large","max-video-preview":"max-video-preview:-1"},"canonical":"https:\/\/batijournal.com\/index.php\/les-tremies-de-la-calanque-de-port-miou-retrouvent-une-seconde-jeunesse\/101791\/","og_locale":"fr_FR","og_type":"article","og_title":"Les tr\u00e9mies de la calanque de Port-Miou retrouvent une seconde jeunesse","og_description":"Le Parc national des Calanques, la Ville de Cassis, le Conservatoire du littoral, avec le m\u00e9c\u00e9nat de Rudy Ricciotti, ont d\u00e9cid\u00e9 de restaurer les tr\u00e9mies","og_url":"https:\/\/batijournal.com\/index.php\/les-tremies-de-la-calanque-de-port-miou-retrouvent-une-seconde-jeunesse\/101791\/","og_site_name":"Batijournal","article_published_time":"2019-03-27T06:59:05+00:00","article_modified_time":"2019-07-15T09:14:37+00:00","og_image":[{"width":1200,"height":718,"url":"https:\/\/batijournal.com\/wp-content\/uploads\/2019\/03\/tremis-calanques-cassis.jpg","type":"image\/jpeg"}],"author":"St\u00e9phane Miget","twitter_card":"summary_large_image","twitter_creator":"@bati_journal","twitter_site":"@bati_journal","twitter_misc":{"\u00c9crit par":"St\u00e9phane Miget","Dur\u00e9e de lecture estim\u00e9e":"1 minute"},"schema":{"@context":"https:\/\/schema.org","@graph":[{"@type":"Article","@id":"https:\/\/batijournal.com\/index.php\/les-tremies-de-la-calanque-de-port-miou-retrouvent-une-seconde-jeunesse\/101791\/#article","isPartOf":{"@id":"https:\/\/batijournal.com\/index.php\/les-tremies-de-la-calanque-de-port-miou-retrouvent-une-seconde-jeunesse\/101791\/"},"author":{"name":"St\u00e9phane Miget","@id":"https:\/\/batijournal.com\/#\/schema\/person\/1dc96ec6957aa1ccb25ebe78bb19f100"},"headline":"Les tr\u00e9mies de la calanque de Port-Miou retrouvent une seconde jeunesse","datePublished":"2019-03-27T06:59:05+00:00","dateModified":"2019-07-15T09:14:37+00:00","mainEntityOfPage":{"@id":"https:\/\/batijournal.com\/index.php\/les-tremies-de-la-calanque-de-port-miou-retrouvent-une-seconde-jeunesse\/101791\/"},"wordCount":203,"image":{"@id":"https:\/\/batijournal.com\/index.php\/les-tremies-de-la-calanque-de-port-miou-retrouvent-une-seconde-jeunesse\/101791\/#primaryimage"},"thumbnailUrl":"https:\/\/batijournal.com\/wp-content\/uploads\/2019\/03\/tremis-calanques-cassis.jpg","keywords":["restauration du patrimoine"],"articleSection":["Actualit\u00e9s","Architecture &amp; Conception","zz_Atrium Patrimoine"],"inLanguage":"fr-FR"},{"@type":"WebPage","@id":"https:\/\/batijournal.com\/index.php\/les-tremies-de-la-calanque-de-port-miou-retrouvent-une-seconde-jeunesse\/101791\/","url":"https:\/\/batijournal.com\/index.php\/les-tremies-de-la-calanque-de-port-miou-retrouvent-une-seconde-jeunesse\/101791\/","name":"Les tr\u00e9mies de la calanque de Port-Miou retrouvent une seconde jeunesse","isPartOf":{"@id":"https:\/\/batijournal.com\/#website"},"primaryImageOfPage":{"@id":"https:\/\/batijournal.com\/index.php\/les-tremies-de-la-calanque-de-port-miou-retrouvent-une-seconde-jeunesse\/101791\/#primaryimage"},"image":{"@id":"https:\/\/batijournal.com\/index.php\/les-tremies-de-la-calanque-de-port-miou-retrouvent-une-seconde-jeunesse\/101791\/#primaryimage"},"thumbnailUrl":"https:\/\/batijournal.com\/wp-content\/uploads\/2019\/03\/tremis-calanques-cassis.jpg","datePublished":"2019-03-27T06:59:05+00:00","dateModified":"2019-07-15T09:14:37+00:00","author":{"@id":"https:\/\/batijournal.com\/#\/schema\/person\/1dc96ec6957aa1ccb25ebe78bb19f100"},"description":"Le Parc national des Calanques, la Ville de Cassis, le Conservatoire du littoral, avec le m\u00e9c\u00e9nat de Rudy Ricciotti, ont d\u00e9cid\u00e9 de restaurer les tr\u00e9mies","breadcrumb":{"@id":"https:\/\/batijournal.com\/index.php\/les-tremies-de-la-calanque-de-port-miou-retrouvent-une-seconde-jeunesse\/101791\/#breadcrumb"},"inLanguage":"fr-FR","potentialAction":[{"@type":"ReadAction","target":["https:\/\/batijournal.com\/index.php\/les-tremies-de-la-calanque-de-port-miou-retrouvent-une-seconde-jeunesse\/101791\/"]}]},{"@type":"ImageObject","inLanguage":"fr-FR","@id":"https:\/\/batijournal.com\/index.php\/les-tremies-de-la-calanque-de-port-miou-retrouvent-une-seconde-jeunesse\/101791\/#primaryimage","url":"https:\/\/batijournal.com\/wp-content\/uploads\/2019\/03\/tremis-calanques-cassis.jpg","contentUrl":"https:\/\/batijournal.com\/wp-content\/uploads\/2019\/03\/tremis-calanques-cassis.jpg","width":1200,"height":718},{"@type":"BreadcrumbList","@id":"https:\/\/batijournal.com\/index.php\/les-tremies-de-la-calanque-de-port-miou-retrouvent-une-seconde-jeunesse\/101791\/#breadcrumb","itemListElement":[{"@type":"ListItem","position":1,"name":"Accueil","item":"https:\/\/batijournal.com\/"},{"@type":"ListItem","position":2,"name":"Actualit\u00e9s","item":"https:\/\/batijournal.com\/index.php\/category\/actualites\/"},{"@type":"ListItem","position":3,"name":"Les tr\u00e9mies de la calanque de Port-Miou retrouvent une seconde jeunesse"}]},{"@type":"WebSite","@id":"https:\/\/batijournal.com\/#website","url":"https:\/\/batijournal.com\/","name":"Batijournal","description":"L&#039;actualit\u00e9 du b\u00e2timent","potentialAction":[{"@type":"SearchAction","target":{"@type":"EntryPoint","urlTemplate":"https:\/\/batijournal.com\/?s={search_term_string}"},"query-input":{"@type":"PropertyValueSpecification","valueRequired":true,"valueName":"search_term_string"}}],"inLanguage":"fr-FR"},{"@type":"Person","@id":"https:\/\/batijournal.com\/#\/schema\/person\/1dc96ec6957aa1ccb25ebe78bb19f100","name":"St\u00e9phane Miget","image":{"@type":"ImageObject","inLanguage":"fr-FR","@id":"https:\/\/secure.gravatar.com\/avatar\/89915563d925342126b8ef0281b93d9d7fc337043e8df017f780908eb9644451?s=96&d=mm&r=g","url":"https:\/\/secure.gravatar.com\/avatar\/89915563d925342126b8ef0281b93d9d7fc337043e8df017f780908eb9644451?s=96&d=mm&r=g","contentUrl":"https:\/\/secure.gravatar.com\/avatar\/89915563d925342126b8ef0281b93d9d7fc337043e8df017f780908eb9644451?s=96&d=mm&r=g","caption":"St\u00e9phane Miget"},"url":"https:\/\/batijournal.com\/index.php\/author\/stephane\/"}]}},"_links":{"self":[{"href":"https:\/\/batijournal.com\/index.php\/wp-json\/wp\/v2\/posts\/101791","targetHints":{"allow":["GET"]}}],"collection":[{"href":"https:\/\/batijournal.com\/index.php\/wp-json\/wp\/v2\/posts"}],"about":[{"href":"https:\/\/batijournal.com\/index.php\/wp-json\/wp\/v2\/types\/post"}],"author":[{"embeddable":true,"href":"https:\/\/batijournal.com\/index.php\/wp-json\/wp\/v2\/users\/17"}],"replies":[{"embeddable":true,"href":"https:\/\/batijournal.com\/index.php\/wp-json\/wp\/v2\/comments?post=101791"}],"version-history":[{"count":0,"href":"https:\/\/batijournal.com\/index.php\/wp-json\/wp\/v2\/posts\/101791\/revisions"}],"wp:featuredmedia":[{"embeddable":true,"href":"https:\/\/batijournal.com\/index.php\/wp-json\/wp\/v2\/media\/101792"}],"wp:attachment":[{"href":"https:\/\/batijournal.com\/index.php\/wp-json\/wp\/v2\/media?parent=101791"}],"wp:term":[{"taxonomy":"category","embeddable":true,"href":"https:\/\/batijournal.com\/index.php\/wp-json\/wp\/v2\/categories?post=101791"},{"taxonomy":"post_tag","embeddable":true,"href":"https:\/\/batijournal.com\/index.php\/wp-json\/wp\/v2\/tags?post=101791"}],"curies":[{"name":"wp","href":"https:\/\/api.w.org\/{rel}","templated":true}]}}