{"id":101801,"date":"2019-03-28T12:27:10","date_gmt":"2019-03-28T11:27:10","guid":{"rendered":"https:\/\/batijournal.com\/?p=101801"},"modified":"2019-07-15T11:26:44","modified_gmt":"2019-07-15T09:26:44","slug":"livraison-prochaine-du-batiment-le-cerisier-a-lille","status":"publish","type":"post","link":"https:\/\/batijournal.com\/index.php\/livraison-prochaine-du-batiment-le-cerisier-a-lille\/101801\/","title":{"rendered":"Livraison prochaine du b\u00e2timent Le Cerisier \u00e0 Lille"},"content":{"rendered":"<p>L\u2019agence Coldefy &amp; Associ\u00e9s a con\u00e7u le b\u00e2timent du Cerisier comme partie prenante du renouvellement du paysage urbain de l\u2019avenue du Peuple-Belge, gr\u00e2ce \u00e0 son \u00e9criture contemporaine r\u00e9solument ouverte et offerte \u00e0 la ville. Le Cerisier constitue un angle majeur enti\u00e8rement vitr\u00e9 d\u2019un \u00eelot au c\u0153ur du tissu urbain historique de Lille &#8211; face \u00e0 l\u2019Hospice Comtesse &#8211; permettant des perceptions multiples de l\u2019int\u00e9rieur et de l\u2019ext\u00e9rieur. Les diff\u00e9rentes hauteurs du b\u00e2ti, int\u00e9grant les contraintes de prospects ainsi que les imp\u00e9ratifs fonctionnels des programmes abrit\u00e9s, cr\u00e9ent un volume en gradins. Le travail sur la volum\u00e9trie est guid\u00e9 par une volont\u00e9 d\u2019int\u00e9gration \u00e0 la morphologie b\u00e2tie environnante, constitu\u00e9e autant d\u2019anciennes b\u00e2tisses traditionnelles du Vieux-Lille que de hautes constructions plus r\u00e9centes. La situation induit un double mouvement d\u2019adaptation et d\u2019affirmation d\u2019une architecture forte, ancr\u00e9e dans son contexte et qui structure l\u2019angle de rue par une volum\u00e9trie \u00e0 la mat\u00e9rialit\u00e9 assum\u00e9e &#8211; ici exprim\u00e9e \u00e0 travers un b\u00e9ton blanc de haute technicit\u00e9. Lisse, blanc et \u00e9pur\u00e9, le b\u00e9ton est d\u00e9clin\u00e9 sur l\u2019ensemble des \u00e9l\u00e9ments structuraux. Il dessine une trame contemporaine qui s\u2019adapte aux fonctions : de larges ouvertures sur la partie basse mettent en valeur les commerces, puis dans les \u00e9tages, l\u2019\u00e9criture se fait plus dense pour assurer l\u2019intimit\u00e9 n\u00e9cessaire au bien-\u00eatre des habitants.<br \/>\nFruit de la rencontre de deux familles d\u2019entrepreneurs &#8211; la famille Marquet du groupe GMB Invest &#8211; ICM et de la famille Boucheseiche -, de la collaboration des architectes de l\u2019agence Coldefy &amp; Associ\u00e9s et de l\u2019architecte d\u2019int\u00e9rieur Laurent Minot et men\u00e9 par le chef \u00e9toil\u00e9 \u00c9ric Delerue &#8211; qui ouvre son nouvel \u00e9tablissement Le Cerisier le 27 avril 2019.<\/p>\n","protected":false},"excerpt":{"rendered":"<p>L\u2019agence Coldefy &amp; Associ\u00e9s a con\u00e7u le b\u00e2timent du Cerisier comme partie prenante du renouvellement du paysage urbain de l\u2019avenue du Peuple-Belge, gr\u00e2ce \u00e0 son \u00e9criture contemporaine r\u00e9solument ouverte et offerte \u00e0 la ville. Le Cerisier constitue un angle majeur enti\u00e8rement vitr\u00e9 d\u2019un \u00eelot au c\u0153ur du tissu urbain historique de Lille &#8211; face \u00e0 [&hellip;]<\/p>\n","protected":false},"author":17,"featured_media":101802,"comment_status":"closed","ping_status":"closed","sticky":false,"template":"","format":"standard","meta":{"_et_pb_use_builder":"","_et_pb_old_content":"","_et_gb_content_width":"","footnotes":""},"categories":[10530,6340,10771,10775],"tags":[1150],"class_list":["post-101801","post","type-post","status-publish","format-standard","has-post-thumbnail","hentry","category-actualites","category-architecture-conception","category-5facades","category-actualites-5facades","tag-chantier"],"yoast_head":"<!-- This site is optimized with the Yoast SEO plugin v27.4 - https:\/\/yoast.com\/product\/yoast-seo-wordpress\/ -->\n<title>Livraison prochaine du b\u00e2timent Le Cerisier \u00e0 Lille<\/title>\n<meta name=\"description\" content=\"L\u2019agence Coldefy &amp; Associ\u00e9s a con\u00e7u le b\u00e2timent du Cerisier comme partie prenante du renouvellement du paysage urbain de l\u2019avenue du Peuple-Belge\" \/>\n<meta name=\"robots\" content=\"index, follow, max-snippet:-1, max-image-preview:large, max-video-preview:-1\" \/>\n<link rel=\"canonical\" href=\"https:\/\/batijournal.com\/index.php\/livraison-prochaine-du-batiment-le-cerisier-a-lille\/101801\/\" \/>\n<meta property=\"og:locale\" content=\"fr_FR\" \/>\n<meta property=\"og:type\" content=\"article\" \/>\n<meta property=\"og:title\" content=\"Livraison prochaine du b\u00e2timent Le Cerisier \u00e0 Lille\" \/>\n<meta property=\"og:description\" content=\"L\u2019agence Coldefy &amp; Associ\u00e9s a con\u00e7u le b\u00e2timent du Cerisier comme partie prenante du renouvellement du paysage urbain de l\u2019avenue du Peuple-Belge\" \/>\n<meta property=\"og:url\" content=\"https:\/\/batijournal.com\/index.php\/livraison-prochaine-du-batiment-le-cerisier-a-lille\/101801\/\" \/>\n<meta property=\"og:site_name\" content=\"Batijournal\" \/>\n<meta property=\"article:published_time\" content=\"2019-03-28T11:27:10+00:00\" \/>\n<meta property=\"article:modified_time\" content=\"2019-07-15T09:26:44+00:00\" \/>\n<meta property=\"og:image\" content=\"https:\/\/batijournal.com\/wp-content\/uploads\/2019\/03\/batiment-Le-Cerisier-\u00e0-Lille.jpg\" \/>\n\t<meta property=\"og:image:width\" content=\"1200\" \/>\n\t<meta property=\"og:image:height\" content=\"800\" \/>\n\t<meta property=\"og:image:type\" content=\"image\/jpeg\" \/>\n<meta name=\"author\" content=\"St\u00e9phane Miget\" \/>\n<meta name=\"twitter:card\" content=\"summary_large_image\" \/>\n<meta name=\"twitter:creator\" content=\"@bati_journal\" \/>\n<meta name=\"twitter:site\" content=\"@bati_journal\" \/>\n<meta name=\"twitter:label1\" content=\"\u00c9crit par\" \/>\n\t<meta name=\"twitter:data1\" content=\"St\u00e9phane Miget\" \/>\n\t<meta name=\"twitter:label2\" content=\"Dur\u00e9e de lecture estim\u00e9e\" \/>\n\t<meta name=\"twitter:data2\" content=\"2 minutes\" \/>\n<script type=\"application\/ld+json\" class=\"yoast-schema-graph\">{\"@context\":\"https:\\\/\\\/schema.org\",\"@graph\":[{\"@type\":\"Article\",\"@id\":\"https:\\\/\\\/batijournal.com\\\/index.php\\\/livraison-prochaine-du-batiment-le-cerisier-a-lille\\\/101801\\\/#article\",\"isPartOf\":{\"@id\":\"https:\\\/\\\/batijournal.com\\\/index.php\\\/livraison-prochaine-du-batiment-le-cerisier-a-lille\\\/101801\\\/\"},\"author\":{\"name\":\"St\u00e9phane Miget\",\"@id\":\"https:\\\/\\\/batijournal.com\\\/#\\\/schema\\\/person\\\/1dc96ec6957aa1ccb25ebe78bb19f100\"},\"headline\":\"Livraison prochaine du b\u00e2timent Le Cerisier \u00e0 Lille\",\"datePublished\":\"2019-03-28T11:27:10+00:00\",\"dateModified\":\"2019-07-15T09:26:44+00:00\",\"mainEntityOfPage\":{\"@id\":\"https:\\\/\\\/batijournal.com\\\/index.php\\\/livraison-prochaine-du-batiment-le-cerisier-a-lille\\\/101801\\\/\"},\"wordCount\":324,\"image\":{\"@id\":\"https:\\\/\\\/batijournal.com\\\/index.php\\\/livraison-prochaine-du-batiment-le-cerisier-a-lille\\\/101801\\\/#primaryimage\"},\"thumbnailUrl\":\"https:\\\/\\\/batijournal.com\\\/wp-content\\\/uploads\\\/2019\\\/03\\\/batiment-Le-Cerisier-\u00e0-Lille.jpg\",\"keywords\":[\"chantier\"],\"articleSection\":[\"Actualit\u00e9s\",\"Architecture &amp; Conception\",\"zz_5fa\u00e7ades\",\"zz_Actualit\u00e9s - 5fa\u00e7ades\"],\"inLanguage\":\"fr-FR\"},{\"@type\":\"WebPage\",\"@id\":\"https:\\\/\\\/batijournal.com\\\/index.php\\\/livraison-prochaine-du-batiment-le-cerisier-a-lille\\\/101801\\\/\",\"url\":\"https:\\\/\\\/batijournal.com\\\/index.php\\\/livraison-prochaine-du-batiment-le-cerisier-a-lille\\\/101801\\\/\",\"name\":\"Livraison prochaine du b\u00e2timent Le Cerisier \u00e0 Lille\",\"isPartOf\":{\"@id\":\"https:\\\/\\\/batijournal.com\\\/#website\"},\"primaryImageOfPage\":{\"@id\":\"https:\\\/\\\/batijournal.com\\\/index.php\\\/livraison-prochaine-du-batiment-le-cerisier-a-lille\\\/101801\\\/#primaryimage\"},\"image\":{\"@id\":\"https:\\\/\\\/batijournal.com\\\/index.php\\\/livraison-prochaine-du-batiment-le-cerisier-a-lille\\\/101801\\\/#primaryimage\"},\"thumbnailUrl\":\"https:\\\/\\\/batijournal.com\\\/wp-content\\\/uploads\\\/2019\\\/03\\\/batiment-Le-Cerisier-\u00e0-Lille.jpg\",\"datePublished\":\"2019-03-28T11:27:10+00:00\",\"dateModified\":\"2019-07-15T09:26:44+00:00\",\"author\":{\"@id\":\"https:\\\/\\\/batijournal.com\\\/#\\\/schema\\\/person\\\/1dc96ec6957aa1ccb25ebe78bb19f100\"},\"description\":\"L\u2019agence Coldefy & Associ\u00e9s a con\u00e7u le b\u00e2timent du Cerisier comme partie prenante du renouvellement du paysage urbain de l\u2019avenue du Peuple-Belge\",\"breadcrumb\":{\"@id\":\"https:\\\/\\\/batijournal.com\\\/index.php\\\/livraison-prochaine-du-batiment-le-cerisier-a-lille\\\/101801\\\/#breadcrumb\"},\"inLanguage\":\"fr-FR\",\"potentialAction\":[{\"@type\":\"ReadAction\",\"target\":[\"https:\\\/\\\/batijournal.com\\\/index.php\\\/livraison-prochaine-du-batiment-le-cerisier-a-lille\\\/101801\\\/\"]}]},{\"@type\":\"ImageObject\",\"inLanguage\":\"fr-FR\",\"@id\":\"https:\\\/\\\/batijournal.com\\\/index.php\\\/livraison-prochaine-du-batiment-le-cerisier-a-lille\\\/101801\\\/#primaryimage\",\"url\":\"https:\\\/\\\/batijournal.com\\\/wp-content\\\/uploads\\\/2019\\\/03\\\/batiment-Le-Cerisier-\u00e0-Lille.jpg\",\"contentUrl\":\"https:\\\/\\\/batijournal.com\\\/wp-content\\\/uploads\\\/2019\\\/03\\\/batiment-Le-Cerisier-\u00e0-Lille.jpg\",\"width\":1200,\"height\":800},{\"@type\":\"BreadcrumbList\",\"@id\":\"https:\\\/\\\/batijournal.com\\\/index.php\\\/livraison-prochaine-du-batiment-le-cerisier-a-lille\\\/101801\\\/#breadcrumb\",\"itemListElement\":[{\"@type\":\"ListItem\",\"position\":1,\"name\":\"Accueil\",\"item\":\"https:\\\/\\\/batijournal.com\\\/\"},{\"@type\":\"ListItem\",\"position\":2,\"name\":\"Actualit\u00e9s\",\"item\":\"https:\\\/\\\/batijournal.com\\\/index.php\\\/category\\\/actualites\\\/\"},{\"@type\":\"ListItem\",\"position\":3,\"name\":\"Livraison prochaine du b\u00e2timent Le Cerisier \u00e0 Lille\"}]},{\"@type\":\"WebSite\",\"@id\":\"https:\\\/\\\/batijournal.com\\\/#website\",\"url\":\"https:\\\/\\\/batijournal.com\\\/\",\"name\":\"Batijournal\",\"description\":\"L&#039;actualit\u00e9 du b\u00e2timent\",\"potentialAction\":[{\"@type\":\"SearchAction\",\"target\":{\"@type\":\"EntryPoint\",\"urlTemplate\":\"https:\\\/\\\/batijournal.com\\\/?s={search_term_string}\"},\"query-input\":{\"@type\":\"PropertyValueSpecification\",\"valueRequired\":true,\"valueName\":\"search_term_string\"}}],\"inLanguage\":\"fr-FR\"},{\"@type\":\"Person\",\"@id\":\"https:\\\/\\\/batijournal.com\\\/#\\\/schema\\\/person\\\/1dc96ec6957aa1ccb25ebe78bb19f100\",\"name\":\"St\u00e9phane Miget\",\"image\":{\"@type\":\"ImageObject\",\"inLanguage\":\"fr-FR\",\"@id\":\"https:\\\/\\\/secure.gravatar.com\\\/avatar\\\/89915563d925342126b8ef0281b93d9d7fc337043e8df017f780908eb9644451?s=96&d=mm&r=g\",\"url\":\"https:\\\/\\\/secure.gravatar.com\\\/avatar\\\/89915563d925342126b8ef0281b93d9d7fc337043e8df017f780908eb9644451?s=96&d=mm&r=g\",\"contentUrl\":\"https:\\\/\\\/secure.gravatar.com\\\/avatar\\\/89915563d925342126b8ef0281b93d9d7fc337043e8df017f780908eb9644451?s=96&d=mm&r=g\",\"caption\":\"St\u00e9phane Miget\"},\"url\":\"https:\\\/\\\/batijournal.com\\\/index.php\\\/author\\\/stephane\\\/\"}]}<\/script>\n<!-- \/ Yoast SEO plugin. -->","yoast_head_json":{"title":"Livraison prochaine du b\u00e2timent Le Cerisier \u00e0 Lille","description":"L\u2019agence Coldefy & Associ\u00e9s a con\u00e7u le b\u00e2timent du Cerisier comme partie prenante du renouvellement du paysage urbain de l\u2019avenue du Peuple-Belge","robots":{"index":"index","follow":"follow","max-snippet":"max-snippet:-1","max-image-preview":"max-image-preview:large","max-video-preview":"max-video-preview:-1"},"canonical":"https:\/\/batijournal.com\/index.php\/livraison-prochaine-du-batiment-le-cerisier-a-lille\/101801\/","og_locale":"fr_FR","og_type":"article","og_title":"Livraison prochaine du b\u00e2timent Le Cerisier \u00e0 Lille","og_description":"L\u2019agence Coldefy & Associ\u00e9s a con\u00e7u le b\u00e2timent du Cerisier comme partie prenante du renouvellement du paysage urbain de l\u2019avenue du Peuple-Belge","og_url":"https:\/\/batijournal.com\/index.php\/livraison-prochaine-du-batiment-le-cerisier-a-lille\/101801\/","og_site_name":"Batijournal","article_published_time":"2019-03-28T11:27:10+00:00","article_modified_time":"2019-07-15T09:26:44+00:00","og_image":[{"width":1200,"height":800,"url":"https:\/\/batijournal.com\/wp-content\/uploads\/2019\/03\/batiment-Le-Cerisier-\u00e0-Lille.jpg","type":"image\/jpeg"}],"author":"St\u00e9phane Miget","twitter_card":"summary_large_image","twitter_creator":"@bati_journal","twitter_site":"@bati_journal","twitter_misc":{"\u00c9crit par":"St\u00e9phane Miget","Dur\u00e9e de lecture estim\u00e9e":"2 minutes"},"schema":{"@context":"https:\/\/schema.org","@graph":[{"@type":"Article","@id":"https:\/\/batijournal.com\/index.php\/livraison-prochaine-du-batiment-le-cerisier-a-lille\/101801\/#article","isPartOf":{"@id":"https:\/\/batijournal.com\/index.php\/livraison-prochaine-du-batiment-le-cerisier-a-lille\/101801\/"},"author":{"name":"St\u00e9phane Miget","@id":"https:\/\/batijournal.com\/#\/schema\/person\/1dc96ec6957aa1ccb25ebe78bb19f100"},"headline":"Livraison prochaine du b\u00e2timent Le Cerisier \u00e0 Lille","datePublished":"2019-03-28T11:27:10+00:00","dateModified":"2019-07-15T09:26:44+00:00","mainEntityOfPage":{"@id":"https:\/\/batijournal.com\/index.php\/livraison-prochaine-du-batiment-le-cerisier-a-lille\/101801\/"},"wordCount":324,"image":{"@id":"https:\/\/batijournal.com\/index.php\/livraison-prochaine-du-batiment-le-cerisier-a-lille\/101801\/#primaryimage"},"thumbnailUrl":"https:\/\/batijournal.com\/wp-content\/uploads\/2019\/03\/batiment-Le-Cerisier-\u00e0-Lille.jpg","keywords":["chantier"],"articleSection":["Actualit\u00e9s","Architecture &amp; Conception","zz_5fa\u00e7ades","zz_Actualit\u00e9s - 5fa\u00e7ades"],"inLanguage":"fr-FR"},{"@type":"WebPage","@id":"https:\/\/batijournal.com\/index.php\/livraison-prochaine-du-batiment-le-cerisier-a-lille\/101801\/","url":"https:\/\/batijournal.com\/index.php\/livraison-prochaine-du-batiment-le-cerisier-a-lille\/101801\/","name":"Livraison prochaine du b\u00e2timent Le Cerisier \u00e0 Lille","isPartOf":{"@id":"https:\/\/batijournal.com\/#website"},"primaryImageOfPage":{"@id":"https:\/\/batijournal.com\/index.php\/livraison-prochaine-du-batiment-le-cerisier-a-lille\/101801\/#primaryimage"},"image":{"@id":"https:\/\/batijournal.com\/index.php\/livraison-prochaine-du-batiment-le-cerisier-a-lille\/101801\/#primaryimage"},"thumbnailUrl":"https:\/\/batijournal.com\/wp-content\/uploads\/2019\/03\/batiment-Le-Cerisier-\u00e0-Lille.jpg","datePublished":"2019-03-28T11:27:10+00:00","dateModified":"2019-07-15T09:26:44+00:00","author":{"@id":"https:\/\/batijournal.com\/#\/schema\/person\/1dc96ec6957aa1ccb25ebe78bb19f100"},"description":"L\u2019agence Coldefy & Associ\u00e9s a con\u00e7u le b\u00e2timent du Cerisier comme partie prenante du renouvellement du paysage urbain de l\u2019avenue du Peuple-Belge","breadcrumb":{"@id":"https:\/\/batijournal.com\/index.php\/livraison-prochaine-du-batiment-le-cerisier-a-lille\/101801\/#breadcrumb"},"inLanguage":"fr-FR","potentialAction":[{"@type":"ReadAction","target":["https:\/\/batijournal.com\/index.php\/livraison-prochaine-du-batiment-le-cerisier-a-lille\/101801\/"]}]},{"@type":"ImageObject","inLanguage":"fr-FR","@id":"https:\/\/batijournal.com\/index.php\/livraison-prochaine-du-batiment-le-cerisier-a-lille\/101801\/#primaryimage","url":"https:\/\/batijournal.com\/wp-content\/uploads\/2019\/03\/batiment-Le-Cerisier-\u00e0-Lille.jpg","contentUrl":"https:\/\/batijournal.com\/wp-content\/uploads\/2019\/03\/batiment-Le-Cerisier-\u00e0-Lille.jpg","width":1200,"height":800},{"@type":"BreadcrumbList","@id":"https:\/\/batijournal.com\/index.php\/livraison-prochaine-du-batiment-le-cerisier-a-lille\/101801\/#breadcrumb","itemListElement":[{"@type":"ListItem","position":1,"name":"Accueil","item":"https:\/\/batijournal.com\/"},{"@type":"ListItem","position":2,"name":"Actualit\u00e9s","item":"https:\/\/batijournal.com\/index.php\/category\/actualites\/"},{"@type":"ListItem","position":3,"name":"Livraison prochaine du b\u00e2timent Le Cerisier \u00e0 Lille"}]},{"@type":"WebSite","@id":"https:\/\/batijournal.com\/#website","url":"https:\/\/batijournal.com\/","name":"Batijournal","description":"L&#039;actualit\u00e9 du b\u00e2timent","potentialAction":[{"@type":"SearchAction","target":{"@type":"EntryPoint","urlTemplate":"https:\/\/batijournal.com\/?s={search_term_string}"},"query-input":{"@type":"PropertyValueSpecification","valueRequired":true,"valueName":"search_term_string"}}],"inLanguage":"fr-FR"},{"@type":"Person","@id":"https:\/\/batijournal.com\/#\/schema\/person\/1dc96ec6957aa1ccb25ebe78bb19f100","name":"St\u00e9phane Miget","image":{"@type":"ImageObject","inLanguage":"fr-FR","@id":"https:\/\/secure.gravatar.com\/avatar\/89915563d925342126b8ef0281b93d9d7fc337043e8df017f780908eb9644451?s=96&d=mm&r=g","url":"https:\/\/secure.gravatar.com\/avatar\/89915563d925342126b8ef0281b93d9d7fc337043e8df017f780908eb9644451?s=96&d=mm&r=g","contentUrl":"https:\/\/secure.gravatar.com\/avatar\/89915563d925342126b8ef0281b93d9d7fc337043e8df017f780908eb9644451?s=96&d=mm&r=g","caption":"St\u00e9phane Miget"},"url":"https:\/\/batijournal.com\/index.php\/author\/stephane\/"}]}},"_links":{"self":[{"href":"https:\/\/batijournal.com\/index.php\/wp-json\/wp\/v2\/posts\/101801","targetHints":{"allow":["GET"]}}],"collection":[{"href":"https:\/\/batijournal.com\/index.php\/wp-json\/wp\/v2\/posts"}],"about":[{"href":"https:\/\/batijournal.com\/index.php\/wp-json\/wp\/v2\/types\/post"}],"author":[{"embeddable":true,"href":"https:\/\/batijournal.com\/index.php\/wp-json\/wp\/v2\/users\/17"}],"replies":[{"embeddable":true,"href":"https:\/\/batijournal.com\/index.php\/wp-json\/wp\/v2\/comments?post=101801"}],"version-history":[{"count":0,"href":"https:\/\/batijournal.com\/index.php\/wp-json\/wp\/v2\/posts\/101801\/revisions"}],"wp:featuredmedia":[{"embeddable":true,"href":"https:\/\/batijournal.com\/index.php\/wp-json\/wp\/v2\/media\/101802"}],"wp:attachment":[{"href":"https:\/\/batijournal.com\/index.php\/wp-json\/wp\/v2\/media?parent=101801"}],"wp:term":[{"taxonomy":"category","embeddable":true,"href":"https:\/\/batijournal.com\/index.php\/wp-json\/wp\/v2\/categories?post=101801"},{"taxonomy":"post_tag","embeddable":true,"href":"https:\/\/batijournal.com\/index.php\/wp-json\/wp\/v2\/tags?post=101801"}],"curies":[{"name":"wp","href":"https:\/\/api.w.org\/{rel}","templated":true}]}}