{"id":101821,"date":"2019-04-03T09:02:04","date_gmt":"2019-04-03T07:02:04","guid":{"rendered":"https:\/\/batijournal.com\/?p=101821"},"modified":"2019-07-15T11:14:36","modified_gmt":"2019-07-15T09:14:36","slug":"les-vitraux-darnaut-de-moles-restaures-a-auch","status":"publish","type":"post","link":"https:\/\/batijournal.com\/index.php\/les-vitraux-darnaut-de-moles-restaures-a-auch\/101821\/","title":{"rendered":"Les vitraux d&rsquo;Arnaut de Moles restaur\u00e9s \u00e0 Auch"},"content":{"rendered":"<p><strong>Le chantier de la chapelle Saint-Louis \u00e0 Auch a \u00e9t\u00e9 con\u00e7u, avec une phase exp\u00e9rimentale visant \u00e0 valider les protocoles de restauration qui seront ensuite g\u00e9n\u00e9ralis\u00e9s dans les prochaines tranches. La Drac Occitanie, qui assure la ma\u00eetrise d&rsquo;ouvrage et le contr\u00f4le scientifique et technique du chantier, lui accorde une attention particuli\u00e8re car trois baies garnies de vitraux exceptionnels ont \u00e9t\u00e9 r\u00e9alis\u00e9es par le ma\u00eetre-verrier Arnaut de Moles au d\u00e9but du XVIe si\u00e8cle (1509-1513). La restauration des vitraux a \u00e9t\u00e9 confi\u00e9e \u00e0 deux ateliers de ma\u00eetres-verriers associ\u00e9s, Anne Pinto (Charente) et Claire Babet (Eure-et-Loir), qui ont notamment supprim\u00e9 les plombs de casse et mis en \u0153uvre la verri\u00e8re de doublage.<\/strong><\/p>\n<p>La critique d&rsquo;authenticit\u00e9, command\u00e9e par la Drac \u00e0 Fran\u00e7oise Gatouillat et Michel Herold (Corpus Vitrearum-France, centre du vitrail Andr\u00e9 Chastel &#8211; CNRS Sorbonne), a permis de confirmer le caract\u00e8re unique des verri\u00e8res dat\u00e9es du XVIe si\u00e8cle \u00e0 pr\u00e8s de 90 %. Leur qualit\u00e9 artistique exceptionnelle, \u00e9voquant le trait des meilleurs dessins de la Renaissance italienne, a aussi \u00e9t\u00e9 soulign\u00e9e. Il a pu \u00eatre not\u00e9 la sp\u00e9cificit\u00e9 des techniques employ\u00e9e, comme la multiplication des \u00ab\u00a0montages en chef d\u2019\u0153uvre\u00a0\u00bb, illustrant l&rsquo;expertise des ma\u00eetres-verriers du XVIe si\u00e8cle. Enfin, la qualit\u00e9 des rares interventions de restauration effectu\u00e9es par Hirsch au XIXe si\u00e8cle a aussi pu \u00eatre appr\u00e9ci\u00e9e.<\/p>\n<p>Int\u00e9gr\u00e9 au comit\u00e9 scientifique et technique, le Laboratoire de recherche des Monuments historiques de Champs-sur-Marne a eu l&rsquo;occasion, en cours de chantier, de proc\u00e9der \u00e0 l&rsquo;analyser d&rsquo;\u00e9chantillons de verre par faisceau d&rsquo;ions sur l&rsquo;acc\u00e9l\u00e9rateur AGLAE (Acc\u00e9l\u00e9rateur Grand Louvre d&rsquo;Analyse \u00c9l\u00e9mentaire). Cet examen exceptionnel a permis d&rsquo;\u00e9valuer la structure du verre, de d\u00e9terminer sa consistance, t\u00e9moin d\u2019une fabrication originelle d&rsquo;une extr\u00eame qualit\u00e9 expliquant leur conservation exemplaire depuis cinq si\u00e8cles.<\/p>\n<p>Un comit\u00e9 scientifique et technique pluridisciplinaire a \u00e9t\u00e9 constitu\u00e9, d\u00e8s 2015, pour suivre la r\u00e9alisation du chantier, confi\u00e9 \u00e0 St\u00e9phane Thouin, architecte en chef des monuments historiques, avec pour objectif de valider les interventions r\u00e9alis\u00e9es sur les verri\u00e8res et de profiter de leur d\u00e9pose en atelier pour en parfaire l&rsquo;\u00e9tude historique.<\/p>\n<p>Photo : Avant et apr\u00e8s restauration : suppression du plomb de casse du visage &#8211; JF Peir\u00e9 &#8211; Drac Occitanie<\/p>\n<p>&nbsp;<\/p>\n","protected":false},"excerpt":{"rendered":"<p>Le chantier de la chapelle Saint-Louis \u00e0 Auch a \u00e9t\u00e9 con\u00e7u, avec une phase exp\u00e9rimentale visant \u00e0 valider les protocoles de restauration qui seront ensuite g\u00e9n\u00e9ralis\u00e9s dans les prochaines tranches. La Drac Occitanie, qui assure la ma\u00eetrise d&rsquo;ouvrage et le contr\u00f4le scientifique et technique du chantier, lui accorde une attention particuli\u00e8re car trois baies garnies [&hellip;]<\/p>\n","protected":false},"author":17,"featured_media":101822,"comment_status":"closed","ping_status":"closed","sticky":false,"template":"","format":"standard","meta":{"_et_pb_use_builder":"","_et_pb_old_content":"","_et_gb_content_width":"","footnotes":""},"categories":[10530,6340,10785],"tags":[8570],"class_list":["post-101821","post","type-post","status-publish","format-standard","has-post-thumbnail","hentry","category-actualites","category-architecture-conception","category-atrium","tag-vitraux"],"yoast_head":"<!-- This site is optimized with the Yoast SEO plugin v27.4 - https:\/\/yoast.com\/product\/yoast-seo-wordpress\/ -->\n<title>Les vitraux d&#039;Arnaut de Moles restaur\u00e9s \u00e0 Auch<\/title>\n<meta name=\"description\" content=\"Le chantier de la chapelle Saint-Louis \u00e0 Auch a \u00e9t\u00e9 con\u00e7u, avec une phase exp\u00e9rimentale pour valider les protocoles de restauration qui seront g\u00e9n\u00e9ralis\u00e9s\" \/>\n<meta name=\"robots\" content=\"index, follow, max-snippet:-1, max-image-preview:large, max-video-preview:-1\" \/>\n<link rel=\"canonical\" href=\"https:\/\/batijournal.com\/index.php\/les-vitraux-darnaut-de-moles-restaures-a-auch\/101821\/\" \/>\n<meta property=\"og:locale\" content=\"fr_FR\" \/>\n<meta property=\"og:type\" content=\"article\" \/>\n<meta property=\"og:title\" content=\"Les vitraux d&#039;Arnaut de Moles restaur\u00e9s \u00e0 Auch\" \/>\n<meta property=\"og:description\" content=\"Le chantier de la chapelle Saint-Louis \u00e0 Auch a \u00e9t\u00e9 con\u00e7u, avec une phase exp\u00e9rimentale pour valider les protocoles de restauration qui seront g\u00e9n\u00e9ralis\u00e9s\" \/>\n<meta property=\"og:url\" content=\"https:\/\/batijournal.com\/index.php\/les-vitraux-darnaut-de-moles-restaures-a-auch\/101821\/\" \/>\n<meta property=\"og:site_name\" content=\"Batijournal\" \/>\n<meta property=\"article:published_time\" content=\"2019-04-03T07:02:04+00:00\" \/>\n<meta property=\"article:modified_time\" content=\"2019-07-15T09:14:36+00:00\" \/>\n<meta property=\"og:image\" content=\"https:\/\/batijournal.com\/wp-content\/uploads\/2019\/04\/Avant-apres-restauration_vitraux.jpg\" \/>\n\t<meta property=\"og:image:width\" content=\"714\" \/>\n\t<meta property=\"og:image:height\" content=\"900\" \/>\n\t<meta property=\"og:image:type\" content=\"image\/jpeg\" \/>\n<meta name=\"author\" content=\"St\u00e9phane Miget\" \/>\n<meta name=\"twitter:card\" content=\"summary_large_image\" \/>\n<meta name=\"twitter:creator\" content=\"@bati_journal\" \/>\n<meta name=\"twitter:site\" content=\"@bati_journal\" \/>\n<meta name=\"twitter:label1\" content=\"\u00c9crit par\" \/>\n\t<meta name=\"twitter:data1\" content=\"St\u00e9phane Miget\" \/>\n\t<meta name=\"twitter:label2\" content=\"Dur\u00e9e de lecture estim\u00e9e\" \/>\n\t<meta name=\"twitter:data2\" content=\"2 minutes\" \/>\n<script type=\"application\/ld+json\" class=\"yoast-schema-graph\">{\"@context\":\"https:\\\/\\\/schema.org\",\"@graph\":[{\"@type\":\"Article\",\"@id\":\"https:\\\/\\\/batijournal.com\\\/index.php\\\/les-vitraux-darnaut-de-moles-restaures-a-auch\\\/101821\\\/#article\",\"isPartOf\":{\"@id\":\"https:\\\/\\\/batijournal.com\\\/index.php\\\/les-vitraux-darnaut-de-moles-restaures-a-auch\\\/101821\\\/\"},\"author\":{\"name\":\"St\u00e9phane Miget\",\"@id\":\"https:\\\/\\\/batijournal.com\\\/#\\\/schema\\\/person\\\/1dc96ec6957aa1ccb25ebe78bb19f100\"},\"headline\":\"Les vitraux d&rsquo;Arnaut de Moles restaur\u00e9s \u00e0 Auch\",\"datePublished\":\"2019-04-03T07:02:04+00:00\",\"dateModified\":\"2019-07-15T09:14:36+00:00\",\"mainEntityOfPage\":{\"@id\":\"https:\\\/\\\/batijournal.com\\\/index.php\\\/les-vitraux-darnaut-de-moles-restaures-a-auch\\\/101821\\\/\"},\"wordCount\":415,\"image\":{\"@id\":\"https:\\\/\\\/batijournal.com\\\/index.php\\\/les-vitraux-darnaut-de-moles-restaures-a-auch\\\/101821\\\/#primaryimage\"},\"thumbnailUrl\":\"https:\\\/\\\/batijournal.com\\\/wp-content\\\/uploads\\\/2019\\\/04\\\/Avant-apres-restauration_vitraux.jpg\",\"keywords\":[\"vitraux\"],\"articleSection\":[\"Actualit\u00e9s\",\"Architecture &amp; Conception\",\"zz_Atrium Patrimoine\"],\"inLanguage\":\"fr-FR\"},{\"@type\":\"WebPage\",\"@id\":\"https:\\\/\\\/batijournal.com\\\/index.php\\\/les-vitraux-darnaut-de-moles-restaures-a-auch\\\/101821\\\/\",\"url\":\"https:\\\/\\\/batijournal.com\\\/index.php\\\/les-vitraux-darnaut-de-moles-restaures-a-auch\\\/101821\\\/\",\"name\":\"Les vitraux d'Arnaut de Moles restaur\u00e9s \u00e0 Auch\",\"isPartOf\":{\"@id\":\"https:\\\/\\\/batijournal.com\\\/#website\"},\"primaryImageOfPage\":{\"@id\":\"https:\\\/\\\/batijournal.com\\\/index.php\\\/les-vitraux-darnaut-de-moles-restaures-a-auch\\\/101821\\\/#primaryimage\"},\"image\":{\"@id\":\"https:\\\/\\\/batijournal.com\\\/index.php\\\/les-vitraux-darnaut-de-moles-restaures-a-auch\\\/101821\\\/#primaryimage\"},\"thumbnailUrl\":\"https:\\\/\\\/batijournal.com\\\/wp-content\\\/uploads\\\/2019\\\/04\\\/Avant-apres-restauration_vitraux.jpg\",\"datePublished\":\"2019-04-03T07:02:04+00:00\",\"dateModified\":\"2019-07-15T09:14:36+00:00\",\"author\":{\"@id\":\"https:\\\/\\\/batijournal.com\\\/#\\\/schema\\\/person\\\/1dc96ec6957aa1ccb25ebe78bb19f100\"},\"description\":\"Le chantier de la chapelle Saint-Louis \u00e0 Auch a \u00e9t\u00e9 con\u00e7u, avec une phase exp\u00e9rimentale pour valider les protocoles de restauration qui seront g\u00e9n\u00e9ralis\u00e9s\",\"breadcrumb\":{\"@id\":\"https:\\\/\\\/batijournal.com\\\/index.php\\\/les-vitraux-darnaut-de-moles-restaures-a-auch\\\/101821\\\/#breadcrumb\"},\"inLanguage\":\"fr-FR\",\"potentialAction\":[{\"@type\":\"ReadAction\",\"target\":[\"https:\\\/\\\/batijournal.com\\\/index.php\\\/les-vitraux-darnaut-de-moles-restaures-a-auch\\\/101821\\\/\"]}]},{\"@type\":\"ImageObject\",\"inLanguage\":\"fr-FR\",\"@id\":\"https:\\\/\\\/batijournal.com\\\/index.php\\\/les-vitraux-darnaut-de-moles-restaures-a-auch\\\/101821\\\/#primaryimage\",\"url\":\"https:\\\/\\\/batijournal.com\\\/wp-content\\\/uploads\\\/2019\\\/04\\\/Avant-apres-restauration_vitraux.jpg\",\"contentUrl\":\"https:\\\/\\\/batijournal.com\\\/wp-content\\\/uploads\\\/2019\\\/04\\\/Avant-apres-restauration_vitraux.jpg\",\"width\":714,\"height\":900},{\"@type\":\"BreadcrumbList\",\"@id\":\"https:\\\/\\\/batijournal.com\\\/index.php\\\/les-vitraux-darnaut-de-moles-restaures-a-auch\\\/101821\\\/#breadcrumb\",\"itemListElement\":[{\"@type\":\"ListItem\",\"position\":1,\"name\":\"Accueil\",\"item\":\"https:\\\/\\\/batijournal.com\\\/\"},{\"@type\":\"ListItem\",\"position\":2,\"name\":\"Actualit\u00e9s\",\"item\":\"https:\\\/\\\/batijournal.com\\\/index.php\\\/category\\\/actualites\\\/\"},{\"@type\":\"ListItem\",\"position\":3,\"name\":\"Les vitraux d&rsquo;Arnaut de Moles restaur\u00e9s \u00e0 Auch\"}]},{\"@type\":\"WebSite\",\"@id\":\"https:\\\/\\\/batijournal.com\\\/#website\",\"url\":\"https:\\\/\\\/batijournal.com\\\/\",\"name\":\"Batijournal\",\"description\":\"L&#039;actualit\u00e9 du b\u00e2timent\",\"potentialAction\":[{\"@type\":\"SearchAction\",\"target\":{\"@type\":\"EntryPoint\",\"urlTemplate\":\"https:\\\/\\\/batijournal.com\\\/?s={search_term_string}\"},\"query-input\":{\"@type\":\"PropertyValueSpecification\",\"valueRequired\":true,\"valueName\":\"search_term_string\"}}],\"inLanguage\":\"fr-FR\"},{\"@type\":\"Person\",\"@id\":\"https:\\\/\\\/batijournal.com\\\/#\\\/schema\\\/person\\\/1dc96ec6957aa1ccb25ebe78bb19f100\",\"name\":\"St\u00e9phane Miget\",\"image\":{\"@type\":\"ImageObject\",\"inLanguage\":\"fr-FR\",\"@id\":\"https:\\\/\\\/secure.gravatar.com\\\/avatar\\\/89915563d925342126b8ef0281b93d9d7fc337043e8df017f780908eb9644451?s=96&d=mm&r=g\",\"url\":\"https:\\\/\\\/secure.gravatar.com\\\/avatar\\\/89915563d925342126b8ef0281b93d9d7fc337043e8df017f780908eb9644451?s=96&d=mm&r=g\",\"contentUrl\":\"https:\\\/\\\/secure.gravatar.com\\\/avatar\\\/89915563d925342126b8ef0281b93d9d7fc337043e8df017f780908eb9644451?s=96&d=mm&r=g\",\"caption\":\"St\u00e9phane Miget\"},\"url\":\"https:\\\/\\\/batijournal.com\\\/index.php\\\/author\\\/stephane\\\/\"}]}<\/script>\n<!-- \/ Yoast SEO plugin. -->","yoast_head_json":{"title":"Les vitraux d'Arnaut de Moles restaur\u00e9s \u00e0 Auch","description":"Le chantier de la chapelle Saint-Louis \u00e0 Auch a \u00e9t\u00e9 con\u00e7u, avec une phase exp\u00e9rimentale pour valider les protocoles de restauration qui seront g\u00e9n\u00e9ralis\u00e9s","robots":{"index":"index","follow":"follow","max-snippet":"max-snippet:-1","max-image-preview":"max-image-preview:large","max-video-preview":"max-video-preview:-1"},"canonical":"https:\/\/batijournal.com\/index.php\/les-vitraux-darnaut-de-moles-restaures-a-auch\/101821\/","og_locale":"fr_FR","og_type":"article","og_title":"Les vitraux d'Arnaut de Moles restaur\u00e9s \u00e0 Auch","og_description":"Le chantier de la chapelle Saint-Louis \u00e0 Auch a \u00e9t\u00e9 con\u00e7u, avec une phase exp\u00e9rimentale pour valider les protocoles de restauration qui seront g\u00e9n\u00e9ralis\u00e9s","og_url":"https:\/\/batijournal.com\/index.php\/les-vitraux-darnaut-de-moles-restaures-a-auch\/101821\/","og_site_name":"Batijournal","article_published_time":"2019-04-03T07:02:04+00:00","article_modified_time":"2019-07-15T09:14:36+00:00","og_image":[{"width":714,"height":900,"url":"https:\/\/batijournal.com\/wp-content\/uploads\/2019\/04\/Avant-apres-restauration_vitraux.jpg","type":"image\/jpeg"}],"author":"St\u00e9phane Miget","twitter_card":"summary_large_image","twitter_creator":"@bati_journal","twitter_site":"@bati_journal","twitter_misc":{"\u00c9crit par":"St\u00e9phane Miget","Dur\u00e9e de lecture estim\u00e9e":"2 minutes"},"schema":{"@context":"https:\/\/schema.org","@graph":[{"@type":"Article","@id":"https:\/\/batijournal.com\/index.php\/les-vitraux-darnaut-de-moles-restaures-a-auch\/101821\/#article","isPartOf":{"@id":"https:\/\/batijournal.com\/index.php\/les-vitraux-darnaut-de-moles-restaures-a-auch\/101821\/"},"author":{"name":"St\u00e9phane Miget","@id":"https:\/\/batijournal.com\/#\/schema\/person\/1dc96ec6957aa1ccb25ebe78bb19f100"},"headline":"Les vitraux d&rsquo;Arnaut de Moles restaur\u00e9s \u00e0 Auch","datePublished":"2019-04-03T07:02:04+00:00","dateModified":"2019-07-15T09:14:36+00:00","mainEntityOfPage":{"@id":"https:\/\/batijournal.com\/index.php\/les-vitraux-darnaut-de-moles-restaures-a-auch\/101821\/"},"wordCount":415,"image":{"@id":"https:\/\/batijournal.com\/index.php\/les-vitraux-darnaut-de-moles-restaures-a-auch\/101821\/#primaryimage"},"thumbnailUrl":"https:\/\/batijournal.com\/wp-content\/uploads\/2019\/04\/Avant-apres-restauration_vitraux.jpg","keywords":["vitraux"],"articleSection":["Actualit\u00e9s","Architecture &amp; Conception","zz_Atrium Patrimoine"],"inLanguage":"fr-FR"},{"@type":"WebPage","@id":"https:\/\/batijournal.com\/index.php\/les-vitraux-darnaut-de-moles-restaures-a-auch\/101821\/","url":"https:\/\/batijournal.com\/index.php\/les-vitraux-darnaut-de-moles-restaures-a-auch\/101821\/","name":"Les vitraux d'Arnaut de Moles restaur\u00e9s \u00e0 Auch","isPartOf":{"@id":"https:\/\/batijournal.com\/#website"},"primaryImageOfPage":{"@id":"https:\/\/batijournal.com\/index.php\/les-vitraux-darnaut-de-moles-restaures-a-auch\/101821\/#primaryimage"},"image":{"@id":"https:\/\/batijournal.com\/index.php\/les-vitraux-darnaut-de-moles-restaures-a-auch\/101821\/#primaryimage"},"thumbnailUrl":"https:\/\/batijournal.com\/wp-content\/uploads\/2019\/04\/Avant-apres-restauration_vitraux.jpg","datePublished":"2019-04-03T07:02:04+00:00","dateModified":"2019-07-15T09:14:36+00:00","author":{"@id":"https:\/\/batijournal.com\/#\/schema\/person\/1dc96ec6957aa1ccb25ebe78bb19f100"},"description":"Le chantier de la chapelle Saint-Louis \u00e0 Auch a \u00e9t\u00e9 con\u00e7u, avec une phase exp\u00e9rimentale pour valider les protocoles de restauration qui seront g\u00e9n\u00e9ralis\u00e9s","breadcrumb":{"@id":"https:\/\/batijournal.com\/index.php\/les-vitraux-darnaut-de-moles-restaures-a-auch\/101821\/#breadcrumb"},"inLanguage":"fr-FR","potentialAction":[{"@type":"ReadAction","target":["https:\/\/batijournal.com\/index.php\/les-vitraux-darnaut-de-moles-restaures-a-auch\/101821\/"]}]},{"@type":"ImageObject","inLanguage":"fr-FR","@id":"https:\/\/batijournal.com\/index.php\/les-vitraux-darnaut-de-moles-restaures-a-auch\/101821\/#primaryimage","url":"https:\/\/batijournal.com\/wp-content\/uploads\/2019\/04\/Avant-apres-restauration_vitraux.jpg","contentUrl":"https:\/\/batijournal.com\/wp-content\/uploads\/2019\/04\/Avant-apres-restauration_vitraux.jpg","width":714,"height":900},{"@type":"BreadcrumbList","@id":"https:\/\/batijournal.com\/index.php\/les-vitraux-darnaut-de-moles-restaures-a-auch\/101821\/#breadcrumb","itemListElement":[{"@type":"ListItem","position":1,"name":"Accueil","item":"https:\/\/batijournal.com\/"},{"@type":"ListItem","position":2,"name":"Actualit\u00e9s","item":"https:\/\/batijournal.com\/index.php\/category\/actualites\/"},{"@type":"ListItem","position":3,"name":"Les vitraux d&rsquo;Arnaut de Moles restaur\u00e9s \u00e0 Auch"}]},{"@type":"WebSite","@id":"https:\/\/batijournal.com\/#website","url":"https:\/\/batijournal.com\/","name":"Batijournal","description":"L&#039;actualit\u00e9 du b\u00e2timent","potentialAction":[{"@type":"SearchAction","target":{"@type":"EntryPoint","urlTemplate":"https:\/\/batijournal.com\/?s={search_term_string}"},"query-input":{"@type":"PropertyValueSpecification","valueRequired":true,"valueName":"search_term_string"}}],"inLanguage":"fr-FR"},{"@type":"Person","@id":"https:\/\/batijournal.com\/#\/schema\/person\/1dc96ec6957aa1ccb25ebe78bb19f100","name":"St\u00e9phane Miget","image":{"@type":"ImageObject","inLanguage":"fr-FR","@id":"https:\/\/secure.gravatar.com\/avatar\/89915563d925342126b8ef0281b93d9d7fc337043e8df017f780908eb9644451?s=96&d=mm&r=g","url":"https:\/\/secure.gravatar.com\/avatar\/89915563d925342126b8ef0281b93d9d7fc337043e8df017f780908eb9644451?s=96&d=mm&r=g","contentUrl":"https:\/\/secure.gravatar.com\/avatar\/89915563d925342126b8ef0281b93d9d7fc337043e8df017f780908eb9644451?s=96&d=mm&r=g","caption":"St\u00e9phane Miget"},"url":"https:\/\/batijournal.com\/index.php\/author\/stephane\/"}]}},"_links":{"self":[{"href":"https:\/\/batijournal.com\/index.php\/wp-json\/wp\/v2\/posts\/101821","targetHints":{"allow":["GET"]}}],"collection":[{"href":"https:\/\/batijournal.com\/index.php\/wp-json\/wp\/v2\/posts"}],"about":[{"href":"https:\/\/batijournal.com\/index.php\/wp-json\/wp\/v2\/types\/post"}],"author":[{"embeddable":true,"href":"https:\/\/batijournal.com\/index.php\/wp-json\/wp\/v2\/users\/17"}],"replies":[{"embeddable":true,"href":"https:\/\/batijournal.com\/index.php\/wp-json\/wp\/v2\/comments?post=101821"}],"version-history":[{"count":0,"href":"https:\/\/batijournal.com\/index.php\/wp-json\/wp\/v2\/posts\/101821\/revisions"}],"wp:featuredmedia":[{"embeddable":true,"href":"https:\/\/batijournal.com\/index.php\/wp-json\/wp\/v2\/media\/101822"}],"wp:attachment":[{"href":"https:\/\/batijournal.com\/index.php\/wp-json\/wp\/v2\/media?parent=101821"}],"wp:term":[{"taxonomy":"category","embeddable":true,"href":"https:\/\/batijournal.com\/index.php\/wp-json\/wp\/v2\/categories?post=101821"},{"taxonomy":"post_tag","embeddable":true,"href":"https:\/\/batijournal.com\/index.php\/wp-json\/wp\/v2\/tags?post=101821"}],"curies":[{"name":"wp","href":"https:\/\/api.w.org\/{rel}","templated":true}]}}