{"id":101825,"date":"2019-04-03T17:34:46","date_gmt":"2019-04-03T15:34:46","guid":{"rendered":"https:\/\/batijournal.com\/?p=101825"},"modified":"2019-04-03T17:35:37","modified_gmt":"2019-04-03T15:35:37","slug":"les-journees-professionnelles-de-la-construction-a-nice","status":"publish","type":"post","link":"https:\/\/batijournal.com\/index.php\/les-journees-professionnelles-de-la-construction-a-nice\/101825\/","title":{"rendered":"Les Journ\u00e9es professionnelles de la Construction \u00e0 Nice"},"content":{"rendered":"<p><span style=\"color: #000000\"><span style=\"font-family: Arial, sans-serif\"><span style=\"font-size: medium\">Organis\u00e9es par la Conf\u00e9d\u00e9ration des artisans et des petites entreprises du b\u00e2timent (Capeb), les Journ\u00e9es professionnelles de la Construction 2019 se tiendront les 11 et 12 avril \u00e0 Nice Acropolis, suite \u00e0 l&rsquo;Assembl\u00e9e g\u00e9n\u00e9rale annuelle de la Capeb qui aura lieu le 10 avril. Les 8 pr\u00e9sidents d&rsquo;UNA ont sign\u00e9 une d\u00e9claration qui sera faite aux d\u00e9l\u00e9gu\u00e9s pr\u00e9sents \u00e0 Nice relative \u00e0 six questions majeures et communes des m\u00e9tiers\u00a0: les Centres Techniques Industriels, la transition num\u00e9rique, les certificats d&rsquo;\u00e9conomies d&rsquo;\u00e9nergie, l&rsquo;opposition aux offres commerciales abusives, la probl\u00e9matique du r\u00e9emploi des produits de construction, la future r\u00e9glementation environnementale. Les Journ\u00e9es professionnelles de la Construction allient des conf\u00e9rences th\u00e9matiques et un salon professionnel sur 8 000 m2 d&rsquo;exposition. <\/span><\/span><\/span><\/p>\n<p><span style=\"color: #000000\"><span style=\"font-family: Arial, sans-serif\"><span style=\"font-size: medium\">Programme de l&rsquo;UNA Charpente Menuiserie Agencement<\/span><\/span><\/span><\/p>\n<p><span style=\"color: #000000\"><span style=\"font-family: Arial, sans-serif\">L&rsquo;UNA CMA organise pour sa part, le jeudi 11 avril de 14h00 \u00e0 16h00, des ateliers transversaux (au choix) : <\/span><\/span><\/p>\n<p><span style=\"color: #000000\"><span style=\"font-family: Arial, sans-serif\">Quel visage de l&rsquo;artisanat de demain dans l&rsquo;acte de construire\u00a0?\u00a0; <\/span><\/span><\/p>\n<p><span style=\"color: #000000\"><span style=\"font-family: Arial, sans-serif\">La maison de demain sera-t-elle \u00e9cologique\u00a0?\u00a0; <\/span><\/span><\/p>\n<p><span style=\"color: #000000\"><span style=\"font-family: Arial, sans-serif\">Comment travailler avec les nouveaux modes de distribution\u00a0(vente par correspondance, plateforme de vente&#8230;)?<\/span><\/span><\/p>\n<p><span style=\"color: #000000\"><span style=\"font-family: Arial, sans-serif\">Le vendredi 12 avril, une restitution sera faite sur les travaux en cours sur la r\u00e9novation des CAP des M\u00e9tiers de la Charpente Menuiserie Agencement. Au programme aussi la pr\u00e9sentation de bonnes pratiques de la construction bois pour les pi\u00e8ces humides et une s\u00e9ance interactive avec un expert sur l&rsquo;\u00e9clairage naturel dans les b\u00e2timents.<\/span><\/span><\/p>\n<p><a href=\"http:\/\/www.capeb.fr\/www\/capeb\/media\/invitation-expo-pdf.pdf\"><span style=\"color: #000000;font-family: Arial, sans-serif;font-size: medium\">T\u00e9l\u00e9chargez l&rsquo;invitation aux Journ\u00e9es Professionnelles de la Construction<\/span><\/a><\/p>\n","protected":false},"excerpt":{"rendered":"<p>Organis\u00e9es par la Conf\u00e9d\u00e9ration des artisans et des petites entreprises du b\u00e2timent (Capeb), les Journ\u00e9es professionnelles de la Construction 2019 se tiendront les 11 et 12 avril \u00e0 Nice Acropolis, suite \u00e0 l&rsquo;Assembl\u00e9e g\u00e9n\u00e9rale annuelle de la Capeb qui aura lieu le 10 avril. Les 8 pr\u00e9sidents d&rsquo;UNA ont sign\u00e9 une d\u00e9claration qui sera faite [&hellip;]<\/p>\n","protected":false},"author":17,"featured_media":101826,"comment_status":"closed","ping_status":"closed","sticky":false,"template":"","format":"standard","meta":{"_et_pb_use_builder":"","_et_pb_old_content":"","_et_gb_content_width":"","footnotes":""},"categories":[10530],"tags":[647,53,374,9197,12755],"class_list":["post-101825","post","type-post","status-publish","format-standard","has-post-thumbnail","hentry","category-actualites","tag-capeb","tag-construction","tag-construction-bois-2","tag-evenement","tag-journees-professionnelles-de-la-construction"],"yoast_head":"<!-- This site is optimized with the Yoast SEO plugin v27.4 - https:\/\/yoast.com\/product\/yoast-seo-wordpress\/ -->\n<title>Les Journ\u00e9es professionnelles de la Construction \u00e0 Nice<\/title>\n<meta name=\"description\" content=\"les Journ\u00e9es professionnelles de la Construction 2019 se tiendront les 11 et 12 avril \u00e0 Nice Acropolis, suite \u00e0 l&#039;Assembl\u00e9e g\u00e9n\u00e9rale annuelle de la Capeb\" \/>\n<meta name=\"robots\" content=\"index, follow, max-snippet:-1, max-image-preview:large, max-video-preview:-1\" \/>\n<link rel=\"canonical\" href=\"https:\/\/batijournal.com\/index.php\/les-journees-professionnelles-de-la-construction-a-nice\/101825\/\" \/>\n<meta property=\"og:locale\" content=\"fr_FR\" \/>\n<meta property=\"og:type\" content=\"article\" \/>\n<meta property=\"og:title\" content=\"Les Journ\u00e9es professionnelles de la Construction \u00e0 Nice\" \/>\n<meta property=\"og:description\" content=\"les Journ\u00e9es professionnelles de la Construction 2019 se tiendront les 11 et 12 avril \u00e0 Nice Acropolis, suite \u00e0 l&#039;Assembl\u00e9e g\u00e9n\u00e9rale annuelle de la Capeb\" \/>\n<meta property=\"og:url\" content=\"https:\/\/batijournal.com\/index.php\/les-journees-professionnelles-de-la-construction-a-nice\/101825\/\" \/>\n<meta property=\"og:site_name\" content=\"Batijournal\" \/>\n<meta property=\"article:published_time\" content=\"2019-04-03T15:34:46+00:00\" \/>\n<meta property=\"article:modified_time\" content=\"2019-04-03T15:35:37+00:00\" \/>\n<meta property=\"og:image\" content=\"https:\/\/batijournal.com\/wp-content\/uploads\/2019\/04\/capeb.jpg\" \/>\n\t<meta property=\"og:image:width\" content=\"634\" \/>\n\t<meta property=\"og:image:height\" content=\"570\" \/>\n\t<meta property=\"og:image:type\" content=\"image\/jpeg\" \/>\n<meta name=\"author\" content=\"St\u00e9phane Miget\" \/>\n<meta name=\"twitter:card\" content=\"summary_large_image\" \/>\n<meta name=\"twitter:creator\" content=\"@bati_journal\" \/>\n<meta name=\"twitter:site\" content=\"@bati_journal\" \/>\n<meta name=\"twitter:label1\" content=\"\u00c9crit par\" \/>\n\t<meta name=\"twitter:data1\" content=\"St\u00e9phane Miget\" \/>\n\t<meta name=\"twitter:label2\" content=\"Dur\u00e9e de lecture estim\u00e9e\" \/>\n\t<meta name=\"twitter:data2\" content=\"1 minute\" \/>\n<script type=\"application\/ld+json\" class=\"yoast-schema-graph\">{\"@context\":\"https:\\\/\\\/schema.org\",\"@graph\":[{\"@type\":\"Article\",\"@id\":\"https:\\\/\\\/batijournal.com\\\/index.php\\\/les-journees-professionnelles-de-la-construction-a-nice\\\/101825\\\/#article\",\"isPartOf\":{\"@id\":\"https:\\\/\\\/batijournal.com\\\/index.php\\\/les-journees-professionnelles-de-la-construction-a-nice\\\/101825\\\/\"},\"author\":{\"name\":\"St\u00e9phane Miget\",\"@id\":\"https:\\\/\\\/batijournal.com\\\/#\\\/schema\\\/person\\\/1dc96ec6957aa1ccb25ebe78bb19f100\"},\"headline\":\"Les Journ\u00e9es professionnelles de la Construction \u00e0 Nice\",\"datePublished\":\"2019-04-03T15:34:46+00:00\",\"dateModified\":\"2019-04-03T15:35:37+00:00\",\"mainEntityOfPage\":{\"@id\":\"https:\\\/\\\/batijournal.com\\\/index.php\\\/les-journees-professionnelles-de-la-construction-a-nice\\\/101825\\\/\"},\"wordCount\":270,\"image\":{\"@id\":\"https:\\\/\\\/batijournal.com\\\/index.php\\\/les-journees-professionnelles-de-la-construction-a-nice\\\/101825\\\/#primaryimage\"},\"thumbnailUrl\":\"https:\\\/\\\/batijournal.com\\\/wp-content\\\/uploads\\\/2019\\\/04\\\/capeb.jpg\",\"keywords\":[\"CAPEB\",\"construction\",\"construction bois\",\"evenement\",\"Journ\u00e9es professionnelles de la Construction\"],\"articleSection\":[\"Actualit\u00e9s\"],\"inLanguage\":\"fr-FR\"},{\"@type\":\"WebPage\",\"@id\":\"https:\\\/\\\/batijournal.com\\\/index.php\\\/les-journees-professionnelles-de-la-construction-a-nice\\\/101825\\\/\",\"url\":\"https:\\\/\\\/batijournal.com\\\/index.php\\\/les-journees-professionnelles-de-la-construction-a-nice\\\/101825\\\/\",\"name\":\"Les Journ\u00e9es professionnelles de la Construction \u00e0 Nice\",\"isPartOf\":{\"@id\":\"https:\\\/\\\/batijournal.com\\\/#website\"},\"primaryImageOfPage\":{\"@id\":\"https:\\\/\\\/batijournal.com\\\/index.php\\\/les-journees-professionnelles-de-la-construction-a-nice\\\/101825\\\/#primaryimage\"},\"image\":{\"@id\":\"https:\\\/\\\/batijournal.com\\\/index.php\\\/les-journees-professionnelles-de-la-construction-a-nice\\\/101825\\\/#primaryimage\"},\"thumbnailUrl\":\"https:\\\/\\\/batijournal.com\\\/wp-content\\\/uploads\\\/2019\\\/04\\\/capeb.jpg\",\"datePublished\":\"2019-04-03T15:34:46+00:00\",\"dateModified\":\"2019-04-03T15:35:37+00:00\",\"author\":{\"@id\":\"https:\\\/\\\/batijournal.com\\\/#\\\/schema\\\/person\\\/1dc96ec6957aa1ccb25ebe78bb19f100\"},\"description\":\"les Journ\u00e9es professionnelles de la Construction 2019 se tiendront les 11 et 12 avril \u00e0 Nice Acropolis, suite \u00e0 l'Assembl\u00e9e g\u00e9n\u00e9rale annuelle de la Capeb\",\"breadcrumb\":{\"@id\":\"https:\\\/\\\/batijournal.com\\\/index.php\\\/les-journees-professionnelles-de-la-construction-a-nice\\\/101825\\\/#breadcrumb\"},\"inLanguage\":\"fr-FR\",\"potentialAction\":[{\"@type\":\"ReadAction\",\"target\":[\"https:\\\/\\\/batijournal.com\\\/index.php\\\/les-journees-professionnelles-de-la-construction-a-nice\\\/101825\\\/\"]}]},{\"@type\":\"ImageObject\",\"inLanguage\":\"fr-FR\",\"@id\":\"https:\\\/\\\/batijournal.com\\\/index.php\\\/les-journees-professionnelles-de-la-construction-a-nice\\\/101825\\\/#primaryimage\",\"url\":\"https:\\\/\\\/batijournal.com\\\/wp-content\\\/uploads\\\/2019\\\/04\\\/capeb.jpg\",\"contentUrl\":\"https:\\\/\\\/batijournal.com\\\/wp-content\\\/uploads\\\/2019\\\/04\\\/capeb.jpg\",\"width\":634,\"height\":570},{\"@type\":\"BreadcrumbList\",\"@id\":\"https:\\\/\\\/batijournal.com\\\/index.php\\\/les-journees-professionnelles-de-la-construction-a-nice\\\/101825\\\/#breadcrumb\",\"itemListElement\":[{\"@type\":\"ListItem\",\"position\":1,\"name\":\"Accueil\",\"item\":\"https:\\\/\\\/batijournal.com\\\/\"},{\"@type\":\"ListItem\",\"position\":2,\"name\":\"Actualit\u00e9s\",\"item\":\"https:\\\/\\\/batijournal.com\\\/index.php\\\/category\\\/actualites\\\/\"},{\"@type\":\"ListItem\",\"position\":3,\"name\":\"Les Journ\u00e9es professionnelles de la Construction \u00e0 Nice\"}]},{\"@type\":\"WebSite\",\"@id\":\"https:\\\/\\\/batijournal.com\\\/#website\",\"url\":\"https:\\\/\\\/batijournal.com\\\/\",\"name\":\"Batijournal\",\"description\":\"L&#039;actualit\u00e9 du b\u00e2timent\",\"potentialAction\":[{\"@type\":\"SearchAction\",\"target\":{\"@type\":\"EntryPoint\",\"urlTemplate\":\"https:\\\/\\\/batijournal.com\\\/?s={search_term_string}\"},\"query-input\":{\"@type\":\"PropertyValueSpecification\",\"valueRequired\":true,\"valueName\":\"search_term_string\"}}],\"inLanguage\":\"fr-FR\"},{\"@type\":\"Person\",\"@id\":\"https:\\\/\\\/batijournal.com\\\/#\\\/schema\\\/person\\\/1dc96ec6957aa1ccb25ebe78bb19f100\",\"name\":\"St\u00e9phane Miget\",\"image\":{\"@type\":\"ImageObject\",\"inLanguage\":\"fr-FR\",\"@id\":\"https:\\\/\\\/secure.gravatar.com\\\/avatar\\\/89915563d925342126b8ef0281b93d9d7fc337043e8df017f780908eb9644451?s=96&d=mm&r=g\",\"url\":\"https:\\\/\\\/secure.gravatar.com\\\/avatar\\\/89915563d925342126b8ef0281b93d9d7fc337043e8df017f780908eb9644451?s=96&d=mm&r=g\",\"contentUrl\":\"https:\\\/\\\/secure.gravatar.com\\\/avatar\\\/89915563d925342126b8ef0281b93d9d7fc337043e8df017f780908eb9644451?s=96&d=mm&r=g\",\"caption\":\"St\u00e9phane Miget\"},\"url\":\"https:\\\/\\\/batijournal.com\\\/index.php\\\/author\\\/stephane\\\/\"}]}<\/script>\n<!-- \/ Yoast SEO plugin. -->","yoast_head_json":{"title":"Les Journ\u00e9es professionnelles de la Construction \u00e0 Nice","description":"les Journ\u00e9es professionnelles de la Construction 2019 se tiendront les 11 et 12 avril \u00e0 Nice Acropolis, suite \u00e0 l'Assembl\u00e9e g\u00e9n\u00e9rale annuelle de la Capeb","robots":{"index":"index","follow":"follow","max-snippet":"max-snippet:-1","max-image-preview":"max-image-preview:large","max-video-preview":"max-video-preview:-1"},"canonical":"https:\/\/batijournal.com\/index.php\/les-journees-professionnelles-de-la-construction-a-nice\/101825\/","og_locale":"fr_FR","og_type":"article","og_title":"Les Journ\u00e9es professionnelles de la Construction \u00e0 Nice","og_description":"les Journ\u00e9es professionnelles de la Construction 2019 se tiendront les 11 et 12 avril \u00e0 Nice Acropolis, suite \u00e0 l'Assembl\u00e9e g\u00e9n\u00e9rale annuelle de la Capeb","og_url":"https:\/\/batijournal.com\/index.php\/les-journees-professionnelles-de-la-construction-a-nice\/101825\/","og_site_name":"Batijournal","article_published_time":"2019-04-03T15:34:46+00:00","article_modified_time":"2019-04-03T15:35:37+00:00","og_image":[{"width":634,"height":570,"url":"https:\/\/batijournal.com\/wp-content\/uploads\/2019\/04\/capeb.jpg","type":"image\/jpeg"}],"author":"St\u00e9phane Miget","twitter_card":"summary_large_image","twitter_creator":"@bati_journal","twitter_site":"@bati_journal","twitter_misc":{"\u00c9crit par":"St\u00e9phane Miget","Dur\u00e9e de lecture estim\u00e9e":"1 minute"},"schema":{"@context":"https:\/\/schema.org","@graph":[{"@type":"Article","@id":"https:\/\/batijournal.com\/index.php\/les-journees-professionnelles-de-la-construction-a-nice\/101825\/#article","isPartOf":{"@id":"https:\/\/batijournal.com\/index.php\/les-journees-professionnelles-de-la-construction-a-nice\/101825\/"},"author":{"name":"St\u00e9phane Miget","@id":"https:\/\/batijournal.com\/#\/schema\/person\/1dc96ec6957aa1ccb25ebe78bb19f100"},"headline":"Les Journ\u00e9es professionnelles de la Construction \u00e0 Nice","datePublished":"2019-04-03T15:34:46+00:00","dateModified":"2019-04-03T15:35:37+00:00","mainEntityOfPage":{"@id":"https:\/\/batijournal.com\/index.php\/les-journees-professionnelles-de-la-construction-a-nice\/101825\/"},"wordCount":270,"image":{"@id":"https:\/\/batijournal.com\/index.php\/les-journees-professionnelles-de-la-construction-a-nice\/101825\/#primaryimage"},"thumbnailUrl":"https:\/\/batijournal.com\/wp-content\/uploads\/2019\/04\/capeb.jpg","keywords":["CAPEB","construction","construction bois","evenement","Journ\u00e9es professionnelles de la Construction"],"articleSection":["Actualit\u00e9s"],"inLanguage":"fr-FR"},{"@type":"WebPage","@id":"https:\/\/batijournal.com\/index.php\/les-journees-professionnelles-de-la-construction-a-nice\/101825\/","url":"https:\/\/batijournal.com\/index.php\/les-journees-professionnelles-de-la-construction-a-nice\/101825\/","name":"Les Journ\u00e9es professionnelles de la Construction \u00e0 Nice","isPartOf":{"@id":"https:\/\/batijournal.com\/#website"},"primaryImageOfPage":{"@id":"https:\/\/batijournal.com\/index.php\/les-journees-professionnelles-de-la-construction-a-nice\/101825\/#primaryimage"},"image":{"@id":"https:\/\/batijournal.com\/index.php\/les-journees-professionnelles-de-la-construction-a-nice\/101825\/#primaryimage"},"thumbnailUrl":"https:\/\/batijournal.com\/wp-content\/uploads\/2019\/04\/capeb.jpg","datePublished":"2019-04-03T15:34:46+00:00","dateModified":"2019-04-03T15:35:37+00:00","author":{"@id":"https:\/\/batijournal.com\/#\/schema\/person\/1dc96ec6957aa1ccb25ebe78bb19f100"},"description":"les Journ\u00e9es professionnelles de la Construction 2019 se tiendront les 11 et 12 avril \u00e0 Nice Acropolis, suite \u00e0 l'Assembl\u00e9e g\u00e9n\u00e9rale annuelle de la Capeb","breadcrumb":{"@id":"https:\/\/batijournal.com\/index.php\/les-journees-professionnelles-de-la-construction-a-nice\/101825\/#breadcrumb"},"inLanguage":"fr-FR","potentialAction":[{"@type":"ReadAction","target":["https:\/\/batijournal.com\/index.php\/les-journees-professionnelles-de-la-construction-a-nice\/101825\/"]}]},{"@type":"ImageObject","inLanguage":"fr-FR","@id":"https:\/\/batijournal.com\/index.php\/les-journees-professionnelles-de-la-construction-a-nice\/101825\/#primaryimage","url":"https:\/\/batijournal.com\/wp-content\/uploads\/2019\/04\/capeb.jpg","contentUrl":"https:\/\/batijournal.com\/wp-content\/uploads\/2019\/04\/capeb.jpg","width":634,"height":570},{"@type":"BreadcrumbList","@id":"https:\/\/batijournal.com\/index.php\/les-journees-professionnelles-de-la-construction-a-nice\/101825\/#breadcrumb","itemListElement":[{"@type":"ListItem","position":1,"name":"Accueil","item":"https:\/\/batijournal.com\/"},{"@type":"ListItem","position":2,"name":"Actualit\u00e9s","item":"https:\/\/batijournal.com\/index.php\/category\/actualites\/"},{"@type":"ListItem","position":3,"name":"Les Journ\u00e9es professionnelles de la Construction \u00e0 Nice"}]},{"@type":"WebSite","@id":"https:\/\/batijournal.com\/#website","url":"https:\/\/batijournal.com\/","name":"Batijournal","description":"L&#039;actualit\u00e9 du b\u00e2timent","potentialAction":[{"@type":"SearchAction","target":{"@type":"EntryPoint","urlTemplate":"https:\/\/batijournal.com\/?s={search_term_string}"},"query-input":{"@type":"PropertyValueSpecification","valueRequired":true,"valueName":"search_term_string"}}],"inLanguage":"fr-FR"},{"@type":"Person","@id":"https:\/\/batijournal.com\/#\/schema\/person\/1dc96ec6957aa1ccb25ebe78bb19f100","name":"St\u00e9phane Miget","image":{"@type":"ImageObject","inLanguage":"fr-FR","@id":"https:\/\/secure.gravatar.com\/avatar\/89915563d925342126b8ef0281b93d9d7fc337043e8df017f780908eb9644451?s=96&d=mm&r=g","url":"https:\/\/secure.gravatar.com\/avatar\/89915563d925342126b8ef0281b93d9d7fc337043e8df017f780908eb9644451?s=96&d=mm&r=g","contentUrl":"https:\/\/secure.gravatar.com\/avatar\/89915563d925342126b8ef0281b93d9d7fc337043e8df017f780908eb9644451?s=96&d=mm&r=g","caption":"St\u00e9phane Miget"},"url":"https:\/\/batijournal.com\/index.php\/author\/stephane\/"}]}},"_links":{"self":[{"href":"https:\/\/batijournal.com\/index.php\/wp-json\/wp\/v2\/posts\/101825","targetHints":{"allow":["GET"]}}],"collection":[{"href":"https:\/\/batijournal.com\/index.php\/wp-json\/wp\/v2\/posts"}],"about":[{"href":"https:\/\/batijournal.com\/index.php\/wp-json\/wp\/v2\/types\/post"}],"author":[{"embeddable":true,"href":"https:\/\/batijournal.com\/index.php\/wp-json\/wp\/v2\/users\/17"}],"replies":[{"embeddable":true,"href":"https:\/\/batijournal.com\/index.php\/wp-json\/wp\/v2\/comments?post=101825"}],"version-history":[{"count":0,"href":"https:\/\/batijournal.com\/index.php\/wp-json\/wp\/v2\/posts\/101825\/revisions"}],"wp:featuredmedia":[{"embeddable":true,"href":"https:\/\/batijournal.com\/index.php\/wp-json\/wp\/v2\/media\/101826"}],"wp:attachment":[{"href":"https:\/\/batijournal.com\/index.php\/wp-json\/wp\/v2\/media?parent=101825"}],"wp:term":[{"taxonomy":"category","embeddable":true,"href":"https:\/\/batijournal.com\/index.php\/wp-json\/wp\/v2\/categories?post=101825"},{"taxonomy":"post_tag","embeddable":true,"href":"https:\/\/batijournal.com\/index.php\/wp-json\/wp\/v2\/tags?post=101825"}],"curies":[{"name":"wp","href":"https:\/\/api.w.org\/{rel}","templated":true}]}}