{"id":101843,"date":"2019-04-04T06:56:46","date_gmt":"2019-04-04T04:56:46","guid":{"rendered":"https:\/\/batijournal.com\/?p=101843"},"modified":"2019-07-15T11:26:44","modified_gmt":"2019-07-15T09:26:44","slug":"diversite-des-volumes-et-des-matieres-pour-71-logements-sociaux","status":"publish","type":"post","link":"https:\/\/batijournal.com\/index.php\/diversite-des-volumes-et-des-matieres-pour-71-logements-sociaux\/101843\/","title":{"rendered":"Diversit\u00e9 des volumes et des mati\u00e8res pour 71 logements sociaux"},"content":{"rendered":"<p>Construite en 1956, \u00ab La cit\u00e9 des 4000 \u00bb, \u00e0 La Courneuve, a \u00e9t\u00e9 pens\u00e9e comme une construction de masses implant\u00e9es les unes par rapport aux autres. Ses r\u00e9habilitations s&rsquo;attachent \u00e0 supprimer l\u2019effet de construction uniforme et impersonnelle, afin de redonner du sens \u00e0 l\u2019espace public, avec une v\u00e9ritable qualit\u00e9 paysag\u00e8re et humaine. Deux nouveaux immeubles et 18 maisons en duplex proposent une vraie diversit\u00e9. Leurs diff\u00e9rents volumes sont implant\u00e9s sur la parcelle afin de d\u00e9gager un maximum de vues pour les logements tout en cr\u00e9ant un minimum de masques et de co-visibilit\u00e9 entre eux ou avec les avoisinants. Le confort d\u2019\u00e9t\u00e9 et d\u2019hiver a \u00e9t\u00e9 un crit\u00e8re d\u00e9terminant dans l\u2019organisation du b\u00e2ti afin d\u2019optimiser la performance des parois et de construire dans une d\u00e9marche environnementale. L\u2019implantation propose des logements qui s\u2019ouvrent sur toutes les orientations et n\u2019offrent ainsi aucune fa\u00e7ade arri\u00e8re ou pignon non trait\u00e9. Deux failles apportent \u00e9galement une respiration et davantage de lumi\u00e8re \u00e0 l\u2019ensemble de l\u2019\u00eelot. Elles cr\u00e9ent des porosit\u00e9s entre les espaces publics et le c\u0153ur d\u2019\u00eelot, permettent de favoriser les \u00e9chapp\u00e9es visuelles et tissent des liens entre la ville et les espaces collectifs partag\u00e9s. Le projet propose deux typologies clairement identifiables : \u00ab l\u2019immeuble \u00bb et \u00abla maison de ville superpos\u00e9e \u00bb.<\/p>\n<p><img loading=\"lazy\" decoding=\"async\" class=\"aligncenter size-large wp-image-101835\" src=\"https:\/\/batijournal.com\/wp-content\/uploads\/2019\/04\/LOGTS_LA_COURNEUVE2-1024x683.jpg\" alt=\"\" width=\"960\" height=\"640\" srcset=\"https:\/\/batijournal.com\/wp-content\/uploads\/2019\/04\/LOGTS_LA_COURNEUVE2-1024x683.jpg 1024w, https:\/\/batijournal.com\/wp-content\/uploads\/2019\/04\/LOGTS_LA_COURNEUVE2-150x100.jpg 150w, https:\/\/batijournal.com\/wp-content\/uploads\/2019\/04\/LOGTS_LA_COURNEUVE2-300x200.jpg 300w, https:\/\/batijournal.com\/wp-content\/uploads\/2019\/04\/LOGTS_LA_COURNEUVE2-768x512.jpg 768w, https:\/\/batijournal.com\/wp-content\/uploads\/2019\/04\/LOGTS_LA_COURNEUVE2-600x400.jpg 600w, https:\/\/batijournal.com\/wp-content\/uploads\/2019\/04\/LOGTS_LA_COURNEUVE2-1080x720.jpg 1080w, https:\/\/batijournal.com\/wp-content\/uploads\/2019\/04\/LOGTS_LA_COURNEUVE2.jpg 1200w\" sizes=\"(max-width: 960px) 100vw, 960px\" \/><\/p>\n<p>L\u2019ensemble met en coh\u00e9rence et en r\u00e9sonance trois mati\u00e8res\u00a0et teintes : le b\u00e9ton blanc, la brique et le m\u00e9l\u00e8ze. Les mati\u00e8res ont \u00e9t\u00e9 laiss\u00e9es le plus brute possible pour une meilleure durabilit\u00e9 et une meilleure int\u00e9gration au site. Dans les b\u00e2timents collectifs, le b\u00e9ton blanc souligne le dessin des menuiseries bois et de la serrurerie tandis que, sur les maisons superpos\u00e9es, le bardage bois met en exergue le dessin des volumes blanc en doubles hauteurs. Le travail des moucharabiehs en brique, de la serrurerie en m\u00e9tal blanc et des tableaux des menuiseries, permet d\u2019apporter \u00e0 l\u2019ensemble des \u00e9l\u00e9ments de mod\u00e9nature simples et d\u00e9licats.<\/p>\n<p>Maitrise d\u2019ouvrage : Plaine Commune Habitat \/ Batiplaine<br \/>\nMaitrise d\u2019\u0153uvre :<br \/>\nMAO Architectes \u2013 MOBILE ARCHITECTURAL OFFICE (Fabien Brissaud, Aur\u00e9lien Ferry, Jade Foucher)<br \/>\nJTB architecture (architecte associ\u00e9)<br \/>\nMizrahi (BET TCE)<\/p>\n<p>Photos : Luc Boegly<\/p>\n<p>&nbsp;<\/p>\n","protected":false},"excerpt":{"rendered":"<p>Construite en 1956, \u00ab La cit\u00e9 des 4000 \u00bb, \u00e0 La Courneuve, a \u00e9t\u00e9 pens\u00e9e comme une construction de masses implant\u00e9es les unes par rapport aux autres. Ses r\u00e9habilitations s&rsquo;attachent \u00e0 supprimer l\u2019effet de construction uniforme et impersonnelle, afin de redonner du sens \u00e0 l\u2019espace public, avec une v\u00e9ritable qualit\u00e9 paysag\u00e8re et humaine. Deux nouveaux [&hellip;]<\/p>\n","protected":false},"author":17,"featured_media":101836,"comment_status":"closed","ping_status":"closed","sticky":false,"template":"","format":"standard","meta":{"_et_pb_use_builder":"","_et_pb_old_content":"","_et_gb_content_width":"","footnotes":""},"categories":[10530,6340,10771,10775],"tags":[1150],"class_list":["post-101843","post","type-post","status-publish","format-standard","has-post-thumbnail","hentry","category-actualites","category-architecture-conception","category-5facades","category-actualites-5facades","tag-chantier"],"yoast_head":"<!-- This site is optimized with the Yoast SEO plugin v27.4 - https:\/\/yoast.com\/product\/yoast-seo-wordpress\/ -->\n<title>Diversit\u00e9 des volumes et des mati\u00e8res pour 71 logements sociaux<\/title>\n<meta name=\"description\" content=\"Construite en 1956, \u00ab La cit\u00e9 des 4000 \u00bb, \u00e0 La Courneuve, a \u00e9t\u00e9 pens\u00e9e comme une construction de masses implant\u00e9es les unes par rapport aux autres\" \/>\n<meta name=\"robots\" content=\"index, follow, max-snippet:-1, max-image-preview:large, max-video-preview:-1\" \/>\n<link rel=\"canonical\" href=\"https:\/\/batijournal.com\/index.php\/diversite-des-volumes-et-des-matieres-pour-71-logements-sociaux\/101843\/\" \/>\n<meta property=\"og:locale\" content=\"fr_FR\" \/>\n<meta property=\"og:type\" content=\"article\" \/>\n<meta property=\"og:title\" content=\"Diversit\u00e9 des volumes et des mati\u00e8res pour 71 logements sociaux\" \/>\n<meta property=\"og:description\" content=\"Construite en 1956, \u00ab La cit\u00e9 des 4000 \u00bb, \u00e0 La Courneuve, a \u00e9t\u00e9 pens\u00e9e comme une construction de masses implant\u00e9es les unes par rapport aux autres\" \/>\n<meta property=\"og:url\" content=\"https:\/\/batijournal.com\/index.php\/diversite-des-volumes-et-des-matieres-pour-71-logements-sociaux\/101843\/\" \/>\n<meta property=\"og:site_name\" content=\"Batijournal\" \/>\n<meta property=\"article:published_time\" content=\"2019-04-04T04:56:46+00:00\" \/>\n<meta property=\"article:modified_time\" content=\"2019-07-15T09:26:44+00:00\" \/>\n<meta property=\"og:image\" content=\"https:\/\/batijournal.com\/wp-content\/uploads\/2019\/04\/LOGTS_LA_COURNEUVE.jpg\" \/>\n\t<meta property=\"og:image:width\" content=\"1200\" \/>\n\t<meta property=\"og:image:height\" content=\"800\" \/>\n\t<meta property=\"og:image:type\" content=\"image\/jpeg\" \/>\n<meta name=\"author\" content=\"St\u00e9phane Miget\" \/>\n<meta name=\"twitter:card\" content=\"summary_large_image\" \/>\n<meta name=\"twitter:creator\" content=\"@bati_journal\" \/>\n<meta name=\"twitter:site\" content=\"@bati_journal\" \/>\n<meta name=\"twitter:label1\" content=\"\u00c9crit par\" \/>\n\t<meta name=\"twitter:data1\" content=\"St\u00e9phane Miget\" \/>\n\t<meta name=\"twitter:label2\" content=\"Dur\u00e9e de lecture estim\u00e9e\" \/>\n\t<meta name=\"twitter:data2\" content=\"2 minutes\" \/>\n<script type=\"application\/ld+json\" class=\"yoast-schema-graph\">{\"@context\":\"https:\\\/\\\/schema.org\",\"@graph\":[{\"@type\":\"Article\",\"@id\":\"https:\\\/\\\/batijournal.com\\\/index.php\\\/diversite-des-volumes-et-des-matieres-pour-71-logements-sociaux\\\/101843\\\/#article\",\"isPartOf\":{\"@id\":\"https:\\\/\\\/batijournal.com\\\/index.php\\\/diversite-des-volumes-et-des-matieres-pour-71-logements-sociaux\\\/101843\\\/\"},\"author\":{\"name\":\"St\u00e9phane Miget\",\"@id\":\"https:\\\/\\\/batijournal.com\\\/#\\\/schema\\\/person\\\/1dc96ec6957aa1ccb25ebe78bb19f100\"},\"headline\":\"Diversit\u00e9 des volumes et des mati\u00e8res pour 71 logements sociaux\",\"datePublished\":\"2019-04-04T04:56:46+00:00\",\"dateModified\":\"2019-07-15T09:26:44+00:00\",\"mainEntityOfPage\":{\"@id\":\"https:\\\/\\\/batijournal.com\\\/index.php\\\/diversite-des-volumes-et-des-matieres-pour-71-logements-sociaux\\\/101843\\\/\"},\"wordCount\":395,\"image\":{\"@id\":\"https:\\\/\\\/batijournal.com\\\/index.php\\\/diversite-des-volumes-et-des-matieres-pour-71-logements-sociaux\\\/101843\\\/#primaryimage\"},\"thumbnailUrl\":\"https:\\\/\\\/batijournal.com\\\/wp-content\\\/uploads\\\/2019\\\/04\\\/LOGTS_LA_COURNEUVE.jpg\",\"keywords\":[\"chantier\"],\"articleSection\":[\"Actualit\u00e9s\",\"Architecture &amp; Conception\",\"zz_5fa\u00e7ades\",\"zz_Actualit\u00e9s - 5fa\u00e7ades\"],\"inLanguage\":\"fr-FR\"},{\"@type\":\"WebPage\",\"@id\":\"https:\\\/\\\/batijournal.com\\\/index.php\\\/diversite-des-volumes-et-des-matieres-pour-71-logements-sociaux\\\/101843\\\/\",\"url\":\"https:\\\/\\\/batijournal.com\\\/index.php\\\/diversite-des-volumes-et-des-matieres-pour-71-logements-sociaux\\\/101843\\\/\",\"name\":\"Diversit\u00e9 des volumes et des mati\u00e8res pour 71 logements sociaux\",\"isPartOf\":{\"@id\":\"https:\\\/\\\/batijournal.com\\\/#website\"},\"primaryImageOfPage\":{\"@id\":\"https:\\\/\\\/batijournal.com\\\/index.php\\\/diversite-des-volumes-et-des-matieres-pour-71-logements-sociaux\\\/101843\\\/#primaryimage\"},\"image\":{\"@id\":\"https:\\\/\\\/batijournal.com\\\/index.php\\\/diversite-des-volumes-et-des-matieres-pour-71-logements-sociaux\\\/101843\\\/#primaryimage\"},\"thumbnailUrl\":\"https:\\\/\\\/batijournal.com\\\/wp-content\\\/uploads\\\/2019\\\/04\\\/LOGTS_LA_COURNEUVE.jpg\",\"datePublished\":\"2019-04-04T04:56:46+00:00\",\"dateModified\":\"2019-07-15T09:26:44+00:00\",\"author\":{\"@id\":\"https:\\\/\\\/batijournal.com\\\/#\\\/schema\\\/person\\\/1dc96ec6957aa1ccb25ebe78bb19f100\"},\"description\":\"Construite en 1956, \u00ab La cit\u00e9 des 4000 \u00bb, \u00e0 La Courneuve, a \u00e9t\u00e9 pens\u00e9e comme une construction de masses implant\u00e9es les unes par rapport aux autres\",\"breadcrumb\":{\"@id\":\"https:\\\/\\\/batijournal.com\\\/index.php\\\/diversite-des-volumes-et-des-matieres-pour-71-logements-sociaux\\\/101843\\\/#breadcrumb\"},\"inLanguage\":\"fr-FR\",\"potentialAction\":[{\"@type\":\"ReadAction\",\"target\":[\"https:\\\/\\\/batijournal.com\\\/index.php\\\/diversite-des-volumes-et-des-matieres-pour-71-logements-sociaux\\\/101843\\\/\"]}]},{\"@type\":\"ImageObject\",\"inLanguage\":\"fr-FR\",\"@id\":\"https:\\\/\\\/batijournal.com\\\/index.php\\\/diversite-des-volumes-et-des-matieres-pour-71-logements-sociaux\\\/101843\\\/#primaryimage\",\"url\":\"https:\\\/\\\/batijournal.com\\\/wp-content\\\/uploads\\\/2019\\\/04\\\/LOGTS_LA_COURNEUVE.jpg\",\"contentUrl\":\"https:\\\/\\\/batijournal.com\\\/wp-content\\\/uploads\\\/2019\\\/04\\\/LOGTS_LA_COURNEUVE.jpg\",\"width\":1200,\"height\":800},{\"@type\":\"BreadcrumbList\",\"@id\":\"https:\\\/\\\/batijournal.com\\\/index.php\\\/diversite-des-volumes-et-des-matieres-pour-71-logements-sociaux\\\/101843\\\/#breadcrumb\",\"itemListElement\":[{\"@type\":\"ListItem\",\"position\":1,\"name\":\"Accueil\",\"item\":\"https:\\\/\\\/batijournal.com\\\/\"},{\"@type\":\"ListItem\",\"position\":2,\"name\":\"Actualit\u00e9s\",\"item\":\"https:\\\/\\\/batijournal.com\\\/index.php\\\/category\\\/actualites\\\/\"},{\"@type\":\"ListItem\",\"position\":3,\"name\":\"Diversit\u00e9 des volumes et des mati\u00e8res pour 71 logements sociaux\"}]},{\"@type\":\"WebSite\",\"@id\":\"https:\\\/\\\/batijournal.com\\\/#website\",\"url\":\"https:\\\/\\\/batijournal.com\\\/\",\"name\":\"Batijournal\",\"description\":\"L&#039;actualit\u00e9 du b\u00e2timent\",\"potentialAction\":[{\"@type\":\"SearchAction\",\"target\":{\"@type\":\"EntryPoint\",\"urlTemplate\":\"https:\\\/\\\/batijournal.com\\\/?s={search_term_string}\"},\"query-input\":{\"@type\":\"PropertyValueSpecification\",\"valueRequired\":true,\"valueName\":\"search_term_string\"}}],\"inLanguage\":\"fr-FR\"},{\"@type\":\"Person\",\"@id\":\"https:\\\/\\\/batijournal.com\\\/#\\\/schema\\\/person\\\/1dc96ec6957aa1ccb25ebe78bb19f100\",\"name\":\"St\u00e9phane Miget\",\"image\":{\"@type\":\"ImageObject\",\"inLanguage\":\"fr-FR\",\"@id\":\"https:\\\/\\\/secure.gravatar.com\\\/avatar\\\/89915563d925342126b8ef0281b93d9d7fc337043e8df017f780908eb9644451?s=96&d=mm&r=g\",\"url\":\"https:\\\/\\\/secure.gravatar.com\\\/avatar\\\/89915563d925342126b8ef0281b93d9d7fc337043e8df017f780908eb9644451?s=96&d=mm&r=g\",\"contentUrl\":\"https:\\\/\\\/secure.gravatar.com\\\/avatar\\\/89915563d925342126b8ef0281b93d9d7fc337043e8df017f780908eb9644451?s=96&d=mm&r=g\",\"caption\":\"St\u00e9phane Miget\"},\"url\":\"https:\\\/\\\/batijournal.com\\\/index.php\\\/author\\\/stephane\\\/\"}]}<\/script>\n<!-- \/ Yoast SEO plugin. -->","yoast_head_json":{"title":"Diversit\u00e9 des volumes et des mati\u00e8res pour 71 logements sociaux","description":"Construite en 1956, \u00ab La cit\u00e9 des 4000 \u00bb, \u00e0 La Courneuve, a \u00e9t\u00e9 pens\u00e9e comme une construction de masses implant\u00e9es les unes par rapport aux autres","robots":{"index":"index","follow":"follow","max-snippet":"max-snippet:-1","max-image-preview":"max-image-preview:large","max-video-preview":"max-video-preview:-1"},"canonical":"https:\/\/batijournal.com\/index.php\/diversite-des-volumes-et-des-matieres-pour-71-logements-sociaux\/101843\/","og_locale":"fr_FR","og_type":"article","og_title":"Diversit\u00e9 des volumes et des mati\u00e8res pour 71 logements sociaux","og_description":"Construite en 1956, \u00ab La cit\u00e9 des 4000 \u00bb, \u00e0 La Courneuve, a \u00e9t\u00e9 pens\u00e9e comme une construction de masses implant\u00e9es les unes par rapport aux autres","og_url":"https:\/\/batijournal.com\/index.php\/diversite-des-volumes-et-des-matieres-pour-71-logements-sociaux\/101843\/","og_site_name":"Batijournal","article_published_time":"2019-04-04T04:56:46+00:00","article_modified_time":"2019-07-15T09:26:44+00:00","og_image":[{"width":1200,"height":800,"url":"https:\/\/batijournal.com\/wp-content\/uploads\/2019\/04\/LOGTS_LA_COURNEUVE.jpg","type":"image\/jpeg"}],"author":"St\u00e9phane Miget","twitter_card":"summary_large_image","twitter_creator":"@bati_journal","twitter_site":"@bati_journal","twitter_misc":{"\u00c9crit par":"St\u00e9phane Miget","Dur\u00e9e de lecture estim\u00e9e":"2 minutes"},"schema":{"@context":"https:\/\/schema.org","@graph":[{"@type":"Article","@id":"https:\/\/batijournal.com\/index.php\/diversite-des-volumes-et-des-matieres-pour-71-logements-sociaux\/101843\/#article","isPartOf":{"@id":"https:\/\/batijournal.com\/index.php\/diversite-des-volumes-et-des-matieres-pour-71-logements-sociaux\/101843\/"},"author":{"name":"St\u00e9phane Miget","@id":"https:\/\/batijournal.com\/#\/schema\/person\/1dc96ec6957aa1ccb25ebe78bb19f100"},"headline":"Diversit\u00e9 des volumes et des mati\u00e8res pour 71 logements sociaux","datePublished":"2019-04-04T04:56:46+00:00","dateModified":"2019-07-15T09:26:44+00:00","mainEntityOfPage":{"@id":"https:\/\/batijournal.com\/index.php\/diversite-des-volumes-et-des-matieres-pour-71-logements-sociaux\/101843\/"},"wordCount":395,"image":{"@id":"https:\/\/batijournal.com\/index.php\/diversite-des-volumes-et-des-matieres-pour-71-logements-sociaux\/101843\/#primaryimage"},"thumbnailUrl":"https:\/\/batijournal.com\/wp-content\/uploads\/2019\/04\/LOGTS_LA_COURNEUVE.jpg","keywords":["chantier"],"articleSection":["Actualit\u00e9s","Architecture &amp; Conception","zz_5fa\u00e7ades","zz_Actualit\u00e9s - 5fa\u00e7ades"],"inLanguage":"fr-FR"},{"@type":"WebPage","@id":"https:\/\/batijournal.com\/index.php\/diversite-des-volumes-et-des-matieres-pour-71-logements-sociaux\/101843\/","url":"https:\/\/batijournal.com\/index.php\/diversite-des-volumes-et-des-matieres-pour-71-logements-sociaux\/101843\/","name":"Diversit\u00e9 des volumes et des mati\u00e8res pour 71 logements sociaux","isPartOf":{"@id":"https:\/\/batijournal.com\/#website"},"primaryImageOfPage":{"@id":"https:\/\/batijournal.com\/index.php\/diversite-des-volumes-et-des-matieres-pour-71-logements-sociaux\/101843\/#primaryimage"},"image":{"@id":"https:\/\/batijournal.com\/index.php\/diversite-des-volumes-et-des-matieres-pour-71-logements-sociaux\/101843\/#primaryimage"},"thumbnailUrl":"https:\/\/batijournal.com\/wp-content\/uploads\/2019\/04\/LOGTS_LA_COURNEUVE.jpg","datePublished":"2019-04-04T04:56:46+00:00","dateModified":"2019-07-15T09:26:44+00:00","author":{"@id":"https:\/\/batijournal.com\/#\/schema\/person\/1dc96ec6957aa1ccb25ebe78bb19f100"},"description":"Construite en 1956, \u00ab La cit\u00e9 des 4000 \u00bb, \u00e0 La Courneuve, a \u00e9t\u00e9 pens\u00e9e comme une construction de masses implant\u00e9es les unes par rapport aux autres","breadcrumb":{"@id":"https:\/\/batijournal.com\/index.php\/diversite-des-volumes-et-des-matieres-pour-71-logements-sociaux\/101843\/#breadcrumb"},"inLanguage":"fr-FR","potentialAction":[{"@type":"ReadAction","target":["https:\/\/batijournal.com\/index.php\/diversite-des-volumes-et-des-matieres-pour-71-logements-sociaux\/101843\/"]}]},{"@type":"ImageObject","inLanguage":"fr-FR","@id":"https:\/\/batijournal.com\/index.php\/diversite-des-volumes-et-des-matieres-pour-71-logements-sociaux\/101843\/#primaryimage","url":"https:\/\/batijournal.com\/wp-content\/uploads\/2019\/04\/LOGTS_LA_COURNEUVE.jpg","contentUrl":"https:\/\/batijournal.com\/wp-content\/uploads\/2019\/04\/LOGTS_LA_COURNEUVE.jpg","width":1200,"height":800},{"@type":"BreadcrumbList","@id":"https:\/\/batijournal.com\/index.php\/diversite-des-volumes-et-des-matieres-pour-71-logements-sociaux\/101843\/#breadcrumb","itemListElement":[{"@type":"ListItem","position":1,"name":"Accueil","item":"https:\/\/batijournal.com\/"},{"@type":"ListItem","position":2,"name":"Actualit\u00e9s","item":"https:\/\/batijournal.com\/index.php\/category\/actualites\/"},{"@type":"ListItem","position":3,"name":"Diversit\u00e9 des volumes et des mati\u00e8res pour 71 logements sociaux"}]},{"@type":"WebSite","@id":"https:\/\/batijournal.com\/#website","url":"https:\/\/batijournal.com\/","name":"Batijournal","description":"L&#039;actualit\u00e9 du b\u00e2timent","potentialAction":[{"@type":"SearchAction","target":{"@type":"EntryPoint","urlTemplate":"https:\/\/batijournal.com\/?s={search_term_string}"},"query-input":{"@type":"PropertyValueSpecification","valueRequired":true,"valueName":"search_term_string"}}],"inLanguage":"fr-FR"},{"@type":"Person","@id":"https:\/\/batijournal.com\/#\/schema\/person\/1dc96ec6957aa1ccb25ebe78bb19f100","name":"St\u00e9phane Miget","image":{"@type":"ImageObject","inLanguage":"fr-FR","@id":"https:\/\/secure.gravatar.com\/avatar\/89915563d925342126b8ef0281b93d9d7fc337043e8df017f780908eb9644451?s=96&d=mm&r=g","url":"https:\/\/secure.gravatar.com\/avatar\/89915563d925342126b8ef0281b93d9d7fc337043e8df017f780908eb9644451?s=96&d=mm&r=g","contentUrl":"https:\/\/secure.gravatar.com\/avatar\/89915563d925342126b8ef0281b93d9d7fc337043e8df017f780908eb9644451?s=96&d=mm&r=g","caption":"St\u00e9phane Miget"},"url":"https:\/\/batijournal.com\/index.php\/author\/stephane\/"}]}},"_links":{"self":[{"href":"https:\/\/batijournal.com\/index.php\/wp-json\/wp\/v2\/posts\/101843","targetHints":{"allow":["GET"]}}],"collection":[{"href":"https:\/\/batijournal.com\/index.php\/wp-json\/wp\/v2\/posts"}],"about":[{"href":"https:\/\/batijournal.com\/index.php\/wp-json\/wp\/v2\/types\/post"}],"author":[{"embeddable":true,"href":"https:\/\/batijournal.com\/index.php\/wp-json\/wp\/v2\/users\/17"}],"replies":[{"embeddable":true,"href":"https:\/\/batijournal.com\/index.php\/wp-json\/wp\/v2\/comments?post=101843"}],"version-history":[{"count":0,"href":"https:\/\/batijournal.com\/index.php\/wp-json\/wp\/v2\/posts\/101843\/revisions"}],"wp:featuredmedia":[{"embeddable":true,"href":"https:\/\/batijournal.com\/index.php\/wp-json\/wp\/v2\/media\/101836"}],"wp:attachment":[{"href":"https:\/\/batijournal.com\/index.php\/wp-json\/wp\/v2\/media?parent=101843"}],"wp:term":[{"taxonomy":"category","embeddable":true,"href":"https:\/\/batijournal.com\/index.php\/wp-json\/wp\/v2\/categories?post=101843"},{"taxonomy":"post_tag","embeddable":true,"href":"https:\/\/batijournal.com\/index.php\/wp-json\/wp\/v2\/tags?post=101843"}],"curies":[{"name":"wp","href":"https:\/\/api.w.org\/{rel}","templated":true}]}}