{"id":101849,"date":"2019-04-04T16:08:44","date_gmt":"2019-04-04T14:08:44","guid":{"rendered":"https:\/\/batijournal.com\/?p=101849"},"modified":"2019-07-03T14:57:10","modified_gmt":"2019-07-03T12:57:10","slug":"fbc-2019-concevoir-faire-l-amenagement-urbain","status":"publish","type":"post","link":"https:\/\/batijournal.com\/index.php\/fbc-2019-concevoir-faire-l-amenagement-urbain\/101849\/","title":{"rendered":"Forum Bois Construction 2019 : concevoir et faire, l\u2019am\u00e9nagement urbain"},"content":{"rendered":"<p><iframe loading=\"lazy\" src=\"https:\/\/www.youtube.com\/embed\/BQui2T_1ojM\" width=\"560\" height=\"315\" frameborder=\"0\" allowfullscreen=\"allowfullscreen\"><\/iframe><\/p>\n<p>Intervenants : Fabienne Bulle &#8211; Professeur ESA, SARL Fabienne Bulle Architecte et Associ\u00e9s<br \/>\nAlexandre Schrepfer &#8211; Architecte ESA, Ecole Sp\u00e9ciale d\u2019architecture<br \/>\nOlivier Misischi &#8211; Architecte, Atelier d\u2019architecture RAMDAM<\/p>\n<p class=\"p1\"><span class=\"s1\">Olivier Misischi \u2013\u00a0 L&rsquo;atelier d\u2019architecture Ramdam est tr\u00e8s sensible \u00e0 toutes les probl\u00e9matiques de process, et souhaite continuer d&rsquo;\u00e9voluer dans un processus ouvert. Plut\u00f4t que de s&rsquo;int\u00e9resser \u00e0 la finalit\u00e9 d&rsquo;un b\u00e2timent livr\u00e9, on s&rsquo;int\u00e9resse \u00e0 l&rsquo;ensemble de son processus de fabrication : de sa source \u00e0 son potentiel l&#8217;emploi. Naturellement, on est sensible aux mat\u00e9riaux biosourc\u00e9s, notamment au bois. Nous avons obtenu un Prix national de la construction bois \u00e9dition 2018.<\/span><\/p>\n<p class=\"p1\"><span class=\"s1\">Alexandre Schrepfer \u2013 Alexandre Schrepfer Architectes est une agence pluridisciplinaire qui travaille sur des projets \u00e0 diff\u00e9rentes \u00e9chelles, et enseignant \u00e0 l&rsquo;Ecole sp\u00e9ciale d\u2019architecture (ESA) \u00e0 La fabrique collective.<\/span><\/p>\n<p class=\"p1\"><span class=\"s1\">Fabienne Bulle Architecte et Associ\u00e9s \u2013 Nous travaillons sur diff\u00e9rents projets dans le public et avec le bois depuis toujours. Un mat\u00e9riau privil\u00e9gi\u00e9 dans les diff\u00e9rentes \u00e9chelles et capacit\u00e9s qui apporte une dimension de mat\u00e9rialit\u00e9, d&rsquo;usage et de confort.<\/span><\/p>\n<p class=\"p1\"><span class=\"s1\">La fabrique collective est un domaine d&rsquo;exp\u00e9rimentation cr\u00e9\u00e9 depuis 3 ans, dans lequel nous amenons des \u00e9tudiants en architecture.<\/span><\/p>\n","protected":false},"excerpt":{"rendered":"<p>Intervenants : Fabienne Bulle &#8211; Professeur ESA, SARL Fabienne Bulle Architecte et Associ\u00e9s Alexandre Schrepfer &#8211; Architecte ESA, Ecole Sp\u00e9ciale d\u2019architecture Olivier Misischi &#8211; Architecte, Atelier d\u2019architecture RAMDAM Olivier Misischi \u2013\u00a0 L&rsquo;atelier d\u2019architecture Ramdam est tr\u00e8s sensible \u00e0 toutes les probl\u00e9matiques de process, et souhaite continuer d&rsquo;\u00e9voluer dans un processus ouvert. Plut\u00f4t que de s&rsquo;int\u00e9resser [&hellip;]<\/p>\n","protected":false},"author":1,"featured_media":101852,"comment_status":"closed","ping_status":"closed","sticky":false,"template":"","format":"standard","meta":{"_et_pb_use_builder":"","_et_pb_old_content":"","_et_gb_content_width":"","footnotes":""},"categories":[10530,11200,10781,10769,10778,10764],"tags":[12832],"class_list":["post-101849","post","type-post","status-publish","format-standard","has-post-thumbnail","hentry","category-actualites","category-batijournal-tv","category-publications-planete","category-publications","category-planete","category-woodsurfer","tag-forum-construction-bois-2019"],"yoast_head":"<!-- This site is optimized with the Yoast SEO plugin v27.4 - https:\/\/yoast.com\/product\/yoast-seo-wordpress\/ -->\n<title>L\u2019am\u00e9nagement urbain : concevoir et faire - plateau TV Batijournal TV<\/title>\n<meta name=\"description\" content=\"Forum International Bois Construction 2019 : concervoir et faire l&#039;am\u00e9nagement urbain, notre premier th\u00e8me des plateaux TV BatijournalTV\" \/>\n<meta name=\"robots\" content=\"index, follow, max-snippet:-1, max-image-preview:large, max-video-preview:-1\" \/>\n<link rel=\"canonical\" href=\"https:\/\/batijournal.com\/index.php\/fbc-2019-concevoir-faire-l-amenagement-urbain\/101849\/\" \/>\n<meta property=\"og:locale\" content=\"fr_FR\" \/>\n<meta property=\"og:type\" content=\"article\" \/>\n<meta property=\"og:title\" content=\"L\u2019am\u00e9nagement urbain : concevoir et faire - plateau TV Batijournal TV\" \/>\n<meta property=\"og:description\" content=\"Forum International Bois Construction 2019 : concervoir et faire l&#039;am\u00e9nagement urbain, notre premier th\u00e8me des plateaux TV BatijournalTV\" \/>\n<meta property=\"og:url\" content=\"https:\/\/batijournal.com\/index.php\/fbc-2019-concevoir-faire-l-amenagement-urbain\/101849\/\" \/>\n<meta property=\"og:site_name\" content=\"Batijournal\" \/>\n<meta property=\"article:published_time\" content=\"2019-04-04T14:08:44+00:00\" \/>\n<meta property=\"article:modified_time\" content=\"2019-07-03T12:57:10+00:00\" \/>\n<meta property=\"og:image\" content=\"https:\/\/batijournal.com\/wp-content\/uploads\/2019\/04\/concevoir-et-faire-lamenagement-forumconstructionbois.png\" \/>\n\t<meta property=\"og:image:width\" content=\"1000\" \/>\n\t<meta property=\"og:image:height\" content=\"521\" \/>\n\t<meta property=\"og:image:type\" content=\"image\/png\" \/>\n<meta name=\"author\" content=\"Bati-journal\" \/>\n<meta name=\"twitter:card\" content=\"summary_large_image\" \/>\n<meta name=\"twitter:creator\" content=\"@bati_journal\" \/>\n<meta name=\"twitter:site\" content=\"@bati_journal\" \/>\n<meta name=\"twitter:label1\" content=\"\u00c9crit par\" \/>\n\t<meta name=\"twitter:data1\" content=\"Bati-journal\" \/>\n\t<meta name=\"twitter:label2\" content=\"Dur\u00e9e de lecture estim\u00e9e\" \/>\n\t<meta name=\"twitter:data2\" content=\"1 minute\" \/>\n<script type=\"application\/ld+json\" class=\"yoast-schema-graph\">{\"@context\":\"https:\\\/\\\/schema.org\",\"@graph\":[{\"@type\":\"Article\",\"@id\":\"https:\\\/\\\/batijournal.com\\\/index.php\\\/fbc-2019-concevoir-faire-l-amenagement-urbain\\\/101849\\\/#article\",\"isPartOf\":{\"@id\":\"https:\\\/\\\/batijournal.com\\\/index.php\\\/fbc-2019-concevoir-faire-l-amenagement-urbain\\\/101849\\\/\"},\"author\":{\"name\":\"Bati-journal\",\"@id\":\"https:\\\/\\\/batijournal.com\\\/#\\\/schema\\\/person\\\/6a657e8967569e1b299972574848aa76\"},\"headline\":\"Forum Bois Construction 2019 : concevoir et faire, l\u2019am\u00e9nagement urbain\",\"datePublished\":\"2019-04-04T14:08:44+00:00\",\"dateModified\":\"2019-07-03T12:57:10+00:00\",\"mainEntityOfPage\":{\"@id\":\"https:\\\/\\\/batijournal.com\\\/index.php\\\/fbc-2019-concevoir-faire-l-amenagement-urbain\\\/101849\\\/\"},\"wordCount\":217,\"image\":{\"@id\":\"https:\\\/\\\/batijournal.com\\\/index.php\\\/fbc-2019-concevoir-faire-l-amenagement-urbain\\\/101849\\\/#primaryimage\"},\"thumbnailUrl\":\"https:\\\/\\\/batijournal.com\\\/wp-content\\\/uploads\\\/2019\\\/04\\\/concevoir-et-faire-lamenagement-forumconstructionbois.png\",\"keywords\":[\"Forum Construction Bois 2019\"],\"articleSection\":[\"Actualit\u00e9s\",\"batijournal TV\",\"zz_Actualit\u00e9s - Plan\u00e8te\",\"zz_Actualit\u00e9s - Woodsurfer\",\"zz_Plan\u00e8te B\u00e2timent\",\"zz_Woodsurfer\"],\"inLanguage\":\"fr-FR\"},{\"@type\":\"WebPage\",\"@id\":\"https:\\\/\\\/batijournal.com\\\/index.php\\\/fbc-2019-concevoir-faire-l-amenagement-urbain\\\/101849\\\/\",\"url\":\"https:\\\/\\\/batijournal.com\\\/index.php\\\/fbc-2019-concevoir-faire-l-amenagement-urbain\\\/101849\\\/\",\"name\":\"L\u2019am\u00e9nagement urbain : concevoir et faire - plateau TV Batijournal TV\",\"isPartOf\":{\"@id\":\"https:\\\/\\\/batijournal.com\\\/#website\"},\"primaryImageOfPage\":{\"@id\":\"https:\\\/\\\/batijournal.com\\\/index.php\\\/fbc-2019-concevoir-faire-l-amenagement-urbain\\\/101849\\\/#primaryimage\"},\"image\":{\"@id\":\"https:\\\/\\\/batijournal.com\\\/index.php\\\/fbc-2019-concevoir-faire-l-amenagement-urbain\\\/101849\\\/#primaryimage\"},\"thumbnailUrl\":\"https:\\\/\\\/batijournal.com\\\/wp-content\\\/uploads\\\/2019\\\/04\\\/concevoir-et-faire-lamenagement-forumconstructionbois.png\",\"datePublished\":\"2019-04-04T14:08:44+00:00\",\"dateModified\":\"2019-07-03T12:57:10+00:00\",\"author\":{\"@id\":\"https:\\\/\\\/batijournal.com\\\/#\\\/schema\\\/person\\\/6a657e8967569e1b299972574848aa76\"},\"description\":\"Forum International Bois Construction 2019 : concervoir et faire l'am\u00e9nagement urbain, notre premier th\u00e8me des plateaux TV BatijournalTV\",\"breadcrumb\":{\"@id\":\"https:\\\/\\\/batijournal.com\\\/index.php\\\/fbc-2019-concevoir-faire-l-amenagement-urbain\\\/101849\\\/#breadcrumb\"},\"inLanguage\":\"fr-FR\",\"potentialAction\":[{\"@type\":\"ReadAction\",\"target\":[\"https:\\\/\\\/batijournal.com\\\/index.php\\\/fbc-2019-concevoir-faire-l-amenagement-urbain\\\/101849\\\/\"]}]},{\"@type\":\"ImageObject\",\"inLanguage\":\"fr-FR\",\"@id\":\"https:\\\/\\\/batijournal.com\\\/index.php\\\/fbc-2019-concevoir-faire-l-amenagement-urbain\\\/101849\\\/#primaryimage\",\"url\":\"https:\\\/\\\/batijournal.com\\\/wp-content\\\/uploads\\\/2019\\\/04\\\/concevoir-et-faire-lamenagement-forumconstructionbois.png\",\"contentUrl\":\"https:\\\/\\\/batijournal.com\\\/wp-content\\\/uploads\\\/2019\\\/04\\\/concevoir-et-faire-lamenagement-forumconstructionbois.png\",\"width\":1000,\"height\":521,\"caption\":\"concevoir-et-faire-l-amenagement-forumconstructionbois\"},{\"@type\":\"BreadcrumbList\",\"@id\":\"https:\\\/\\\/batijournal.com\\\/index.php\\\/fbc-2019-concevoir-faire-l-amenagement-urbain\\\/101849\\\/#breadcrumb\",\"itemListElement\":[{\"@type\":\"ListItem\",\"position\":1,\"name\":\"Accueil\",\"item\":\"https:\\\/\\\/batijournal.com\\\/\"},{\"@type\":\"ListItem\",\"position\":2,\"name\":\"Actualit\u00e9s\",\"item\":\"https:\\\/\\\/batijournal.com\\\/index.php\\\/category\\\/actualites\\\/\"},{\"@type\":\"ListItem\",\"position\":3,\"name\":\"Forum Bois Construction 2019 : concevoir et faire, l\u2019am\u00e9nagement urbain\"}]},{\"@type\":\"WebSite\",\"@id\":\"https:\\\/\\\/batijournal.com\\\/#website\",\"url\":\"https:\\\/\\\/batijournal.com\\\/\",\"name\":\"Batijournal\",\"description\":\"L&#039;actualit\u00e9 du b\u00e2timent\",\"potentialAction\":[{\"@type\":\"SearchAction\",\"target\":{\"@type\":\"EntryPoint\",\"urlTemplate\":\"https:\\\/\\\/batijournal.com\\\/?s={search_term_string}\"},\"query-input\":{\"@type\":\"PropertyValueSpecification\",\"valueRequired\":true,\"valueName\":\"search_term_string\"}}],\"inLanguage\":\"fr-FR\"},{\"@type\":\"Person\",\"@id\":\"https:\\\/\\\/batijournal.com\\\/#\\\/schema\\\/person\\\/6a657e8967569e1b299972574848aa76\",\"name\":\"Bati-journal\",\"image\":{\"@type\":\"ImageObject\",\"inLanguage\":\"fr-FR\",\"@id\":\"https:\\\/\\\/secure.gravatar.com\\\/avatar\\\/a64364ea26392f9b4dd47e017ddaec74ff03aefc073b49e492e847201258f777?s=96&d=mm&r=g\",\"url\":\"https:\\\/\\\/secure.gravatar.com\\\/avatar\\\/a64364ea26392f9b4dd47e017ddaec74ff03aefc073b49e492e847201258f777?s=96&d=mm&r=g\",\"contentUrl\":\"https:\\\/\\\/secure.gravatar.com\\\/avatar\\\/a64364ea26392f9b4dd47e017ddaec74ff03aefc073b49e492e847201258f777?s=96&d=mm&r=g\",\"caption\":\"Bati-journal\"},\"url\":\"https:\\\/\\\/batijournal.com\\\/index.php\\\/author\\\/elodie\\\/\"}]}<\/script>\n<!-- \/ Yoast SEO plugin. -->","yoast_head_json":{"title":"L\u2019am\u00e9nagement urbain : concevoir et faire - plateau TV Batijournal TV","description":"Forum International Bois Construction 2019 : concervoir et faire l'am\u00e9nagement urbain, notre premier th\u00e8me des plateaux TV BatijournalTV","robots":{"index":"index","follow":"follow","max-snippet":"max-snippet:-1","max-image-preview":"max-image-preview:large","max-video-preview":"max-video-preview:-1"},"canonical":"https:\/\/batijournal.com\/index.php\/fbc-2019-concevoir-faire-l-amenagement-urbain\/101849\/","og_locale":"fr_FR","og_type":"article","og_title":"L\u2019am\u00e9nagement urbain : concevoir et faire - plateau TV Batijournal TV","og_description":"Forum International Bois Construction 2019 : concervoir et faire l'am\u00e9nagement urbain, notre premier th\u00e8me des plateaux TV BatijournalTV","og_url":"https:\/\/batijournal.com\/index.php\/fbc-2019-concevoir-faire-l-amenagement-urbain\/101849\/","og_site_name":"Batijournal","article_published_time":"2019-04-04T14:08:44+00:00","article_modified_time":"2019-07-03T12:57:10+00:00","og_image":[{"width":1000,"height":521,"url":"https:\/\/batijournal.com\/wp-content\/uploads\/2019\/04\/concevoir-et-faire-lamenagement-forumconstructionbois.png","type":"image\/png"}],"author":"Bati-journal","twitter_card":"summary_large_image","twitter_creator":"@bati_journal","twitter_site":"@bati_journal","twitter_misc":{"\u00c9crit par":"Bati-journal","Dur\u00e9e de lecture estim\u00e9e":"1 minute"},"schema":{"@context":"https:\/\/schema.org","@graph":[{"@type":"Article","@id":"https:\/\/batijournal.com\/index.php\/fbc-2019-concevoir-faire-l-amenagement-urbain\/101849\/#article","isPartOf":{"@id":"https:\/\/batijournal.com\/index.php\/fbc-2019-concevoir-faire-l-amenagement-urbain\/101849\/"},"author":{"name":"Bati-journal","@id":"https:\/\/batijournal.com\/#\/schema\/person\/6a657e8967569e1b299972574848aa76"},"headline":"Forum Bois Construction 2019 : concevoir et faire, l\u2019am\u00e9nagement urbain","datePublished":"2019-04-04T14:08:44+00:00","dateModified":"2019-07-03T12:57:10+00:00","mainEntityOfPage":{"@id":"https:\/\/batijournal.com\/index.php\/fbc-2019-concevoir-faire-l-amenagement-urbain\/101849\/"},"wordCount":217,"image":{"@id":"https:\/\/batijournal.com\/index.php\/fbc-2019-concevoir-faire-l-amenagement-urbain\/101849\/#primaryimage"},"thumbnailUrl":"https:\/\/batijournal.com\/wp-content\/uploads\/2019\/04\/concevoir-et-faire-lamenagement-forumconstructionbois.png","keywords":["Forum Construction Bois 2019"],"articleSection":["Actualit\u00e9s","batijournal TV","zz_Actualit\u00e9s - Plan\u00e8te","zz_Actualit\u00e9s - Woodsurfer","zz_Plan\u00e8te B\u00e2timent","zz_Woodsurfer"],"inLanguage":"fr-FR"},{"@type":"WebPage","@id":"https:\/\/batijournal.com\/index.php\/fbc-2019-concevoir-faire-l-amenagement-urbain\/101849\/","url":"https:\/\/batijournal.com\/index.php\/fbc-2019-concevoir-faire-l-amenagement-urbain\/101849\/","name":"L\u2019am\u00e9nagement urbain : concevoir et faire - plateau TV Batijournal TV","isPartOf":{"@id":"https:\/\/batijournal.com\/#website"},"primaryImageOfPage":{"@id":"https:\/\/batijournal.com\/index.php\/fbc-2019-concevoir-faire-l-amenagement-urbain\/101849\/#primaryimage"},"image":{"@id":"https:\/\/batijournal.com\/index.php\/fbc-2019-concevoir-faire-l-amenagement-urbain\/101849\/#primaryimage"},"thumbnailUrl":"https:\/\/batijournal.com\/wp-content\/uploads\/2019\/04\/concevoir-et-faire-lamenagement-forumconstructionbois.png","datePublished":"2019-04-04T14:08:44+00:00","dateModified":"2019-07-03T12:57:10+00:00","author":{"@id":"https:\/\/batijournal.com\/#\/schema\/person\/6a657e8967569e1b299972574848aa76"},"description":"Forum International Bois Construction 2019 : concervoir et faire l'am\u00e9nagement urbain, notre premier th\u00e8me des plateaux TV BatijournalTV","breadcrumb":{"@id":"https:\/\/batijournal.com\/index.php\/fbc-2019-concevoir-faire-l-amenagement-urbain\/101849\/#breadcrumb"},"inLanguage":"fr-FR","potentialAction":[{"@type":"ReadAction","target":["https:\/\/batijournal.com\/index.php\/fbc-2019-concevoir-faire-l-amenagement-urbain\/101849\/"]}]},{"@type":"ImageObject","inLanguage":"fr-FR","@id":"https:\/\/batijournal.com\/index.php\/fbc-2019-concevoir-faire-l-amenagement-urbain\/101849\/#primaryimage","url":"https:\/\/batijournal.com\/wp-content\/uploads\/2019\/04\/concevoir-et-faire-lamenagement-forumconstructionbois.png","contentUrl":"https:\/\/batijournal.com\/wp-content\/uploads\/2019\/04\/concevoir-et-faire-lamenagement-forumconstructionbois.png","width":1000,"height":521,"caption":"concevoir-et-faire-l-amenagement-forumconstructionbois"},{"@type":"BreadcrumbList","@id":"https:\/\/batijournal.com\/index.php\/fbc-2019-concevoir-faire-l-amenagement-urbain\/101849\/#breadcrumb","itemListElement":[{"@type":"ListItem","position":1,"name":"Accueil","item":"https:\/\/batijournal.com\/"},{"@type":"ListItem","position":2,"name":"Actualit\u00e9s","item":"https:\/\/batijournal.com\/index.php\/category\/actualites\/"},{"@type":"ListItem","position":3,"name":"Forum Bois Construction 2019 : concevoir et faire, l\u2019am\u00e9nagement urbain"}]},{"@type":"WebSite","@id":"https:\/\/batijournal.com\/#website","url":"https:\/\/batijournal.com\/","name":"Batijournal","description":"L&#039;actualit\u00e9 du b\u00e2timent","potentialAction":[{"@type":"SearchAction","target":{"@type":"EntryPoint","urlTemplate":"https:\/\/batijournal.com\/?s={search_term_string}"},"query-input":{"@type":"PropertyValueSpecification","valueRequired":true,"valueName":"search_term_string"}}],"inLanguage":"fr-FR"},{"@type":"Person","@id":"https:\/\/batijournal.com\/#\/schema\/person\/6a657e8967569e1b299972574848aa76","name":"Bati-journal","image":{"@type":"ImageObject","inLanguage":"fr-FR","@id":"https:\/\/secure.gravatar.com\/avatar\/a64364ea26392f9b4dd47e017ddaec74ff03aefc073b49e492e847201258f777?s=96&d=mm&r=g","url":"https:\/\/secure.gravatar.com\/avatar\/a64364ea26392f9b4dd47e017ddaec74ff03aefc073b49e492e847201258f777?s=96&d=mm&r=g","contentUrl":"https:\/\/secure.gravatar.com\/avatar\/a64364ea26392f9b4dd47e017ddaec74ff03aefc073b49e492e847201258f777?s=96&d=mm&r=g","caption":"Bati-journal"},"url":"https:\/\/batijournal.com\/index.php\/author\/elodie\/"}]}},"_links":{"self":[{"href":"https:\/\/batijournal.com\/index.php\/wp-json\/wp\/v2\/posts\/101849","targetHints":{"allow":["GET"]}}],"collection":[{"href":"https:\/\/batijournal.com\/index.php\/wp-json\/wp\/v2\/posts"}],"about":[{"href":"https:\/\/batijournal.com\/index.php\/wp-json\/wp\/v2\/types\/post"}],"author":[{"embeddable":true,"href":"https:\/\/batijournal.com\/index.php\/wp-json\/wp\/v2\/users\/1"}],"replies":[{"embeddable":true,"href":"https:\/\/batijournal.com\/index.php\/wp-json\/wp\/v2\/comments?post=101849"}],"version-history":[{"count":0,"href":"https:\/\/batijournal.com\/index.php\/wp-json\/wp\/v2\/posts\/101849\/revisions"}],"wp:featuredmedia":[{"embeddable":true,"href":"https:\/\/batijournal.com\/index.php\/wp-json\/wp\/v2\/media\/101852"}],"wp:attachment":[{"href":"https:\/\/batijournal.com\/index.php\/wp-json\/wp\/v2\/media?parent=101849"}],"wp:term":[{"taxonomy":"category","embeddable":true,"href":"https:\/\/batijournal.com\/index.php\/wp-json\/wp\/v2\/categories?post=101849"},{"taxonomy":"post_tag","embeddable":true,"href":"https:\/\/batijournal.com\/index.php\/wp-json\/wp\/v2\/tags?post=101849"}],"curies":[{"name":"wp","href":"https:\/\/api.w.org\/{rel}","templated":true}]}}