{"id":101851,"date":"2019-04-04T16:12:33","date_gmt":"2019-04-04T14:12:33","guid":{"rendered":"https:\/\/batijournal.com\/?p=101851"},"modified":"2019-07-03T14:57:09","modified_gmt":"2019-07-03T12:57:09","slug":"fbc-2019-re-architecture-en-bois-albero","status":"publish","type":"post","link":"https:\/\/batijournal.com\/index.php\/fbc-2019-re-architecture-en-bois-albero\/101851\/","title":{"rendered":"Forum Bois Construction 2019 : R\u00e9-architecture en bois, chantier de r\u00e9novation Albero"},"content":{"rendered":"<p><iframe loading=\"lazy\" src=\"https:\/\/www.youtube.com\/embed\/c1zjihZzFKI\" width=\"560\" height=\"315\" frameborder=\"0\" allowfullscreen=\"allowfullscreen\"><\/iframe><\/p>\n<p>Intervenant : Vincent Rocques &#8211; Architecte, Agence Vincent Rocques<\/p>\n<p class=\"p1\"><span class=\"s1\">Vincent Rocques \u2013 L&rsquo;Agence Vincent Rocques est une agence qui a 15 ans. Sa production architecturale tourne autour de r\u00e9ponses bois en \u00e9quipements public, tertiaire, sportif et, depuis peu, de r\u00e9f\u00e9rences en r\u00e9habilitation. Pourquoi chercher le bois en r\u00e9habilitation ? Tout d&rsquo;abord car le mat\u00e9riau a des propri\u00e9t\u00e9s r\u00e9pondant \u00e0 ce type de probl\u00e9matique que pose la r\u00e9habilitation \u00e9nerg\u00e9tique aujourd\u2019hui, que ce soit en tertiaire ou en logement. On essaye toujours de proposer des solutions en bois.<\/span><\/p>\n","protected":false},"excerpt":{"rendered":"<p>Intervenant : Vincent Rocques &#8211; Architecte, Agence Vincent Rocques Vincent Rocques \u2013 L&rsquo;Agence Vincent Rocques est une agence qui a 15 ans. Sa production architecturale tourne autour de r\u00e9ponses bois en \u00e9quipements public, tertiaire, sportif et, depuis peu, de r\u00e9f\u00e9rences en r\u00e9habilitation. Pourquoi chercher le bois en r\u00e9habilitation ? Tout d&rsquo;abord car le mat\u00e9riau a [&hellip;]<\/p>\n","protected":false},"author":1,"featured_media":101853,"comment_status":"closed","ping_status":"closed","sticky":false,"template":"","format":"standard","meta":{"_et_pb_use_builder":"","_et_pb_old_content":"","_et_gb_content_width":"","footnotes":""},"categories":[10530,11200,10781,10769,10778,10764],"tags":[12832],"class_list":["post-101851","post","type-post","status-publish","format-standard","has-post-thumbnail","hentry","category-actualites","category-batijournal-tv","category-publications-planete","category-publications","category-planete","category-woodsurfer","tag-forum-construction-bois-2019"],"yoast_head":"<!-- This site is optimized with the Yoast SEO plugin v27.4 - https:\/\/yoast.com\/product\/yoast-seo-wordpress\/ -->\n<title>R\u00e9-architecture en bois, chantier de r\u00e9novation Albero<\/title>\n<meta name=\"description\" content=\"Vincent Rocques - Architecte, Agence Vincent Rocques parle de R\u00e9-architecture en bois, chantier de r\u00e9novation Albero au Forum Bois construction 2019\" \/>\n<meta name=\"robots\" content=\"index, follow, max-snippet:-1, max-image-preview:large, max-video-preview:-1\" \/>\n<link rel=\"canonical\" href=\"https:\/\/batijournal.com\/index.php\/fbc-2019-re-architecture-en-bois-albero\/101851\/\" \/>\n<meta property=\"og:locale\" content=\"fr_FR\" \/>\n<meta property=\"og:type\" content=\"article\" \/>\n<meta property=\"og:title\" content=\"R\u00e9-architecture en bois, chantier de r\u00e9novation Albero\" \/>\n<meta property=\"og:description\" content=\"Vincent Rocques - Architecte, Agence Vincent Rocques parle de R\u00e9-architecture en bois, chantier de r\u00e9novation Albero au Forum Bois construction 2019\" \/>\n<meta property=\"og:url\" content=\"https:\/\/batijournal.com\/index.php\/fbc-2019-re-architecture-en-bois-albero\/101851\/\" \/>\n<meta property=\"og:site_name\" content=\"Batijournal\" \/>\n<meta property=\"article:published_time\" content=\"2019-04-04T14:12:33+00:00\" \/>\n<meta property=\"article:modified_time\" content=\"2019-07-03T12:57:09+00:00\" \/>\n<meta property=\"og:image\" content=\"https:\/\/batijournal.com\/wp-content\/uploads\/2019\/04\/re-architecture-en-bois-chantier-de-renovation-albero-forum-bois-construction-2019.png\" \/>\n\t<meta property=\"og:image:width\" content=\"1000\" \/>\n\t<meta property=\"og:image:height\" content=\"509\" \/>\n\t<meta property=\"og:image:type\" content=\"image\/png\" \/>\n<meta name=\"author\" content=\"Bati-journal\" \/>\n<meta name=\"twitter:card\" content=\"summary_large_image\" \/>\n<meta name=\"twitter:creator\" content=\"@bati_journal\" \/>\n<meta name=\"twitter:site\" content=\"@bati_journal\" \/>\n<meta name=\"twitter:label1\" content=\"\u00c9crit par\" \/>\n\t<meta name=\"twitter:data1\" content=\"Bati-journal\" \/>\n<script type=\"application\/ld+json\" class=\"yoast-schema-graph\">{\"@context\":\"https:\\\/\\\/schema.org\",\"@graph\":[{\"@type\":\"Article\",\"@id\":\"https:\\\/\\\/batijournal.com\\\/index.php\\\/fbc-2019-re-architecture-en-bois-albero\\\/101851\\\/#article\",\"isPartOf\":{\"@id\":\"https:\\\/\\\/batijournal.com\\\/index.php\\\/fbc-2019-re-architecture-en-bois-albero\\\/101851\\\/\"},\"author\":{\"name\":\"Bati-journal\",\"@id\":\"https:\\\/\\\/batijournal.com\\\/#\\\/schema\\\/person\\\/6a657e8967569e1b299972574848aa76\"},\"headline\":\"Forum Bois Construction 2019 : R\u00e9-architecture en bois, chantier de r\u00e9novation Albero\",\"datePublished\":\"2019-04-04T14:12:33+00:00\",\"dateModified\":\"2019-07-03T12:57:09+00:00\",\"mainEntityOfPage\":{\"@id\":\"https:\\\/\\\/batijournal.com\\\/index.php\\\/fbc-2019-re-architecture-en-bois-albero\\\/101851\\\/\"},\"wordCount\":108,\"image\":{\"@id\":\"https:\\\/\\\/batijournal.com\\\/index.php\\\/fbc-2019-re-architecture-en-bois-albero\\\/101851\\\/#primaryimage\"},\"thumbnailUrl\":\"https:\\\/\\\/batijournal.com\\\/wp-content\\\/uploads\\\/2019\\\/04\\\/re-architecture-en-bois-chantier-de-renovation-albero-forum-bois-construction-2019.png\",\"keywords\":[\"Forum Construction Bois 2019\"],\"articleSection\":[\"Actualit\u00e9s\",\"batijournal TV\",\"zz_Actualit\u00e9s - Plan\u00e8te\",\"zz_Actualit\u00e9s - Woodsurfer\",\"zz_Plan\u00e8te B\u00e2timent\",\"zz_Woodsurfer\"],\"inLanguage\":\"fr-FR\"},{\"@type\":\"WebPage\",\"@id\":\"https:\\\/\\\/batijournal.com\\\/index.php\\\/fbc-2019-re-architecture-en-bois-albero\\\/101851\\\/\",\"url\":\"https:\\\/\\\/batijournal.com\\\/index.php\\\/fbc-2019-re-architecture-en-bois-albero\\\/101851\\\/\",\"name\":\"R\u00e9-architecture en bois, chantier de r\u00e9novation Albero\",\"isPartOf\":{\"@id\":\"https:\\\/\\\/batijournal.com\\\/#website\"},\"primaryImageOfPage\":{\"@id\":\"https:\\\/\\\/batijournal.com\\\/index.php\\\/fbc-2019-re-architecture-en-bois-albero\\\/101851\\\/#primaryimage\"},\"image\":{\"@id\":\"https:\\\/\\\/batijournal.com\\\/index.php\\\/fbc-2019-re-architecture-en-bois-albero\\\/101851\\\/#primaryimage\"},\"thumbnailUrl\":\"https:\\\/\\\/batijournal.com\\\/wp-content\\\/uploads\\\/2019\\\/04\\\/re-architecture-en-bois-chantier-de-renovation-albero-forum-bois-construction-2019.png\",\"datePublished\":\"2019-04-04T14:12:33+00:00\",\"dateModified\":\"2019-07-03T12:57:09+00:00\",\"author\":{\"@id\":\"https:\\\/\\\/batijournal.com\\\/#\\\/schema\\\/person\\\/6a657e8967569e1b299972574848aa76\"},\"description\":\"Vincent Rocques - Architecte, Agence Vincent Rocques parle de R\u00e9-architecture en bois, chantier de r\u00e9novation Albero au Forum Bois construction 2019\",\"breadcrumb\":{\"@id\":\"https:\\\/\\\/batijournal.com\\\/index.php\\\/fbc-2019-re-architecture-en-bois-albero\\\/101851\\\/#breadcrumb\"},\"inLanguage\":\"fr-FR\",\"potentialAction\":[{\"@type\":\"ReadAction\",\"target\":[\"https:\\\/\\\/batijournal.com\\\/index.php\\\/fbc-2019-re-architecture-en-bois-albero\\\/101851\\\/\"]}]},{\"@type\":\"ImageObject\",\"inLanguage\":\"fr-FR\",\"@id\":\"https:\\\/\\\/batijournal.com\\\/index.php\\\/fbc-2019-re-architecture-en-bois-albero\\\/101851\\\/#primaryimage\",\"url\":\"https:\\\/\\\/batijournal.com\\\/wp-content\\\/uploads\\\/2019\\\/04\\\/re-architecture-en-bois-chantier-de-renovation-albero-forum-bois-construction-2019.png\",\"contentUrl\":\"https:\\\/\\\/batijournal.com\\\/wp-content\\\/uploads\\\/2019\\\/04\\\/re-architecture-en-bois-chantier-de-renovation-albero-forum-bois-construction-2019.png\",\"width\":1000,\"height\":509,\"caption\":\"re-architecture-en-bois-chantier-de-renovation-albero-forum-bois-construction-2019\"},{\"@type\":\"BreadcrumbList\",\"@id\":\"https:\\\/\\\/batijournal.com\\\/index.php\\\/fbc-2019-re-architecture-en-bois-albero\\\/101851\\\/#breadcrumb\",\"itemListElement\":[{\"@type\":\"ListItem\",\"position\":1,\"name\":\"Accueil\",\"item\":\"https:\\\/\\\/batijournal.com\\\/\"},{\"@type\":\"ListItem\",\"position\":2,\"name\":\"Actualit\u00e9s\",\"item\":\"https:\\\/\\\/batijournal.com\\\/index.php\\\/category\\\/actualites\\\/\"},{\"@type\":\"ListItem\",\"position\":3,\"name\":\"Forum Bois Construction 2019 : R\u00e9-architecture en bois, chantier de r\u00e9novation Albero\"}]},{\"@type\":\"WebSite\",\"@id\":\"https:\\\/\\\/batijournal.com\\\/#website\",\"url\":\"https:\\\/\\\/batijournal.com\\\/\",\"name\":\"Batijournal\",\"description\":\"L&#039;actualit\u00e9 du b\u00e2timent\",\"potentialAction\":[{\"@type\":\"SearchAction\",\"target\":{\"@type\":\"EntryPoint\",\"urlTemplate\":\"https:\\\/\\\/batijournal.com\\\/?s={search_term_string}\"},\"query-input\":{\"@type\":\"PropertyValueSpecification\",\"valueRequired\":true,\"valueName\":\"search_term_string\"}}],\"inLanguage\":\"fr-FR\"},{\"@type\":\"Person\",\"@id\":\"https:\\\/\\\/batijournal.com\\\/#\\\/schema\\\/person\\\/6a657e8967569e1b299972574848aa76\",\"name\":\"Bati-journal\",\"image\":{\"@type\":\"ImageObject\",\"inLanguage\":\"fr-FR\",\"@id\":\"https:\\\/\\\/secure.gravatar.com\\\/avatar\\\/a64364ea26392f9b4dd47e017ddaec74ff03aefc073b49e492e847201258f777?s=96&d=mm&r=g\",\"url\":\"https:\\\/\\\/secure.gravatar.com\\\/avatar\\\/a64364ea26392f9b4dd47e017ddaec74ff03aefc073b49e492e847201258f777?s=96&d=mm&r=g\",\"contentUrl\":\"https:\\\/\\\/secure.gravatar.com\\\/avatar\\\/a64364ea26392f9b4dd47e017ddaec74ff03aefc073b49e492e847201258f777?s=96&d=mm&r=g\",\"caption\":\"Bati-journal\"},\"url\":\"https:\\\/\\\/batijournal.com\\\/index.php\\\/author\\\/elodie\\\/\"}]}<\/script>\n<!-- \/ Yoast SEO plugin. -->","yoast_head_json":{"title":"R\u00e9-architecture en bois, chantier de r\u00e9novation Albero","description":"Vincent Rocques - Architecte, Agence Vincent Rocques parle de R\u00e9-architecture en bois, chantier de r\u00e9novation Albero au Forum Bois construction 2019","robots":{"index":"index","follow":"follow","max-snippet":"max-snippet:-1","max-image-preview":"max-image-preview:large","max-video-preview":"max-video-preview:-1"},"canonical":"https:\/\/batijournal.com\/index.php\/fbc-2019-re-architecture-en-bois-albero\/101851\/","og_locale":"fr_FR","og_type":"article","og_title":"R\u00e9-architecture en bois, chantier de r\u00e9novation Albero","og_description":"Vincent Rocques - Architecte, Agence Vincent Rocques parle de R\u00e9-architecture en bois, chantier de r\u00e9novation Albero au Forum Bois construction 2019","og_url":"https:\/\/batijournal.com\/index.php\/fbc-2019-re-architecture-en-bois-albero\/101851\/","og_site_name":"Batijournal","article_published_time":"2019-04-04T14:12:33+00:00","article_modified_time":"2019-07-03T12:57:09+00:00","og_image":[{"width":1000,"height":509,"url":"https:\/\/batijournal.com\/wp-content\/uploads\/2019\/04\/re-architecture-en-bois-chantier-de-renovation-albero-forum-bois-construction-2019.png","type":"image\/png"}],"author":"Bati-journal","twitter_card":"summary_large_image","twitter_creator":"@bati_journal","twitter_site":"@bati_journal","twitter_misc":{"\u00c9crit par":"Bati-journal"},"schema":{"@context":"https:\/\/schema.org","@graph":[{"@type":"Article","@id":"https:\/\/batijournal.com\/index.php\/fbc-2019-re-architecture-en-bois-albero\/101851\/#article","isPartOf":{"@id":"https:\/\/batijournal.com\/index.php\/fbc-2019-re-architecture-en-bois-albero\/101851\/"},"author":{"name":"Bati-journal","@id":"https:\/\/batijournal.com\/#\/schema\/person\/6a657e8967569e1b299972574848aa76"},"headline":"Forum Bois Construction 2019 : R\u00e9-architecture en bois, chantier de r\u00e9novation Albero","datePublished":"2019-04-04T14:12:33+00:00","dateModified":"2019-07-03T12:57:09+00:00","mainEntityOfPage":{"@id":"https:\/\/batijournal.com\/index.php\/fbc-2019-re-architecture-en-bois-albero\/101851\/"},"wordCount":108,"image":{"@id":"https:\/\/batijournal.com\/index.php\/fbc-2019-re-architecture-en-bois-albero\/101851\/#primaryimage"},"thumbnailUrl":"https:\/\/batijournal.com\/wp-content\/uploads\/2019\/04\/re-architecture-en-bois-chantier-de-renovation-albero-forum-bois-construction-2019.png","keywords":["Forum Construction Bois 2019"],"articleSection":["Actualit\u00e9s","batijournal TV","zz_Actualit\u00e9s - Plan\u00e8te","zz_Actualit\u00e9s - Woodsurfer","zz_Plan\u00e8te B\u00e2timent","zz_Woodsurfer"],"inLanguage":"fr-FR"},{"@type":"WebPage","@id":"https:\/\/batijournal.com\/index.php\/fbc-2019-re-architecture-en-bois-albero\/101851\/","url":"https:\/\/batijournal.com\/index.php\/fbc-2019-re-architecture-en-bois-albero\/101851\/","name":"R\u00e9-architecture en bois, chantier de r\u00e9novation Albero","isPartOf":{"@id":"https:\/\/batijournal.com\/#website"},"primaryImageOfPage":{"@id":"https:\/\/batijournal.com\/index.php\/fbc-2019-re-architecture-en-bois-albero\/101851\/#primaryimage"},"image":{"@id":"https:\/\/batijournal.com\/index.php\/fbc-2019-re-architecture-en-bois-albero\/101851\/#primaryimage"},"thumbnailUrl":"https:\/\/batijournal.com\/wp-content\/uploads\/2019\/04\/re-architecture-en-bois-chantier-de-renovation-albero-forum-bois-construction-2019.png","datePublished":"2019-04-04T14:12:33+00:00","dateModified":"2019-07-03T12:57:09+00:00","author":{"@id":"https:\/\/batijournal.com\/#\/schema\/person\/6a657e8967569e1b299972574848aa76"},"description":"Vincent Rocques - Architecte, Agence Vincent Rocques parle de R\u00e9-architecture en bois, chantier de r\u00e9novation Albero au Forum Bois construction 2019","breadcrumb":{"@id":"https:\/\/batijournal.com\/index.php\/fbc-2019-re-architecture-en-bois-albero\/101851\/#breadcrumb"},"inLanguage":"fr-FR","potentialAction":[{"@type":"ReadAction","target":["https:\/\/batijournal.com\/index.php\/fbc-2019-re-architecture-en-bois-albero\/101851\/"]}]},{"@type":"ImageObject","inLanguage":"fr-FR","@id":"https:\/\/batijournal.com\/index.php\/fbc-2019-re-architecture-en-bois-albero\/101851\/#primaryimage","url":"https:\/\/batijournal.com\/wp-content\/uploads\/2019\/04\/re-architecture-en-bois-chantier-de-renovation-albero-forum-bois-construction-2019.png","contentUrl":"https:\/\/batijournal.com\/wp-content\/uploads\/2019\/04\/re-architecture-en-bois-chantier-de-renovation-albero-forum-bois-construction-2019.png","width":1000,"height":509,"caption":"re-architecture-en-bois-chantier-de-renovation-albero-forum-bois-construction-2019"},{"@type":"BreadcrumbList","@id":"https:\/\/batijournal.com\/index.php\/fbc-2019-re-architecture-en-bois-albero\/101851\/#breadcrumb","itemListElement":[{"@type":"ListItem","position":1,"name":"Accueil","item":"https:\/\/batijournal.com\/"},{"@type":"ListItem","position":2,"name":"Actualit\u00e9s","item":"https:\/\/batijournal.com\/index.php\/category\/actualites\/"},{"@type":"ListItem","position":3,"name":"Forum Bois Construction 2019 : R\u00e9-architecture en bois, chantier de r\u00e9novation Albero"}]},{"@type":"WebSite","@id":"https:\/\/batijournal.com\/#website","url":"https:\/\/batijournal.com\/","name":"Batijournal","description":"L&#039;actualit\u00e9 du b\u00e2timent","potentialAction":[{"@type":"SearchAction","target":{"@type":"EntryPoint","urlTemplate":"https:\/\/batijournal.com\/?s={search_term_string}"},"query-input":{"@type":"PropertyValueSpecification","valueRequired":true,"valueName":"search_term_string"}}],"inLanguage":"fr-FR"},{"@type":"Person","@id":"https:\/\/batijournal.com\/#\/schema\/person\/6a657e8967569e1b299972574848aa76","name":"Bati-journal","image":{"@type":"ImageObject","inLanguage":"fr-FR","@id":"https:\/\/secure.gravatar.com\/avatar\/a64364ea26392f9b4dd47e017ddaec74ff03aefc073b49e492e847201258f777?s=96&d=mm&r=g","url":"https:\/\/secure.gravatar.com\/avatar\/a64364ea26392f9b4dd47e017ddaec74ff03aefc073b49e492e847201258f777?s=96&d=mm&r=g","contentUrl":"https:\/\/secure.gravatar.com\/avatar\/a64364ea26392f9b4dd47e017ddaec74ff03aefc073b49e492e847201258f777?s=96&d=mm&r=g","caption":"Bati-journal"},"url":"https:\/\/batijournal.com\/index.php\/author\/elodie\/"}]}},"_links":{"self":[{"href":"https:\/\/batijournal.com\/index.php\/wp-json\/wp\/v2\/posts\/101851","targetHints":{"allow":["GET"]}}],"collection":[{"href":"https:\/\/batijournal.com\/index.php\/wp-json\/wp\/v2\/posts"}],"about":[{"href":"https:\/\/batijournal.com\/index.php\/wp-json\/wp\/v2\/types\/post"}],"author":[{"embeddable":true,"href":"https:\/\/batijournal.com\/index.php\/wp-json\/wp\/v2\/users\/1"}],"replies":[{"embeddable":true,"href":"https:\/\/batijournal.com\/index.php\/wp-json\/wp\/v2\/comments?post=101851"}],"version-history":[{"count":0,"href":"https:\/\/batijournal.com\/index.php\/wp-json\/wp\/v2\/posts\/101851\/revisions"}],"wp:featuredmedia":[{"embeddable":true,"href":"https:\/\/batijournal.com\/index.php\/wp-json\/wp\/v2\/media\/101853"}],"wp:attachment":[{"href":"https:\/\/batijournal.com\/index.php\/wp-json\/wp\/v2\/media?parent=101851"}],"wp:term":[{"taxonomy":"category","embeddable":true,"href":"https:\/\/batijournal.com\/index.php\/wp-json\/wp\/v2\/categories?post=101851"},{"taxonomy":"post_tag","embeddable":true,"href":"https:\/\/batijournal.com\/index.php\/wp-json\/wp\/v2\/tags?post=101851"}],"curies":[{"name":"wp","href":"https:\/\/api.w.org\/{rel}","templated":true}]}}