{"id":101858,"date":"2019-04-04T17:58:39","date_gmt":"2019-04-04T15:58:39","guid":{"rendered":"https:\/\/batijournal.com\/?p=101858"},"modified":"2019-07-03T14:57:09","modified_gmt":"2019-07-03T12:57:09","slug":"101858-2","status":"publish","type":"post","link":"https:\/\/batijournal.com\/index.php\/101858-2\/101858\/","title":{"rendered":"Forum Bois Construction 2019 : Le bois et la grande dimension"},"content":{"rendered":"<p><iframe loading=\"lazy\" src=\"https:\/\/www.youtube.com\/embed\/eTIFgT47qYs\" width=\"560\" height=\"315\" frameborder=\"0\" allowfullscreen=\"allowfullscreen\"><\/iframe><\/p>\n<p>Intervenants :<br \/>\nOlivier Fassio &#8211; Architecte, BFV Architectes<br \/>\nJ\u00e9r\u00f4me Duru &#8211; Ing\u00e9nieur structure, Art\u00e9lia<br \/>\nAntoine Roux &#8211; Directeur g\u00e9n\u00e9ral, Charpente Concept<\/p>\n<p>Olivier Fassio, BFV Architectes : Le nom BFV r\u00e9unit Jean Bocabeille, Olivier Fassio et Jean-Brice Viaud. Il repr\u00e9sente la fusion entre deux agences Bocabeille et Fassion-Viaud. Pour nous, le bois est bien dans toutes les dimensions. Le bois est un proc\u00e9d\u00e9 industriel de pr\u00e9fabrication entre autres, il est en cela adapt\u00e9 \u00e0 des grandes scieries donc \u00e0 des grands b\u00e2timents et autorise la rapidit\u00e9 d&rsquo;ex\u00e9cution. <\/p>\n<p>J\u00e9r\u00f4me Duru, Artelia : Artelia est un groupe d&rsquo;ing\u00e9nierie TCE regroupant aujourd&rsquo;hui environ 5 000 personnes avec des sp\u00e9cialistes dans tous les corps de m\u00e9tiers du b\u00e2timent. Face aux nouveaux enjeux de la grande dimension, des \u00e9quipes sont pr\u00e9sentes pour r\u00e9pondre aux divers d\u00e9fis. <\/p>\n<p>Antoine Roux, Charpente Concept : Charpente Concept est un bureau d&rsquo;\u00e9tudes structure sp\u00e9cialis\u00e9 dans la construction bois. Il existe depuis bient\u00f4t 30 ans, et nous sommes r\u00e9partis entre la Suisse et la France. <\/p>\n","protected":false},"excerpt":{"rendered":"<p>Intervenants : Olivier Fassio &#8211; Architecte, BFV Architectes J\u00e9r\u00f4me Duru &#8211; Ing\u00e9nieur structure, Art\u00e9lia Antoine Roux &#8211; Directeur g\u00e9n\u00e9ral, Charpente Concept Olivier Fassio, BFV Architectes : Le nom BFV r\u00e9unit Jean Bocabeille, Olivier Fassio et Jean-Brice Viaud. Il repr\u00e9sente la fusion entre deux agences Bocabeille et Fassion-Viaud. Pour nous, le bois est bien dans toutes [&hellip;]<\/p>\n","protected":false},"author":1,"featured_media":101856,"comment_status":"closed","ping_status":"closed","sticky":false,"template":"","format":"standard","meta":{"_et_pb_use_builder":"","_et_pb_old_content":"","_et_gb_content_width":"","footnotes":""},"categories":[10530,11200,10781,10769,10778,10764],"tags":[12832],"class_list":["post-101858","post","type-post","status-publish","format-standard","has-post-thumbnail","hentry","category-actualites","category-batijournal-tv","category-publications-planete","category-publications","category-planete","category-woodsurfer","tag-forum-construction-bois-2019"],"yoast_head":"<!-- This site is optimized with the Yoast SEO plugin v27.4 - https:\/\/yoast.com\/product\/yoast-seo-wordpress\/ -->\n<title>Forum Bois Construction 2019 : Le bois et la grande dimension<\/title>\n<meta name=\"robots\" content=\"index, follow, max-snippet:-1, max-image-preview:large, max-video-preview:-1\" \/>\n<link rel=\"canonical\" href=\"https:\/\/batijournal.com\/index.php\/101858-2\/101858\/\" \/>\n<meta property=\"og:locale\" content=\"fr_FR\" \/>\n<meta property=\"og:type\" content=\"article\" \/>\n<meta property=\"og:title\" content=\"Forum Bois Construction 2019 : Le bois et la grande dimension\" \/>\n<meta property=\"og:description\" content=\"Intervenants : Olivier Fassio &#8211; Architecte, BFV Architectes J\u00e9r\u00f4me Duru &#8211; Ing\u00e9nieur structure, Art\u00e9lia Antoine Roux &#8211; Directeur g\u00e9n\u00e9ral, Charpente Concept Olivier Fassio, BFV Architectes : Le nom BFV r\u00e9unit Jean Bocabeille, Olivier Fassio et Jean-Brice Viaud. Il repr\u00e9sente la fusion entre deux agences Bocabeille et Fassion-Viaud. Pour nous, le bois est bien dans toutes [&hellip;]\" \/>\n<meta property=\"og:url\" content=\"https:\/\/batijournal.com\/index.php\/101858-2\/101858\/\" \/>\n<meta property=\"og:site_name\" content=\"Batijournal\" \/>\n<meta property=\"article:published_time\" content=\"2019-04-04T15:58:39+00:00\" \/>\n<meta property=\"article:modified_time\" content=\"2019-07-03T12:57:09+00:00\" \/>\n<meta property=\"og:image\" content=\"https:\/\/batijournal.com\/wp-content\/uploads\/2019\/04\/forum-bois-construction-2019-le-bois-et-la-grande-dimension.jpg\" \/>\n\t<meta property=\"og:image:width\" content=\"1280\" \/>\n\t<meta property=\"og:image:height\" content=\"720\" \/>\n\t<meta property=\"og:image:type\" content=\"image\/jpeg\" \/>\n<meta name=\"author\" content=\"Bati-journal\" \/>\n<meta name=\"twitter:card\" content=\"summary_large_image\" \/>\n<meta name=\"twitter:creator\" content=\"@bati_journal\" \/>\n<meta name=\"twitter:site\" content=\"@bati_journal\" \/>\n<meta name=\"twitter:label1\" content=\"\u00c9crit par\" \/>\n\t<meta name=\"twitter:data1\" content=\"Bati-journal\" \/>\n\t<meta name=\"twitter:label2\" content=\"Dur\u00e9e de lecture estim\u00e9e\" \/>\n\t<meta name=\"twitter:data2\" content=\"1 minute\" \/>\n<script type=\"application\/ld+json\" class=\"yoast-schema-graph\">{\"@context\":\"https:\\\/\\\/schema.org\",\"@graph\":[{\"@type\":\"Article\",\"@id\":\"https:\\\/\\\/batijournal.com\\\/index.php\\\/101858-2\\\/101858\\\/#article\",\"isPartOf\":{\"@id\":\"https:\\\/\\\/batijournal.com\\\/index.php\\\/101858-2\\\/101858\\\/\"},\"author\":{\"name\":\"Bati-journal\",\"@id\":\"https:\\\/\\\/batijournal.com\\\/#\\\/schema\\\/person\\\/6a657e8967569e1b299972574848aa76\"},\"headline\":\"Forum Bois Construction 2019 : Le bois et la grande dimension\",\"datePublished\":\"2019-04-04T15:58:39+00:00\",\"dateModified\":\"2019-07-03T12:57:09+00:00\",\"mainEntityOfPage\":{\"@id\":\"https:\\\/\\\/batijournal.com\\\/index.php\\\/101858-2\\\/101858\\\/\"},\"wordCount\":191,\"image\":{\"@id\":\"https:\\\/\\\/batijournal.com\\\/index.php\\\/101858-2\\\/101858\\\/#primaryimage\"},\"thumbnailUrl\":\"https:\\\/\\\/batijournal.com\\\/wp-content\\\/uploads\\\/2019\\\/04\\\/forum-bois-construction-2019-le-bois-et-la-grande-dimension.jpg\",\"keywords\":[\"Forum Construction Bois 2019\"],\"articleSection\":[\"Actualit\u00e9s\",\"batijournal TV\",\"zz_Actualit\u00e9s - Plan\u00e8te\",\"zz_Actualit\u00e9s - Woodsurfer\",\"zz_Plan\u00e8te B\u00e2timent\",\"zz_Woodsurfer\"],\"inLanguage\":\"fr-FR\"},{\"@type\":\"WebPage\",\"@id\":\"https:\\\/\\\/batijournal.com\\\/index.php\\\/101858-2\\\/101858\\\/\",\"url\":\"https:\\\/\\\/batijournal.com\\\/index.php\\\/101858-2\\\/101858\\\/\",\"name\":\"Forum Bois Construction 2019 : Le bois et la grande dimension\",\"isPartOf\":{\"@id\":\"https:\\\/\\\/batijournal.com\\\/#website\"},\"primaryImageOfPage\":{\"@id\":\"https:\\\/\\\/batijournal.com\\\/index.php\\\/101858-2\\\/101858\\\/#primaryimage\"},\"image\":{\"@id\":\"https:\\\/\\\/batijournal.com\\\/index.php\\\/101858-2\\\/101858\\\/#primaryimage\"},\"thumbnailUrl\":\"https:\\\/\\\/batijournal.com\\\/wp-content\\\/uploads\\\/2019\\\/04\\\/forum-bois-construction-2019-le-bois-et-la-grande-dimension.jpg\",\"datePublished\":\"2019-04-04T15:58:39+00:00\",\"dateModified\":\"2019-07-03T12:57:09+00:00\",\"author\":{\"@id\":\"https:\\\/\\\/batijournal.com\\\/#\\\/schema\\\/person\\\/6a657e8967569e1b299972574848aa76\"},\"breadcrumb\":{\"@id\":\"https:\\\/\\\/batijournal.com\\\/index.php\\\/101858-2\\\/101858\\\/#breadcrumb\"},\"inLanguage\":\"fr-FR\",\"potentialAction\":[{\"@type\":\"ReadAction\",\"target\":[\"https:\\\/\\\/batijournal.com\\\/index.php\\\/101858-2\\\/101858\\\/\"]}]},{\"@type\":\"ImageObject\",\"inLanguage\":\"fr-FR\",\"@id\":\"https:\\\/\\\/batijournal.com\\\/index.php\\\/101858-2\\\/101858\\\/#primaryimage\",\"url\":\"https:\\\/\\\/batijournal.com\\\/wp-content\\\/uploads\\\/2019\\\/04\\\/forum-bois-construction-2019-le-bois-et-la-grande-dimension.jpg\",\"contentUrl\":\"https:\\\/\\\/batijournal.com\\\/wp-content\\\/uploads\\\/2019\\\/04\\\/forum-bois-construction-2019-le-bois-et-la-grande-dimension.jpg\",\"width\":1280,\"height\":720},{\"@type\":\"BreadcrumbList\",\"@id\":\"https:\\\/\\\/batijournal.com\\\/index.php\\\/101858-2\\\/101858\\\/#breadcrumb\",\"itemListElement\":[{\"@type\":\"ListItem\",\"position\":1,\"name\":\"Accueil\",\"item\":\"https:\\\/\\\/batijournal.com\\\/\"},{\"@type\":\"ListItem\",\"position\":2,\"name\":\"Actualit\u00e9s\",\"item\":\"https:\\\/\\\/batijournal.com\\\/index.php\\\/category\\\/actualites\\\/\"},{\"@type\":\"ListItem\",\"position\":3,\"name\":\"Forum Bois Construction 2019 : Le bois et la grande dimension\"}]},{\"@type\":\"WebSite\",\"@id\":\"https:\\\/\\\/batijournal.com\\\/#website\",\"url\":\"https:\\\/\\\/batijournal.com\\\/\",\"name\":\"Batijournal\",\"description\":\"L&#039;actualit\u00e9 du b\u00e2timent\",\"potentialAction\":[{\"@type\":\"SearchAction\",\"target\":{\"@type\":\"EntryPoint\",\"urlTemplate\":\"https:\\\/\\\/batijournal.com\\\/?s={search_term_string}\"},\"query-input\":{\"@type\":\"PropertyValueSpecification\",\"valueRequired\":true,\"valueName\":\"search_term_string\"}}],\"inLanguage\":\"fr-FR\"},{\"@type\":\"Person\",\"@id\":\"https:\\\/\\\/batijournal.com\\\/#\\\/schema\\\/person\\\/6a657e8967569e1b299972574848aa76\",\"name\":\"Bati-journal\",\"image\":{\"@type\":\"ImageObject\",\"inLanguage\":\"fr-FR\",\"@id\":\"https:\\\/\\\/secure.gravatar.com\\\/avatar\\\/a64364ea26392f9b4dd47e017ddaec74ff03aefc073b49e492e847201258f777?s=96&d=mm&r=g\",\"url\":\"https:\\\/\\\/secure.gravatar.com\\\/avatar\\\/a64364ea26392f9b4dd47e017ddaec74ff03aefc073b49e492e847201258f777?s=96&d=mm&r=g\",\"contentUrl\":\"https:\\\/\\\/secure.gravatar.com\\\/avatar\\\/a64364ea26392f9b4dd47e017ddaec74ff03aefc073b49e492e847201258f777?s=96&d=mm&r=g\",\"caption\":\"Bati-journal\"},\"url\":\"https:\\\/\\\/batijournal.com\\\/index.php\\\/author\\\/elodie\\\/\"}]}<\/script>\n<!-- \/ Yoast SEO plugin. -->","yoast_head_json":{"title":"Forum Bois Construction 2019 : Le bois et la grande dimension","robots":{"index":"index","follow":"follow","max-snippet":"max-snippet:-1","max-image-preview":"max-image-preview:large","max-video-preview":"max-video-preview:-1"},"canonical":"https:\/\/batijournal.com\/index.php\/101858-2\/101858\/","og_locale":"fr_FR","og_type":"article","og_title":"Forum Bois Construction 2019 : Le bois et la grande dimension","og_description":"Intervenants : Olivier Fassio &#8211; Architecte, BFV Architectes J\u00e9r\u00f4me Duru &#8211; Ing\u00e9nieur structure, Art\u00e9lia Antoine Roux &#8211; Directeur g\u00e9n\u00e9ral, Charpente Concept Olivier Fassio, BFV Architectes : Le nom BFV r\u00e9unit Jean Bocabeille, Olivier Fassio et Jean-Brice Viaud. Il repr\u00e9sente la fusion entre deux agences Bocabeille et Fassion-Viaud. Pour nous, le bois est bien dans toutes [&hellip;]","og_url":"https:\/\/batijournal.com\/index.php\/101858-2\/101858\/","og_site_name":"Batijournal","article_published_time":"2019-04-04T15:58:39+00:00","article_modified_time":"2019-07-03T12:57:09+00:00","og_image":[{"width":1280,"height":720,"url":"https:\/\/batijournal.com\/wp-content\/uploads\/2019\/04\/forum-bois-construction-2019-le-bois-et-la-grande-dimension.jpg","type":"image\/jpeg"}],"author":"Bati-journal","twitter_card":"summary_large_image","twitter_creator":"@bati_journal","twitter_site":"@bati_journal","twitter_misc":{"\u00c9crit par":"Bati-journal","Dur\u00e9e de lecture estim\u00e9e":"1 minute"},"schema":{"@context":"https:\/\/schema.org","@graph":[{"@type":"Article","@id":"https:\/\/batijournal.com\/index.php\/101858-2\/101858\/#article","isPartOf":{"@id":"https:\/\/batijournal.com\/index.php\/101858-2\/101858\/"},"author":{"name":"Bati-journal","@id":"https:\/\/batijournal.com\/#\/schema\/person\/6a657e8967569e1b299972574848aa76"},"headline":"Forum Bois Construction 2019 : Le bois et la grande dimension","datePublished":"2019-04-04T15:58:39+00:00","dateModified":"2019-07-03T12:57:09+00:00","mainEntityOfPage":{"@id":"https:\/\/batijournal.com\/index.php\/101858-2\/101858\/"},"wordCount":191,"image":{"@id":"https:\/\/batijournal.com\/index.php\/101858-2\/101858\/#primaryimage"},"thumbnailUrl":"https:\/\/batijournal.com\/wp-content\/uploads\/2019\/04\/forum-bois-construction-2019-le-bois-et-la-grande-dimension.jpg","keywords":["Forum Construction Bois 2019"],"articleSection":["Actualit\u00e9s","batijournal TV","zz_Actualit\u00e9s - Plan\u00e8te","zz_Actualit\u00e9s - Woodsurfer","zz_Plan\u00e8te B\u00e2timent","zz_Woodsurfer"],"inLanguage":"fr-FR"},{"@type":"WebPage","@id":"https:\/\/batijournal.com\/index.php\/101858-2\/101858\/","url":"https:\/\/batijournal.com\/index.php\/101858-2\/101858\/","name":"Forum Bois Construction 2019 : Le bois et la grande dimension","isPartOf":{"@id":"https:\/\/batijournal.com\/#website"},"primaryImageOfPage":{"@id":"https:\/\/batijournal.com\/index.php\/101858-2\/101858\/#primaryimage"},"image":{"@id":"https:\/\/batijournal.com\/index.php\/101858-2\/101858\/#primaryimage"},"thumbnailUrl":"https:\/\/batijournal.com\/wp-content\/uploads\/2019\/04\/forum-bois-construction-2019-le-bois-et-la-grande-dimension.jpg","datePublished":"2019-04-04T15:58:39+00:00","dateModified":"2019-07-03T12:57:09+00:00","author":{"@id":"https:\/\/batijournal.com\/#\/schema\/person\/6a657e8967569e1b299972574848aa76"},"breadcrumb":{"@id":"https:\/\/batijournal.com\/index.php\/101858-2\/101858\/#breadcrumb"},"inLanguage":"fr-FR","potentialAction":[{"@type":"ReadAction","target":["https:\/\/batijournal.com\/index.php\/101858-2\/101858\/"]}]},{"@type":"ImageObject","inLanguage":"fr-FR","@id":"https:\/\/batijournal.com\/index.php\/101858-2\/101858\/#primaryimage","url":"https:\/\/batijournal.com\/wp-content\/uploads\/2019\/04\/forum-bois-construction-2019-le-bois-et-la-grande-dimension.jpg","contentUrl":"https:\/\/batijournal.com\/wp-content\/uploads\/2019\/04\/forum-bois-construction-2019-le-bois-et-la-grande-dimension.jpg","width":1280,"height":720},{"@type":"BreadcrumbList","@id":"https:\/\/batijournal.com\/index.php\/101858-2\/101858\/#breadcrumb","itemListElement":[{"@type":"ListItem","position":1,"name":"Accueil","item":"https:\/\/batijournal.com\/"},{"@type":"ListItem","position":2,"name":"Actualit\u00e9s","item":"https:\/\/batijournal.com\/index.php\/category\/actualites\/"},{"@type":"ListItem","position":3,"name":"Forum Bois Construction 2019 : Le bois et la grande dimension"}]},{"@type":"WebSite","@id":"https:\/\/batijournal.com\/#website","url":"https:\/\/batijournal.com\/","name":"Batijournal","description":"L&#039;actualit\u00e9 du b\u00e2timent","potentialAction":[{"@type":"SearchAction","target":{"@type":"EntryPoint","urlTemplate":"https:\/\/batijournal.com\/?s={search_term_string}"},"query-input":{"@type":"PropertyValueSpecification","valueRequired":true,"valueName":"search_term_string"}}],"inLanguage":"fr-FR"},{"@type":"Person","@id":"https:\/\/batijournal.com\/#\/schema\/person\/6a657e8967569e1b299972574848aa76","name":"Bati-journal","image":{"@type":"ImageObject","inLanguage":"fr-FR","@id":"https:\/\/secure.gravatar.com\/avatar\/a64364ea26392f9b4dd47e017ddaec74ff03aefc073b49e492e847201258f777?s=96&d=mm&r=g","url":"https:\/\/secure.gravatar.com\/avatar\/a64364ea26392f9b4dd47e017ddaec74ff03aefc073b49e492e847201258f777?s=96&d=mm&r=g","contentUrl":"https:\/\/secure.gravatar.com\/avatar\/a64364ea26392f9b4dd47e017ddaec74ff03aefc073b49e492e847201258f777?s=96&d=mm&r=g","caption":"Bati-journal"},"url":"https:\/\/batijournal.com\/index.php\/author\/elodie\/"}]}},"_links":{"self":[{"href":"https:\/\/batijournal.com\/index.php\/wp-json\/wp\/v2\/posts\/101858","targetHints":{"allow":["GET"]}}],"collection":[{"href":"https:\/\/batijournal.com\/index.php\/wp-json\/wp\/v2\/posts"}],"about":[{"href":"https:\/\/batijournal.com\/index.php\/wp-json\/wp\/v2\/types\/post"}],"author":[{"embeddable":true,"href":"https:\/\/batijournal.com\/index.php\/wp-json\/wp\/v2\/users\/1"}],"replies":[{"embeddable":true,"href":"https:\/\/batijournal.com\/index.php\/wp-json\/wp\/v2\/comments?post=101858"}],"version-history":[{"count":0,"href":"https:\/\/batijournal.com\/index.php\/wp-json\/wp\/v2\/posts\/101858\/revisions"}],"wp:featuredmedia":[{"embeddable":true,"href":"https:\/\/batijournal.com\/index.php\/wp-json\/wp\/v2\/media\/101856"}],"wp:attachment":[{"href":"https:\/\/batijournal.com\/index.php\/wp-json\/wp\/v2\/media?parent=101858"}],"wp:term":[{"taxonomy":"category","embeddable":true,"href":"https:\/\/batijournal.com\/index.php\/wp-json\/wp\/v2\/categories?post=101858"},{"taxonomy":"post_tag","embeddable":true,"href":"https:\/\/batijournal.com\/index.php\/wp-json\/wp\/v2\/tags?post=101858"}],"curies":[{"name":"wp","href":"https:\/\/api.w.org\/{rel}","templated":true}]}}