{"id":101904,"date":"2019-04-10T08:57:01","date_gmt":"2019-04-10T06:57:01","guid":{"rendered":"https:\/\/batijournal.com\/?p=101904"},"modified":"2019-07-15T11:14:35","modified_gmt":"2019-07-15T09:14:35","slug":"antiquite-et-biodiversite-dans-les-alpilles","status":"publish","type":"post","link":"https:\/\/batijournal.com\/index.php\/antiquite-et-biodiversite-dans-les-alpilles\/101904\/","title":{"rendered":"Antiquit\u00e9 et biodiversit\u00e9 dans les Alpilles"},"content":{"rendered":"<p>Le Centre des monuments nationaux pr\u00e9sente l\u2019exposition \u00ab Antiquit\u00e9 et Biodiversit\u00e9 dans les Alpilles \u00bb du 23 mars au 30 septembre 2019 \u00e0 la cit\u00e9 antique de Glanum. Elle est le fruit du travail r\u00e9alis\u00e9 depuis deux ans par les \u00e9quipes de la Ligue de Protection des Oiseaux Provence-Alpes-C\u00f4te d\u2019Azur dans le cadre de l\u2019inventaire faunistique et floristique du parc arch\u00e9ologique de Glanum. Cette action s\u2019inscrit dans la d\u00e9marche nationale de partenariat entre le Centre des monuments nationaux et la LPO, mais \u00e9galement dans le cadre de l\u2019insertion de la cit\u00e9 antique au sein du Parc naturel r\u00e9gional des Alpilles et du programme europ\u00e9en LIFE. Un atelier famille est organis\u00e9 le mercredi 17 avril 2019 de 14h \u00e0 16h30, dans le cadre de cette exposition, l&rsquo;atelier \u00ab\u00a0Oiseaux des Alpilles\u00a0\u00bb.<\/p>\n<p>Photo : L\u00e9zard ocell\u00e9 \u00a9 Nicolas Fuento \/ LPO PACA<\/p>\n<p>&nbsp;<\/p>\n","protected":false},"excerpt":{"rendered":"<p>Le Centre des monuments nationaux pr\u00e9sente l\u2019exposition \u00ab Antiquit\u00e9 et Biodiversit\u00e9 dans les Alpilles \u00bb du 23 mars au 30 septembre 2019 \u00e0 la cit\u00e9 antique de Glanum. Elle est le fruit du travail r\u00e9alis\u00e9 depuis deux ans par les \u00e9quipes de la Ligue de Protection des Oiseaux Provence-Alpes-C\u00f4te d\u2019Azur dans le cadre de l\u2019inventaire [&hellip;]<\/p>\n","protected":false},"author":17,"featured_media":101905,"comment_status":"closed","ping_status":"closed","sticky":false,"template":"","format":"standard","meta":{"_et_pb_use_builder":"","_et_pb_old_content":"","_et_gb_content_width":"","footnotes":""},"categories":[10530,6340,10785],"tags":[1205],"class_list":["post-101904","post","type-post","status-publish","format-standard","has-post-thumbnail","hentry","category-actualites","category-architecture-conception","category-atrium","tag-biodiversite"],"yoast_head":"<!-- This site is optimized with the Yoast SEO plugin v27.4 - https:\/\/yoast.com\/product\/yoast-seo-wordpress\/ -->\n<title>Antiquit\u00e9 et biodiversit\u00e9 dans les Alpilles<\/title>\n<meta name=\"description\" content=\"Le Centre des monuments nationaux pr\u00e9sente l\u2019exposition \u00ab Antiquit\u00e9 et Biodiversit\u00e9 dans les Alpilles \u00bb du 23 mars au 30 septembre 2019 \u00e0 Glanum\" \/>\n<meta name=\"robots\" content=\"index, follow, max-snippet:-1, max-image-preview:large, max-video-preview:-1\" \/>\n<link rel=\"canonical\" href=\"https:\/\/batijournal.com\/index.php\/antiquite-et-biodiversite-dans-les-alpilles\/101904\/\" \/>\n<meta property=\"og:locale\" content=\"fr_FR\" \/>\n<meta property=\"og:type\" content=\"article\" \/>\n<meta property=\"og:title\" content=\"Antiquit\u00e9 et biodiversit\u00e9 dans les Alpilles\" \/>\n<meta property=\"og:description\" content=\"Le Centre des monuments nationaux pr\u00e9sente l\u2019exposition \u00ab Antiquit\u00e9 et Biodiversit\u00e9 dans les Alpilles \u00bb du 23 mars au 30 septembre 2019 \u00e0 Glanum\" \/>\n<meta property=\"og:url\" content=\"https:\/\/batijournal.com\/index.php\/antiquite-et-biodiversite-dans-les-alpilles\/101904\/\" \/>\n<meta property=\"og:site_name\" content=\"Batijournal\" \/>\n<meta property=\"article:published_time\" content=\"2019-04-10T06:57:01+00:00\" \/>\n<meta property=\"article:modified_time\" content=\"2019-07-15T09:14:35+00:00\" \/>\n<meta property=\"og:image\" content=\"https:\/\/batijournal.com\/wp-content\/uploads\/2019\/04\/lezard-ocelle-glanum-lpo-alpilles.png\" \/>\n\t<meta property=\"og:image:width\" content=\"790\" \/>\n\t<meta property=\"og:image:height\" content=\"524\" \/>\n\t<meta property=\"og:image:type\" content=\"image\/png\" \/>\n<meta name=\"author\" content=\"St\u00e9phane Miget\" \/>\n<meta name=\"twitter:card\" content=\"summary_large_image\" \/>\n<meta name=\"twitter:creator\" content=\"@bati_journal\" \/>\n<meta name=\"twitter:site\" content=\"@bati_journal\" \/>\n<meta name=\"twitter:label1\" content=\"\u00c9crit par\" \/>\n\t<meta name=\"twitter:data1\" content=\"St\u00e9phane Miget\" \/>\n\t<meta name=\"twitter:label2\" content=\"Dur\u00e9e de lecture estim\u00e9e\" \/>\n\t<meta name=\"twitter:data2\" content=\"1 minute\" \/>\n<script type=\"application\/ld+json\" class=\"yoast-schema-graph\">{\"@context\":\"https:\\\/\\\/schema.org\",\"@graph\":[{\"@type\":\"Article\",\"@id\":\"https:\\\/\\\/batijournal.com\\\/index.php\\\/antiquite-et-biodiversite-dans-les-alpilles\\\/101904\\\/#article\",\"isPartOf\":{\"@id\":\"https:\\\/\\\/batijournal.com\\\/index.php\\\/antiquite-et-biodiversite-dans-les-alpilles\\\/101904\\\/\"},\"author\":{\"name\":\"St\u00e9phane Miget\",\"@id\":\"https:\\\/\\\/batijournal.com\\\/#\\\/schema\\\/person\\\/1dc96ec6957aa1ccb25ebe78bb19f100\"},\"headline\":\"Antiquit\u00e9 et biodiversit\u00e9 dans les Alpilles\",\"datePublished\":\"2019-04-10T06:57:01+00:00\",\"dateModified\":\"2019-07-15T09:14:35+00:00\",\"mainEntityOfPage\":{\"@id\":\"https:\\\/\\\/batijournal.com\\\/index.php\\\/antiquite-et-biodiversite-dans-les-alpilles\\\/101904\\\/\"},\"wordCount\":148,\"image\":{\"@id\":\"https:\\\/\\\/batijournal.com\\\/index.php\\\/antiquite-et-biodiversite-dans-les-alpilles\\\/101904\\\/#primaryimage\"},\"thumbnailUrl\":\"https:\\\/\\\/batijournal.com\\\/wp-content\\\/uploads\\\/2019\\\/04\\\/lezard-ocelle-glanum-lpo-alpilles.png\",\"keywords\":[\"biodiversit\u00e9\"],\"articleSection\":[\"Actualit\u00e9s\",\"Architecture &amp; Conception\",\"zz_Atrium Patrimoine\"],\"inLanguage\":\"fr-FR\"},{\"@type\":\"WebPage\",\"@id\":\"https:\\\/\\\/batijournal.com\\\/index.php\\\/antiquite-et-biodiversite-dans-les-alpilles\\\/101904\\\/\",\"url\":\"https:\\\/\\\/batijournal.com\\\/index.php\\\/antiquite-et-biodiversite-dans-les-alpilles\\\/101904\\\/\",\"name\":\"Antiquit\u00e9 et biodiversit\u00e9 dans les Alpilles\",\"isPartOf\":{\"@id\":\"https:\\\/\\\/batijournal.com\\\/#website\"},\"primaryImageOfPage\":{\"@id\":\"https:\\\/\\\/batijournal.com\\\/index.php\\\/antiquite-et-biodiversite-dans-les-alpilles\\\/101904\\\/#primaryimage\"},\"image\":{\"@id\":\"https:\\\/\\\/batijournal.com\\\/index.php\\\/antiquite-et-biodiversite-dans-les-alpilles\\\/101904\\\/#primaryimage\"},\"thumbnailUrl\":\"https:\\\/\\\/batijournal.com\\\/wp-content\\\/uploads\\\/2019\\\/04\\\/lezard-ocelle-glanum-lpo-alpilles.png\",\"datePublished\":\"2019-04-10T06:57:01+00:00\",\"dateModified\":\"2019-07-15T09:14:35+00:00\",\"author\":{\"@id\":\"https:\\\/\\\/batijournal.com\\\/#\\\/schema\\\/person\\\/1dc96ec6957aa1ccb25ebe78bb19f100\"},\"description\":\"Le Centre des monuments nationaux pr\u00e9sente l\u2019exposition \u00ab Antiquit\u00e9 et Biodiversit\u00e9 dans les Alpilles \u00bb du 23 mars au 30 septembre 2019 \u00e0 Glanum\",\"breadcrumb\":{\"@id\":\"https:\\\/\\\/batijournal.com\\\/index.php\\\/antiquite-et-biodiversite-dans-les-alpilles\\\/101904\\\/#breadcrumb\"},\"inLanguage\":\"fr-FR\",\"potentialAction\":[{\"@type\":\"ReadAction\",\"target\":[\"https:\\\/\\\/batijournal.com\\\/index.php\\\/antiquite-et-biodiversite-dans-les-alpilles\\\/101904\\\/\"]}]},{\"@type\":\"ImageObject\",\"inLanguage\":\"fr-FR\",\"@id\":\"https:\\\/\\\/batijournal.com\\\/index.php\\\/antiquite-et-biodiversite-dans-les-alpilles\\\/101904\\\/#primaryimage\",\"url\":\"https:\\\/\\\/batijournal.com\\\/wp-content\\\/uploads\\\/2019\\\/04\\\/lezard-ocelle-glanum-lpo-alpilles.png\",\"contentUrl\":\"https:\\\/\\\/batijournal.com\\\/wp-content\\\/uploads\\\/2019\\\/04\\\/lezard-ocelle-glanum-lpo-alpilles.png\",\"width\":790,\"height\":524},{\"@type\":\"BreadcrumbList\",\"@id\":\"https:\\\/\\\/batijournal.com\\\/index.php\\\/antiquite-et-biodiversite-dans-les-alpilles\\\/101904\\\/#breadcrumb\",\"itemListElement\":[{\"@type\":\"ListItem\",\"position\":1,\"name\":\"Accueil\",\"item\":\"https:\\\/\\\/batijournal.com\\\/\"},{\"@type\":\"ListItem\",\"position\":2,\"name\":\"Actualit\u00e9s\",\"item\":\"https:\\\/\\\/batijournal.com\\\/index.php\\\/category\\\/actualites\\\/\"},{\"@type\":\"ListItem\",\"position\":3,\"name\":\"Antiquit\u00e9 et biodiversit\u00e9 dans les Alpilles\"}]},{\"@type\":\"WebSite\",\"@id\":\"https:\\\/\\\/batijournal.com\\\/#website\",\"url\":\"https:\\\/\\\/batijournal.com\\\/\",\"name\":\"Batijournal\",\"description\":\"L&#039;actualit\u00e9 du b\u00e2timent\",\"potentialAction\":[{\"@type\":\"SearchAction\",\"target\":{\"@type\":\"EntryPoint\",\"urlTemplate\":\"https:\\\/\\\/batijournal.com\\\/?s={search_term_string}\"},\"query-input\":{\"@type\":\"PropertyValueSpecification\",\"valueRequired\":true,\"valueName\":\"search_term_string\"}}],\"inLanguage\":\"fr-FR\"},{\"@type\":\"Person\",\"@id\":\"https:\\\/\\\/batijournal.com\\\/#\\\/schema\\\/person\\\/1dc96ec6957aa1ccb25ebe78bb19f100\",\"name\":\"St\u00e9phane Miget\",\"image\":{\"@type\":\"ImageObject\",\"inLanguage\":\"fr-FR\",\"@id\":\"https:\\\/\\\/secure.gravatar.com\\\/avatar\\\/89915563d925342126b8ef0281b93d9d7fc337043e8df017f780908eb9644451?s=96&d=mm&r=g\",\"url\":\"https:\\\/\\\/secure.gravatar.com\\\/avatar\\\/89915563d925342126b8ef0281b93d9d7fc337043e8df017f780908eb9644451?s=96&d=mm&r=g\",\"contentUrl\":\"https:\\\/\\\/secure.gravatar.com\\\/avatar\\\/89915563d925342126b8ef0281b93d9d7fc337043e8df017f780908eb9644451?s=96&d=mm&r=g\",\"caption\":\"St\u00e9phane Miget\"},\"url\":\"https:\\\/\\\/batijournal.com\\\/index.php\\\/author\\\/stephane\\\/\"}]}<\/script>\n<!-- \/ Yoast SEO plugin. -->","yoast_head_json":{"title":"Antiquit\u00e9 et biodiversit\u00e9 dans les Alpilles","description":"Le Centre des monuments nationaux pr\u00e9sente l\u2019exposition \u00ab Antiquit\u00e9 et Biodiversit\u00e9 dans les Alpilles \u00bb du 23 mars au 30 septembre 2019 \u00e0 Glanum","robots":{"index":"index","follow":"follow","max-snippet":"max-snippet:-1","max-image-preview":"max-image-preview:large","max-video-preview":"max-video-preview:-1"},"canonical":"https:\/\/batijournal.com\/index.php\/antiquite-et-biodiversite-dans-les-alpilles\/101904\/","og_locale":"fr_FR","og_type":"article","og_title":"Antiquit\u00e9 et biodiversit\u00e9 dans les Alpilles","og_description":"Le Centre des monuments nationaux pr\u00e9sente l\u2019exposition \u00ab Antiquit\u00e9 et Biodiversit\u00e9 dans les Alpilles \u00bb du 23 mars au 30 septembre 2019 \u00e0 Glanum","og_url":"https:\/\/batijournal.com\/index.php\/antiquite-et-biodiversite-dans-les-alpilles\/101904\/","og_site_name":"Batijournal","article_published_time":"2019-04-10T06:57:01+00:00","article_modified_time":"2019-07-15T09:14:35+00:00","og_image":[{"width":790,"height":524,"url":"https:\/\/batijournal.com\/wp-content\/uploads\/2019\/04\/lezard-ocelle-glanum-lpo-alpilles.png","type":"image\/png"}],"author":"St\u00e9phane Miget","twitter_card":"summary_large_image","twitter_creator":"@bati_journal","twitter_site":"@bati_journal","twitter_misc":{"\u00c9crit par":"St\u00e9phane Miget","Dur\u00e9e de lecture estim\u00e9e":"1 minute"},"schema":{"@context":"https:\/\/schema.org","@graph":[{"@type":"Article","@id":"https:\/\/batijournal.com\/index.php\/antiquite-et-biodiversite-dans-les-alpilles\/101904\/#article","isPartOf":{"@id":"https:\/\/batijournal.com\/index.php\/antiquite-et-biodiversite-dans-les-alpilles\/101904\/"},"author":{"name":"St\u00e9phane Miget","@id":"https:\/\/batijournal.com\/#\/schema\/person\/1dc96ec6957aa1ccb25ebe78bb19f100"},"headline":"Antiquit\u00e9 et biodiversit\u00e9 dans les Alpilles","datePublished":"2019-04-10T06:57:01+00:00","dateModified":"2019-07-15T09:14:35+00:00","mainEntityOfPage":{"@id":"https:\/\/batijournal.com\/index.php\/antiquite-et-biodiversite-dans-les-alpilles\/101904\/"},"wordCount":148,"image":{"@id":"https:\/\/batijournal.com\/index.php\/antiquite-et-biodiversite-dans-les-alpilles\/101904\/#primaryimage"},"thumbnailUrl":"https:\/\/batijournal.com\/wp-content\/uploads\/2019\/04\/lezard-ocelle-glanum-lpo-alpilles.png","keywords":["biodiversit\u00e9"],"articleSection":["Actualit\u00e9s","Architecture &amp; Conception","zz_Atrium Patrimoine"],"inLanguage":"fr-FR"},{"@type":"WebPage","@id":"https:\/\/batijournal.com\/index.php\/antiquite-et-biodiversite-dans-les-alpilles\/101904\/","url":"https:\/\/batijournal.com\/index.php\/antiquite-et-biodiversite-dans-les-alpilles\/101904\/","name":"Antiquit\u00e9 et biodiversit\u00e9 dans les Alpilles","isPartOf":{"@id":"https:\/\/batijournal.com\/#website"},"primaryImageOfPage":{"@id":"https:\/\/batijournal.com\/index.php\/antiquite-et-biodiversite-dans-les-alpilles\/101904\/#primaryimage"},"image":{"@id":"https:\/\/batijournal.com\/index.php\/antiquite-et-biodiversite-dans-les-alpilles\/101904\/#primaryimage"},"thumbnailUrl":"https:\/\/batijournal.com\/wp-content\/uploads\/2019\/04\/lezard-ocelle-glanum-lpo-alpilles.png","datePublished":"2019-04-10T06:57:01+00:00","dateModified":"2019-07-15T09:14:35+00:00","author":{"@id":"https:\/\/batijournal.com\/#\/schema\/person\/1dc96ec6957aa1ccb25ebe78bb19f100"},"description":"Le Centre des monuments nationaux pr\u00e9sente l\u2019exposition \u00ab Antiquit\u00e9 et Biodiversit\u00e9 dans les Alpilles \u00bb du 23 mars au 30 septembre 2019 \u00e0 Glanum","breadcrumb":{"@id":"https:\/\/batijournal.com\/index.php\/antiquite-et-biodiversite-dans-les-alpilles\/101904\/#breadcrumb"},"inLanguage":"fr-FR","potentialAction":[{"@type":"ReadAction","target":["https:\/\/batijournal.com\/index.php\/antiquite-et-biodiversite-dans-les-alpilles\/101904\/"]}]},{"@type":"ImageObject","inLanguage":"fr-FR","@id":"https:\/\/batijournal.com\/index.php\/antiquite-et-biodiversite-dans-les-alpilles\/101904\/#primaryimage","url":"https:\/\/batijournal.com\/wp-content\/uploads\/2019\/04\/lezard-ocelle-glanum-lpo-alpilles.png","contentUrl":"https:\/\/batijournal.com\/wp-content\/uploads\/2019\/04\/lezard-ocelle-glanum-lpo-alpilles.png","width":790,"height":524},{"@type":"BreadcrumbList","@id":"https:\/\/batijournal.com\/index.php\/antiquite-et-biodiversite-dans-les-alpilles\/101904\/#breadcrumb","itemListElement":[{"@type":"ListItem","position":1,"name":"Accueil","item":"https:\/\/batijournal.com\/"},{"@type":"ListItem","position":2,"name":"Actualit\u00e9s","item":"https:\/\/batijournal.com\/index.php\/category\/actualites\/"},{"@type":"ListItem","position":3,"name":"Antiquit\u00e9 et biodiversit\u00e9 dans les Alpilles"}]},{"@type":"WebSite","@id":"https:\/\/batijournal.com\/#website","url":"https:\/\/batijournal.com\/","name":"Batijournal","description":"L&#039;actualit\u00e9 du b\u00e2timent","potentialAction":[{"@type":"SearchAction","target":{"@type":"EntryPoint","urlTemplate":"https:\/\/batijournal.com\/?s={search_term_string}"},"query-input":{"@type":"PropertyValueSpecification","valueRequired":true,"valueName":"search_term_string"}}],"inLanguage":"fr-FR"},{"@type":"Person","@id":"https:\/\/batijournal.com\/#\/schema\/person\/1dc96ec6957aa1ccb25ebe78bb19f100","name":"St\u00e9phane Miget","image":{"@type":"ImageObject","inLanguage":"fr-FR","@id":"https:\/\/secure.gravatar.com\/avatar\/89915563d925342126b8ef0281b93d9d7fc337043e8df017f780908eb9644451?s=96&d=mm&r=g","url":"https:\/\/secure.gravatar.com\/avatar\/89915563d925342126b8ef0281b93d9d7fc337043e8df017f780908eb9644451?s=96&d=mm&r=g","contentUrl":"https:\/\/secure.gravatar.com\/avatar\/89915563d925342126b8ef0281b93d9d7fc337043e8df017f780908eb9644451?s=96&d=mm&r=g","caption":"St\u00e9phane Miget"},"url":"https:\/\/batijournal.com\/index.php\/author\/stephane\/"}]}},"_links":{"self":[{"href":"https:\/\/batijournal.com\/index.php\/wp-json\/wp\/v2\/posts\/101904","targetHints":{"allow":["GET"]}}],"collection":[{"href":"https:\/\/batijournal.com\/index.php\/wp-json\/wp\/v2\/posts"}],"about":[{"href":"https:\/\/batijournal.com\/index.php\/wp-json\/wp\/v2\/types\/post"}],"author":[{"embeddable":true,"href":"https:\/\/batijournal.com\/index.php\/wp-json\/wp\/v2\/users\/17"}],"replies":[{"embeddable":true,"href":"https:\/\/batijournal.com\/index.php\/wp-json\/wp\/v2\/comments?post=101904"}],"version-history":[{"count":0,"href":"https:\/\/batijournal.com\/index.php\/wp-json\/wp\/v2\/posts\/101904\/revisions"}],"wp:featuredmedia":[{"embeddable":true,"href":"https:\/\/batijournal.com\/index.php\/wp-json\/wp\/v2\/media\/101905"}],"wp:attachment":[{"href":"https:\/\/batijournal.com\/index.php\/wp-json\/wp\/v2\/media?parent=101904"}],"wp:term":[{"taxonomy":"category","embeddable":true,"href":"https:\/\/batijournal.com\/index.php\/wp-json\/wp\/v2\/categories?post=101904"},{"taxonomy":"post_tag","embeddable":true,"href":"https:\/\/batijournal.com\/index.php\/wp-json\/wp\/v2\/tags?post=101904"}],"curies":[{"name":"wp","href":"https:\/\/api.w.org\/{rel}","templated":true}]}}