{"id":101909,"date":"2019-04-10T09:02:05","date_gmt":"2019-04-10T07:02:05","guid":{"rendered":"https:\/\/batijournal.com\/?p=101909"},"modified":"2019-07-15T11:14:35","modified_gmt":"2019-07-15T09:14:35","slug":"10-ans-de-restauration-pour-la-collegiale-de-thann","status":"publish","type":"post","link":"https:\/\/batijournal.com\/index.php\/10-ans-de-restauration-pour-la-collegiale-de-thann\/101909\/","title":{"rendered":"10 ans de restauration pour la coll\u00e9giale de Thann"},"content":{"rendered":"<p><strong>\u00c9difi\u00e9e principalement aux XIVe et XVe si\u00e8cles, la coll\u00e9giale Saint-Thi\u00e9baud de Thann est propri\u00e9t\u00e9 de la ville. Sa fl\u00e8che, de 78 m, est achev\u00e9e, en 1516, par l&rsquo;architecte R\u00e9mi Faesch. Class\u00e9e au titre des Monuments historiques depuis 1841, elle pr\u00e9sente une grande finesse de dessin et notamment des tra\u00e7ages raffin\u00e9s, t\u00e9moins des derniers feux du gothique rh\u00e9nan et a tr\u00e8s rapidement \u00e9t\u00e9 reconnue comme un chef d\u2019\u0153uvre de l\u2019architecture gothique. Les vitraux et une grande partie de la statuaire d&rsquo;origine sont toujours en place. Cette statuaire, de m\u00eame que les portails conservent des traces de polychromie ancienne.<\/strong><\/p>\n<p>Depuis 2008, la Fondation pour la sauvegarde de la coll\u00e9giale de Thann a r\u00e9colt\u00e9 plus d\u20191 million d\u2019euros au titre du m\u00e9c\u00e9nat (1 170 770 \u20ac), dont 733 500 \u20ac ont \u00e9t\u00e9 allou\u00e9s \u00e0 la Ville de Thann pour la restauration de la coll\u00e9giale. Depuis fin 2015, les travaux d&rsquo;urgence sont r\u00e9alis\u00e9s et des campagnes de restauration engag\u00e9es. La DRAC Grand Est a soutenu les travaux de sauvetage et de restauration au cours de ces dix derni\u00e8res ann\u00e9es \u00e0 hauteur de 1,1 million d\u2019euros (1 110 767 \u20ac), avec notamment la restauration du beffroi de la tour Nord en 2008, la tour octogonale en 2009, la protection des verri\u00e8res du chevet en 2010, la restauration des parements int\u00e9rieurs de la nef et du ch\u0153ur en 2016 et aujourd\u2019hui la restauration du portail Nord.<\/p>\n<p>Les travaux sont suivis par l\u2019Architecte en chef des monuments historiques (ACMH), Richard Duplat. Les op\u00e9rations actuellement conduites portent sur le portail Nord et la pile de contrefort, dont l&rsquo;appareil et la statuaire sont en mauvais \u00e9tat, mais o\u00f9 subsistent de nombreux reliquats de polychromie. Des protocoles de nettoyage (compresses, laser, micro-gommage&#8230;) et de consolidation ont \u00e9t\u00e9 mis au point par l&rsquo;ACMH, Richard Duplat, sous le contr\u00f4le de la DRAC et avec l&rsquo;assistance du comit\u00e9 scientifique. La prochaine phase de restauration envisag\u00e9e concernera la restauration du niveau sup\u00e9rieur et inf\u00e9rieur de la Tour octogonale, la restauration de la tourelle d\u2019escalier, des arcs-boutants et des pinacles d\u2019angles.<\/p>\n<p>Photo: Edouard Heinrich, Fondation pour la sauvegarde de la coll\u00e9giale de Thann<br \/>\nSource : DRAC Grand Est<\/p>\n","protected":false},"excerpt":{"rendered":"<p>\u00c9difi\u00e9e principalement aux XIVe et XVe si\u00e8cles, la coll\u00e9giale Saint-Thi\u00e9baud de Thann est propri\u00e9t\u00e9 de la ville. Sa fl\u00e8che, de 78 m, est achev\u00e9e, en 1516, par l&rsquo;architecte R\u00e9mi Faesch. Class\u00e9e au titre des Monuments historiques depuis 1841, elle pr\u00e9sente une grande finesse de dessin et notamment des tra\u00e7ages raffin\u00e9s, t\u00e9moins des derniers feux du [&hellip;]<\/p>\n","protected":false},"author":17,"featured_media":101907,"comment_status":"closed","ping_status":"closed","sticky":false,"template":"","format":"standard","meta":{"_et_pb_use_builder":"","_et_pb_old_content":"","_et_gb_content_width":"","footnotes":""},"categories":[10530,6340,10785],"tags":[6376],"class_list":["post-101909","post","type-post","status-publish","format-standard","has-post-thumbnail","hentry","category-actualites","category-architecture-conception","category-atrium","tag-monument-historique"],"yoast_head":"<!-- This site is optimized with the Yoast SEO plugin v27.4 - https:\/\/yoast.com\/product\/yoast-seo-wordpress\/ -->\n<title>10 ans de restauration pour la coll\u00e9giale de Thann<\/title>\n<meta name=\"description\" content=\"Depuis 2008, la Fondation pour la sauvegarde de la coll\u00e9giale de Thann a r\u00e9colt\u00e9 plus d\u20191 million d\u2019euros au titre du m\u00e9c\u00e9nat\" \/>\n<meta name=\"robots\" content=\"index, follow, max-snippet:-1, max-image-preview:large, max-video-preview:-1\" \/>\n<link rel=\"canonical\" href=\"https:\/\/batijournal.com\/index.php\/10-ans-de-restauration-pour-la-collegiale-de-thann\/101909\/\" \/>\n<meta property=\"og:locale\" content=\"fr_FR\" \/>\n<meta property=\"og:type\" content=\"article\" \/>\n<meta property=\"og:title\" content=\"10 ans de restauration pour la coll\u00e9giale de Thann\" \/>\n<meta property=\"og:description\" content=\"Depuis 2008, la Fondation pour la sauvegarde de la coll\u00e9giale de Thann a r\u00e9colt\u00e9 plus d\u20191 million d\u2019euros au titre du m\u00e9c\u00e9nat\" \/>\n<meta property=\"og:url\" content=\"https:\/\/batijournal.com\/index.php\/10-ans-de-restauration-pour-la-collegiale-de-thann\/101909\/\" \/>\n<meta property=\"og:site_name\" content=\"Batijournal\" \/>\n<meta property=\"article:published_time\" content=\"2019-04-10T07:02:05+00:00\" \/>\n<meta property=\"article:modified_time\" content=\"2019-07-15T09:14:35+00:00\" \/>\n<meta property=\"og:image\" content=\"https:\/\/batijournal.com\/wp-content\/uploads\/2019\/04\/Collegiale-de-Thann.jpg\" \/>\n\t<meta property=\"og:image:width\" content=\"766\" \/>\n\t<meta property=\"og:image:height\" content=\"431\" \/>\n\t<meta property=\"og:image:type\" content=\"image\/jpeg\" \/>\n<meta name=\"author\" content=\"St\u00e9phane Miget\" \/>\n<meta name=\"twitter:card\" content=\"summary_large_image\" \/>\n<meta name=\"twitter:creator\" content=\"@bati_journal\" \/>\n<meta name=\"twitter:site\" content=\"@bati_journal\" \/>\n<meta name=\"twitter:label1\" content=\"\u00c9crit par\" \/>\n\t<meta name=\"twitter:data1\" content=\"St\u00e9phane Miget\" \/>\n\t<meta name=\"twitter:label2\" content=\"Dur\u00e9e de lecture estim\u00e9e\" \/>\n\t<meta name=\"twitter:data2\" content=\"2 minutes\" \/>\n<script type=\"application\/ld+json\" class=\"yoast-schema-graph\">{\"@context\":\"https:\\\/\\\/schema.org\",\"@graph\":[{\"@type\":\"Article\",\"@id\":\"https:\\\/\\\/batijournal.com\\\/index.php\\\/10-ans-de-restauration-pour-la-collegiale-de-thann\\\/101909\\\/#article\",\"isPartOf\":{\"@id\":\"https:\\\/\\\/batijournal.com\\\/index.php\\\/10-ans-de-restauration-pour-la-collegiale-de-thann\\\/101909\\\/\"},\"author\":{\"name\":\"St\u00e9phane Miget\",\"@id\":\"https:\\\/\\\/batijournal.com\\\/#\\\/schema\\\/person\\\/1dc96ec6957aa1ccb25ebe78bb19f100\"},\"headline\":\"10 ans de restauration pour la coll\u00e9giale de Thann\",\"datePublished\":\"2019-04-10T07:02:05+00:00\",\"dateModified\":\"2019-07-15T09:14:35+00:00\",\"mainEntityOfPage\":{\"@id\":\"https:\\\/\\\/batijournal.com\\\/index.php\\\/10-ans-de-restauration-pour-la-collegiale-de-thann\\\/101909\\\/\"},\"wordCount\":388,\"image\":{\"@id\":\"https:\\\/\\\/batijournal.com\\\/index.php\\\/10-ans-de-restauration-pour-la-collegiale-de-thann\\\/101909\\\/#primaryimage\"},\"thumbnailUrl\":\"https:\\\/\\\/batijournal.com\\\/wp-content\\\/uploads\\\/2019\\\/04\\\/Collegiale-de-Thann.jpg\",\"keywords\":[\"monument historique\"],\"articleSection\":[\"Actualit\u00e9s\",\"Architecture &amp; Conception\",\"zz_Atrium Patrimoine\"],\"inLanguage\":\"fr-FR\"},{\"@type\":\"WebPage\",\"@id\":\"https:\\\/\\\/batijournal.com\\\/index.php\\\/10-ans-de-restauration-pour-la-collegiale-de-thann\\\/101909\\\/\",\"url\":\"https:\\\/\\\/batijournal.com\\\/index.php\\\/10-ans-de-restauration-pour-la-collegiale-de-thann\\\/101909\\\/\",\"name\":\"10 ans de restauration pour la coll\u00e9giale de Thann\",\"isPartOf\":{\"@id\":\"https:\\\/\\\/batijournal.com\\\/#website\"},\"primaryImageOfPage\":{\"@id\":\"https:\\\/\\\/batijournal.com\\\/index.php\\\/10-ans-de-restauration-pour-la-collegiale-de-thann\\\/101909\\\/#primaryimage\"},\"image\":{\"@id\":\"https:\\\/\\\/batijournal.com\\\/index.php\\\/10-ans-de-restauration-pour-la-collegiale-de-thann\\\/101909\\\/#primaryimage\"},\"thumbnailUrl\":\"https:\\\/\\\/batijournal.com\\\/wp-content\\\/uploads\\\/2019\\\/04\\\/Collegiale-de-Thann.jpg\",\"datePublished\":\"2019-04-10T07:02:05+00:00\",\"dateModified\":\"2019-07-15T09:14:35+00:00\",\"author\":{\"@id\":\"https:\\\/\\\/batijournal.com\\\/#\\\/schema\\\/person\\\/1dc96ec6957aa1ccb25ebe78bb19f100\"},\"description\":\"Depuis 2008, la Fondation pour la sauvegarde de la coll\u00e9giale de Thann a r\u00e9colt\u00e9 plus d\u20191 million d\u2019euros au titre du m\u00e9c\u00e9nat\",\"breadcrumb\":{\"@id\":\"https:\\\/\\\/batijournal.com\\\/index.php\\\/10-ans-de-restauration-pour-la-collegiale-de-thann\\\/101909\\\/#breadcrumb\"},\"inLanguage\":\"fr-FR\",\"potentialAction\":[{\"@type\":\"ReadAction\",\"target\":[\"https:\\\/\\\/batijournal.com\\\/index.php\\\/10-ans-de-restauration-pour-la-collegiale-de-thann\\\/101909\\\/\"]}]},{\"@type\":\"ImageObject\",\"inLanguage\":\"fr-FR\",\"@id\":\"https:\\\/\\\/batijournal.com\\\/index.php\\\/10-ans-de-restauration-pour-la-collegiale-de-thann\\\/101909\\\/#primaryimage\",\"url\":\"https:\\\/\\\/batijournal.com\\\/wp-content\\\/uploads\\\/2019\\\/04\\\/Collegiale-de-Thann.jpg\",\"contentUrl\":\"https:\\\/\\\/batijournal.com\\\/wp-content\\\/uploads\\\/2019\\\/04\\\/Collegiale-de-Thann.jpg\",\"width\":766,\"height\":431},{\"@type\":\"BreadcrumbList\",\"@id\":\"https:\\\/\\\/batijournal.com\\\/index.php\\\/10-ans-de-restauration-pour-la-collegiale-de-thann\\\/101909\\\/#breadcrumb\",\"itemListElement\":[{\"@type\":\"ListItem\",\"position\":1,\"name\":\"Accueil\",\"item\":\"https:\\\/\\\/batijournal.com\\\/\"},{\"@type\":\"ListItem\",\"position\":2,\"name\":\"Actualit\u00e9s\",\"item\":\"https:\\\/\\\/batijournal.com\\\/index.php\\\/category\\\/actualites\\\/\"},{\"@type\":\"ListItem\",\"position\":3,\"name\":\"10 ans de restauration pour la coll\u00e9giale de Thann\"}]},{\"@type\":\"WebSite\",\"@id\":\"https:\\\/\\\/batijournal.com\\\/#website\",\"url\":\"https:\\\/\\\/batijournal.com\\\/\",\"name\":\"Batijournal\",\"description\":\"L&#039;actualit\u00e9 du b\u00e2timent\",\"potentialAction\":[{\"@type\":\"SearchAction\",\"target\":{\"@type\":\"EntryPoint\",\"urlTemplate\":\"https:\\\/\\\/batijournal.com\\\/?s={search_term_string}\"},\"query-input\":{\"@type\":\"PropertyValueSpecification\",\"valueRequired\":true,\"valueName\":\"search_term_string\"}}],\"inLanguage\":\"fr-FR\"},{\"@type\":\"Person\",\"@id\":\"https:\\\/\\\/batijournal.com\\\/#\\\/schema\\\/person\\\/1dc96ec6957aa1ccb25ebe78bb19f100\",\"name\":\"St\u00e9phane Miget\",\"image\":{\"@type\":\"ImageObject\",\"inLanguage\":\"fr-FR\",\"@id\":\"https:\\\/\\\/secure.gravatar.com\\\/avatar\\\/89915563d925342126b8ef0281b93d9d7fc337043e8df017f780908eb9644451?s=96&d=mm&r=g\",\"url\":\"https:\\\/\\\/secure.gravatar.com\\\/avatar\\\/89915563d925342126b8ef0281b93d9d7fc337043e8df017f780908eb9644451?s=96&d=mm&r=g\",\"contentUrl\":\"https:\\\/\\\/secure.gravatar.com\\\/avatar\\\/89915563d925342126b8ef0281b93d9d7fc337043e8df017f780908eb9644451?s=96&d=mm&r=g\",\"caption\":\"St\u00e9phane Miget\"},\"url\":\"https:\\\/\\\/batijournal.com\\\/index.php\\\/author\\\/stephane\\\/\"}]}<\/script>\n<!-- \/ Yoast SEO plugin. -->","yoast_head_json":{"title":"10 ans de restauration pour la coll\u00e9giale de Thann","description":"Depuis 2008, la Fondation pour la sauvegarde de la coll\u00e9giale de Thann a r\u00e9colt\u00e9 plus d\u20191 million d\u2019euros au titre du m\u00e9c\u00e9nat","robots":{"index":"index","follow":"follow","max-snippet":"max-snippet:-1","max-image-preview":"max-image-preview:large","max-video-preview":"max-video-preview:-1"},"canonical":"https:\/\/batijournal.com\/index.php\/10-ans-de-restauration-pour-la-collegiale-de-thann\/101909\/","og_locale":"fr_FR","og_type":"article","og_title":"10 ans de restauration pour la coll\u00e9giale de Thann","og_description":"Depuis 2008, la Fondation pour la sauvegarde de la coll\u00e9giale de Thann a r\u00e9colt\u00e9 plus d\u20191 million d\u2019euros au titre du m\u00e9c\u00e9nat","og_url":"https:\/\/batijournal.com\/index.php\/10-ans-de-restauration-pour-la-collegiale-de-thann\/101909\/","og_site_name":"Batijournal","article_published_time":"2019-04-10T07:02:05+00:00","article_modified_time":"2019-07-15T09:14:35+00:00","og_image":[{"width":766,"height":431,"url":"https:\/\/batijournal.com\/wp-content\/uploads\/2019\/04\/Collegiale-de-Thann.jpg","type":"image\/jpeg"}],"author":"St\u00e9phane Miget","twitter_card":"summary_large_image","twitter_creator":"@bati_journal","twitter_site":"@bati_journal","twitter_misc":{"\u00c9crit par":"St\u00e9phane Miget","Dur\u00e9e de lecture estim\u00e9e":"2 minutes"},"schema":{"@context":"https:\/\/schema.org","@graph":[{"@type":"Article","@id":"https:\/\/batijournal.com\/index.php\/10-ans-de-restauration-pour-la-collegiale-de-thann\/101909\/#article","isPartOf":{"@id":"https:\/\/batijournal.com\/index.php\/10-ans-de-restauration-pour-la-collegiale-de-thann\/101909\/"},"author":{"name":"St\u00e9phane Miget","@id":"https:\/\/batijournal.com\/#\/schema\/person\/1dc96ec6957aa1ccb25ebe78bb19f100"},"headline":"10 ans de restauration pour la coll\u00e9giale de Thann","datePublished":"2019-04-10T07:02:05+00:00","dateModified":"2019-07-15T09:14:35+00:00","mainEntityOfPage":{"@id":"https:\/\/batijournal.com\/index.php\/10-ans-de-restauration-pour-la-collegiale-de-thann\/101909\/"},"wordCount":388,"image":{"@id":"https:\/\/batijournal.com\/index.php\/10-ans-de-restauration-pour-la-collegiale-de-thann\/101909\/#primaryimage"},"thumbnailUrl":"https:\/\/batijournal.com\/wp-content\/uploads\/2019\/04\/Collegiale-de-Thann.jpg","keywords":["monument historique"],"articleSection":["Actualit\u00e9s","Architecture &amp; Conception","zz_Atrium Patrimoine"],"inLanguage":"fr-FR"},{"@type":"WebPage","@id":"https:\/\/batijournal.com\/index.php\/10-ans-de-restauration-pour-la-collegiale-de-thann\/101909\/","url":"https:\/\/batijournal.com\/index.php\/10-ans-de-restauration-pour-la-collegiale-de-thann\/101909\/","name":"10 ans de restauration pour la coll\u00e9giale de Thann","isPartOf":{"@id":"https:\/\/batijournal.com\/#website"},"primaryImageOfPage":{"@id":"https:\/\/batijournal.com\/index.php\/10-ans-de-restauration-pour-la-collegiale-de-thann\/101909\/#primaryimage"},"image":{"@id":"https:\/\/batijournal.com\/index.php\/10-ans-de-restauration-pour-la-collegiale-de-thann\/101909\/#primaryimage"},"thumbnailUrl":"https:\/\/batijournal.com\/wp-content\/uploads\/2019\/04\/Collegiale-de-Thann.jpg","datePublished":"2019-04-10T07:02:05+00:00","dateModified":"2019-07-15T09:14:35+00:00","author":{"@id":"https:\/\/batijournal.com\/#\/schema\/person\/1dc96ec6957aa1ccb25ebe78bb19f100"},"description":"Depuis 2008, la Fondation pour la sauvegarde de la coll\u00e9giale de Thann a r\u00e9colt\u00e9 plus d\u20191 million d\u2019euros au titre du m\u00e9c\u00e9nat","breadcrumb":{"@id":"https:\/\/batijournal.com\/index.php\/10-ans-de-restauration-pour-la-collegiale-de-thann\/101909\/#breadcrumb"},"inLanguage":"fr-FR","potentialAction":[{"@type":"ReadAction","target":["https:\/\/batijournal.com\/index.php\/10-ans-de-restauration-pour-la-collegiale-de-thann\/101909\/"]}]},{"@type":"ImageObject","inLanguage":"fr-FR","@id":"https:\/\/batijournal.com\/index.php\/10-ans-de-restauration-pour-la-collegiale-de-thann\/101909\/#primaryimage","url":"https:\/\/batijournal.com\/wp-content\/uploads\/2019\/04\/Collegiale-de-Thann.jpg","contentUrl":"https:\/\/batijournal.com\/wp-content\/uploads\/2019\/04\/Collegiale-de-Thann.jpg","width":766,"height":431},{"@type":"BreadcrumbList","@id":"https:\/\/batijournal.com\/index.php\/10-ans-de-restauration-pour-la-collegiale-de-thann\/101909\/#breadcrumb","itemListElement":[{"@type":"ListItem","position":1,"name":"Accueil","item":"https:\/\/batijournal.com\/"},{"@type":"ListItem","position":2,"name":"Actualit\u00e9s","item":"https:\/\/batijournal.com\/index.php\/category\/actualites\/"},{"@type":"ListItem","position":3,"name":"10 ans de restauration pour la coll\u00e9giale de Thann"}]},{"@type":"WebSite","@id":"https:\/\/batijournal.com\/#website","url":"https:\/\/batijournal.com\/","name":"Batijournal","description":"L&#039;actualit\u00e9 du b\u00e2timent","potentialAction":[{"@type":"SearchAction","target":{"@type":"EntryPoint","urlTemplate":"https:\/\/batijournal.com\/?s={search_term_string}"},"query-input":{"@type":"PropertyValueSpecification","valueRequired":true,"valueName":"search_term_string"}}],"inLanguage":"fr-FR"},{"@type":"Person","@id":"https:\/\/batijournal.com\/#\/schema\/person\/1dc96ec6957aa1ccb25ebe78bb19f100","name":"St\u00e9phane Miget","image":{"@type":"ImageObject","inLanguage":"fr-FR","@id":"https:\/\/secure.gravatar.com\/avatar\/89915563d925342126b8ef0281b93d9d7fc337043e8df017f780908eb9644451?s=96&d=mm&r=g","url":"https:\/\/secure.gravatar.com\/avatar\/89915563d925342126b8ef0281b93d9d7fc337043e8df017f780908eb9644451?s=96&d=mm&r=g","contentUrl":"https:\/\/secure.gravatar.com\/avatar\/89915563d925342126b8ef0281b93d9d7fc337043e8df017f780908eb9644451?s=96&d=mm&r=g","caption":"St\u00e9phane Miget"},"url":"https:\/\/batijournal.com\/index.php\/author\/stephane\/"}]}},"_links":{"self":[{"href":"https:\/\/batijournal.com\/index.php\/wp-json\/wp\/v2\/posts\/101909","targetHints":{"allow":["GET"]}}],"collection":[{"href":"https:\/\/batijournal.com\/index.php\/wp-json\/wp\/v2\/posts"}],"about":[{"href":"https:\/\/batijournal.com\/index.php\/wp-json\/wp\/v2\/types\/post"}],"author":[{"embeddable":true,"href":"https:\/\/batijournal.com\/index.php\/wp-json\/wp\/v2\/users\/17"}],"replies":[{"embeddable":true,"href":"https:\/\/batijournal.com\/index.php\/wp-json\/wp\/v2\/comments?post=101909"}],"version-history":[{"count":0,"href":"https:\/\/batijournal.com\/index.php\/wp-json\/wp\/v2\/posts\/101909\/revisions"}],"wp:featuredmedia":[{"embeddable":true,"href":"https:\/\/batijournal.com\/index.php\/wp-json\/wp\/v2\/media\/101907"}],"wp:attachment":[{"href":"https:\/\/batijournal.com\/index.php\/wp-json\/wp\/v2\/media?parent=101909"}],"wp:term":[{"taxonomy":"category","embeddable":true,"href":"https:\/\/batijournal.com\/index.php\/wp-json\/wp\/v2\/categories?post=101909"},{"taxonomy":"post_tag","embeddable":true,"href":"https:\/\/batijournal.com\/index.php\/wp-json\/wp\/v2\/tags?post=101909"}],"curies":[{"name":"wp","href":"https:\/\/api.w.org\/{rel}","templated":true}]}}