{"id":101910,"date":"2019-04-11T11:07:18","date_gmt":"2019-04-11T09:07:18","guid":{"rendered":"https:\/\/batijournal.com\/?p=101910"},"modified":"2019-07-15T11:26:43","modified_gmt":"2019-07-15T09:26:43","slug":"le-nouveau-centre-orange-a-lyon-serige-en-betons-recycles","status":"publish","type":"post","link":"https:\/\/batijournal.com\/index.php\/le-nouveau-centre-orange-a-lyon-serige-en-betons-recycles\/101910\/","title":{"rendered":"Le nouveau centre Orange \u00e0 Lyon s\u2019\u00e9rige en b\u00e9tons recycl\u00e9s"},"content":{"rendered":"<p>L\u2019agence Rh\u00f4ne Alpes Auvergne de LafargeHolcim a fourni pr\u00e8s de 11 000 m3 de b\u00e9tons recycl\u00e9s \u00e0 Eiffage Construction pour la r\u00e9alisation du nouveau si\u00e8ge r\u00e9gional d\u2019Orange qui accueillera 2000 personnes. L\u2019op\u00e9ration consiste en l\u2019extension du central t\u00e9l\u00e9phonique Lacassagne par la construction de deux nouveaux b\u00e2timents. Ils ont \u00e9t\u00e9 con\u00e7us dans la continuit\u00e9 de l\u2019ancien central t\u00e9l\u00e9phonique avec, selon la volont\u00e9 de la ma\u00eetrise d\u2019ouvrage, le respect de l\u2019\u00e9criture architecturale des ann\u00e9es 1970. Un d\u00e9fi relev\u00e9 par les deux cabinets d\u2019architectes Hubert Godet et Hardel Le Bihan Architectes qui ont imagin\u00e9 un ensemble r\u00e9pondant au cahier des charges de la ZAC Part-Dieu et de l\u2019agence d\u2019architecture et d\u2019urbanisme AUC.<\/p>\n<p>Les architectes ont cherch\u00e9 \u00e0 \u00e9tablir une couture tout en douceur pour att\u00e9nuer la volum\u00e9trie de cet immeuble aux activit\u00e9s purement tertiaires dans un environnement essentiellement r\u00e9sidentiel. Les nouveaux \u00e9difices trouvent ainsi une harmonie dans la trame homog\u00e8ne des fa\u00e7ades et les pans coup\u00e9s qui sculptent les volumes en d\u00e9gageant de larges terrasses v\u00e9g\u00e9talis\u00e9es pour les niveaux de bureaux. L\u2019ensemble forme un volume singulier et un rep\u00e8re fort marquant l\u2019entr\u00e9e du quartier de la Part-Dieu.<\/p>\n<p>Ce chantier majeur du secteur de la Part-Dieu constitue une deuxi\u00e8me r\u00e9f\u00e9rence nationale dans le domaine du b\u00e2timent pour la marque aggneo. LafargeHolcim s\u2019appuie sur ce dispositif d\u2019\u00e9conomie circulaire pour r\u00e9duire l\u2019extraction de ressources naturelles et limiter le d\u00e9gagement de CO2. Pour cette op\u00e9ration, 60% des b\u00e9tons livr\u00e9s int\u00e8grent dans leur formulation des granulats recycl\u00e9s. Ces b\u00e9tons, qui respectent la norme EN 206 CN sur les b\u00e9tons structuraux, sont de qualit\u00e9 similaire aux b\u00e9tons traditionnels. Ils ont \u00e9t\u00e9 choisis par Eiffage Construction pour la construction des deux nouveaux b\u00e2timents hauts de 8 \u00e9tages avec deux niveaux de sous-sol.<\/p>\n<p>&nbsp;<\/p>\n<p>Visuel : Hubert Godet et Hardel Le Bihan Architectes associ\u00e9s \u00a9Poltred<\/p>\n<p>&nbsp;<\/p>\n","protected":false},"excerpt":{"rendered":"<p>L\u2019agence Rh\u00f4ne Alpes Auvergne de LafargeHolcim a fourni pr\u00e8s de 11 000 m3 de b\u00e9tons recycl\u00e9s \u00e0 Eiffage Construction pour la r\u00e9alisation du nouveau si\u00e8ge r\u00e9gional d\u2019Orange qui accueillera 2000 personnes. L\u2019op\u00e9ration consiste en l\u2019extension du central t\u00e9l\u00e9phonique Lacassagne par la construction de deux nouveaux b\u00e2timents. Ils ont \u00e9t\u00e9 con\u00e7us dans la continuit\u00e9 de l\u2019ancien [&hellip;]<\/p>\n","protected":false},"author":17,"featured_media":101911,"comment_status":"closed","ping_status":"closed","sticky":false,"template":"","format":"standard","meta":{"_et_pb_use_builder":"","_et_pb_old_content":"","_et_gb_content_width":"","footnotes":""},"categories":[10530,6340,10771,10775,10778],"tags":[11430],"class_list":["post-101910","post","type-post","status-publish","format-standard","has-post-thumbnail","hentry","category-actualites","category-architecture-conception","category-5facades","category-actualites-5facades","category-planete","tag-economie-circulaire"],"yoast_head":"<!-- This site is optimized with the Yoast SEO plugin v27.4 - https:\/\/yoast.com\/product\/yoast-seo-wordpress\/ -->\n<title>Le nouveau centre Orange \u00e0 Lyon s\u2019\u00e9rige en b\u00e9tons recycl\u00e9s<\/title>\n<meta name=\"description\" content=\"L\u2019agence Rh\u00f4ne Alpes Auvergne de LafargeHolcim a fourni pr\u00e8s de 11 000 m3 de b\u00e9tons recycl\u00e9s \u00e0 Eiffage Construction pour le si\u00e8ge r\u00e9gional d\u2019Orange\" \/>\n<meta name=\"robots\" content=\"index, follow, max-snippet:-1, max-image-preview:large, max-video-preview:-1\" \/>\n<link rel=\"canonical\" href=\"https:\/\/batijournal.com\/index.php\/le-nouveau-centre-orange-a-lyon-serige-en-betons-recycles\/101910\/\" \/>\n<meta property=\"og:locale\" content=\"fr_FR\" \/>\n<meta property=\"og:type\" content=\"article\" \/>\n<meta property=\"og:title\" content=\"Le nouveau centre Orange \u00e0 Lyon s\u2019\u00e9rige en b\u00e9tons recycl\u00e9s\" \/>\n<meta property=\"og:description\" content=\"L\u2019agence Rh\u00f4ne Alpes Auvergne de LafargeHolcim a fourni pr\u00e8s de 11 000 m3 de b\u00e9tons recycl\u00e9s \u00e0 Eiffage Construction pour le si\u00e8ge r\u00e9gional d\u2019Orange\" \/>\n<meta property=\"og:url\" content=\"https:\/\/batijournal.com\/index.php\/le-nouveau-centre-orange-a-lyon-serige-en-betons-recycles\/101910\/\" \/>\n<meta property=\"og:site_name\" content=\"Batijournal\" \/>\n<meta property=\"article:published_time\" content=\"2019-04-11T09:07:18+00:00\" \/>\n<meta property=\"article:modified_time\" content=\"2019-07-15T09:26:43+00:00\" \/>\n<meta property=\"og:image\" content=\"https:\/\/batijournal.com\/wp-content\/uploads\/2019\/04\/campus-orange_hardel-bihan-vue-sud-ouest.jpg\" \/>\n\t<meta property=\"og:image:width\" content=\"768\" \/>\n\t<meta property=\"og:image:height\" content=\"360\" \/>\n\t<meta property=\"og:image:type\" content=\"image\/jpeg\" \/>\n<meta name=\"author\" content=\"St\u00e9phane Miget\" \/>\n<meta name=\"twitter:card\" content=\"summary_large_image\" \/>\n<meta name=\"twitter:creator\" content=\"@bati_journal\" \/>\n<meta name=\"twitter:site\" content=\"@bati_journal\" \/>\n<meta name=\"twitter:label1\" content=\"\u00c9crit par\" \/>\n\t<meta name=\"twitter:data1\" content=\"St\u00e9phane Miget\" \/>\n\t<meta name=\"twitter:label2\" content=\"Dur\u00e9e de lecture estim\u00e9e\" \/>\n\t<meta name=\"twitter:data2\" content=\"2 minutes\" \/>\n<script type=\"application\/ld+json\" class=\"yoast-schema-graph\">{\"@context\":\"https:\\\/\\\/schema.org\",\"@graph\":[{\"@type\":\"Article\",\"@id\":\"https:\\\/\\\/batijournal.com\\\/index.php\\\/le-nouveau-centre-orange-a-lyon-serige-en-betons-recycles\\\/101910\\\/#article\",\"isPartOf\":{\"@id\":\"https:\\\/\\\/batijournal.com\\\/index.php\\\/le-nouveau-centre-orange-a-lyon-serige-en-betons-recycles\\\/101910\\\/\"},\"author\":{\"name\":\"St\u00e9phane Miget\",\"@id\":\"https:\\\/\\\/batijournal.com\\\/#\\\/schema\\\/person\\\/1dc96ec6957aa1ccb25ebe78bb19f100\"},\"headline\":\"Le nouveau centre Orange \u00e0 Lyon s\u2019\u00e9rige en b\u00e9tons recycl\u00e9s\",\"datePublished\":\"2019-04-11T09:07:18+00:00\",\"dateModified\":\"2019-07-15T09:26:43+00:00\",\"mainEntityOfPage\":{\"@id\":\"https:\\\/\\\/batijournal.com\\\/index.php\\\/le-nouveau-centre-orange-a-lyon-serige-en-betons-recycles\\\/101910\\\/\"},\"wordCount\":360,\"image\":{\"@id\":\"https:\\\/\\\/batijournal.com\\\/index.php\\\/le-nouveau-centre-orange-a-lyon-serige-en-betons-recycles\\\/101910\\\/#primaryimage\"},\"thumbnailUrl\":\"https:\\\/\\\/batijournal.com\\\/wp-content\\\/uploads\\\/2019\\\/04\\\/campus-orange_hardel-bihan-vue-sud-ouest.jpg\",\"keywords\":[\"\u00e9conomie circulaire\"],\"articleSection\":[\"Actualit\u00e9s\",\"Architecture &amp; Conception\",\"zz_5fa\u00e7ades\",\"zz_Actualit\u00e9s - 5fa\u00e7ades\",\"zz_Plan\u00e8te B\u00e2timent\"],\"inLanguage\":\"fr-FR\"},{\"@type\":\"WebPage\",\"@id\":\"https:\\\/\\\/batijournal.com\\\/index.php\\\/le-nouveau-centre-orange-a-lyon-serige-en-betons-recycles\\\/101910\\\/\",\"url\":\"https:\\\/\\\/batijournal.com\\\/index.php\\\/le-nouveau-centre-orange-a-lyon-serige-en-betons-recycles\\\/101910\\\/\",\"name\":\"Le nouveau centre Orange \u00e0 Lyon s\u2019\u00e9rige en b\u00e9tons recycl\u00e9s\",\"isPartOf\":{\"@id\":\"https:\\\/\\\/batijournal.com\\\/#website\"},\"primaryImageOfPage\":{\"@id\":\"https:\\\/\\\/batijournal.com\\\/index.php\\\/le-nouveau-centre-orange-a-lyon-serige-en-betons-recycles\\\/101910\\\/#primaryimage\"},\"image\":{\"@id\":\"https:\\\/\\\/batijournal.com\\\/index.php\\\/le-nouveau-centre-orange-a-lyon-serige-en-betons-recycles\\\/101910\\\/#primaryimage\"},\"thumbnailUrl\":\"https:\\\/\\\/batijournal.com\\\/wp-content\\\/uploads\\\/2019\\\/04\\\/campus-orange_hardel-bihan-vue-sud-ouest.jpg\",\"datePublished\":\"2019-04-11T09:07:18+00:00\",\"dateModified\":\"2019-07-15T09:26:43+00:00\",\"author\":{\"@id\":\"https:\\\/\\\/batijournal.com\\\/#\\\/schema\\\/person\\\/1dc96ec6957aa1ccb25ebe78bb19f100\"},\"description\":\"L\u2019agence Rh\u00f4ne Alpes Auvergne de LafargeHolcim a fourni pr\u00e8s de 11 000 m3 de b\u00e9tons recycl\u00e9s \u00e0 Eiffage Construction pour le si\u00e8ge r\u00e9gional d\u2019Orange\",\"breadcrumb\":{\"@id\":\"https:\\\/\\\/batijournal.com\\\/index.php\\\/le-nouveau-centre-orange-a-lyon-serige-en-betons-recycles\\\/101910\\\/#breadcrumb\"},\"inLanguage\":\"fr-FR\",\"potentialAction\":[{\"@type\":\"ReadAction\",\"target\":[\"https:\\\/\\\/batijournal.com\\\/index.php\\\/le-nouveau-centre-orange-a-lyon-serige-en-betons-recycles\\\/101910\\\/\"]}]},{\"@type\":\"ImageObject\",\"inLanguage\":\"fr-FR\",\"@id\":\"https:\\\/\\\/batijournal.com\\\/index.php\\\/le-nouveau-centre-orange-a-lyon-serige-en-betons-recycles\\\/101910\\\/#primaryimage\",\"url\":\"https:\\\/\\\/batijournal.com\\\/wp-content\\\/uploads\\\/2019\\\/04\\\/campus-orange_hardel-bihan-vue-sud-ouest.jpg\",\"contentUrl\":\"https:\\\/\\\/batijournal.com\\\/wp-content\\\/uploads\\\/2019\\\/04\\\/campus-orange_hardel-bihan-vue-sud-ouest.jpg\",\"width\":768,\"height\":360},{\"@type\":\"BreadcrumbList\",\"@id\":\"https:\\\/\\\/batijournal.com\\\/index.php\\\/le-nouveau-centre-orange-a-lyon-serige-en-betons-recycles\\\/101910\\\/#breadcrumb\",\"itemListElement\":[{\"@type\":\"ListItem\",\"position\":1,\"name\":\"Accueil\",\"item\":\"https:\\\/\\\/batijournal.com\\\/\"},{\"@type\":\"ListItem\",\"position\":2,\"name\":\"Actualit\u00e9s\",\"item\":\"https:\\\/\\\/batijournal.com\\\/index.php\\\/category\\\/actualites\\\/\"},{\"@type\":\"ListItem\",\"position\":3,\"name\":\"Le nouveau centre Orange \u00e0 Lyon s\u2019\u00e9rige en b\u00e9tons recycl\u00e9s\"}]},{\"@type\":\"WebSite\",\"@id\":\"https:\\\/\\\/batijournal.com\\\/#website\",\"url\":\"https:\\\/\\\/batijournal.com\\\/\",\"name\":\"Batijournal\",\"description\":\"L&#039;actualit\u00e9 du b\u00e2timent\",\"potentialAction\":[{\"@type\":\"SearchAction\",\"target\":{\"@type\":\"EntryPoint\",\"urlTemplate\":\"https:\\\/\\\/batijournal.com\\\/?s={search_term_string}\"},\"query-input\":{\"@type\":\"PropertyValueSpecification\",\"valueRequired\":true,\"valueName\":\"search_term_string\"}}],\"inLanguage\":\"fr-FR\"},{\"@type\":\"Person\",\"@id\":\"https:\\\/\\\/batijournal.com\\\/#\\\/schema\\\/person\\\/1dc96ec6957aa1ccb25ebe78bb19f100\",\"name\":\"St\u00e9phane Miget\",\"image\":{\"@type\":\"ImageObject\",\"inLanguage\":\"fr-FR\",\"@id\":\"https:\\\/\\\/secure.gravatar.com\\\/avatar\\\/89915563d925342126b8ef0281b93d9d7fc337043e8df017f780908eb9644451?s=96&d=mm&r=g\",\"url\":\"https:\\\/\\\/secure.gravatar.com\\\/avatar\\\/89915563d925342126b8ef0281b93d9d7fc337043e8df017f780908eb9644451?s=96&d=mm&r=g\",\"contentUrl\":\"https:\\\/\\\/secure.gravatar.com\\\/avatar\\\/89915563d925342126b8ef0281b93d9d7fc337043e8df017f780908eb9644451?s=96&d=mm&r=g\",\"caption\":\"St\u00e9phane Miget\"},\"url\":\"https:\\\/\\\/batijournal.com\\\/index.php\\\/author\\\/stephane\\\/\"}]}<\/script>\n<!-- \/ Yoast SEO plugin. -->","yoast_head_json":{"title":"Le nouveau centre Orange \u00e0 Lyon s\u2019\u00e9rige en b\u00e9tons recycl\u00e9s","description":"L\u2019agence Rh\u00f4ne Alpes Auvergne de LafargeHolcim a fourni pr\u00e8s de 11 000 m3 de b\u00e9tons recycl\u00e9s \u00e0 Eiffage Construction pour le si\u00e8ge r\u00e9gional d\u2019Orange","robots":{"index":"index","follow":"follow","max-snippet":"max-snippet:-1","max-image-preview":"max-image-preview:large","max-video-preview":"max-video-preview:-1"},"canonical":"https:\/\/batijournal.com\/index.php\/le-nouveau-centre-orange-a-lyon-serige-en-betons-recycles\/101910\/","og_locale":"fr_FR","og_type":"article","og_title":"Le nouveau centre Orange \u00e0 Lyon s\u2019\u00e9rige en b\u00e9tons recycl\u00e9s","og_description":"L\u2019agence Rh\u00f4ne Alpes Auvergne de LafargeHolcim a fourni pr\u00e8s de 11 000 m3 de b\u00e9tons recycl\u00e9s \u00e0 Eiffage Construction pour le si\u00e8ge r\u00e9gional d\u2019Orange","og_url":"https:\/\/batijournal.com\/index.php\/le-nouveau-centre-orange-a-lyon-serige-en-betons-recycles\/101910\/","og_site_name":"Batijournal","article_published_time":"2019-04-11T09:07:18+00:00","article_modified_time":"2019-07-15T09:26:43+00:00","og_image":[{"width":768,"height":360,"url":"https:\/\/batijournal.com\/wp-content\/uploads\/2019\/04\/campus-orange_hardel-bihan-vue-sud-ouest.jpg","type":"image\/jpeg"}],"author":"St\u00e9phane Miget","twitter_card":"summary_large_image","twitter_creator":"@bati_journal","twitter_site":"@bati_journal","twitter_misc":{"\u00c9crit par":"St\u00e9phane Miget","Dur\u00e9e de lecture estim\u00e9e":"2 minutes"},"schema":{"@context":"https:\/\/schema.org","@graph":[{"@type":"Article","@id":"https:\/\/batijournal.com\/index.php\/le-nouveau-centre-orange-a-lyon-serige-en-betons-recycles\/101910\/#article","isPartOf":{"@id":"https:\/\/batijournal.com\/index.php\/le-nouveau-centre-orange-a-lyon-serige-en-betons-recycles\/101910\/"},"author":{"name":"St\u00e9phane Miget","@id":"https:\/\/batijournal.com\/#\/schema\/person\/1dc96ec6957aa1ccb25ebe78bb19f100"},"headline":"Le nouveau centre Orange \u00e0 Lyon s\u2019\u00e9rige en b\u00e9tons recycl\u00e9s","datePublished":"2019-04-11T09:07:18+00:00","dateModified":"2019-07-15T09:26:43+00:00","mainEntityOfPage":{"@id":"https:\/\/batijournal.com\/index.php\/le-nouveau-centre-orange-a-lyon-serige-en-betons-recycles\/101910\/"},"wordCount":360,"image":{"@id":"https:\/\/batijournal.com\/index.php\/le-nouveau-centre-orange-a-lyon-serige-en-betons-recycles\/101910\/#primaryimage"},"thumbnailUrl":"https:\/\/batijournal.com\/wp-content\/uploads\/2019\/04\/campus-orange_hardel-bihan-vue-sud-ouest.jpg","keywords":["\u00e9conomie circulaire"],"articleSection":["Actualit\u00e9s","Architecture &amp; Conception","zz_5fa\u00e7ades","zz_Actualit\u00e9s - 5fa\u00e7ades","zz_Plan\u00e8te B\u00e2timent"],"inLanguage":"fr-FR"},{"@type":"WebPage","@id":"https:\/\/batijournal.com\/index.php\/le-nouveau-centre-orange-a-lyon-serige-en-betons-recycles\/101910\/","url":"https:\/\/batijournal.com\/index.php\/le-nouveau-centre-orange-a-lyon-serige-en-betons-recycles\/101910\/","name":"Le nouveau centre Orange \u00e0 Lyon s\u2019\u00e9rige en b\u00e9tons recycl\u00e9s","isPartOf":{"@id":"https:\/\/batijournal.com\/#website"},"primaryImageOfPage":{"@id":"https:\/\/batijournal.com\/index.php\/le-nouveau-centre-orange-a-lyon-serige-en-betons-recycles\/101910\/#primaryimage"},"image":{"@id":"https:\/\/batijournal.com\/index.php\/le-nouveau-centre-orange-a-lyon-serige-en-betons-recycles\/101910\/#primaryimage"},"thumbnailUrl":"https:\/\/batijournal.com\/wp-content\/uploads\/2019\/04\/campus-orange_hardel-bihan-vue-sud-ouest.jpg","datePublished":"2019-04-11T09:07:18+00:00","dateModified":"2019-07-15T09:26:43+00:00","author":{"@id":"https:\/\/batijournal.com\/#\/schema\/person\/1dc96ec6957aa1ccb25ebe78bb19f100"},"description":"L\u2019agence Rh\u00f4ne Alpes Auvergne de LafargeHolcim a fourni pr\u00e8s de 11 000 m3 de b\u00e9tons recycl\u00e9s \u00e0 Eiffage Construction pour le si\u00e8ge r\u00e9gional d\u2019Orange","breadcrumb":{"@id":"https:\/\/batijournal.com\/index.php\/le-nouveau-centre-orange-a-lyon-serige-en-betons-recycles\/101910\/#breadcrumb"},"inLanguage":"fr-FR","potentialAction":[{"@type":"ReadAction","target":["https:\/\/batijournal.com\/index.php\/le-nouveau-centre-orange-a-lyon-serige-en-betons-recycles\/101910\/"]}]},{"@type":"ImageObject","inLanguage":"fr-FR","@id":"https:\/\/batijournal.com\/index.php\/le-nouveau-centre-orange-a-lyon-serige-en-betons-recycles\/101910\/#primaryimage","url":"https:\/\/batijournal.com\/wp-content\/uploads\/2019\/04\/campus-orange_hardel-bihan-vue-sud-ouest.jpg","contentUrl":"https:\/\/batijournal.com\/wp-content\/uploads\/2019\/04\/campus-orange_hardel-bihan-vue-sud-ouest.jpg","width":768,"height":360},{"@type":"BreadcrumbList","@id":"https:\/\/batijournal.com\/index.php\/le-nouveau-centre-orange-a-lyon-serige-en-betons-recycles\/101910\/#breadcrumb","itemListElement":[{"@type":"ListItem","position":1,"name":"Accueil","item":"https:\/\/batijournal.com\/"},{"@type":"ListItem","position":2,"name":"Actualit\u00e9s","item":"https:\/\/batijournal.com\/index.php\/category\/actualites\/"},{"@type":"ListItem","position":3,"name":"Le nouveau centre Orange \u00e0 Lyon s\u2019\u00e9rige en b\u00e9tons recycl\u00e9s"}]},{"@type":"WebSite","@id":"https:\/\/batijournal.com\/#website","url":"https:\/\/batijournal.com\/","name":"Batijournal","description":"L&#039;actualit\u00e9 du b\u00e2timent","potentialAction":[{"@type":"SearchAction","target":{"@type":"EntryPoint","urlTemplate":"https:\/\/batijournal.com\/?s={search_term_string}"},"query-input":{"@type":"PropertyValueSpecification","valueRequired":true,"valueName":"search_term_string"}}],"inLanguage":"fr-FR"},{"@type":"Person","@id":"https:\/\/batijournal.com\/#\/schema\/person\/1dc96ec6957aa1ccb25ebe78bb19f100","name":"St\u00e9phane Miget","image":{"@type":"ImageObject","inLanguage":"fr-FR","@id":"https:\/\/secure.gravatar.com\/avatar\/89915563d925342126b8ef0281b93d9d7fc337043e8df017f780908eb9644451?s=96&d=mm&r=g","url":"https:\/\/secure.gravatar.com\/avatar\/89915563d925342126b8ef0281b93d9d7fc337043e8df017f780908eb9644451?s=96&d=mm&r=g","contentUrl":"https:\/\/secure.gravatar.com\/avatar\/89915563d925342126b8ef0281b93d9d7fc337043e8df017f780908eb9644451?s=96&d=mm&r=g","caption":"St\u00e9phane Miget"},"url":"https:\/\/batijournal.com\/index.php\/author\/stephane\/"}]}},"_links":{"self":[{"href":"https:\/\/batijournal.com\/index.php\/wp-json\/wp\/v2\/posts\/101910","targetHints":{"allow":["GET"]}}],"collection":[{"href":"https:\/\/batijournal.com\/index.php\/wp-json\/wp\/v2\/posts"}],"about":[{"href":"https:\/\/batijournal.com\/index.php\/wp-json\/wp\/v2\/types\/post"}],"author":[{"embeddable":true,"href":"https:\/\/batijournal.com\/index.php\/wp-json\/wp\/v2\/users\/17"}],"replies":[{"embeddable":true,"href":"https:\/\/batijournal.com\/index.php\/wp-json\/wp\/v2\/comments?post=101910"}],"version-history":[{"count":0,"href":"https:\/\/batijournal.com\/index.php\/wp-json\/wp\/v2\/posts\/101910\/revisions"}],"wp:featuredmedia":[{"embeddable":true,"href":"https:\/\/batijournal.com\/index.php\/wp-json\/wp\/v2\/media\/101911"}],"wp:attachment":[{"href":"https:\/\/batijournal.com\/index.php\/wp-json\/wp\/v2\/media?parent=101910"}],"wp:term":[{"taxonomy":"category","embeddable":true,"href":"https:\/\/batijournal.com\/index.php\/wp-json\/wp\/v2\/categories?post=101910"},{"taxonomy":"post_tag","embeddable":true,"href":"https:\/\/batijournal.com\/index.php\/wp-json\/wp\/v2\/tags?post=101910"}],"curies":[{"name":"wp","href":"https:\/\/api.w.org\/{rel}","templated":true}]}}