{"id":101935,"date":"2019-04-15T22:26:49","date_gmt":"2019-04-15T20:26:49","guid":{"rendered":"https:\/\/batijournal.com\/?p=101935"},"modified":"2019-07-15T11:14:35","modified_gmt":"2019-07-15T09:14:35","slug":"limpensable-destruction-de-notre-dame-de-paris","status":"publish","type":"post","link":"https:\/\/batijournal.com\/index.php\/limpensable-destruction-de-notre-dame-de-paris\/101935\/","title":{"rendered":"L&rsquo;impensable destruction de Notre-Dame de Paris"},"content":{"rendered":"<p>La France est sous le choc. L&rsquo;incendie qui s&rsquo;est d\u00e9clench\u00e9 vers 18 h 50, le 15 avril 2019, dans les combles de la cath\u00e9drale Notre-Dame de Paris n&rsquo;en finit pas. L&rsquo;incendie a vraisemblablement d\u00e9marr\u00e9 \u00e0 l\u2019endroit o\u00f9 des travaux de restauration \u00e9taient en cours. La charpente historique a commenc\u00e9 par br\u00fbler, la fl\u00e8che et ses 230 tonnes de plomb se sont effondr\u00e9s peu avant 20 heures sur les vo\u00fbtes en pierre. Alors que plus de 400 sapeurs pompiers de Paris sont mobilis\u00e9s, avec 18 lances \u00e0 eau, les risques d&rsquo;effondrement de la cath\u00e9drale sont \u00e9voqu\u00e9s. Le tr\u00e9sor, qui comprend la couronne d&rsquo;\u00e9pines du Christ, a, quant \u00e0 lui, \u00e9t\u00e9 \u00e9vacu\u00e9 et sauv\u00e9.<\/p>\n<p>22h51 : la structure de Notre-Dame et ses deux tours sont pr\u00e9serv\u00e9es.<\/p>\n<p>&nbsp;<\/p>\n<p>Photo : Anna Ader<\/p>\n","protected":false},"excerpt":{"rendered":"<p>La France est sous le choc. L&rsquo;incendie qui s&rsquo;est d\u00e9clench\u00e9 vers 18 h 50, le 15 avril 2019, dans les combles de la cath\u00e9drale Notre-Dame de Paris n&rsquo;en finit pas. L&rsquo;incendie a vraisemblablement d\u00e9marr\u00e9 \u00e0 l\u2019endroit o\u00f9 des travaux de restauration \u00e9taient en cours. La charpente historique a commenc\u00e9 par br\u00fbler, la fl\u00e8che et ses [&hellip;]<\/p>\n","protected":false},"author":17,"featured_media":101929,"comment_status":"closed","ping_status":"closed","sticky":false,"template":"","format":"standard","meta":{"_et_pb_use_builder":"","_et_pb_old_content":"","_et_gb_content_width":"","footnotes":""},"categories":[10736,10530,6340,10785],"tags":[3348,6376,6842],"class_list":["post-101935","post","type-post","status-publish","format-standard","has-post-thumbnail","hentry","category-a-la-une","category-actualites","category-architecture-conception","category-atrium","tag-incendie","tag-monument-historique","tag-notre-dame-de-paris"],"yoast_head":"<!-- This site is optimized with the Yoast SEO plugin v27.4 - https:\/\/yoast.com\/product\/yoast-seo-wordpress\/ -->\n<title>L&#039;impensable destruction de Notre-Dame de Paris<\/title>\n<meta name=\"description\" content=\"La France est sous le choc. L&#039;incendie qui s&#039;est d\u00e9clench\u00e9 le 15 avril 2019 dans les combles de la cath\u00e9drale Notre-Dame de Paris n&#039;en finit pas.\" \/>\n<meta name=\"robots\" content=\"index, follow, max-snippet:-1, max-image-preview:large, max-video-preview:-1\" \/>\n<link rel=\"canonical\" href=\"https:\/\/batijournal.com\/index.php\/limpensable-destruction-de-notre-dame-de-paris\/101935\/\" \/>\n<meta property=\"og:locale\" content=\"fr_FR\" \/>\n<meta property=\"og:type\" content=\"article\" \/>\n<meta property=\"og:title\" content=\"L&#039;impensable destruction de Notre-Dame de Paris\" \/>\n<meta property=\"og:description\" content=\"La France est sous le choc. L&#039;incendie qui s&#039;est d\u00e9clench\u00e9 le 15 avril 2019 dans les combles de la cath\u00e9drale Notre-Dame de Paris n&#039;en finit pas.\" \/>\n<meta property=\"og:url\" content=\"https:\/\/batijournal.com\/index.php\/limpensable-destruction-de-notre-dame-de-paris\/101935\/\" \/>\n<meta property=\"og:site_name\" content=\"Batijournal\" \/>\n<meta property=\"article:published_time\" content=\"2019-04-15T20:26:49+00:00\" \/>\n<meta property=\"article:modified_time\" content=\"2019-07-15T09:14:35+00:00\" \/>\n<meta property=\"og:image\" content=\"https:\/\/batijournal.com\/wp-content\/uploads\/2019\/04\/Incendie-Notre-Dame-de-Paris-en-feu-15-avril-2019-6-photo-Anna-Ader.jpg\" \/>\n\t<meta property=\"og:image:width\" content=\"1200\" \/>\n\t<meta property=\"og:image:height\" content=\"999\" \/>\n\t<meta property=\"og:image:type\" content=\"image\/jpeg\" \/>\n<meta name=\"author\" content=\"St\u00e9phane Miget\" \/>\n<meta name=\"twitter:card\" content=\"summary_large_image\" \/>\n<meta name=\"twitter:creator\" content=\"@bati_journal\" \/>\n<meta name=\"twitter:site\" content=\"@bati_journal\" \/>\n<meta name=\"twitter:label1\" content=\"\u00c9crit par\" \/>\n\t<meta name=\"twitter:data1\" content=\"St\u00e9phane Miget\" \/>\n\t<meta name=\"twitter:label2\" content=\"Dur\u00e9e de lecture estim\u00e9e\" \/>\n\t<meta name=\"twitter:data2\" content=\"1 minute\" \/>\n<script type=\"application\/ld+json\" class=\"yoast-schema-graph\">{\"@context\":\"https:\\\/\\\/schema.org\",\"@graph\":[{\"@type\":\"Article\",\"@id\":\"https:\\\/\\\/batijournal.com\\\/index.php\\\/limpensable-destruction-de-notre-dame-de-paris\\\/101935\\\/#article\",\"isPartOf\":{\"@id\":\"https:\\\/\\\/batijournal.com\\\/index.php\\\/limpensable-destruction-de-notre-dame-de-paris\\\/101935\\\/\"},\"author\":{\"name\":\"St\u00e9phane Miget\",\"@id\":\"https:\\\/\\\/batijournal.com\\\/#\\\/schema\\\/person\\\/1dc96ec6957aa1ccb25ebe78bb19f100\"},\"headline\":\"L&rsquo;impensable destruction de Notre-Dame de Paris\",\"datePublished\":\"2019-04-15T20:26:49+00:00\",\"dateModified\":\"2019-07-15T09:14:35+00:00\",\"mainEntityOfPage\":{\"@id\":\"https:\\\/\\\/batijournal.com\\\/index.php\\\/limpensable-destruction-de-notre-dame-de-paris\\\/101935\\\/\"},\"wordCount\":143,\"image\":{\"@id\":\"https:\\\/\\\/batijournal.com\\\/index.php\\\/limpensable-destruction-de-notre-dame-de-paris\\\/101935\\\/#primaryimage\"},\"thumbnailUrl\":\"https:\\\/\\\/batijournal.com\\\/wp-content\\\/uploads\\\/2019\\\/04\\\/Incendie-Notre-Dame-de-Paris-en-feu-15-avril-2019-6-photo-Anna-Ader.jpg\",\"keywords\":[\"incendie\",\"monument historique\",\"notre dame de paris\"],\"articleSection\":[\"A la Une\",\"Actualit\u00e9s\",\"Architecture &amp; Conception\",\"zz_Atrium Patrimoine\"],\"inLanguage\":\"fr-FR\"},{\"@type\":\"WebPage\",\"@id\":\"https:\\\/\\\/batijournal.com\\\/index.php\\\/limpensable-destruction-de-notre-dame-de-paris\\\/101935\\\/\",\"url\":\"https:\\\/\\\/batijournal.com\\\/index.php\\\/limpensable-destruction-de-notre-dame-de-paris\\\/101935\\\/\",\"name\":\"L'impensable destruction de Notre-Dame de Paris\",\"isPartOf\":{\"@id\":\"https:\\\/\\\/batijournal.com\\\/#website\"},\"primaryImageOfPage\":{\"@id\":\"https:\\\/\\\/batijournal.com\\\/index.php\\\/limpensable-destruction-de-notre-dame-de-paris\\\/101935\\\/#primaryimage\"},\"image\":{\"@id\":\"https:\\\/\\\/batijournal.com\\\/index.php\\\/limpensable-destruction-de-notre-dame-de-paris\\\/101935\\\/#primaryimage\"},\"thumbnailUrl\":\"https:\\\/\\\/batijournal.com\\\/wp-content\\\/uploads\\\/2019\\\/04\\\/Incendie-Notre-Dame-de-Paris-en-feu-15-avril-2019-6-photo-Anna-Ader.jpg\",\"datePublished\":\"2019-04-15T20:26:49+00:00\",\"dateModified\":\"2019-07-15T09:14:35+00:00\",\"author\":{\"@id\":\"https:\\\/\\\/batijournal.com\\\/#\\\/schema\\\/person\\\/1dc96ec6957aa1ccb25ebe78bb19f100\"},\"description\":\"La France est sous le choc. L'incendie qui s'est d\u00e9clench\u00e9 le 15 avril 2019 dans les combles de la cath\u00e9drale Notre-Dame de Paris n'en finit pas.\",\"breadcrumb\":{\"@id\":\"https:\\\/\\\/batijournal.com\\\/index.php\\\/limpensable-destruction-de-notre-dame-de-paris\\\/101935\\\/#breadcrumb\"},\"inLanguage\":\"fr-FR\",\"potentialAction\":[{\"@type\":\"ReadAction\",\"target\":[\"https:\\\/\\\/batijournal.com\\\/index.php\\\/limpensable-destruction-de-notre-dame-de-paris\\\/101935\\\/\"]}]},{\"@type\":\"ImageObject\",\"inLanguage\":\"fr-FR\",\"@id\":\"https:\\\/\\\/batijournal.com\\\/index.php\\\/limpensable-destruction-de-notre-dame-de-paris\\\/101935\\\/#primaryimage\",\"url\":\"https:\\\/\\\/batijournal.com\\\/wp-content\\\/uploads\\\/2019\\\/04\\\/Incendie-Notre-Dame-de-Paris-en-feu-15-avril-2019-6-photo-Anna-Ader.jpg\",\"contentUrl\":\"https:\\\/\\\/batijournal.com\\\/wp-content\\\/uploads\\\/2019\\\/04\\\/Incendie-Notre-Dame-de-Paris-en-feu-15-avril-2019-6-photo-Anna-Ader.jpg\",\"width\":1200,\"height\":999},{\"@type\":\"BreadcrumbList\",\"@id\":\"https:\\\/\\\/batijournal.com\\\/index.php\\\/limpensable-destruction-de-notre-dame-de-paris\\\/101935\\\/#breadcrumb\",\"itemListElement\":[{\"@type\":\"ListItem\",\"position\":1,\"name\":\"Accueil\",\"item\":\"https:\\\/\\\/batijournal.com\\\/\"},{\"@type\":\"ListItem\",\"position\":2,\"name\":\"A la Une\",\"item\":\"https:\\\/\\\/batijournal.com\\\/index.php\\\/category\\\/a-la-une\\\/\"},{\"@type\":\"ListItem\",\"position\":3,\"name\":\"L&rsquo;impensable destruction de Notre-Dame de Paris\"}]},{\"@type\":\"WebSite\",\"@id\":\"https:\\\/\\\/batijournal.com\\\/#website\",\"url\":\"https:\\\/\\\/batijournal.com\\\/\",\"name\":\"Batijournal\",\"description\":\"L&#039;actualit\u00e9 du b\u00e2timent\",\"potentialAction\":[{\"@type\":\"SearchAction\",\"target\":{\"@type\":\"EntryPoint\",\"urlTemplate\":\"https:\\\/\\\/batijournal.com\\\/?s={search_term_string}\"},\"query-input\":{\"@type\":\"PropertyValueSpecification\",\"valueRequired\":true,\"valueName\":\"search_term_string\"}}],\"inLanguage\":\"fr-FR\"},{\"@type\":\"Person\",\"@id\":\"https:\\\/\\\/batijournal.com\\\/#\\\/schema\\\/person\\\/1dc96ec6957aa1ccb25ebe78bb19f100\",\"name\":\"St\u00e9phane Miget\",\"image\":{\"@type\":\"ImageObject\",\"inLanguage\":\"fr-FR\",\"@id\":\"https:\\\/\\\/secure.gravatar.com\\\/avatar\\\/89915563d925342126b8ef0281b93d9d7fc337043e8df017f780908eb9644451?s=96&d=mm&r=g\",\"url\":\"https:\\\/\\\/secure.gravatar.com\\\/avatar\\\/89915563d925342126b8ef0281b93d9d7fc337043e8df017f780908eb9644451?s=96&d=mm&r=g\",\"contentUrl\":\"https:\\\/\\\/secure.gravatar.com\\\/avatar\\\/89915563d925342126b8ef0281b93d9d7fc337043e8df017f780908eb9644451?s=96&d=mm&r=g\",\"caption\":\"St\u00e9phane Miget\"},\"url\":\"https:\\\/\\\/batijournal.com\\\/index.php\\\/author\\\/stephane\\\/\"}]}<\/script>\n<!-- \/ Yoast SEO plugin. -->","yoast_head_json":{"title":"L'impensable destruction de Notre-Dame de Paris","description":"La France est sous le choc. L'incendie qui s'est d\u00e9clench\u00e9 le 15 avril 2019 dans les combles de la cath\u00e9drale Notre-Dame de Paris n'en finit pas.","robots":{"index":"index","follow":"follow","max-snippet":"max-snippet:-1","max-image-preview":"max-image-preview:large","max-video-preview":"max-video-preview:-1"},"canonical":"https:\/\/batijournal.com\/index.php\/limpensable-destruction-de-notre-dame-de-paris\/101935\/","og_locale":"fr_FR","og_type":"article","og_title":"L'impensable destruction de Notre-Dame de Paris","og_description":"La France est sous le choc. L'incendie qui s'est d\u00e9clench\u00e9 le 15 avril 2019 dans les combles de la cath\u00e9drale Notre-Dame de Paris n'en finit pas.","og_url":"https:\/\/batijournal.com\/index.php\/limpensable-destruction-de-notre-dame-de-paris\/101935\/","og_site_name":"Batijournal","article_published_time":"2019-04-15T20:26:49+00:00","article_modified_time":"2019-07-15T09:14:35+00:00","og_image":[{"width":1200,"height":999,"url":"https:\/\/batijournal.com\/wp-content\/uploads\/2019\/04\/Incendie-Notre-Dame-de-Paris-en-feu-15-avril-2019-6-photo-Anna-Ader.jpg","type":"image\/jpeg"}],"author":"St\u00e9phane Miget","twitter_card":"summary_large_image","twitter_creator":"@bati_journal","twitter_site":"@bati_journal","twitter_misc":{"\u00c9crit par":"St\u00e9phane Miget","Dur\u00e9e de lecture estim\u00e9e":"1 minute"},"schema":{"@context":"https:\/\/schema.org","@graph":[{"@type":"Article","@id":"https:\/\/batijournal.com\/index.php\/limpensable-destruction-de-notre-dame-de-paris\/101935\/#article","isPartOf":{"@id":"https:\/\/batijournal.com\/index.php\/limpensable-destruction-de-notre-dame-de-paris\/101935\/"},"author":{"name":"St\u00e9phane Miget","@id":"https:\/\/batijournal.com\/#\/schema\/person\/1dc96ec6957aa1ccb25ebe78bb19f100"},"headline":"L&rsquo;impensable destruction de Notre-Dame de Paris","datePublished":"2019-04-15T20:26:49+00:00","dateModified":"2019-07-15T09:14:35+00:00","mainEntityOfPage":{"@id":"https:\/\/batijournal.com\/index.php\/limpensable-destruction-de-notre-dame-de-paris\/101935\/"},"wordCount":143,"image":{"@id":"https:\/\/batijournal.com\/index.php\/limpensable-destruction-de-notre-dame-de-paris\/101935\/#primaryimage"},"thumbnailUrl":"https:\/\/batijournal.com\/wp-content\/uploads\/2019\/04\/Incendie-Notre-Dame-de-Paris-en-feu-15-avril-2019-6-photo-Anna-Ader.jpg","keywords":["incendie","monument historique","notre dame de paris"],"articleSection":["A la Une","Actualit\u00e9s","Architecture &amp; Conception","zz_Atrium Patrimoine"],"inLanguage":"fr-FR"},{"@type":"WebPage","@id":"https:\/\/batijournal.com\/index.php\/limpensable-destruction-de-notre-dame-de-paris\/101935\/","url":"https:\/\/batijournal.com\/index.php\/limpensable-destruction-de-notre-dame-de-paris\/101935\/","name":"L'impensable destruction de Notre-Dame de Paris","isPartOf":{"@id":"https:\/\/batijournal.com\/#website"},"primaryImageOfPage":{"@id":"https:\/\/batijournal.com\/index.php\/limpensable-destruction-de-notre-dame-de-paris\/101935\/#primaryimage"},"image":{"@id":"https:\/\/batijournal.com\/index.php\/limpensable-destruction-de-notre-dame-de-paris\/101935\/#primaryimage"},"thumbnailUrl":"https:\/\/batijournal.com\/wp-content\/uploads\/2019\/04\/Incendie-Notre-Dame-de-Paris-en-feu-15-avril-2019-6-photo-Anna-Ader.jpg","datePublished":"2019-04-15T20:26:49+00:00","dateModified":"2019-07-15T09:14:35+00:00","author":{"@id":"https:\/\/batijournal.com\/#\/schema\/person\/1dc96ec6957aa1ccb25ebe78bb19f100"},"description":"La France est sous le choc. L'incendie qui s'est d\u00e9clench\u00e9 le 15 avril 2019 dans les combles de la cath\u00e9drale Notre-Dame de Paris n'en finit pas.","breadcrumb":{"@id":"https:\/\/batijournal.com\/index.php\/limpensable-destruction-de-notre-dame-de-paris\/101935\/#breadcrumb"},"inLanguage":"fr-FR","potentialAction":[{"@type":"ReadAction","target":["https:\/\/batijournal.com\/index.php\/limpensable-destruction-de-notre-dame-de-paris\/101935\/"]}]},{"@type":"ImageObject","inLanguage":"fr-FR","@id":"https:\/\/batijournal.com\/index.php\/limpensable-destruction-de-notre-dame-de-paris\/101935\/#primaryimage","url":"https:\/\/batijournal.com\/wp-content\/uploads\/2019\/04\/Incendie-Notre-Dame-de-Paris-en-feu-15-avril-2019-6-photo-Anna-Ader.jpg","contentUrl":"https:\/\/batijournal.com\/wp-content\/uploads\/2019\/04\/Incendie-Notre-Dame-de-Paris-en-feu-15-avril-2019-6-photo-Anna-Ader.jpg","width":1200,"height":999},{"@type":"BreadcrumbList","@id":"https:\/\/batijournal.com\/index.php\/limpensable-destruction-de-notre-dame-de-paris\/101935\/#breadcrumb","itemListElement":[{"@type":"ListItem","position":1,"name":"Accueil","item":"https:\/\/batijournal.com\/"},{"@type":"ListItem","position":2,"name":"A la Une","item":"https:\/\/batijournal.com\/index.php\/category\/a-la-une\/"},{"@type":"ListItem","position":3,"name":"L&rsquo;impensable destruction de Notre-Dame de Paris"}]},{"@type":"WebSite","@id":"https:\/\/batijournal.com\/#website","url":"https:\/\/batijournal.com\/","name":"Batijournal","description":"L&#039;actualit\u00e9 du b\u00e2timent","potentialAction":[{"@type":"SearchAction","target":{"@type":"EntryPoint","urlTemplate":"https:\/\/batijournal.com\/?s={search_term_string}"},"query-input":{"@type":"PropertyValueSpecification","valueRequired":true,"valueName":"search_term_string"}}],"inLanguage":"fr-FR"},{"@type":"Person","@id":"https:\/\/batijournal.com\/#\/schema\/person\/1dc96ec6957aa1ccb25ebe78bb19f100","name":"St\u00e9phane Miget","image":{"@type":"ImageObject","inLanguage":"fr-FR","@id":"https:\/\/secure.gravatar.com\/avatar\/89915563d925342126b8ef0281b93d9d7fc337043e8df017f780908eb9644451?s=96&d=mm&r=g","url":"https:\/\/secure.gravatar.com\/avatar\/89915563d925342126b8ef0281b93d9d7fc337043e8df017f780908eb9644451?s=96&d=mm&r=g","contentUrl":"https:\/\/secure.gravatar.com\/avatar\/89915563d925342126b8ef0281b93d9d7fc337043e8df017f780908eb9644451?s=96&d=mm&r=g","caption":"St\u00e9phane Miget"},"url":"https:\/\/batijournal.com\/index.php\/author\/stephane\/"}]}},"_links":{"self":[{"href":"https:\/\/batijournal.com\/index.php\/wp-json\/wp\/v2\/posts\/101935","targetHints":{"allow":["GET"]}}],"collection":[{"href":"https:\/\/batijournal.com\/index.php\/wp-json\/wp\/v2\/posts"}],"about":[{"href":"https:\/\/batijournal.com\/index.php\/wp-json\/wp\/v2\/types\/post"}],"author":[{"embeddable":true,"href":"https:\/\/batijournal.com\/index.php\/wp-json\/wp\/v2\/users\/17"}],"replies":[{"embeddable":true,"href":"https:\/\/batijournal.com\/index.php\/wp-json\/wp\/v2\/comments?post=101935"}],"version-history":[{"count":0,"href":"https:\/\/batijournal.com\/index.php\/wp-json\/wp\/v2\/posts\/101935\/revisions"}],"wp:featuredmedia":[{"embeddable":true,"href":"https:\/\/batijournal.com\/index.php\/wp-json\/wp\/v2\/media\/101929"}],"wp:attachment":[{"href":"https:\/\/batijournal.com\/index.php\/wp-json\/wp\/v2\/media?parent=101935"}],"wp:term":[{"taxonomy":"category","embeddable":true,"href":"https:\/\/batijournal.com\/index.php\/wp-json\/wp\/v2\/categories?post=101935"},{"taxonomy":"post_tag","embeddable":true,"href":"https:\/\/batijournal.com\/index.php\/wp-json\/wp\/v2\/tags?post=101935"}],"curies":[{"name":"wp","href":"https:\/\/api.w.org\/{rel}","templated":true}]}}