{"id":101937,"date":"2019-04-15T23:29:07","date_gmt":"2019-04-15T21:29:07","guid":{"rendered":"https:\/\/batijournal.com\/?p=101937"},"modified":"2019-07-15T11:14:34","modified_gmt":"2019-07-15T09:14:34","slug":"recemment-des-incendies-de-monuments-marquants","status":"publish","type":"post","link":"https:\/\/batijournal.com\/index.php\/recemment-des-incendies-de-monuments-marquants\/101937\/","title":{"rendered":"R\u00e9cemment, des incendies de monuments marquants"},"content":{"rendered":"<p>Dans la nuit du 4 au 5 f\u00e9vrier 1994, le Parlement de Bretagne \u00e0 Rennes a \u00e9t\u00e9 ravag\u00e9 par un gigantesque incendie provoqu\u00e9 par une fus\u00e9e de d\u00e9tresse, lanc\u00e9e par un marin-p\u00eacheur lors d&rsquo;une manifestation. La charpente et plusieurs pi\u00e8ces du b\u00e2timent avaient \u00e9t\u00e9 d\u00e9truites, des tapisseries historiques sauv\u00e9es et prot\u00e9g\u00e9es. Au lendemain du drame, une forte mobilisation avait permis de reconstruire le b\u00e2timent dont la restauration totale a \u00e9t\u00e9 r\u00e9alis\u00e9e en 10 ans avec un investissement de 55 millions d\u2019euros, financ\u00e9s par l\u2019\u00c9tat et par l\u2019Association cr\u00e9\u00e9e pour la renaissance du Parlement. Il est, actuellement, un des sites rennais les plus visit\u00e9s.<\/p>\n<p>Dans la nuit du 2 au 3 janvier 2003, un incendie a ravag\u00e9 une grande partie du ch\u00e2teau de Lun\u00e9ville, d\u00e9truisant des appartements princiers, la toiture de l&rsquo;aile sud-est et la chapelle royale. L&rsquo;effondrement des toits avait provoqu\u00e9 d&rsquo;importants \u00e9boulements de ma\u00e7onnerie. L&rsquo;association : Lun\u00e9ville, ch\u00e2teau des Lumi\u00e8res, cr\u00e9\u00e9e au lendemain du drame, a r\u00e9colt\u00e9 un million d&rsquo;euros de dons pour un co\u00fbt total estim\u00e9 des travaux de plus de 100 millions d&rsquo;euros. Le conseil g\u00e9n\u00e9ral de Meurthe-et-Moselle et le minist\u00e8re de la D\u00e9fense, copropri\u00e9taires de la partie incendi\u00e9 ont lanc\u00e9 la restauration en avril 2005. La restauration des toitures et des fa\u00e7ades a \u00e9t\u00e9 achev\u00e9e en 2011. L&rsquo;ensemble des travaux, notamment sur les pi\u00e8ces d\u00e9truites et la chapelle, devrait \u00eatre termin\u00e9 en 2023.<\/p>\n<p>&nbsp;<\/p>\n<p>&nbsp;<\/p>\n<p>Photo : Palais du parlement de Bretagne restaur\u00e9 &#8211; Guillaume Piolle &#8211; Wikim\u00e9dia<\/p>\n<p>&nbsp;<\/p>\n","protected":false},"excerpt":{"rendered":"<p>Dans la nuit du 4 au 5 f\u00e9vrier 1994, le Parlement de Bretagne \u00e0 Rennes a \u00e9t\u00e9 ravag\u00e9 par un gigantesque incendie provoqu\u00e9 par une fus\u00e9e de d\u00e9tresse, lanc\u00e9e par un marin-p\u00eacheur lors d&rsquo;une manifestation. La charpente et plusieurs pi\u00e8ces du b\u00e2timent avaient \u00e9t\u00e9 d\u00e9truites, des tapisseries historiques sauv\u00e9es et prot\u00e9g\u00e9es. Au lendemain du drame, [&hellip;]<\/p>\n","protected":false},"author":17,"featured_media":101938,"comment_status":"closed","ping_status":"closed","sticky":false,"template":"","format":"standard","meta":{"_et_pb_use_builder":"","_et_pb_old_content":"","_et_gb_content_width":"","footnotes":""},"categories":[10530,6340],"tags":[3348,6376],"class_list":["post-101937","post","type-post","status-publish","format-standard","has-post-thumbnail","hentry","category-actualites","category-architecture-conception","tag-incendie","tag-monument-historique"],"yoast_head":"<!-- This site is optimized with the Yoast SEO plugin v27.4 - https:\/\/yoast.com\/product\/yoast-seo-wordpress\/ -->\n<title>R\u00e9cemment, des incendies de monuments marquants<\/title>\n<meta name=\"description\" content=\"Dans la nuit du 4 au 5 f\u00e9vrier 1994, le Parlement de Bretagne \u00e0 Rennes a \u00e9t\u00e9 ravag\u00e9 par un gigantesque incendie provoqu\u00e9 par une fus\u00e9e de d\u00e9tresse\" \/>\n<meta name=\"robots\" content=\"index, follow, max-snippet:-1, max-image-preview:large, max-video-preview:-1\" \/>\n<link rel=\"canonical\" href=\"https:\/\/batijournal.com\/index.php\/recemment-des-incendies-de-monuments-marquants\/101937\/\" \/>\n<meta property=\"og:locale\" content=\"fr_FR\" \/>\n<meta property=\"og:type\" content=\"article\" \/>\n<meta property=\"og:title\" content=\"R\u00e9cemment, des incendies de monuments marquants\" \/>\n<meta property=\"og:description\" content=\"Dans la nuit du 4 au 5 f\u00e9vrier 1994, le Parlement de Bretagne \u00e0 Rennes a \u00e9t\u00e9 ravag\u00e9 par un gigantesque incendie provoqu\u00e9 par une fus\u00e9e de d\u00e9tresse\" \/>\n<meta property=\"og:url\" content=\"https:\/\/batijournal.com\/index.php\/recemment-des-incendies-de-monuments-marquants\/101937\/\" \/>\n<meta property=\"og:site_name\" content=\"Batijournal\" \/>\n<meta property=\"article:published_time\" content=\"2019-04-15T21:29:07+00:00\" \/>\n<meta property=\"article:modified_time\" content=\"2019-07-15T09:14:34+00:00\" \/>\n<meta property=\"og:image\" content=\"https:\/\/batijournal.com\/wp-content\/uploads\/2019\/04\/800px-Rennes_-_Parlement_de_Bretagne.jpg\" \/>\n\t<meta property=\"og:image:width\" content=\"800\" \/>\n\t<meta property=\"og:image:height\" content=\"450\" \/>\n\t<meta property=\"og:image:type\" content=\"image\/jpeg\" \/>\n<meta name=\"author\" content=\"St\u00e9phane Miget\" \/>\n<meta name=\"twitter:card\" content=\"summary_large_image\" \/>\n<meta name=\"twitter:creator\" content=\"@bati_journal\" \/>\n<meta name=\"twitter:site\" content=\"@bati_journal\" \/>\n<meta name=\"twitter:label1\" content=\"\u00c9crit par\" \/>\n\t<meta name=\"twitter:data1\" content=\"St\u00e9phane Miget\" \/>\n\t<meta name=\"twitter:label2\" content=\"Dur\u00e9e de lecture estim\u00e9e\" \/>\n\t<meta name=\"twitter:data2\" content=\"1 minute\" \/>\n<script type=\"application\/ld+json\" class=\"yoast-schema-graph\">{\"@context\":\"https:\\\/\\\/schema.org\",\"@graph\":[{\"@type\":\"Article\",\"@id\":\"https:\\\/\\\/batijournal.com\\\/index.php\\\/recemment-des-incendies-de-monuments-marquants\\\/101937\\\/#article\",\"isPartOf\":{\"@id\":\"https:\\\/\\\/batijournal.com\\\/index.php\\\/recemment-des-incendies-de-monuments-marquants\\\/101937\\\/\"},\"author\":{\"name\":\"St\u00e9phane Miget\",\"@id\":\"https:\\\/\\\/batijournal.com\\\/#\\\/schema\\\/person\\\/1dc96ec6957aa1ccb25ebe78bb19f100\"},\"headline\":\"R\u00e9cemment, des incendies de monuments marquants\",\"datePublished\":\"2019-04-15T21:29:07+00:00\",\"dateModified\":\"2019-07-15T09:14:34+00:00\",\"mainEntityOfPage\":{\"@id\":\"https:\\\/\\\/batijournal.com\\\/index.php\\\/recemment-des-incendies-de-monuments-marquants\\\/101937\\\/\"},\"wordCount\":283,\"image\":{\"@id\":\"https:\\\/\\\/batijournal.com\\\/index.php\\\/recemment-des-incendies-de-monuments-marquants\\\/101937\\\/#primaryimage\"},\"thumbnailUrl\":\"https:\\\/\\\/batijournal.com\\\/wp-content\\\/uploads\\\/2019\\\/04\\\/800px-Rennes_-_Parlement_de_Bretagne.jpg\",\"keywords\":[\"incendie\",\"monument historique\"],\"articleSection\":[\"Actualit\u00e9s\",\"Architecture &amp; Conception\"],\"inLanguage\":\"fr-FR\"},{\"@type\":\"WebPage\",\"@id\":\"https:\\\/\\\/batijournal.com\\\/index.php\\\/recemment-des-incendies-de-monuments-marquants\\\/101937\\\/\",\"url\":\"https:\\\/\\\/batijournal.com\\\/index.php\\\/recemment-des-incendies-de-monuments-marquants\\\/101937\\\/\",\"name\":\"R\u00e9cemment, des incendies de monuments marquants\",\"isPartOf\":{\"@id\":\"https:\\\/\\\/batijournal.com\\\/#website\"},\"primaryImageOfPage\":{\"@id\":\"https:\\\/\\\/batijournal.com\\\/index.php\\\/recemment-des-incendies-de-monuments-marquants\\\/101937\\\/#primaryimage\"},\"image\":{\"@id\":\"https:\\\/\\\/batijournal.com\\\/index.php\\\/recemment-des-incendies-de-monuments-marquants\\\/101937\\\/#primaryimage\"},\"thumbnailUrl\":\"https:\\\/\\\/batijournal.com\\\/wp-content\\\/uploads\\\/2019\\\/04\\\/800px-Rennes_-_Parlement_de_Bretagne.jpg\",\"datePublished\":\"2019-04-15T21:29:07+00:00\",\"dateModified\":\"2019-07-15T09:14:34+00:00\",\"author\":{\"@id\":\"https:\\\/\\\/batijournal.com\\\/#\\\/schema\\\/person\\\/1dc96ec6957aa1ccb25ebe78bb19f100\"},\"description\":\"Dans la nuit du 4 au 5 f\u00e9vrier 1994, le Parlement de Bretagne \u00e0 Rennes a \u00e9t\u00e9 ravag\u00e9 par un gigantesque incendie provoqu\u00e9 par une fus\u00e9e de d\u00e9tresse\",\"breadcrumb\":{\"@id\":\"https:\\\/\\\/batijournal.com\\\/index.php\\\/recemment-des-incendies-de-monuments-marquants\\\/101937\\\/#breadcrumb\"},\"inLanguage\":\"fr-FR\",\"potentialAction\":[{\"@type\":\"ReadAction\",\"target\":[\"https:\\\/\\\/batijournal.com\\\/index.php\\\/recemment-des-incendies-de-monuments-marquants\\\/101937\\\/\"]}]},{\"@type\":\"ImageObject\",\"inLanguage\":\"fr-FR\",\"@id\":\"https:\\\/\\\/batijournal.com\\\/index.php\\\/recemment-des-incendies-de-monuments-marquants\\\/101937\\\/#primaryimage\",\"url\":\"https:\\\/\\\/batijournal.com\\\/wp-content\\\/uploads\\\/2019\\\/04\\\/800px-Rennes_-_Parlement_de_Bretagne.jpg\",\"contentUrl\":\"https:\\\/\\\/batijournal.com\\\/wp-content\\\/uploads\\\/2019\\\/04\\\/800px-Rennes_-_Parlement_de_Bretagne.jpg\",\"width\":800,\"height\":450},{\"@type\":\"BreadcrumbList\",\"@id\":\"https:\\\/\\\/batijournal.com\\\/index.php\\\/recemment-des-incendies-de-monuments-marquants\\\/101937\\\/#breadcrumb\",\"itemListElement\":[{\"@type\":\"ListItem\",\"position\":1,\"name\":\"Accueil\",\"item\":\"https:\\\/\\\/batijournal.com\\\/\"},{\"@type\":\"ListItem\",\"position\":2,\"name\":\"Actualit\u00e9s\",\"item\":\"https:\\\/\\\/batijournal.com\\\/index.php\\\/category\\\/actualites\\\/\"},{\"@type\":\"ListItem\",\"position\":3,\"name\":\"R\u00e9cemment, des incendies de monuments marquants\"}]},{\"@type\":\"WebSite\",\"@id\":\"https:\\\/\\\/batijournal.com\\\/#website\",\"url\":\"https:\\\/\\\/batijournal.com\\\/\",\"name\":\"Batijournal\",\"description\":\"L&#039;actualit\u00e9 du b\u00e2timent\",\"potentialAction\":[{\"@type\":\"SearchAction\",\"target\":{\"@type\":\"EntryPoint\",\"urlTemplate\":\"https:\\\/\\\/batijournal.com\\\/?s={search_term_string}\"},\"query-input\":{\"@type\":\"PropertyValueSpecification\",\"valueRequired\":true,\"valueName\":\"search_term_string\"}}],\"inLanguage\":\"fr-FR\"},{\"@type\":\"Person\",\"@id\":\"https:\\\/\\\/batijournal.com\\\/#\\\/schema\\\/person\\\/1dc96ec6957aa1ccb25ebe78bb19f100\",\"name\":\"St\u00e9phane Miget\",\"image\":{\"@type\":\"ImageObject\",\"inLanguage\":\"fr-FR\",\"@id\":\"https:\\\/\\\/secure.gravatar.com\\\/avatar\\\/89915563d925342126b8ef0281b93d9d7fc337043e8df017f780908eb9644451?s=96&d=mm&r=g\",\"url\":\"https:\\\/\\\/secure.gravatar.com\\\/avatar\\\/89915563d925342126b8ef0281b93d9d7fc337043e8df017f780908eb9644451?s=96&d=mm&r=g\",\"contentUrl\":\"https:\\\/\\\/secure.gravatar.com\\\/avatar\\\/89915563d925342126b8ef0281b93d9d7fc337043e8df017f780908eb9644451?s=96&d=mm&r=g\",\"caption\":\"St\u00e9phane Miget\"},\"url\":\"https:\\\/\\\/batijournal.com\\\/index.php\\\/author\\\/stephane\\\/\"}]}<\/script>\n<!-- \/ Yoast SEO plugin. -->","yoast_head_json":{"title":"R\u00e9cemment, des incendies de monuments marquants","description":"Dans la nuit du 4 au 5 f\u00e9vrier 1994, le Parlement de Bretagne \u00e0 Rennes a \u00e9t\u00e9 ravag\u00e9 par un gigantesque incendie provoqu\u00e9 par une fus\u00e9e de d\u00e9tresse","robots":{"index":"index","follow":"follow","max-snippet":"max-snippet:-1","max-image-preview":"max-image-preview:large","max-video-preview":"max-video-preview:-1"},"canonical":"https:\/\/batijournal.com\/index.php\/recemment-des-incendies-de-monuments-marquants\/101937\/","og_locale":"fr_FR","og_type":"article","og_title":"R\u00e9cemment, des incendies de monuments marquants","og_description":"Dans la nuit du 4 au 5 f\u00e9vrier 1994, le Parlement de Bretagne \u00e0 Rennes a \u00e9t\u00e9 ravag\u00e9 par un gigantesque incendie provoqu\u00e9 par une fus\u00e9e de d\u00e9tresse","og_url":"https:\/\/batijournal.com\/index.php\/recemment-des-incendies-de-monuments-marquants\/101937\/","og_site_name":"Batijournal","article_published_time":"2019-04-15T21:29:07+00:00","article_modified_time":"2019-07-15T09:14:34+00:00","og_image":[{"width":800,"height":450,"url":"https:\/\/batijournal.com\/wp-content\/uploads\/2019\/04\/800px-Rennes_-_Parlement_de_Bretagne.jpg","type":"image\/jpeg"}],"author":"St\u00e9phane Miget","twitter_card":"summary_large_image","twitter_creator":"@bati_journal","twitter_site":"@bati_journal","twitter_misc":{"\u00c9crit par":"St\u00e9phane Miget","Dur\u00e9e de lecture estim\u00e9e":"1 minute"},"schema":{"@context":"https:\/\/schema.org","@graph":[{"@type":"Article","@id":"https:\/\/batijournal.com\/index.php\/recemment-des-incendies-de-monuments-marquants\/101937\/#article","isPartOf":{"@id":"https:\/\/batijournal.com\/index.php\/recemment-des-incendies-de-monuments-marquants\/101937\/"},"author":{"name":"St\u00e9phane Miget","@id":"https:\/\/batijournal.com\/#\/schema\/person\/1dc96ec6957aa1ccb25ebe78bb19f100"},"headline":"R\u00e9cemment, des incendies de monuments marquants","datePublished":"2019-04-15T21:29:07+00:00","dateModified":"2019-07-15T09:14:34+00:00","mainEntityOfPage":{"@id":"https:\/\/batijournal.com\/index.php\/recemment-des-incendies-de-monuments-marquants\/101937\/"},"wordCount":283,"image":{"@id":"https:\/\/batijournal.com\/index.php\/recemment-des-incendies-de-monuments-marquants\/101937\/#primaryimage"},"thumbnailUrl":"https:\/\/batijournal.com\/wp-content\/uploads\/2019\/04\/800px-Rennes_-_Parlement_de_Bretagne.jpg","keywords":["incendie","monument historique"],"articleSection":["Actualit\u00e9s","Architecture &amp; Conception"],"inLanguage":"fr-FR"},{"@type":"WebPage","@id":"https:\/\/batijournal.com\/index.php\/recemment-des-incendies-de-monuments-marquants\/101937\/","url":"https:\/\/batijournal.com\/index.php\/recemment-des-incendies-de-monuments-marquants\/101937\/","name":"R\u00e9cemment, des incendies de monuments marquants","isPartOf":{"@id":"https:\/\/batijournal.com\/#website"},"primaryImageOfPage":{"@id":"https:\/\/batijournal.com\/index.php\/recemment-des-incendies-de-monuments-marquants\/101937\/#primaryimage"},"image":{"@id":"https:\/\/batijournal.com\/index.php\/recemment-des-incendies-de-monuments-marquants\/101937\/#primaryimage"},"thumbnailUrl":"https:\/\/batijournal.com\/wp-content\/uploads\/2019\/04\/800px-Rennes_-_Parlement_de_Bretagne.jpg","datePublished":"2019-04-15T21:29:07+00:00","dateModified":"2019-07-15T09:14:34+00:00","author":{"@id":"https:\/\/batijournal.com\/#\/schema\/person\/1dc96ec6957aa1ccb25ebe78bb19f100"},"description":"Dans la nuit du 4 au 5 f\u00e9vrier 1994, le Parlement de Bretagne \u00e0 Rennes a \u00e9t\u00e9 ravag\u00e9 par un gigantesque incendie provoqu\u00e9 par une fus\u00e9e de d\u00e9tresse","breadcrumb":{"@id":"https:\/\/batijournal.com\/index.php\/recemment-des-incendies-de-monuments-marquants\/101937\/#breadcrumb"},"inLanguage":"fr-FR","potentialAction":[{"@type":"ReadAction","target":["https:\/\/batijournal.com\/index.php\/recemment-des-incendies-de-monuments-marquants\/101937\/"]}]},{"@type":"ImageObject","inLanguage":"fr-FR","@id":"https:\/\/batijournal.com\/index.php\/recemment-des-incendies-de-monuments-marquants\/101937\/#primaryimage","url":"https:\/\/batijournal.com\/wp-content\/uploads\/2019\/04\/800px-Rennes_-_Parlement_de_Bretagne.jpg","contentUrl":"https:\/\/batijournal.com\/wp-content\/uploads\/2019\/04\/800px-Rennes_-_Parlement_de_Bretagne.jpg","width":800,"height":450},{"@type":"BreadcrumbList","@id":"https:\/\/batijournal.com\/index.php\/recemment-des-incendies-de-monuments-marquants\/101937\/#breadcrumb","itemListElement":[{"@type":"ListItem","position":1,"name":"Accueil","item":"https:\/\/batijournal.com\/"},{"@type":"ListItem","position":2,"name":"Actualit\u00e9s","item":"https:\/\/batijournal.com\/index.php\/category\/actualites\/"},{"@type":"ListItem","position":3,"name":"R\u00e9cemment, des incendies de monuments marquants"}]},{"@type":"WebSite","@id":"https:\/\/batijournal.com\/#website","url":"https:\/\/batijournal.com\/","name":"Batijournal","description":"L&#039;actualit\u00e9 du b\u00e2timent","potentialAction":[{"@type":"SearchAction","target":{"@type":"EntryPoint","urlTemplate":"https:\/\/batijournal.com\/?s={search_term_string}"},"query-input":{"@type":"PropertyValueSpecification","valueRequired":true,"valueName":"search_term_string"}}],"inLanguage":"fr-FR"},{"@type":"Person","@id":"https:\/\/batijournal.com\/#\/schema\/person\/1dc96ec6957aa1ccb25ebe78bb19f100","name":"St\u00e9phane Miget","image":{"@type":"ImageObject","inLanguage":"fr-FR","@id":"https:\/\/secure.gravatar.com\/avatar\/89915563d925342126b8ef0281b93d9d7fc337043e8df017f780908eb9644451?s=96&d=mm&r=g","url":"https:\/\/secure.gravatar.com\/avatar\/89915563d925342126b8ef0281b93d9d7fc337043e8df017f780908eb9644451?s=96&d=mm&r=g","contentUrl":"https:\/\/secure.gravatar.com\/avatar\/89915563d925342126b8ef0281b93d9d7fc337043e8df017f780908eb9644451?s=96&d=mm&r=g","caption":"St\u00e9phane Miget"},"url":"https:\/\/batijournal.com\/index.php\/author\/stephane\/"}]}},"_links":{"self":[{"href":"https:\/\/batijournal.com\/index.php\/wp-json\/wp\/v2\/posts\/101937","targetHints":{"allow":["GET"]}}],"collection":[{"href":"https:\/\/batijournal.com\/index.php\/wp-json\/wp\/v2\/posts"}],"about":[{"href":"https:\/\/batijournal.com\/index.php\/wp-json\/wp\/v2\/types\/post"}],"author":[{"embeddable":true,"href":"https:\/\/batijournal.com\/index.php\/wp-json\/wp\/v2\/users\/17"}],"replies":[{"embeddable":true,"href":"https:\/\/batijournal.com\/index.php\/wp-json\/wp\/v2\/comments?post=101937"}],"version-history":[{"count":0,"href":"https:\/\/batijournal.com\/index.php\/wp-json\/wp\/v2\/posts\/101937\/revisions"}],"wp:featuredmedia":[{"embeddable":true,"href":"https:\/\/batijournal.com\/index.php\/wp-json\/wp\/v2\/media\/101938"}],"wp:attachment":[{"href":"https:\/\/batijournal.com\/index.php\/wp-json\/wp\/v2\/media?parent=101937"}],"wp:term":[{"taxonomy":"category","embeddable":true,"href":"https:\/\/batijournal.com\/index.php\/wp-json\/wp\/v2\/categories?post=101937"},{"taxonomy":"post_tag","embeddable":true,"href":"https:\/\/batijournal.com\/index.php\/wp-json\/wp\/v2\/tags?post=101937"}],"curies":[{"name":"wp","href":"https:\/\/api.w.org\/{rel}","templated":true}]}}