{"id":101941,"date":"2019-04-16T06:58:41","date_gmt":"2019-04-16T04:58:41","guid":{"rendered":"https:\/\/batijournal.com\/?p=101941"},"modified":"2019-07-15T11:14:34","modified_gmt":"2019-07-15T09:14:34","slug":"notre-dame-de-paris-cette-cathedrale-nous-la-rebatirons-tous-ensemble","status":"publish","type":"post","link":"https:\/\/batijournal.com\/index.php\/notre-dame-de-paris-cette-cathedrale-nous-la-rebatirons-tous-ensemble\/101941\/","title":{"rendered":"Notre-Dame de Paris : \u00ab\u00a0Cette cath\u00e9drale, nous la reb\u00e2tirons tous ensemble\u00a0\u00bb"},"content":{"rendered":"<p><strong>Apr\u00e8s quatre heures de lutte intense contre l&rsquo;incendie qui s&rsquo;est d\u00e9clar\u00e9 dans la charpente de la cath\u00e9drale Notre-Dame de Paris, les sapeurs pompiers ont r\u00e9ussi \u00e0 pr\u00e9server la structure de l&rsquo;\u00e9difice. Le Pr\u00e9sident de la R\u00e9publique, Emmanuel Macron, a annonc\u00e9 sa restauration, \u00ab\u00a0tous ensemble\u00a0\u00bb, ainsi qu&rsquo;une souscription nationale.<\/strong><\/p>\n<p><img loading=\"lazy\" decoding=\"async\" class=\"aligncenter wp-image-101933 size-full\" src=\"https:\/\/batijournal.com\/wp-content\/uploads\/2019\/04\/Incendie-Notre-Dame-de-Paris-en-feu-15-avril-2019-4-photo-Anna-Ader-e1555390628643.jpg\" alt=\"\" width=\"480\" height=\"640\" srcset=\"https:\/\/batijournal.com\/wp-content\/uploads\/2019\/04\/Incendie-Notre-Dame-de-Paris-en-feu-15-avril-2019-4-photo-Anna-Ader-e1555390628643.jpg 480w, https:\/\/batijournal.com\/wp-content\/uploads\/2019\/04\/Incendie-Notre-Dame-de-Paris-en-feu-15-avril-2019-4-photo-Anna-Ader-e1555390628643-113x150.jpg 113w, https:\/\/batijournal.com\/wp-content\/uploads\/2019\/04\/Incendie-Notre-Dame-de-Paris-en-feu-15-avril-2019-4-photo-Anna-Ader-e1555390628643-225x300.jpg 225w\" sizes=\"(max-width: 480px) 100vw, 480px\" \/><\/p>\n<p>L&rsquo;incendie s&rsquo;est d\u00e9clench\u00e9 vers 18 h 50, ce 15 avril 2019, dans les combles de la cath\u00e9drale Notre-Dame de Paris, au niveau des travaux de restauration qui \u00e9taient en cours. La charpente historique a commenc\u00e9 par br\u00fbler, la fl\u00e8che s&rsquo;est effondr\u00e9e peu avant 20 heures sur les vo\u00fbtes en pierre. Plus de 400 sapeurs pompiers de Paris ont \u00e9t\u00e9 mobilis\u00e9s, avec 18 lances \u00e0 eau. Ils ont fini par ma\u00eetriser l&rsquo;incendie peu avant 23 heures, pr\u00e9servant ainsi la structure et les deux tours.<\/p>\n<p><strong>La fl\u00e8che d\u00e9truite \u00e9tait en cours de restauration<\/strong><\/p>\n<p>La fl\u00e8che de la cath\u00e9drale, entour\u00e9e d&rsquo;un immense \u00e9chafaudage, faisait l&rsquo;objet d&rsquo;importants travaux de restauration lanc\u00e9s en 2018. Il s&rsquo;agissait de d\u00e9poser les 230 tonnes de sa couverture en plomb, trou\u00e9e par endroits. La charpente en ch\u00eane devait ensuite faire l&rsquo;objet d&rsquo;un diagnostic complet. Fort heureusement, les seize statues de cuivre, de 3 m de haut et de 250 kg, qui l&rsquo;entouraient avaient \u00e9t\u00e9 d\u00e9mont\u00e9es la semaine pass\u00e9e pour \u00eatre restaur\u00e9es dans un atelier.<\/p>\n<p>La cath\u00e9drale et sa fl\u00e8che avaient fait l&rsquo;objet d&rsquo;une campagne de restauration \u00e0 partir de 1843, apr\u00e8s que Victor Hugo se soit \u00e9mu de l&rsquo;\u00e9tat du monument. Viollet-le-Duc avait voulu rendre une coh\u00e9rence stylistique \u00e0 la fl\u00e8che, pas toujours av\u00e9r\u00e9e d&rsquo;un point de vue historique, m\u00eame s&rsquo;il s&rsquo;\u00e9tait appuy\u00e9 sur l&rsquo;\u00e9tude des archives et le r\u00e9sultat de fouilles. Il l&rsquo;avait restaur\u00e9 apr\u00e8s qu&rsquo;elle eut \u00e9t\u00e9 d\u00e9mont\u00e9e au XVIIIe si\u00e8cle car elle mena\u00e7ait de s&rsquo;effondrer. Il avait \u00e9galement reconstitu\u00e9 la galerie des rois disparue \u00e0 la r\u00e9volution. (source BNF)<\/p>\n<p style=\"text-align: center;\"><img loading=\"lazy\" decoding=\"async\" class=\"aligncenter size-full wp-image-101942\" src=\"https:\/\/batijournal.com\/wp-content\/uploads\/2019\/04\/fleche-cathedrale-notre-dame-de-paris-viollet-le-duc.png\" alt=\"\" width=\"475\" height=\"807\" srcset=\"https:\/\/batijournal.com\/wp-content\/uploads\/2019\/04\/fleche-cathedrale-notre-dame-de-paris-viollet-le-duc.png 475w, https:\/\/batijournal.com\/wp-content\/uploads\/2019\/04\/fleche-cathedrale-notre-dame-de-paris-viollet-le-duc-88x150.png 88w, https:\/\/batijournal.com\/wp-content\/uploads\/2019\/04\/fleche-cathedrale-notre-dame-de-paris-viollet-le-duc-177x300.png 177w\" sizes=\"(max-width: 475px) 100vw, 475px\" \/><\/p>\n<p style=\"text-align: center;\"><em>\u00c9l\u00e9vation et plans de la fl\u00e8che de Notre-Dame de Paris par Viollet-le-Duc<\/em><br \/>\n<em>Eug\u00e8ne Viollet-le-Duc &#8211; Dictionnaire raisonn\u00e9 de l\u2019architecture fran\u00e7aise du XIe au XVIe si\u00e8cle. 1866 &#8211; BNF<\/em><\/p>\n<p><strong>La \u00ab\u00a0for\u00eat\u00a0\u00bb, charpente historique a br\u00fbl\u00e9<\/strong><\/p>\n<p>La charpente en ch\u00eane, de plus de 100 m de longueur, de 13 m de largeur dans la nef, de 40 m dans le transept sur 10 m de hauteur, a \u00e9t\u00e9 d\u00e9truite. La partie la plus ancienne \u00e9tait constitu\u00e9e de ch\u00eanes abattus entre 1160 et 1170. Elle \u00e9tait appel\u00e9e \u00ab\u00a0la for\u00eat\u00a0\u00bb en raison de grand nombre de poutres qui la composaient, chaque poutre provenant d\u2019un arbre diff\u00e9rent, un total de 1300 ch\u00eanes avaient \u00e9t\u00e9 n\u00e9cessaires \u00e0 sa conception. Elle \u00e9tait compos\u00e9e de bois de moyenne section, plus l\u00e9gers, qui avaient permis la construction d&rsquo;un toit ayant une pente \u00e0 55\u00b0. La charpente des transepts et de la fl\u00e8che, elle, datait de la restauration par Viollet-le-Duc, au XVIIIe. La couverture en plomb s&rsquo;est effondr\u00e9e. Le m\u00e9tal ayant un point de fusion \u00e0 327\u00b0, il est fort probable qu&rsquo;apr\u00e8s refroidissement, une gangue de plomb recouvre une partie du plafond en pierres de Notre-Dame.<\/p>\n<p><img loading=\"lazy\" decoding=\"async\" class=\"aligncenter size-full wp-image-101934\" src=\"https:\/\/batijournal.com\/wp-content\/uploads\/2019\/04\/Incendie-Notre-Dame-de-Paris-en-feu-15-avril-2019-5-photo-Anna-Ader.jpg\" alt=\"\" width=\"640\" height=\"480\" srcset=\"https:\/\/batijournal.com\/wp-content\/uploads\/2019\/04\/Incendie-Notre-Dame-de-Paris-en-feu-15-avril-2019-5-photo-Anna-Ader.jpg 640w, https:\/\/batijournal.com\/wp-content\/uploads\/2019\/04\/Incendie-Notre-Dame-de-Paris-en-feu-15-avril-2019-5-photo-Anna-Ader-150x113.jpg 150w, https:\/\/batijournal.com\/wp-content\/uploads\/2019\/04\/Incendie-Notre-Dame-de-Paris-en-feu-15-avril-2019-5-photo-Anna-Ader-300x225.jpg 300w, https:\/\/batijournal.com\/wp-content\/uploads\/2019\/04\/Incendie-Notre-Dame-de-Paris-en-feu-15-avril-2019-5-photo-Anna-Ader-600x450.jpg 600w, https:\/\/batijournal.com\/wp-content\/uploads\/2019\/04\/Incendie-Notre-Dame-de-Paris-en-feu-15-avril-2019-5-photo-Anna-Ader-510x382.jpg 510w\" sizes=\"(max-width: 640px) 100vw, 640px\" \/><\/p>\n<p>Il faudra probablement des dizaines d&rsquo;ann\u00e9es pour reconstruire la cath\u00e9drale, trouver les ch\u00eanes n\u00e9cessaires \u00e0 la restauration de la charpente sera un challenge que la for\u00eat et les scieurs fran\u00e7ais devront relever.<\/p>\n<p>La Fondation du patrimoine a imm\u00e9diatement d\u00e9cid\u00e9 de lancer une collecte nationale pour la reconstruction de Notre-Dame de Paris sur son site internet. Faisant \u00e9cho \u00e0 l&rsquo;ampleur du drame, la collecte d\u00e9marre tr\u00e8s fort puisqu&rsquo;\u00e0 quelques heures de la catastrophe, le site de la fondation est tr\u00e8s difficilement accessible. <a href=\"https:\/\/www.fondation-patrimoine.org\/les-projets\/sauvons-notre-dame-de-paris\" target=\"_blank\" rel=\"noopener noreferrer\">https:\/\/www.fondation-patrimoine.org\/les-projets\/sauvons-notre-dame-de-paris<\/a><\/p>\n<p>Une souscription nationale est disponible :<a href=\"https:\/\/don.fondation-patrimoine.org\/SauvonsNotreDame\/~mon-don\" target=\"_blank\" rel=\"noopener noreferrer\"> https:\/\/don.fondation-patrimoine.org\/SauvonsNotreDame\/~mon-don\u00a0<\/a><\/p>\n<p><strong>La M\u00e9tropole du Grand Paris se mobilise pour la reconstruction de Notre-Dame de Paris<\/strong><\/p>\n<p class=\"p2\">Le Pr\u00e9sident de la M\u00e9tropole du Grand Paris, Patrick OLLIER, a lanc\u00e9 une mobilisation aupr\u00e8s des 131 maires de la M\u00e9tropole du Grand Paris suite au dramatique incendie qui a touch\u00e9 la nuit derni\u00e8re Notre-Dame de Paris.<\/p>\n<p class=\"p2\"><em>\u00ab Quelles que soient nos convictions religieuses, Notre-Dame de Paris fait partie du patrimoine national et la M\u00e9tropole du Grand Paris se devait de prendre une initiative pour coordonner, dans le cadre d\u2019une souscription, l\u2019action des communes de son p\u00e9rim\u00e8tre \u00bb<\/em> a d\u00e9clar\u00e9 Patrick OLLIER.<\/p>\n<p class=\"p2\">Les dons pourraient \u00eatre centralis\u00e9s par la M\u00e9tropole \u00e0 partir des d\u00e9lib\u00e9rations que prendraient les conseils municipaux, t\u00e9moignant par l\u00e0-m\u00eame de la solidarit\u00e9 de la M\u00e9tropole du Grand Paris et de ses communes pour venir en aide et sauver la cath\u00e9drale Notre-Dame.<\/p>\n<p><em>Photos : Anna Ader<\/em><\/p>\n<p><img loading=\"lazy\" decoding=\"async\" class=\"aligncenter size-full wp-image-101931\" src=\"https:\/\/batijournal.com\/wp-content\/uploads\/2019\/04\/Incendie-Notre-Dame-de-Paris-en-feu-15-avril-2019-2-photo-Anna-Ader.jpg\" alt=\"\" width=\"640\" height=\"480\" srcset=\"https:\/\/batijournal.com\/wp-content\/uploads\/2019\/04\/Incendie-Notre-Dame-de-Paris-en-feu-15-avril-2019-2-photo-Anna-Ader.jpg 640w, https:\/\/batijournal.com\/wp-content\/uploads\/2019\/04\/Incendie-Notre-Dame-de-Paris-en-feu-15-avril-2019-2-photo-Anna-Ader-150x113.jpg 150w, https:\/\/batijournal.com\/wp-content\/uploads\/2019\/04\/Incendie-Notre-Dame-de-Paris-en-feu-15-avril-2019-2-photo-Anna-Ader-300x225.jpg 300w, https:\/\/batijournal.com\/wp-content\/uploads\/2019\/04\/Incendie-Notre-Dame-de-Paris-en-feu-15-avril-2019-2-photo-Anna-Ader-600x450.jpg 600w, https:\/\/batijournal.com\/wp-content\/uploads\/2019\/04\/Incendie-Notre-Dame-de-Paris-en-feu-15-avril-2019-2-photo-Anna-Ader-510x382.jpg 510w\" sizes=\"(max-width: 640px) 100vw, 640px\" \/><\/p>\n","protected":false},"excerpt":{"rendered":"<p>Apr\u00e8s quatre heures de lutte intense contre l&rsquo;incendie qui s&rsquo;est d\u00e9clar\u00e9 dans la charpente de la cath\u00e9drale Notre-Dame de Paris, les sapeurs pompiers ont r\u00e9ussi \u00e0 pr\u00e9server la structure de l&rsquo;\u00e9difice. Le Pr\u00e9sident de la R\u00e9publique, Emmanuel Macron, a annonc\u00e9 sa restauration, \u00ab\u00a0tous ensemble\u00a0\u00bb, ainsi qu&rsquo;une souscription nationale. L&rsquo;incendie s&rsquo;est d\u00e9clench\u00e9 vers 18 h 50, [&hellip;]<\/p>\n","protected":false},"author":17,"featured_media":101930,"comment_status":"closed","ping_status":"closed","sticky":false,"template":"","format":"standard","meta":{"_et_pb_use_builder":"","_et_pb_old_content":"","_et_gb_content_width":"","footnotes":""},"categories":[10530,6340,10785],"tags":[3348,6376,6842],"class_list":["post-101941","post","type-post","status-publish","format-standard","has-post-thumbnail","hentry","category-actualites","category-architecture-conception","category-atrium","tag-incendie","tag-monument-historique","tag-notre-dame-de-paris"],"yoast_head":"<!-- This site is optimized with the Yoast SEO plugin v27.4 - https:\/\/yoast.com\/product\/yoast-seo-wordpress\/ -->\n<title>Notre-Dame de Paris : l&#039;impensable destruction de la cath\u00e9drale<\/title>\n<meta name=\"description\" content=\"Incendie dans la charpente de la cath\u00e9drale Notre-Dame de Paris, les sapeurs pompiers ont r\u00e9ussi \u00e0 pr\u00e9server la structure de l&#039;\u00e9difice\" \/>\n<meta name=\"robots\" content=\"index, follow, max-snippet:-1, max-image-preview:large, max-video-preview:-1\" \/>\n<link rel=\"canonical\" href=\"https:\/\/batijournal.com\/index.php\/notre-dame-de-paris-cette-cathedrale-nous-la-rebatirons-tous-ensemble\/101941\/\" \/>\n<meta property=\"og:locale\" content=\"fr_FR\" \/>\n<meta property=\"og:type\" content=\"article\" \/>\n<meta property=\"og:title\" content=\"Notre-Dame de Paris : l&#039;impensable destruction de la cath\u00e9drale\" \/>\n<meta property=\"og:description\" content=\"Incendie dans la charpente de la cath\u00e9drale Notre-Dame de Paris, les sapeurs pompiers ont r\u00e9ussi \u00e0 pr\u00e9server la structure de l&#039;\u00e9difice\" \/>\n<meta property=\"og:url\" content=\"https:\/\/batijournal.com\/index.php\/notre-dame-de-paris-cette-cathedrale-nous-la-rebatirons-tous-ensemble\/101941\/\" \/>\n<meta property=\"og:site_name\" content=\"Batijournal\" \/>\n<meta property=\"article:published_time\" content=\"2019-04-16T04:58:41+00:00\" \/>\n<meta property=\"article:modified_time\" content=\"2019-07-15T09:14:34+00:00\" \/>\n<meta property=\"og:image\" content=\"https:\/\/batijournal.com\/wp-content\/uploads\/2019\/04\/Incendie-Notre-Dame-de-Paris-en-feu-15-avril-2019-photo-Anna-Ader.jpg\" \/>\n\t<meta property=\"og:image:width\" content=\"640\" \/>\n\t<meta property=\"og:image:height\" content=\"480\" \/>\n\t<meta property=\"og:image:type\" content=\"image\/jpeg\" \/>\n<meta name=\"author\" content=\"St\u00e9phane Miget\" \/>\n<meta name=\"twitter:card\" content=\"summary_large_image\" \/>\n<meta name=\"twitter:creator\" content=\"@bati_journal\" \/>\n<meta name=\"twitter:site\" content=\"@bati_journal\" \/>\n<meta name=\"twitter:label1\" content=\"\u00c9crit par\" \/>\n\t<meta name=\"twitter:data1\" content=\"St\u00e9phane Miget\" \/>\n\t<meta name=\"twitter:label2\" content=\"Dur\u00e9e de lecture estim\u00e9e\" \/>\n\t<meta name=\"twitter:data2\" content=\"4 minutes\" \/>\n<script type=\"application\/ld+json\" class=\"yoast-schema-graph\">{\"@context\":\"https:\\\/\\\/schema.org\",\"@graph\":[{\"@type\":\"Article\",\"@id\":\"https:\\\/\\\/batijournal.com\\\/index.php\\\/notre-dame-de-paris-cette-cathedrale-nous-la-rebatirons-tous-ensemble\\\/101941\\\/#article\",\"isPartOf\":{\"@id\":\"https:\\\/\\\/batijournal.com\\\/index.php\\\/notre-dame-de-paris-cette-cathedrale-nous-la-rebatirons-tous-ensemble\\\/101941\\\/\"},\"author\":{\"name\":\"St\u00e9phane Miget\",\"@id\":\"https:\\\/\\\/batijournal.com\\\/#\\\/schema\\\/person\\\/1dc96ec6957aa1ccb25ebe78bb19f100\"},\"headline\":\"Notre-Dame de Paris : \u00ab\u00a0Cette cath\u00e9drale, nous la reb\u00e2tirons tous ensemble\u00a0\u00bb\",\"datePublished\":\"2019-04-16T04:58:41+00:00\",\"dateModified\":\"2019-07-15T09:14:34+00:00\",\"mainEntityOfPage\":{\"@id\":\"https:\\\/\\\/batijournal.com\\\/index.php\\\/notre-dame-de-paris-cette-cathedrale-nous-la-rebatirons-tous-ensemble\\\/101941\\\/\"},\"wordCount\":831,\"image\":{\"@id\":\"https:\\\/\\\/batijournal.com\\\/index.php\\\/notre-dame-de-paris-cette-cathedrale-nous-la-rebatirons-tous-ensemble\\\/101941\\\/#primaryimage\"},\"thumbnailUrl\":\"https:\\\/\\\/batijournal.com\\\/wp-content\\\/uploads\\\/2019\\\/04\\\/Incendie-Notre-Dame-de-Paris-en-feu-15-avril-2019-photo-Anna-Ader.jpg\",\"keywords\":[\"incendie\",\"monument historique\",\"notre dame de paris\"],\"articleSection\":[\"Actualit\u00e9s\",\"Architecture &amp; Conception\",\"zz_Atrium Patrimoine\"],\"inLanguage\":\"fr-FR\"},{\"@type\":\"WebPage\",\"@id\":\"https:\\\/\\\/batijournal.com\\\/index.php\\\/notre-dame-de-paris-cette-cathedrale-nous-la-rebatirons-tous-ensemble\\\/101941\\\/\",\"url\":\"https:\\\/\\\/batijournal.com\\\/index.php\\\/notre-dame-de-paris-cette-cathedrale-nous-la-rebatirons-tous-ensemble\\\/101941\\\/\",\"name\":\"Notre-Dame de Paris : l'impensable destruction de la cath\u00e9drale\",\"isPartOf\":{\"@id\":\"https:\\\/\\\/batijournal.com\\\/#website\"},\"primaryImageOfPage\":{\"@id\":\"https:\\\/\\\/batijournal.com\\\/index.php\\\/notre-dame-de-paris-cette-cathedrale-nous-la-rebatirons-tous-ensemble\\\/101941\\\/#primaryimage\"},\"image\":{\"@id\":\"https:\\\/\\\/batijournal.com\\\/index.php\\\/notre-dame-de-paris-cette-cathedrale-nous-la-rebatirons-tous-ensemble\\\/101941\\\/#primaryimage\"},\"thumbnailUrl\":\"https:\\\/\\\/batijournal.com\\\/wp-content\\\/uploads\\\/2019\\\/04\\\/Incendie-Notre-Dame-de-Paris-en-feu-15-avril-2019-photo-Anna-Ader.jpg\",\"datePublished\":\"2019-04-16T04:58:41+00:00\",\"dateModified\":\"2019-07-15T09:14:34+00:00\",\"author\":{\"@id\":\"https:\\\/\\\/batijournal.com\\\/#\\\/schema\\\/person\\\/1dc96ec6957aa1ccb25ebe78bb19f100\"},\"description\":\"Incendie dans la charpente de la cath\u00e9drale Notre-Dame de Paris, les sapeurs pompiers ont r\u00e9ussi \u00e0 pr\u00e9server la structure de l'\u00e9difice\",\"breadcrumb\":{\"@id\":\"https:\\\/\\\/batijournal.com\\\/index.php\\\/notre-dame-de-paris-cette-cathedrale-nous-la-rebatirons-tous-ensemble\\\/101941\\\/#breadcrumb\"},\"inLanguage\":\"fr-FR\",\"potentialAction\":[{\"@type\":\"ReadAction\",\"target\":[\"https:\\\/\\\/batijournal.com\\\/index.php\\\/notre-dame-de-paris-cette-cathedrale-nous-la-rebatirons-tous-ensemble\\\/101941\\\/\"]}]},{\"@type\":\"ImageObject\",\"inLanguage\":\"fr-FR\",\"@id\":\"https:\\\/\\\/batijournal.com\\\/index.php\\\/notre-dame-de-paris-cette-cathedrale-nous-la-rebatirons-tous-ensemble\\\/101941\\\/#primaryimage\",\"url\":\"https:\\\/\\\/batijournal.com\\\/wp-content\\\/uploads\\\/2019\\\/04\\\/Incendie-Notre-Dame-de-Paris-en-feu-15-avril-2019-photo-Anna-Ader.jpg\",\"contentUrl\":\"https:\\\/\\\/batijournal.com\\\/wp-content\\\/uploads\\\/2019\\\/04\\\/Incendie-Notre-Dame-de-Paris-en-feu-15-avril-2019-photo-Anna-Ader.jpg\",\"width\":640,\"height\":480},{\"@type\":\"BreadcrumbList\",\"@id\":\"https:\\\/\\\/batijournal.com\\\/index.php\\\/notre-dame-de-paris-cette-cathedrale-nous-la-rebatirons-tous-ensemble\\\/101941\\\/#breadcrumb\",\"itemListElement\":[{\"@type\":\"ListItem\",\"position\":1,\"name\":\"Accueil\",\"item\":\"https:\\\/\\\/batijournal.com\\\/\"},{\"@type\":\"ListItem\",\"position\":2,\"name\":\"Actualit\u00e9s\",\"item\":\"https:\\\/\\\/batijournal.com\\\/index.php\\\/category\\\/actualites\\\/\"},{\"@type\":\"ListItem\",\"position\":3,\"name\":\"Notre-Dame de Paris : \u00ab\u00a0Cette cath\u00e9drale, nous la reb\u00e2tirons tous ensemble\u00a0\u00bb\"}]},{\"@type\":\"WebSite\",\"@id\":\"https:\\\/\\\/batijournal.com\\\/#website\",\"url\":\"https:\\\/\\\/batijournal.com\\\/\",\"name\":\"Batijournal\",\"description\":\"L&#039;actualit\u00e9 du b\u00e2timent\",\"potentialAction\":[{\"@type\":\"SearchAction\",\"target\":{\"@type\":\"EntryPoint\",\"urlTemplate\":\"https:\\\/\\\/batijournal.com\\\/?s={search_term_string}\"},\"query-input\":{\"@type\":\"PropertyValueSpecification\",\"valueRequired\":true,\"valueName\":\"search_term_string\"}}],\"inLanguage\":\"fr-FR\"},{\"@type\":\"Person\",\"@id\":\"https:\\\/\\\/batijournal.com\\\/#\\\/schema\\\/person\\\/1dc96ec6957aa1ccb25ebe78bb19f100\",\"name\":\"St\u00e9phane Miget\",\"image\":{\"@type\":\"ImageObject\",\"inLanguage\":\"fr-FR\",\"@id\":\"https:\\\/\\\/secure.gravatar.com\\\/avatar\\\/89915563d925342126b8ef0281b93d9d7fc337043e8df017f780908eb9644451?s=96&d=mm&r=g\",\"url\":\"https:\\\/\\\/secure.gravatar.com\\\/avatar\\\/89915563d925342126b8ef0281b93d9d7fc337043e8df017f780908eb9644451?s=96&d=mm&r=g\",\"contentUrl\":\"https:\\\/\\\/secure.gravatar.com\\\/avatar\\\/89915563d925342126b8ef0281b93d9d7fc337043e8df017f780908eb9644451?s=96&d=mm&r=g\",\"caption\":\"St\u00e9phane Miget\"},\"url\":\"https:\\\/\\\/batijournal.com\\\/index.php\\\/author\\\/stephane\\\/\"}]}<\/script>\n<!-- \/ Yoast SEO plugin. -->","yoast_head_json":{"title":"Notre-Dame de Paris : l'impensable destruction de la cath\u00e9drale","description":"Incendie dans la charpente de la cath\u00e9drale Notre-Dame de Paris, les sapeurs pompiers ont r\u00e9ussi \u00e0 pr\u00e9server la structure de l'\u00e9difice","robots":{"index":"index","follow":"follow","max-snippet":"max-snippet:-1","max-image-preview":"max-image-preview:large","max-video-preview":"max-video-preview:-1"},"canonical":"https:\/\/batijournal.com\/index.php\/notre-dame-de-paris-cette-cathedrale-nous-la-rebatirons-tous-ensemble\/101941\/","og_locale":"fr_FR","og_type":"article","og_title":"Notre-Dame de Paris : l'impensable destruction de la cath\u00e9drale","og_description":"Incendie dans la charpente de la cath\u00e9drale Notre-Dame de Paris, les sapeurs pompiers ont r\u00e9ussi \u00e0 pr\u00e9server la structure de l'\u00e9difice","og_url":"https:\/\/batijournal.com\/index.php\/notre-dame-de-paris-cette-cathedrale-nous-la-rebatirons-tous-ensemble\/101941\/","og_site_name":"Batijournal","article_published_time":"2019-04-16T04:58:41+00:00","article_modified_time":"2019-07-15T09:14:34+00:00","og_image":[{"width":640,"height":480,"url":"https:\/\/batijournal.com\/wp-content\/uploads\/2019\/04\/Incendie-Notre-Dame-de-Paris-en-feu-15-avril-2019-photo-Anna-Ader.jpg","type":"image\/jpeg"}],"author":"St\u00e9phane Miget","twitter_card":"summary_large_image","twitter_creator":"@bati_journal","twitter_site":"@bati_journal","twitter_misc":{"\u00c9crit par":"St\u00e9phane Miget","Dur\u00e9e de lecture estim\u00e9e":"4 minutes"},"schema":{"@context":"https:\/\/schema.org","@graph":[{"@type":"Article","@id":"https:\/\/batijournal.com\/index.php\/notre-dame-de-paris-cette-cathedrale-nous-la-rebatirons-tous-ensemble\/101941\/#article","isPartOf":{"@id":"https:\/\/batijournal.com\/index.php\/notre-dame-de-paris-cette-cathedrale-nous-la-rebatirons-tous-ensemble\/101941\/"},"author":{"name":"St\u00e9phane Miget","@id":"https:\/\/batijournal.com\/#\/schema\/person\/1dc96ec6957aa1ccb25ebe78bb19f100"},"headline":"Notre-Dame de Paris : \u00ab\u00a0Cette cath\u00e9drale, nous la reb\u00e2tirons tous ensemble\u00a0\u00bb","datePublished":"2019-04-16T04:58:41+00:00","dateModified":"2019-07-15T09:14:34+00:00","mainEntityOfPage":{"@id":"https:\/\/batijournal.com\/index.php\/notre-dame-de-paris-cette-cathedrale-nous-la-rebatirons-tous-ensemble\/101941\/"},"wordCount":831,"image":{"@id":"https:\/\/batijournal.com\/index.php\/notre-dame-de-paris-cette-cathedrale-nous-la-rebatirons-tous-ensemble\/101941\/#primaryimage"},"thumbnailUrl":"https:\/\/batijournal.com\/wp-content\/uploads\/2019\/04\/Incendie-Notre-Dame-de-Paris-en-feu-15-avril-2019-photo-Anna-Ader.jpg","keywords":["incendie","monument historique","notre dame de paris"],"articleSection":["Actualit\u00e9s","Architecture &amp; Conception","zz_Atrium Patrimoine"],"inLanguage":"fr-FR"},{"@type":"WebPage","@id":"https:\/\/batijournal.com\/index.php\/notre-dame-de-paris-cette-cathedrale-nous-la-rebatirons-tous-ensemble\/101941\/","url":"https:\/\/batijournal.com\/index.php\/notre-dame-de-paris-cette-cathedrale-nous-la-rebatirons-tous-ensemble\/101941\/","name":"Notre-Dame de Paris : l'impensable destruction de la cath\u00e9drale","isPartOf":{"@id":"https:\/\/batijournal.com\/#website"},"primaryImageOfPage":{"@id":"https:\/\/batijournal.com\/index.php\/notre-dame-de-paris-cette-cathedrale-nous-la-rebatirons-tous-ensemble\/101941\/#primaryimage"},"image":{"@id":"https:\/\/batijournal.com\/index.php\/notre-dame-de-paris-cette-cathedrale-nous-la-rebatirons-tous-ensemble\/101941\/#primaryimage"},"thumbnailUrl":"https:\/\/batijournal.com\/wp-content\/uploads\/2019\/04\/Incendie-Notre-Dame-de-Paris-en-feu-15-avril-2019-photo-Anna-Ader.jpg","datePublished":"2019-04-16T04:58:41+00:00","dateModified":"2019-07-15T09:14:34+00:00","author":{"@id":"https:\/\/batijournal.com\/#\/schema\/person\/1dc96ec6957aa1ccb25ebe78bb19f100"},"description":"Incendie dans la charpente de la cath\u00e9drale Notre-Dame de Paris, les sapeurs pompiers ont r\u00e9ussi \u00e0 pr\u00e9server la structure de l'\u00e9difice","breadcrumb":{"@id":"https:\/\/batijournal.com\/index.php\/notre-dame-de-paris-cette-cathedrale-nous-la-rebatirons-tous-ensemble\/101941\/#breadcrumb"},"inLanguage":"fr-FR","potentialAction":[{"@type":"ReadAction","target":["https:\/\/batijournal.com\/index.php\/notre-dame-de-paris-cette-cathedrale-nous-la-rebatirons-tous-ensemble\/101941\/"]}]},{"@type":"ImageObject","inLanguage":"fr-FR","@id":"https:\/\/batijournal.com\/index.php\/notre-dame-de-paris-cette-cathedrale-nous-la-rebatirons-tous-ensemble\/101941\/#primaryimage","url":"https:\/\/batijournal.com\/wp-content\/uploads\/2019\/04\/Incendie-Notre-Dame-de-Paris-en-feu-15-avril-2019-photo-Anna-Ader.jpg","contentUrl":"https:\/\/batijournal.com\/wp-content\/uploads\/2019\/04\/Incendie-Notre-Dame-de-Paris-en-feu-15-avril-2019-photo-Anna-Ader.jpg","width":640,"height":480},{"@type":"BreadcrumbList","@id":"https:\/\/batijournal.com\/index.php\/notre-dame-de-paris-cette-cathedrale-nous-la-rebatirons-tous-ensemble\/101941\/#breadcrumb","itemListElement":[{"@type":"ListItem","position":1,"name":"Accueil","item":"https:\/\/batijournal.com\/"},{"@type":"ListItem","position":2,"name":"Actualit\u00e9s","item":"https:\/\/batijournal.com\/index.php\/category\/actualites\/"},{"@type":"ListItem","position":3,"name":"Notre-Dame de Paris : \u00ab\u00a0Cette cath\u00e9drale, nous la reb\u00e2tirons tous ensemble\u00a0\u00bb"}]},{"@type":"WebSite","@id":"https:\/\/batijournal.com\/#website","url":"https:\/\/batijournal.com\/","name":"Batijournal","description":"L&#039;actualit\u00e9 du b\u00e2timent","potentialAction":[{"@type":"SearchAction","target":{"@type":"EntryPoint","urlTemplate":"https:\/\/batijournal.com\/?s={search_term_string}"},"query-input":{"@type":"PropertyValueSpecification","valueRequired":true,"valueName":"search_term_string"}}],"inLanguage":"fr-FR"},{"@type":"Person","@id":"https:\/\/batijournal.com\/#\/schema\/person\/1dc96ec6957aa1ccb25ebe78bb19f100","name":"St\u00e9phane Miget","image":{"@type":"ImageObject","inLanguage":"fr-FR","@id":"https:\/\/secure.gravatar.com\/avatar\/89915563d925342126b8ef0281b93d9d7fc337043e8df017f780908eb9644451?s=96&d=mm&r=g","url":"https:\/\/secure.gravatar.com\/avatar\/89915563d925342126b8ef0281b93d9d7fc337043e8df017f780908eb9644451?s=96&d=mm&r=g","contentUrl":"https:\/\/secure.gravatar.com\/avatar\/89915563d925342126b8ef0281b93d9d7fc337043e8df017f780908eb9644451?s=96&d=mm&r=g","caption":"St\u00e9phane Miget"},"url":"https:\/\/batijournal.com\/index.php\/author\/stephane\/"}]}},"_links":{"self":[{"href":"https:\/\/batijournal.com\/index.php\/wp-json\/wp\/v2\/posts\/101941","targetHints":{"allow":["GET"]}}],"collection":[{"href":"https:\/\/batijournal.com\/index.php\/wp-json\/wp\/v2\/posts"}],"about":[{"href":"https:\/\/batijournal.com\/index.php\/wp-json\/wp\/v2\/types\/post"}],"author":[{"embeddable":true,"href":"https:\/\/batijournal.com\/index.php\/wp-json\/wp\/v2\/users\/17"}],"replies":[{"embeddable":true,"href":"https:\/\/batijournal.com\/index.php\/wp-json\/wp\/v2\/comments?post=101941"}],"version-history":[{"count":0,"href":"https:\/\/batijournal.com\/index.php\/wp-json\/wp\/v2\/posts\/101941\/revisions"}],"wp:featuredmedia":[{"embeddable":true,"href":"https:\/\/batijournal.com\/index.php\/wp-json\/wp\/v2\/media\/101930"}],"wp:attachment":[{"href":"https:\/\/batijournal.com\/index.php\/wp-json\/wp\/v2\/media?parent=101941"}],"wp:term":[{"taxonomy":"category","embeddable":true,"href":"https:\/\/batijournal.com\/index.php\/wp-json\/wp\/v2\/categories?post=101941"},{"taxonomy":"post_tag","embeddable":true,"href":"https:\/\/batijournal.com\/index.php\/wp-json\/wp\/v2\/tags?post=101941"}],"curies":[{"name":"wp","href":"https:\/\/api.w.org\/{rel}","templated":true}]}}