{"id":101944,"date":"2019-04-17T11:24:01","date_gmt":"2019-04-17T09:24:01","guid":{"rendered":"https:\/\/batijournal.com\/?p=101944"},"modified":"2019-07-15T11:14:34","modified_gmt":"2019-07-15T09:14:34","slug":"apres-le-drame-restaurer-au-plus-vite-notre-dame-de-paris","status":"publish","type":"post","link":"https:\/\/batijournal.com\/index.php\/apres-le-drame-restaurer-au-plus-vite-notre-dame-de-paris\/101944\/","title":{"rendered":"Apr\u00e8s le drame, restaurer au plus vite Notre-Dame de Paris"},"content":{"rendered":"<p><strong>Le pr\u00e9sident de la r\u00e9publique a souhait\u00e9, au lendemain du dramatique incendie de la cath\u00e9drale Notre-Dame de Paris, que l&rsquo;\u00e9difice soit restaur\u00e9 en cinq ans : \u00ab\u00a0Nous reb\u00e2tirons la cath\u00e9drale plus belle encore et je veux que ce soit achev\u00e9 d&rsquo;ici cinq ann\u00e9es\u00a0\u00bb. Depuis la veille, de nombreux commentateurs annon\u00e7aient plusieurs dizaines d&rsquo;ann\u00e9es de travaux, les experts s&rsquo;accordant plut\u00f4t sur 10 \u00e0 15 ans.<\/strong><\/p>\n<p>Les d\u00e9g\u00e2ts sont consid\u00e9rables, les charpentes, les couvertures et la fl\u00eache ont disparu. Deux coupoles se sont effondr\u00e9es. L&rsquo;int\u00e9grit\u00e9 de la structure et des tours pr\u00e9sente des fragilit\u00e9s. Sur RTL, le ministre de la Culture, Franck Riester, s&rsquo;est inqui\u00e9t\u00e9 du risque d&rsquo;effondrement du \u00ab\u00a0pignon du transept nord\u00a0\u00bb. Il a cit\u00e9 \u00e9galement \u00ab\u00a0une deuxi\u00e8me partie, qui est sur la tour sud, \u00e0 l&rsquo;int\u00e9rieur, qui a \u00e9t\u00e9 tr\u00e8s attaqu\u00e9e par le feu et qui risque, en s&rsquo;effondrant, d&rsquo;entra\u00eener le pignon central triangulaire qui est entre les deux tours\u00a0\u00bb.<\/p>\n<p>L&rsquo;\u00e9motion suscit\u00e9e par cette catastrophe a provoqu\u00e9 un afflux de promesses de dons en argent, mais aussi en nature et en intelligence.<\/p>\n<p><strong>Le b\u00e2timent pr\u00eat \u00e0 aider<\/strong><\/p>\n<p>La FFB a annonc\u00e9 qu\u2019elle se tenait \u00e0 disposition de la Nation, du gouvernement et de la Mairie de Paris pour accompagner les op\u00e9rations de reconstruction. Jacques Chanut, son pr\u00e9sident, a pr\u00e9cis\u00e9 que \u00ab\u00a0La FFB a toujours \u00e9t\u00e9 au centre des travaux de r\u00e9novation des cath\u00e9drales et ses entreprises adh\u00e9rentes, tout particuli\u00e8rement celles du GMH sont engag\u00e9es et volontaires pour r\u00e9pondre pr\u00e9sentes. Les b\u00e2tisseurs d\u2019aujourd\u2019hui, \u00e0 l\u2019image des artisans et entrepreneurs d\u2019hier, rel\u00e8veront ce d\u00e9fi comme ils l\u2019ont toujours fait.\u00a0\u00bb<\/p>\n<p><strong>Un milliard d&rsquo;euros de dons<\/strong><\/p>\n<p>Outre un don de 200 millions d&rsquo;euros, la famille Arnault et le groupe LVMH, ont propos\u00e9 de mettre \u00e0 disposition les \u00ab\u00a0\u00e9quipes cr\u00e9atives, architecturales, financi\u00e8res\u00a0\u00bb pour aider au travail de reconstruction. L&rsquo;Or\u00e9al et la fondation Bettencourt cumulent aussi 200 millions d&rsquo;euros de dons. La famille Pinault va d\u00e9bloquer 100 millions d&rsquo;euros via sa soci\u00e9t\u00e9 d&rsquo;investissement Artemis. Le PDG du groupe Total Patrick Pouyann\u00e9 a annonc\u00e9 que le groupe, \u00ab\u00a0premier m\u00e9c\u00e8ne de la Fondation du patrimoine\u00a0\u00bb, allait faire un don de 100 millions d&rsquo;euros. Martin et Olivier Bouygues, Marc Ladreit de Lacharri\u00e8re, Cr\u00e9dit agricole, Apple Vinci, Capgemini vont aussi abonder \u00e0 la collecte. Vinci propose \u00e0 tous les constructeurs de France \u00ab\u00a0d&rsquo;unir leurs forces\u00a0\u00bb dans un \u00ab\u00a0m\u00e9c\u00e9nat de comp\u00e9tences\u00a0\u00bb. Saint-Gobain propose son \u00ab\u00a0expertise en mati\u00e8re de r\u00e9novation et de mat\u00e9riaux, notamment en mati\u00e8re de restauration de vitraux\u00a0\u00bb. Au matin du deuxi\u00e8me jour apr\u00e8s l&rsquo;incendie, le cumul des promesses de dons aurait atteint le milliard d&rsquo;euros.<\/p>\n<p><strong>Le bois ne manquera pas<\/strong><\/p>\n<p>Bertrand Servois, Pr\u00e9sident de l\u2019UCFF \u2013 Les Coop\u00e9ratives Foresti\u00e8res a indiqu\u00e9 que \u00ab\u00a0Les 110 000 propri\u00e9taires forestiers priv\u00e9s regroup\u00e9s au sein des coop\u00e9ratives foresti\u00e8res fran\u00e7aises, \u00e9taient pr\u00eats \u00e0 offrir les ch\u00eanes de leurs for\u00eats, n\u00e9cessaires \u00e0 la fili\u00e8re Bois, pour la reconstruction de la charpente\u00a0\u00bb, l&rsquo;\u00e9difice devant utiliser, selon lui, le ch\u00eane fran\u00e7ais comme structure historique pour sa charpente. Le Groupe Charlois, premier producteur fran\u00e7ais de bois de ch\u00eane, a aussi annonc\u00e9 qu&rsquo;il fera un don en nature pour la reconstruction de la charpente. Sylvain Charlois, indiquant qu&rsquo;il \u00ab\u00a0n&rsquo;y a pas en France des stocks de bois d\u00e9j\u00e0 sci\u00e9s disponibles pour un tel chantier\u00a0\u00bb, lance un appel \u00e0 \u00ab\u00a0toutes les bonnes volont\u00e9s\u00a0\u00bb de la fili\u00e8re pour constituer ce stock et propose de stocker le bois sur son site historique de Murlin, dans la Ni\u00e8vre. La fondation Fransylva a demand\u00e9 aux \u00ab\u00a03,5 millions de propri\u00e9taires priv\u00e9es de for\u00eats en France de donner un ch\u00eane pour la reconstruction de Notre-Dame\u00a0\u00bb. La Caisse des D\u00e9p\u00f4ts propose des ch\u00eanes issus de ses for\u00eats g\u00e9r\u00e9es par la Soci\u00e9t\u00e9 foresti\u00e8re, Groupama propose \u00e9galement 1 300 ch\u00eanes de ses for\u00eats normandes.<\/p>\n<p>&nbsp;<\/p>\n<p>Photo : Anna Ader<\/p>\n<p>&nbsp;<\/p>\n<p>&nbsp;<\/p>\n","protected":false},"excerpt":{"rendered":"<p>Le pr\u00e9sident de la r\u00e9publique a souhait\u00e9, au lendemain du dramatique incendie de la cath\u00e9drale Notre-Dame de Paris, que l&rsquo;\u00e9difice soit restaur\u00e9 en cinq ans : \u00ab\u00a0Nous reb\u00e2tirons la cath\u00e9drale plus belle encore et je veux que ce soit achev\u00e9 d&rsquo;ici cinq ann\u00e9es\u00a0\u00bb. Depuis la veille, de nombreux commentateurs annon\u00e7aient plusieurs dizaines d&rsquo;ann\u00e9es de travaux, [&hellip;]<\/p>\n","protected":false},"author":17,"featured_media":101932,"comment_status":"closed","ping_status":"closed","sticky":false,"template":"","format":"standard","meta":{"_et_pb_use_builder":"","_et_pb_old_content":"","_et_gb_content_width":"","footnotes":""},"categories":[10736,10530,6340,10785],"tags":[3348,6376,6842],"class_list":["post-101944","post","type-post","status-publish","format-standard","has-post-thumbnail","hentry","category-a-la-une","category-actualites","category-architecture-conception","category-atrium","tag-incendie","tag-monument-historique","tag-notre-dame-de-paris"],"yoast_head":"<!-- This site is optimized with the Yoast SEO plugin v27.4 - https:\/\/yoast.com\/product\/yoast-seo-wordpress\/ -->\n<title>Apr\u00e8s le drame, restaurer au plus vite Notre-Dame de Paris<\/title>\n<meta name=\"description\" content=\"Le pr\u00e9sident de la r\u00e9publique a annonc\u00e9, au lendemain du dramatique incendie de la cath\u00e9drale Notre-Dame de Paris, que l&#039;\u00e9difice soit restaur\u00e9 en cinq ans\" \/>\n<meta name=\"robots\" content=\"index, follow, max-snippet:-1, max-image-preview:large, max-video-preview:-1\" \/>\n<link rel=\"canonical\" href=\"https:\/\/batijournal.com\/index.php\/apres-le-drame-restaurer-au-plus-vite-notre-dame-de-paris\/101944\/\" \/>\n<meta property=\"og:locale\" content=\"fr_FR\" \/>\n<meta property=\"og:type\" content=\"article\" \/>\n<meta property=\"og:title\" content=\"Apr\u00e8s le drame, restaurer au plus vite Notre-Dame de Paris\" \/>\n<meta property=\"og:description\" content=\"Le pr\u00e9sident de la r\u00e9publique a annonc\u00e9, au lendemain du dramatique incendie de la cath\u00e9drale Notre-Dame de Paris, que l&#039;\u00e9difice soit restaur\u00e9 en cinq ans\" \/>\n<meta property=\"og:url\" content=\"https:\/\/batijournal.com\/index.php\/apres-le-drame-restaurer-au-plus-vite-notre-dame-de-paris\/101944\/\" \/>\n<meta property=\"og:site_name\" content=\"Batijournal\" \/>\n<meta property=\"article:published_time\" content=\"2019-04-17T09:24:01+00:00\" \/>\n<meta property=\"article:modified_time\" content=\"2019-07-15T09:14:34+00:00\" \/>\n<meta property=\"og:image\" content=\"https:\/\/batijournal.com\/wp-content\/uploads\/2019\/04\/Incendie-Notre-Dame-de-Paris-en-feu-15-avril-2019-3-photo-Anna-Ader-e1555493358438.jpg\" \/>\n\t<meta property=\"og:image:width\" content=\"480\" \/>\n\t<meta property=\"og:image:height\" content=\"420\" \/>\n\t<meta property=\"og:image:type\" content=\"image\/jpeg\" \/>\n<meta name=\"author\" content=\"St\u00e9phane Miget\" \/>\n<meta name=\"twitter:card\" content=\"summary_large_image\" \/>\n<meta name=\"twitter:creator\" content=\"@bati_journal\" \/>\n<meta name=\"twitter:site\" content=\"@bati_journal\" \/>\n<meta name=\"twitter:label1\" content=\"\u00c9crit par\" \/>\n\t<meta name=\"twitter:data1\" content=\"St\u00e9phane Miget\" \/>\n\t<meta name=\"twitter:label2\" content=\"Dur\u00e9e de lecture estim\u00e9e\" \/>\n\t<meta name=\"twitter:data2\" content=\"3 minutes\" \/>\n<script type=\"application\/ld+json\" class=\"yoast-schema-graph\">{\"@context\":\"https:\\\/\\\/schema.org\",\"@graph\":[{\"@type\":\"Article\",\"@id\":\"https:\\\/\\\/batijournal.com\\\/index.php\\\/apres-le-drame-restaurer-au-plus-vite-notre-dame-de-paris\\\/101944\\\/#article\",\"isPartOf\":{\"@id\":\"https:\\\/\\\/batijournal.com\\\/index.php\\\/apres-le-drame-restaurer-au-plus-vite-notre-dame-de-paris\\\/101944\\\/\"},\"author\":{\"name\":\"St\u00e9phane Miget\",\"@id\":\"https:\\\/\\\/batijournal.com\\\/#\\\/schema\\\/person\\\/1dc96ec6957aa1ccb25ebe78bb19f100\"},\"headline\":\"Apr\u00e8s le drame, restaurer au plus vite Notre-Dame de Paris\",\"datePublished\":\"2019-04-17T09:24:01+00:00\",\"dateModified\":\"2019-07-15T09:14:34+00:00\",\"mainEntityOfPage\":{\"@id\":\"https:\\\/\\\/batijournal.com\\\/index.php\\\/apres-le-drame-restaurer-au-plus-vite-notre-dame-de-paris\\\/101944\\\/\"},\"wordCount\":724,\"image\":{\"@id\":\"https:\\\/\\\/batijournal.com\\\/index.php\\\/apres-le-drame-restaurer-au-plus-vite-notre-dame-de-paris\\\/101944\\\/#primaryimage\"},\"thumbnailUrl\":\"https:\\\/\\\/batijournal.com\\\/wp-content\\\/uploads\\\/2019\\\/04\\\/Incendie-Notre-Dame-de-Paris-en-feu-15-avril-2019-3-photo-Anna-Ader-e1555493358438.jpg\",\"keywords\":[\"incendie\",\"monument historique\",\"notre dame de paris\"],\"articleSection\":[\"A la Une\",\"Actualit\u00e9s\",\"Architecture &amp; Conception\",\"zz_Atrium Patrimoine\"],\"inLanguage\":\"fr-FR\"},{\"@type\":\"WebPage\",\"@id\":\"https:\\\/\\\/batijournal.com\\\/index.php\\\/apres-le-drame-restaurer-au-plus-vite-notre-dame-de-paris\\\/101944\\\/\",\"url\":\"https:\\\/\\\/batijournal.com\\\/index.php\\\/apres-le-drame-restaurer-au-plus-vite-notre-dame-de-paris\\\/101944\\\/\",\"name\":\"Apr\u00e8s le drame, restaurer au plus vite Notre-Dame de Paris\",\"isPartOf\":{\"@id\":\"https:\\\/\\\/batijournal.com\\\/#website\"},\"primaryImageOfPage\":{\"@id\":\"https:\\\/\\\/batijournal.com\\\/index.php\\\/apres-le-drame-restaurer-au-plus-vite-notre-dame-de-paris\\\/101944\\\/#primaryimage\"},\"image\":{\"@id\":\"https:\\\/\\\/batijournal.com\\\/index.php\\\/apres-le-drame-restaurer-au-plus-vite-notre-dame-de-paris\\\/101944\\\/#primaryimage\"},\"thumbnailUrl\":\"https:\\\/\\\/batijournal.com\\\/wp-content\\\/uploads\\\/2019\\\/04\\\/Incendie-Notre-Dame-de-Paris-en-feu-15-avril-2019-3-photo-Anna-Ader-e1555493358438.jpg\",\"datePublished\":\"2019-04-17T09:24:01+00:00\",\"dateModified\":\"2019-07-15T09:14:34+00:00\",\"author\":{\"@id\":\"https:\\\/\\\/batijournal.com\\\/#\\\/schema\\\/person\\\/1dc96ec6957aa1ccb25ebe78bb19f100\"},\"description\":\"Le pr\u00e9sident de la r\u00e9publique a annonc\u00e9, au lendemain du dramatique incendie de la cath\u00e9drale Notre-Dame de Paris, que l'\u00e9difice soit restaur\u00e9 en cinq ans\",\"breadcrumb\":{\"@id\":\"https:\\\/\\\/batijournal.com\\\/index.php\\\/apres-le-drame-restaurer-au-plus-vite-notre-dame-de-paris\\\/101944\\\/#breadcrumb\"},\"inLanguage\":\"fr-FR\",\"potentialAction\":[{\"@type\":\"ReadAction\",\"target\":[\"https:\\\/\\\/batijournal.com\\\/index.php\\\/apres-le-drame-restaurer-au-plus-vite-notre-dame-de-paris\\\/101944\\\/\"]}]},{\"@type\":\"ImageObject\",\"inLanguage\":\"fr-FR\",\"@id\":\"https:\\\/\\\/batijournal.com\\\/index.php\\\/apres-le-drame-restaurer-au-plus-vite-notre-dame-de-paris\\\/101944\\\/#primaryimage\",\"url\":\"https:\\\/\\\/batijournal.com\\\/wp-content\\\/uploads\\\/2019\\\/04\\\/Incendie-Notre-Dame-de-Paris-en-feu-15-avril-2019-3-photo-Anna-Ader-e1555493358438.jpg\",\"contentUrl\":\"https:\\\/\\\/batijournal.com\\\/wp-content\\\/uploads\\\/2019\\\/04\\\/Incendie-Notre-Dame-de-Paris-en-feu-15-avril-2019-3-photo-Anna-Ader-e1555493358438.jpg\",\"width\":480,\"height\":420},{\"@type\":\"BreadcrumbList\",\"@id\":\"https:\\\/\\\/batijournal.com\\\/index.php\\\/apres-le-drame-restaurer-au-plus-vite-notre-dame-de-paris\\\/101944\\\/#breadcrumb\",\"itemListElement\":[{\"@type\":\"ListItem\",\"position\":1,\"name\":\"Accueil\",\"item\":\"https:\\\/\\\/batijournal.com\\\/\"},{\"@type\":\"ListItem\",\"position\":2,\"name\":\"Actualit\u00e9s\",\"item\":\"https:\\\/\\\/batijournal.com\\\/index.php\\\/category\\\/actualites\\\/\"},{\"@type\":\"ListItem\",\"position\":3,\"name\":\"Apr\u00e8s le drame, restaurer au plus vite Notre-Dame de Paris\"}]},{\"@type\":\"WebSite\",\"@id\":\"https:\\\/\\\/batijournal.com\\\/#website\",\"url\":\"https:\\\/\\\/batijournal.com\\\/\",\"name\":\"Batijournal\",\"description\":\"L&#039;actualit\u00e9 du b\u00e2timent\",\"potentialAction\":[{\"@type\":\"SearchAction\",\"target\":{\"@type\":\"EntryPoint\",\"urlTemplate\":\"https:\\\/\\\/batijournal.com\\\/?s={search_term_string}\"},\"query-input\":{\"@type\":\"PropertyValueSpecification\",\"valueRequired\":true,\"valueName\":\"search_term_string\"}}],\"inLanguage\":\"fr-FR\"},{\"@type\":\"Person\",\"@id\":\"https:\\\/\\\/batijournal.com\\\/#\\\/schema\\\/person\\\/1dc96ec6957aa1ccb25ebe78bb19f100\",\"name\":\"St\u00e9phane Miget\",\"image\":{\"@type\":\"ImageObject\",\"inLanguage\":\"fr-FR\",\"@id\":\"https:\\\/\\\/secure.gravatar.com\\\/avatar\\\/89915563d925342126b8ef0281b93d9d7fc337043e8df017f780908eb9644451?s=96&d=mm&r=g\",\"url\":\"https:\\\/\\\/secure.gravatar.com\\\/avatar\\\/89915563d925342126b8ef0281b93d9d7fc337043e8df017f780908eb9644451?s=96&d=mm&r=g\",\"contentUrl\":\"https:\\\/\\\/secure.gravatar.com\\\/avatar\\\/89915563d925342126b8ef0281b93d9d7fc337043e8df017f780908eb9644451?s=96&d=mm&r=g\",\"caption\":\"St\u00e9phane Miget\"},\"url\":\"https:\\\/\\\/batijournal.com\\\/index.php\\\/author\\\/stephane\\\/\"}]}<\/script>\n<!-- \/ Yoast SEO plugin. -->","yoast_head_json":{"title":"Apr\u00e8s le drame, restaurer au plus vite Notre-Dame de Paris","description":"Le pr\u00e9sident de la r\u00e9publique a annonc\u00e9, au lendemain du dramatique incendie de la cath\u00e9drale Notre-Dame de Paris, que l'\u00e9difice soit restaur\u00e9 en cinq ans","robots":{"index":"index","follow":"follow","max-snippet":"max-snippet:-1","max-image-preview":"max-image-preview:large","max-video-preview":"max-video-preview:-1"},"canonical":"https:\/\/batijournal.com\/index.php\/apres-le-drame-restaurer-au-plus-vite-notre-dame-de-paris\/101944\/","og_locale":"fr_FR","og_type":"article","og_title":"Apr\u00e8s le drame, restaurer au plus vite Notre-Dame de Paris","og_description":"Le pr\u00e9sident de la r\u00e9publique a annonc\u00e9, au lendemain du dramatique incendie de la cath\u00e9drale Notre-Dame de Paris, que l'\u00e9difice soit restaur\u00e9 en cinq ans","og_url":"https:\/\/batijournal.com\/index.php\/apres-le-drame-restaurer-au-plus-vite-notre-dame-de-paris\/101944\/","og_site_name":"Batijournal","article_published_time":"2019-04-17T09:24:01+00:00","article_modified_time":"2019-07-15T09:14:34+00:00","og_image":[{"width":480,"height":420,"url":"https:\/\/batijournal.com\/wp-content\/uploads\/2019\/04\/Incendie-Notre-Dame-de-Paris-en-feu-15-avril-2019-3-photo-Anna-Ader-e1555493358438.jpg","type":"image\/jpeg"}],"author":"St\u00e9phane Miget","twitter_card":"summary_large_image","twitter_creator":"@bati_journal","twitter_site":"@bati_journal","twitter_misc":{"\u00c9crit par":"St\u00e9phane Miget","Dur\u00e9e de lecture estim\u00e9e":"3 minutes"},"schema":{"@context":"https:\/\/schema.org","@graph":[{"@type":"Article","@id":"https:\/\/batijournal.com\/index.php\/apres-le-drame-restaurer-au-plus-vite-notre-dame-de-paris\/101944\/#article","isPartOf":{"@id":"https:\/\/batijournal.com\/index.php\/apres-le-drame-restaurer-au-plus-vite-notre-dame-de-paris\/101944\/"},"author":{"name":"St\u00e9phane Miget","@id":"https:\/\/batijournal.com\/#\/schema\/person\/1dc96ec6957aa1ccb25ebe78bb19f100"},"headline":"Apr\u00e8s le drame, restaurer au plus vite Notre-Dame de Paris","datePublished":"2019-04-17T09:24:01+00:00","dateModified":"2019-07-15T09:14:34+00:00","mainEntityOfPage":{"@id":"https:\/\/batijournal.com\/index.php\/apres-le-drame-restaurer-au-plus-vite-notre-dame-de-paris\/101944\/"},"wordCount":724,"image":{"@id":"https:\/\/batijournal.com\/index.php\/apres-le-drame-restaurer-au-plus-vite-notre-dame-de-paris\/101944\/#primaryimage"},"thumbnailUrl":"https:\/\/batijournal.com\/wp-content\/uploads\/2019\/04\/Incendie-Notre-Dame-de-Paris-en-feu-15-avril-2019-3-photo-Anna-Ader-e1555493358438.jpg","keywords":["incendie","monument historique","notre dame de paris"],"articleSection":["A la Une","Actualit\u00e9s","Architecture &amp; Conception","zz_Atrium Patrimoine"],"inLanguage":"fr-FR"},{"@type":"WebPage","@id":"https:\/\/batijournal.com\/index.php\/apres-le-drame-restaurer-au-plus-vite-notre-dame-de-paris\/101944\/","url":"https:\/\/batijournal.com\/index.php\/apres-le-drame-restaurer-au-plus-vite-notre-dame-de-paris\/101944\/","name":"Apr\u00e8s le drame, restaurer au plus vite Notre-Dame de Paris","isPartOf":{"@id":"https:\/\/batijournal.com\/#website"},"primaryImageOfPage":{"@id":"https:\/\/batijournal.com\/index.php\/apres-le-drame-restaurer-au-plus-vite-notre-dame-de-paris\/101944\/#primaryimage"},"image":{"@id":"https:\/\/batijournal.com\/index.php\/apres-le-drame-restaurer-au-plus-vite-notre-dame-de-paris\/101944\/#primaryimage"},"thumbnailUrl":"https:\/\/batijournal.com\/wp-content\/uploads\/2019\/04\/Incendie-Notre-Dame-de-Paris-en-feu-15-avril-2019-3-photo-Anna-Ader-e1555493358438.jpg","datePublished":"2019-04-17T09:24:01+00:00","dateModified":"2019-07-15T09:14:34+00:00","author":{"@id":"https:\/\/batijournal.com\/#\/schema\/person\/1dc96ec6957aa1ccb25ebe78bb19f100"},"description":"Le pr\u00e9sident de la r\u00e9publique a annonc\u00e9, au lendemain du dramatique incendie de la cath\u00e9drale Notre-Dame de Paris, que l'\u00e9difice soit restaur\u00e9 en cinq ans","breadcrumb":{"@id":"https:\/\/batijournal.com\/index.php\/apres-le-drame-restaurer-au-plus-vite-notre-dame-de-paris\/101944\/#breadcrumb"},"inLanguage":"fr-FR","potentialAction":[{"@type":"ReadAction","target":["https:\/\/batijournal.com\/index.php\/apres-le-drame-restaurer-au-plus-vite-notre-dame-de-paris\/101944\/"]}]},{"@type":"ImageObject","inLanguage":"fr-FR","@id":"https:\/\/batijournal.com\/index.php\/apres-le-drame-restaurer-au-plus-vite-notre-dame-de-paris\/101944\/#primaryimage","url":"https:\/\/batijournal.com\/wp-content\/uploads\/2019\/04\/Incendie-Notre-Dame-de-Paris-en-feu-15-avril-2019-3-photo-Anna-Ader-e1555493358438.jpg","contentUrl":"https:\/\/batijournal.com\/wp-content\/uploads\/2019\/04\/Incendie-Notre-Dame-de-Paris-en-feu-15-avril-2019-3-photo-Anna-Ader-e1555493358438.jpg","width":480,"height":420},{"@type":"BreadcrumbList","@id":"https:\/\/batijournal.com\/index.php\/apres-le-drame-restaurer-au-plus-vite-notre-dame-de-paris\/101944\/#breadcrumb","itemListElement":[{"@type":"ListItem","position":1,"name":"Accueil","item":"https:\/\/batijournal.com\/"},{"@type":"ListItem","position":2,"name":"Actualit\u00e9s","item":"https:\/\/batijournal.com\/index.php\/category\/actualites\/"},{"@type":"ListItem","position":3,"name":"Apr\u00e8s le drame, restaurer au plus vite Notre-Dame de Paris"}]},{"@type":"WebSite","@id":"https:\/\/batijournal.com\/#website","url":"https:\/\/batijournal.com\/","name":"Batijournal","description":"L&#039;actualit\u00e9 du b\u00e2timent","potentialAction":[{"@type":"SearchAction","target":{"@type":"EntryPoint","urlTemplate":"https:\/\/batijournal.com\/?s={search_term_string}"},"query-input":{"@type":"PropertyValueSpecification","valueRequired":true,"valueName":"search_term_string"}}],"inLanguage":"fr-FR"},{"@type":"Person","@id":"https:\/\/batijournal.com\/#\/schema\/person\/1dc96ec6957aa1ccb25ebe78bb19f100","name":"St\u00e9phane Miget","image":{"@type":"ImageObject","inLanguage":"fr-FR","@id":"https:\/\/secure.gravatar.com\/avatar\/89915563d925342126b8ef0281b93d9d7fc337043e8df017f780908eb9644451?s=96&d=mm&r=g","url":"https:\/\/secure.gravatar.com\/avatar\/89915563d925342126b8ef0281b93d9d7fc337043e8df017f780908eb9644451?s=96&d=mm&r=g","contentUrl":"https:\/\/secure.gravatar.com\/avatar\/89915563d925342126b8ef0281b93d9d7fc337043e8df017f780908eb9644451?s=96&d=mm&r=g","caption":"St\u00e9phane Miget"},"url":"https:\/\/batijournal.com\/index.php\/author\/stephane\/"}]}},"_links":{"self":[{"href":"https:\/\/batijournal.com\/index.php\/wp-json\/wp\/v2\/posts\/101944","targetHints":{"allow":["GET"]}}],"collection":[{"href":"https:\/\/batijournal.com\/index.php\/wp-json\/wp\/v2\/posts"}],"about":[{"href":"https:\/\/batijournal.com\/index.php\/wp-json\/wp\/v2\/types\/post"}],"author":[{"embeddable":true,"href":"https:\/\/batijournal.com\/index.php\/wp-json\/wp\/v2\/users\/17"}],"replies":[{"embeddable":true,"href":"https:\/\/batijournal.com\/index.php\/wp-json\/wp\/v2\/comments?post=101944"}],"version-history":[{"count":0,"href":"https:\/\/batijournal.com\/index.php\/wp-json\/wp\/v2\/posts\/101944\/revisions"}],"wp:featuredmedia":[{"embeddable":true,"href":"https:\/\/batijournal.com\/index.php\/wp-json\/wp\/v2\/media\/101932"}],"wp:attachment":[{"href":"https:\/\/batijournal.com\/index.php\/wp-json\/wp\/v2\/media?parent=101944"}],"wp:term":[{"taxonomy":"category","embeddable":true,"href":"https:\/\/batijournal.com\/index.php\/wp-json\/wp\/v2\/categories?post=101944"},{"taxonomy":"post_tag","embeddable":true,"href":"https:\/\/batijournal.com\/index.php\/wp-json\/wp\/v2\/tags?post=101944"}],"curies":[{"name":"wp","href":"https:\/\/api.w.org\/{rel}","templated":true}]}}