{"id":101945,"date":"2019-04-17T11:48:14","date_gmt":"2019-04-17T09:48:14","guid":{"rendered":"https:\/\/batijournal.com\/?p=101945"},"modified":"2019-07-15T12:01:53","modified_gmt":"2019-07-15T10:01:53","slug":"la-croissance-dans-lartisanat-du-batiment-se-maintient","status":"publish","type":"post","link":"https:\/\/batijournal.com\/index.php\/la-croissance-dans-lartisanat-du-batiment-se-maintient\/101945\/","title":{"rendered":"La croissance dans l\u2019artisanat du b\u00e2timent se maintient"},"content":{"rendered":"<p><em>\u00ab C\u2019est une bonne nouvelle pour les entreprises artisanales du b\u00e2timent : la croissance de leur activit\u00e9 se maintient au cours du premier trimestre 2019 ! L\u2019activit\u00e9 est notamment marqu\u00e9e par le dynamisme des travaux d\u2019am\u00e9lioration et de r\u00e9novation. Elle reste n\u00e9anmoins marqu\u00e9e par un essoufflement de la construction neuve et par une baisse des carnets de commandes. Cette situation, corrobor\u00e9e \u00e0 une diminution du nombre de permis de construire, laisse pr\u00e9sager un ralentissement d\u2019activit\u00e9 pour les trimestres \u00e0 venir \u00bb<\/em> indique Patrick Li\u00e9bus, Pr\u00e9sident de la CAPEB, en pr\u00e9sentant la conjoncture du 1er trimestre 2019.<\/p>\n<p>Le premier trimestre de l\u2019ann\u00e9e 2019 enregistre une croissance de 2 % en volume par rapport au 1er trimestre 2018, soit un ralentissement par rapport au m\u00eame trimestre de l\u2019ann\u00e9e pr\u00e9c\u00e9dente qui affichait une hausse de 3,5 %. Cette croissance se maintient notamment gr\u00e2ce \u00e0 la cl\u00e9mence des conditions climatiques favorables de ce d\u00e9but d\u2019ann\u00e9e et \u00e0 la construction neuve.<\/p>\n<p>Le neuf &#8211; Avec +3 %, la construction neuve continue de dynamiser l\u2019activit\u00e9 de l\u2019artisanat du b\u00e2timent mais montre des signes d\u2019essoufflement (4 % au 4e trimestre 2018). Le nombre de permis de construire poursuit sa chute (-9 %) tout comme les mises en chantier, qui connaissent une l\u00e9g\u00e8re baisse de 5 % par rapport \u00e0 la m\u00eame p\u00e9riode de l\u2019ann\u00e9e pr\u00e9c\u00e9dente, soit 413 600 logements commenc\u00e9s.<\/p>\n<p>L\u2019ancien \u2013 L\u2019activit\u00e9 en entretien-r\u00e9novation affiche une croissance plus dynamique qu\u2019aux trimestres pr\u00e9c\u00e9dents, avec +1,5 %. Le volume des travaux d\u2019Am\u00e9lioration de Performance Energ\u00e9tique du Logement (APEL) affiche \u00e9galement une croissance de 1,5 % (contre 1 % au trimestre pr\u00e9c\u00e9dent).<\/p>\n","protected":false},"excerpt":{"rendered":"<p>\u00ab C\u2019est une bonne nouvelle pour les entreprises artisanales du b\u00e2timent : la croissance de leur activit\u00e9 se maintient au cours du premier trimestre 2019 ! L\u2019activit\u00e9 est notamment marqu\u00e9e par le dynamisme des travaux d\u2019am\u00e9lioration et de r\u00e9novation. Elle reste n\u00e9anmoins marqu\u00e9e par un essoufflement de la construction neuve et par une baisse des [&hellip;]<\/p>\n","protected":false},"author":17,"featured_media":98506,"comment_status":"closed","ping_status":"closed","sticky":false,"template":"","format":"standard","meta":{"_et_pb_use_builder":"","_et_pb_old_content":"","_et_gb_content_width":"","footnotes":""},"categories":[10530,6345],"tags":[647,1338],"class_list":["post-101945","post","type-post","status-publish","format-standard","has-post-thumbnail","hentry","category-actualites","category-economie-marches","tag-capeb","tag-statistiques"],"yoast_head":"<!-- This site is optimized with the Yoast SEO plugin v27.4 - https:\/\/yoast.com\/product\/yoast-seo-wordpress\/ -->\n<title>La croissance dans l\u2019artisanat du b\u00e2timent se maintient<\/title>\n<meta name=\"description\" content=\"L\u2019activit\u00e9 est marqu\u00e9e par le dynamisme des travaux d\u2019am\u00e9lioration et de r\u00e9novation. Elle reste marqu\u00e9e par un essoufflement de la construction neuve\" \/>\n<meta name=\"robots\" content=\"index, follow, max-snippet:-1, max-image-preview:large, max-video-preview:-1\" \/>\n<link rel=\"canonical\" href=\"https:\/\/batijournal.com\/index.php\/la-croissance-dans-lartisanat-du-batiment-se-maintient\/101945\/\" \/>\n<meta property=\"og:locale\" content=\"fr_FR\" \/>\n<meta property=\"og:type\" content=\"article\" \/>\n<meta property=\"og:title\" content=\"La croissance dans l\u2019artisanat du b\u00e2timent se maintient\" \/>\n<meta property=\"og:description\" content=\"L\u2019activit\u00e9 est marqu\u00e9e par le dynamisme des travaux d\u2019am\u00e9lioration et de r\u00e9novation. Elle reste marqu\u00e9e par un essoufflement de la construction neuve\" \/>\n<meta property=\"og:url\" content=\"https:\/\/batijournal.com\/index.php\/la-croissance-dans-lartisanat-du-batiment-se-maintient\/101945\/\" \/>\n<meta property=\"og:site_name\" content=\"Batijournal\" \/>\n<meta property=\"article:published_time\" content=\"2019-04-17T09:48:14+00:00\" \/>\n<meta property=\"article:modified_time\" content=\"2019-07-15T10:01:53+00:00\" \/>\n<meta property=\"og:image\" content=\"https:\/\/batijournal.com\/wp-content\/uploads\/2018\/02\/chantier-centre-ville.jpg\" \/>\n\t<meta property=\"og:image:width\" content=\"1200\" \/>\n\t<meta property=\"og:image:height\" content=\"876\" \/>\n\t<meta property=\"og:image:type\" content=\"image\/jpeg\" \/>\n<meta name=\"author\" content=\"St\u00e9phane Miget\" \/>\n<meta name=\"twitter:card\" content=\"summary_large_image\" \/>\n<meta name=\"twitter:creator\" content=\"@bati_journal\" \/>\n<meta name=\"twitter:site\" content=\"@bati_journal\" \/>\n<meta name=\"twitter:label1\" content=\"\u00c9crit par\" \/>\n\t<meta name=\"twitter:data1\" content=\"St\u00e9phane Miget\" \/>\n\t<meta name=\"twitter:label2\" content=\"Dur\u00e9e de lecture estim\u00e9e\" \/>\n\t<meta name=\"twitter:data2\" content=\"1 minute\" \/>\n<script type=\"application\/ld+json\" class=\"yoast-schema-graph\">{\"@context\":\"https:\\\/\\\/schema.org\",\"@graph\":[{\"@type\":\"Article\",\"@id\":\"https:\\\/\\\/batijournal.com\\\/index.php\\\/la-croissance-dans-lartisanat-du-batiment-se-maintient\\\/101945\\\/#article\",\"isPartOf\":{\"@id\":\"https:\\\/\\\/batijournal.com\\\/index.php\\\/la-croissance-dans-lartisanat-du-batiment-se-maintient\\\/101945\\\/\"},\"author\":{\"name\":\"St\u00e9phane Miget\",\"@id\":\"https:\\\/\\\/batijournal.com\\\/#\\\/schema\\\/person\\\/1dc96ec6957aa1ccb25ebe78bb19f100\"},\"headline\":\"La croissance dans l\u2019artisanat du b\u00e2timent se maintient\",\"datePublished\":\"2019-04-17T09:48:14+00:00\",\"dateModified\":\"2019-07-15T10:01:53+00:00\",\"mainEntityOfPage\":{\"@id\":\"https:\\\/\\\/batijournal.com\\\/index.php\\\/la-croissance-dans-lartisanat-du-batiment-se-maintient\\\/101945\\\/\"},\"wordCount\":290,\"image\":{\"@id\":\"https:\\\/\\\/batijournal.com\\\/index.php\\\/la-croissance-dans-lartisanat-du-batiment-se-maintient\\\/101945\\\/#primaryimage\"},\"thumbnailUrl\":\"https:\\\/\\\/batijournal.com\\\/wp-content\\\/uploads\\\/2018\\\/02\\\/chantier-centre-ville.jpg\",\"keywords\":[\"CAPEB\",\"statistiques\"],\"articleSection\":[\"Actualit\u00e9s\",\"\u00c9conomie &amp; March\u00e9s\"],\"inLanguage\":\"fr-FR\"},{\"@type\":\"WebPage\",\"@id\":\"https:\\\/\\\/batijournal.com\\\/index.php\\\/la-croissance-dans-lartisanat-du-batiment-se-maintient\\\/101945\\\/\",\"url\":\"https:\\\/\\\/batijournal.com\\\/index.php\\\/la-croissance-dans-lartisanat-du-batiment-se-maintient\\\/101945\\\/\",\"name\":\"La croissance dans l\u2019artisanat du b\u00e2timent se maintient\",\"isPartOf\":{\"@id\":\"https:\\\/\\\/batijournal.com\\\/#website\"},\"primaryImageOfPage\":{\"@id\":\"https:\\\/\\\/batijournal.com\\\/index.php\\\/la-croissance-dans-lartisanat-du-batiment-se-maintient\\\/101945\\\/#primaryimage\"},\"image\":{\"@id\":\"https:\\\/\\\/batijournal.com\\\/index.php\\\/la-croissance-dans-lartisanat-du-batiment-se-maintient\\\/101945\\\/#primaryimage\"},\"thumbnailUrl\":\"https:\\\/\\\/batijournal.com\\\/wp-content\\\/uploads\\\/2018\\\/02\\\/chantier-centre-ville.jpg\",\"datePublished\":\"2019-04-17T09:48:14+00:00\",\"dateModified\":\"2019-07-15T10:01:53+00:00\",\"author\":{\"@id\":\"https:\\\/\\\/batijournal.com\\\/#\\\/schema\\\/person\\\/1dc96ec6957aa1ccb25ebe78bb19f100\"},\"description\":\"L\u2019activit\u00e9 est marqu\u00e9e par le dynamisme des travaux d\u2019am\u00e9lioration et de r\u00e9novation. Elle reste marqu\u00e9e par un essoufflement de la construction neuve\",\"breadcrumb\":{\"@id\":\"https:\\\/\\\/batijournal.com\\\/index.php\\\/la-croissance-dans-lartisanat-du-batiment-se-maintient\\\/101945\\\/#breadcrumb\"},\"inLanguage\":\"fr-FR\",\"potentialAction\":[{\"@type\":\"ReadAction\",\"target\":[\"https:\\\/\\\/batijournal.com\\\/index.php\\\/la-croissance-dans-lartisanat-du-batiment-se-maintient\\\/101945\\\/\"]}]},{\"@type\":\"ImageObject\",\"inLanguage\":\"fr-FR\",\"@id\":\"https:\\\/\\\/batijournal.com\\\/index.php\\\/la-croissance-dans-lartisanat-du-batiment-se-maintient\\\/101945\\\/#primaryimage\",\"url\":\"https:\\\/\\\/batijournal.com\\\/wp-content\\\/uploads\\\/2018\\\/02\\\/chantier-centre-ville.jpg\",\"contentUrl\":\"https:\\\/\\\/batijournal.com\\\/wp-content\\\/uploads\\\/2018\\\/02\\\/chantier-centre-ville.jpg\",\"width\":1200,\"height\":876},{\"@type\":\"BreadcrumbList\",\"@id\":\"https:\\\/\\\/batijournal.com\\\/index.php\\\/la-croissance-dans-lartisanat-du-batiment-se-maintient\\\/101945\\\/#breadcrumb\",\"itemListElement\":[{\"@type\":\"ListItem\",\"position\":1,\"name\":\"Accueil\",\"item\":\"https:\\\/\\\/batijournal.com\\\/\"},{\"@type\":\"ListItem\",\"position\":2,\"name\":\"Actualit\u00e9s\",\"item\":\"https:\\\/\\\/batijournal.com\\\/index.php\\\/category\\\/actualites\\\/\"},{\"@type\":\"ListItem\",\"position\":3,\"name\":\"La croissance dans l\u2019artisanat du b\u00e2timent se maintient\"}]},{\"@type\":\"WebSite\",\"@id\":\"https:\\\/\\\/batijournal.com\\\/#website\",\"url\":\"https:\\\/\\\/batijournal.com\\\/\",\"name\":\"Batijournal\",\"description\":\"L&#039;actualit\u00e9 du b\u00e2timent\",\"potentialAction\":[{\"@type\":\"SearchAction\",\"target\":{\"@type\":\"EntryPoint\",\"urlTemplate\":\"https:\\\/\\\/batijournal.com\\\/?s={search_term_string}\"},\"query-input\":{\"@type\":\"PropertyValueSpecification\",\"valueRequired\":true,\"valueName\":\"search_term_string\"}}],\"inLanguage\":\"fr-FR\"},{\"@type\":\"Person\",\"@id\":\"https:\\\/\\\/batijournal.com\\\/#\\\/schema\\\/person\\\/1dc96ec6957aa1ccb25ebe78bb19f100\",\"name\":\"St\u00e9phane Miget\",\"image\":{\"@type\":\"ImageObject\",\"inLanguage\":\"fr-FR\",\"@id\":\"https:\\\/\\\/secure.gravatar.com\\\/avatar\\\/89915563d925342126b8ef0281b93d9d7fc337043e8df017f780908eb9644451?s=96&d=mm&r=g\",\"url\":\"https:\\\/\\\/secure.gravatar.com\\\/avatar\\\/89915563d925342126b8ef0281b93d9d7fc337043e8df017f780908eb9644451?s=96&d=mm&r=g\",\"contentUrl\":\"https:\\\/\\\/secure.gravatar.com\\\/avatar\\\/89915563d925342126b8ef0281b93d9d7fc337043e8df017f780908eb9644451?s=96&d=mm&r=g\",\"caption\":\"St\u00e9phane Miget\"},\"url\":\"https:\\\/\\\/batijournal.com\\\/index.php\\\/author\\\/stephane\\\/\"}]}<\/script>\n<!-- \/ Yoast SEO plugin. -->","yoast_head_json":{"title":"La croissance dans l\u2019artisanat du b\u00e2timent se maintient","description":"L\u2019activit\u00e9 est marqu\u00e9e par le dynamisme des travaux d\u2019am\u00e9lioration et de r\u00e9novation. Elle reste marqu\u00e9e par un essoufflement de la construction neuve","robots":{"index":"index","follow":"follow","max-snippet":"max-snippet:-1","max-image-preview":"max-image-preview:large","max-video-preview":"max-video-preview:-1"},"canonical":"https:\/\/batijournal.com\/index.php\/la-croissance-dans-lartisanat-du-batiment-se-maintient\/101945\/","og_locale":"fr_FR","og_type":"article","og_title":"La croissance dans l\u2019artisanat du b\u00e2timent se maintient","og_description":"L\u2019activit\u00e9 est marqu\u00e9e par le dynamisme des travaux d\u2019am\u00e9lioration et de r\u00e9novation. Elle reste marqu\u00e9e par un essoufflement de la construction neuve","og_url":"https:\/\/batijournal.com\/index.php\/la-croissance-dans-lartisanat-du-batiment-se-maintient\/101945\/","og_site_name":"Batijournal","article_published_time":"2019-04-17T09:48:14+00:00","article_modified_time":"2019-07-15T10:01:53+00:00","og_image":[{"width":1200,"height":876,"url":"https:\/\/batijournal.com\/wp-content\/uploads\/2018\/02\/chantier-centre-ville.jpg","type":"image\/jpeg"}],"author":"St\u00e9phane Miget","twitter_card":"summary_large_image","twitter_creator":"@bati_journal","twitter_site":"@bati_journal","twitter_misc":{"\u00c9crit par":"St\u00e9phane Miget","Dur\u00e9e de lecture estim\u00e9e":"1 minute"},"schema":{"@context":"https:\/\/schema.org","@graph":[{"@type":"Article","@id":"https:\/\/batijournal.com\/index.php\/la-croissance-dans-lartisanat-du-batiment-se-maintient\/101945\/#article","isPartOf":{"@id":"https:\/\/batijournal.com\/index.php\/la-croissance-dans-lartisanat-du-batiment-se-maintient\/101945\/"},"author":{"name":"St\u00e9phane Miget","@id":"https:\/\/batijournal.com\/#\/schema\/person\/1dc96ec6957aa1ccb25ebe78bb19f100"},"headline":"La croissance dans l\u2019artisanat du b\u00e2timent se maintient","datePublished":"2019-04-17T09:48:14+00:00","dateModified":"2019-07-15T10:01:53+00:00","mainEntityOfPage":{"@id":"https:\/\/batijournal.com\/index.php\/la-croissance-dans-lartisanat-du-batiment-se-maintient\/101945\/"},"wordCount":290,"image":{"@id":"https:\/\/batijournal.com\/index.php\/la-croissance-dans-lartisanat-du-batiment-se-maintient\/101945\/#primaryimage"},"thumbnailUrl":"https:\/\/batijournal.com\/wp-content\/uploads\/2018\/02\/chantier-centre-ville.jpg","keywords":["CAPEB","statistiques"],"articleSection":["Actualit\u00e9s","\u00c9conomie &amp; March\u00e9s"],"inLanguage":"fr-FR"},{"@type":"WebPage","@id":"https:\/\/batijournal.com\/index.php\/la-croissance-dans-lartisanat-du-batiment-se-maintient\/101945\/","url":"https:\/\/batijournal.com\/index.php\/la-croissance-dans-lartisanat-du-batiment-se-maintient\/101945\/","name":"La croissance dans l\u2019artisanat du b\u00e2timent se maintient","isPartOf":{"@id":"https:\/\/batijournal.com\/#website"},"primaryImageOfPage":{"@id":"https:\/\/batijournal.com\/index.php\/la-croissance-dans-lartisanat-du-batiment-se-maintient\/101945\/#primaryimage"},"image":{"@id":"https:\/\/batijournal.com\/index.php\/la-croissance-dans-lartisanat-du-batiment-se-maintient\/101945\/#primaryimage"},"thumbnailUrl":"https:\/\/batijournal.com\/wp-content\/uploads\/2018\/02\/chantier-centre-ville.jpg","datePublished":"2019-04-17T09:48:14+00:00","dateModified":"2019-07-15T10:01:53+00:00","author":{"@id":"https:\/\/batijournal.com\/#\/schema\/person\/1dc96ec6957aa1ccb25ebe78bb19f100"},"description":"L\u2019activit\u00e9 est marqu\u00e9e par le dynamisme des travaux d\u2019am\u00e9lioration et de r\u00e9novation. Elle reste marqu\u00e9e par un essoufflement de la construction neuve","breadcrumb":{"@id":"https:\/\/batijournal.com\/index.php\/la-croissance-dans-lartisanat-du-batiment-se-maintient\/101945\/#breadcrumb"},"inLanguage":"fr-FR","potentialAction":[{"@type":"ReadAction","target":["https:\/\/batijournal.com\/index.php\/la-croissance-dans-lartisanat-du-batiment-se-maintient\/101945\/"]}]},{"@type":"ImageObject","inLanguage":"fr-FR","@id":"https:\/\/batijournal.com\/index.php\/la-croissance-dans-lartisanat-du-batiment-se-maintient\/101945\/#primaryimage","url":"https:\/\/batijournal.com\/wp-content\/uploads\/2018\/02\/chantier-centre-ville.jpg","contentUrl":"https:\/\/batijournal.com\/wp-content\/uploads\/2018\/02\/chantier-centre-ville.jpg","width":1200,"height":876},{"@type":"BreadcrumbList","@id":"https:\/\/batijournal.com\/index.php\/la-croissance-dans-lartisanat-du-batiment-se-maintient\/101945\/#breadcrumb","itemListElement":[{"@type":"ListItem","position":1,"name":"Accueil","item":"https:\/\/batijournal.com\/"},{"@type":"ListItem","position":2,"name":"Actualit\u00e9s","item":"https:\/\/batijournal.com\/index.php\/category\/actualites\/"},{"@type":"ListItem","position":3,"name":"La croissance dans l\u2019artisanat du b\u00e2timent se maintient"}]},{"@type":"WebSite","@id":"https:\/\/batijournal.com\/#website","url":"https:\/\/batijournal.com\/","name":"Batijournal","description":"L&#039;actualit\u00e9 du b\u00e2timent","potentialAction":[{"@type":"SearchAction","target":{"@type":"EntryPoint","urlTemplate":"https:\/\/batijournal.com\/?s={search_term_string}"},"query-input":{"@type":"PropertyValueSpecification","valueRequired":true,"valueName":"search_term_string"}}],"inLanguage":"fr-FR"},{"@type":"Person","@id":"https:\/\/batijournal.com\/#\/schema\/person\/1dc96ec6957aa1ccb25ebe78bb19f100","name":"St\u00e9phane Miget","image":{"@type":"ImageObject","inLanguage":"fr-FR","@id":"https:\/\/secure.gravatar.com\/avatar\/89915563d925342126b8ef0281b93d9d7fc337043e8df017f780908eb9644451?s=96&d=mm&r=g","url":"https:\/\/secure.gravatar.com\/avatar\/89915563d925342126b8ef0281b93d9d7fc337043e8df017f780908eb9644451?s=96&d=mm&r=g","contentUrl":"https:\/\/secure.gravatar.com\/avatar\/89915563d925342126b8ef0281b93d9d7fc337043e8df017f780908eb9644451?s=96&d=mm&r=g","caption":"St\u00e9phane Miget"},"url":"https:\/\/batijournal.com\/index.php\/author\/stephane\/"}]}},"_links":{"self":[{"href":"https:\/\/batijournal.com\/index.php\/wp-json\/wp\/v2\/posts\/101945","targetHints":{"allow":["GET"]}}],"collection":[{"href":"https:\/\/batijournal.com\/index.php\/wp-json\/wp\/v2\/posts"}],"about":[{"href":"https:\/\/batijournal.com\/index.php\/wp-json\/wp\/v2\/types\/post"}],"author":[{"embeddable":true,"href":"https:\/\/batijournal.com\/index.php\/wp-json\/wp\/v2\/users\/17"}],"replies":[{"embeddable":true,"href":"https:\/\/batijournal.com\/index.php\/wp-json\/wp\/v2\/comments?post=101945"}],"version-history":[{"count":0,"href":"https:\/\/batijournal.com\/index.php\/wp-json\/wp\/v2\/posts\/101945\/revisions"}],"wp:featuredmedia":[{"embeddable":true,"href":"https:\/\/batijournal.com\/index.php\/wp-json\/wp\/v2\/media\/98506"}],"wp:attachment":[{"href":"https:\/\/batijournal.com\/index.php\/wp-json\/wp\/v2\/media?parent=101945"}],"wp:term":[{"taxonomy":"category","embeddable":true,"href":"https:\/\/batijournal.com\/index.php\/wp-json\/wp\/v2\/categories?post=101945"},{"taxonomy":"post_tag","embeddable":true,"href":"https:\/\/batijournal.com\/index.php\/wp-json\/wp\/v2\/tags?post=101945"}],"curies":[{"name":"wp","href":"https:\/\/api.w.org\/{rel}","templated":true}]}}