{"id":101967,"date":"2019-04-19T07:49:55","date_gmt":"2019-04-19T05:49:55","guid":{"rendered":"https:\/\/batijournal.com\/?p=101967"},"modified":"2019-07-15T12:07:05","modified_gmt":"2019-07-15T10:07:05","slug":"rebatir-notre-dame-de-paris-avec-les-chantiers-de-france","status":"publish","type":"post","link":"https:\/\/batijournal.com\/index.php\/rebatir-notre-dame-de-paris-avec-les-chantiers-de-france\/101967\/","title":{"rendered":"Reb\u00e2tir Notre-Dame de Paris avec les Chantiers de France"},"content":{"rendered":"<p>Muriel PENICAUD, ministre du Travail, Jean-Michel BLANQUER, ministre de l\u2019\u00c9ducation nationale et de la Jeunesse et Franck RIESTER, ministre de la Culture ont lanc\u00e9 les Chantiers de France avec les repr\u00e9sentants des fili\u00e8res formant aux m\u00e9tiers n\u00e9cessaires \u00e0 la reconstruction de Notre-Dame de Paris. Les Chantiers de France vont regrouper les centres de formation des apprentis et les lyc\u00e9es professionnels formant aux m\u00e9tiers de la construction et aux m\u00e9tiers d\u2019art dans toute la France pour reb\u00e2tir la cath\u00e9drale et, au-del\u00e0, pour participer \u00e0 la r\u00e9novation du patrimoine partout sur le territoire. Leur objectif est double : tenir le d\u00e9lai de reconstruction de cinq ans et permettre \u00e0 tous les jeunes d\u00e9sirant s\u2019engager dans ce formidable d\u00e9fi collectif d\u2019apprendre un m\u00e9tier en ad\u00e9quation avec les besoins exprim\u00e9s : charpentiers, ma\u00e7ons, tailleurs de pierre, couvreurs, vitraillistes, peintres d\u00e9corateurs, facteurs d\u2019orgue, sculpteurs&#8230;<br \/>\nLa loi pour la libert\u00e9 de choisir son avenir professionnel du 5 septembre 2018 a lev\u00e9 tous les freins r\u00e9glementaires et financiers pour permettre le d\u00e9collage de l\u2019apprentissage et ainsi r\u00e9pondre aux nouveaux d\u00e9fis.<\/p>\n<p>Etaient pr\u00e9sents au minist\u00e8re du Travail :<br \/>\n&#8211; M. Michel GUISEMBERT, Pr\u00e9sident du Comit\u00e9 fran\u00e7ais des olympiades des m\u00e9tiers<br \/>\n&#8211; M. Patrick LIEBUS, Pr\u00e9sident de la CAPEB<br \/>\n&#8211; M. Roland GRIMAULT, Directeur de l\u2019Union Nationale des MFR<br \/>\n&#8211; M. Bernard STALTER, Pr\u00e9sident de la CMA France<br \/>\n&#8211; M. Jean-Claude BELLANGER, Secr\u00e9taire g\u00e9n\u00e9ral des Compagnons du devoir<br \/>\n&#8211; M. Christian FORESTIER, Pr\u00e9sident du COET-MOF<br \/>\n&#8211; M. Fr\u00e9d\u00e9ric LETOFF\u00c9, F\u00e9d\u00e9ration Fran\u00e7aise du B\u00e2timent<br \/>\n&#8211; M. Jean-Christophe REPON, Pr\u00e9sident de CCCA BTP<br \/>\n&#8211; M. Fran\u00e7ois ASSELIN, Directeur de Asselin SAS qui a construit l\u2019Hermione et Pr\u00e9sident de la CPME<\/p>\n<p>&nbsp;<\/p>\n<p>&nbsp;<\/p>\n<p>Photo : minist\u00e8re du Travail<\/p>\n<p>&nbsp;<\/p>\n<p>&nbsp;<\/p>\n","protected":false},"excerpt":{"rendered":"<p>Muriel PENICAUD, ministre du Travail, Jean-Michel BLANQUER, ministre de l\u2019\u00c9ducation nationale et de la Jeunesse et Franck RIESTER, ministre de la Culture ont lanc\u00e9 les Chantiers de France avec les repr\u00e9sentants des fili\u00e8res formant aux m\u00e9tiers n\u00e9cessaires \u00e0 la reconstruction de Notre-Dame de Paris. Les Chantiers de France vont regrouper les centres de formation des [&hellip;]<\/p>\n","protected":false},"author":17,"featured_media":101968,"comment_status":"closed","ping_status":"closed","sticky":false,"template":"","format":"standard","meta":{"_et_pb_use_builder":"","_et_pb_old_content":"","_et_gb_content_width":"","footnotes":""},"categories":[10530,6345,10785,10787,10764],"tags":[12766,6842],"class_list":["post-101967","post","type-post","status-publish","format-standard","has-post-thumbnail","hentry","category-actualites","category-economie-marches","category-atrium","category-entreprises-et-chantiers","category-woodsurfer","tag-chantiers-de-france","tag-notre-dame-de-paris"],"yoast_head":"<!-- This site is optimized with the Yoast SEO plugin v27.4 - https:\/\/yoast.com\/product\/yoast-seo-wordpress\/ -->\n<title>Reb\u00e2tir Notre-Dame de Paris avec les Chantiers de France<\/title>\n<meta name=\"description\" content=\"Muriel PENICAUD, Jean-Michel BLANQUER et Franck RIESTER ont lanc\u00e9 les Chantiers de France avec les repr\u00e9sentants des fili\u00e8res formant aux m\u00e9tiers\" \/>\n<meta name=\"robots\" content=\"index, follow, max-snippet:-1, max-image-preview:large, max-video-preview:-1\" \/>\n<link rel=\"canonical\" href=\"https:\/\/batijournal.com\/index.php\/rebatir-notre-dame-de-paris-avec-les-chantiers-de-france\/101967\/\" \/>\n<meta property=\"og:locale\" content=\"fr_FR\" \/>\n<meta property=\"og:type\" content=\"article\" \/>\n<meta property=\"og:title\" content=\"Reb\u00e2tir Notre-Dame de Paris avec les Chantiers de France\" \/>\n<meta property=\"og:description\" content=\"Muriel PENICAUD, Jean-Michel BLANQUER et Franck RIESTER ont lanc\u00e9 les Chantiers de France avec les repr\u00e9sentants des fili\u00e8res formant aux m\u00e9tiers\" \/>\n<meta property=\"og:url\" content=\"https:\/\/batijournal.com\/index.php\/rebatir-notre-dame-de-paris-avec-les-chantiers-de-france\/101967\/\" \/>\n<meta property=\"og:site_name\" content=\"Batijournal\" \/>\n<meta property=\"article:published_time\" content=\"2019-04-19T05:49:55+00:00\" \/>\n<meta property=\"article:modified_time\" content=\"2019-07-15T10:07:05+00:00\" \/>\n<meta property=\"og:image\" content=\"https:\/\/batijournal.com\/wp-content\/uploads\/2019\/04\/rebatir_notre_dame.png\" \/>\n\t<meta property=\"og:image:width\" content=\"720\" \/>\n\t<meta property=\"og:image:height\" content=\"420\" \/>\n\t<meta property=\"og:image:type\" content=\"image\/png\" \/>\n<meta name=\"author\" content=\"St\u00e9phane Miget\" \/>\n<meta name=\"twitter:card\" content=\"summary_large_image\" \/>\n<meta name=\"twitter:creator\" content=\"@bati_journal\" \/>\n<meta name=\"twitter:site\" content=\"@bati_journal\" \/>\n<meta name=\"twitter:label1\" content=\"\u00c9crit par\" \/>\n\t<meta name=\"twitter:data1\" content=\"St\u00e9phane Miget\" \/>\n\t<meta name=\"twitter:label2\" content=\"Dur\u00e9e de lecture estim\u00e9e\" \/>\n\t<meta name=\"twitter:data2\" content=\"2 minutes\" \/>\n<script type=\"application\/ld+json\" class=\"yoast-schema-graph\">{\"@context\":\"https:\\\/\\\/schema.org\",\"@graph\":[{\"@type\":\"Article\",\"@id\":\"https:\\\/\\\/batijournal.com\\\/index.php\\\/rebatir-notre-dame-de-paris-avec-les-chantiers-de-france\\\/101967\\\/#article\",\"isPartOf\":{\"@id\":\"https:\\\/\\\/batijournal.com\\\/index.php\\\/rebatir-notre-dame-de-paris-avec-les-chantiers-de-france\\\/101967\\\/\"},\"author\":{\"name\":\"St\u00e9phane Miget\",\"@id\":\"https:\\\/\\\/batijournal.com\\\/#\\\/schema\\\/person\\\/1dc96ec6957aa1ccb25ebe78bb19f100\"},\"headline\":\"Reb\u00e2tir Notre-Dame de Paris avec les Chantiers de France\",\"datePublished\":\"2019-04-19T05:49:55+00:00\",\"dateModified\":\"2019-07-15T10:07:05+00:00\",\"mainEntityOfPage\":{\"@id\":\"https:\\\/\\\/batijournal.com\\\/index.php\\\/rebatir-notre-dame-de-paris-avec-les-chantiers-de-france\\\/101967\\\/\"},\"wordCount\":330,\"image\":{\"@id\":\"https:\\\/\\\/batijournal.com\\\/index.php\\\/rebatir-notre-dame-de-paris-avec-les-chantiers-de-france\\\/101967\\\/#primaryimage\"},\"thumbnailUrl\":\"https:\\\/\\\/batijournal.com\\\/wp-content\\\/uploads\\\/2019\\\/04\\\/rebatir_notre_dame.png\",\"keywords\":[\"Chantiers de France\",\"notre dame de paris\"],\"articleSection\":[\"Actualit\u00e9s\",\"\u00c9conomie &amp; March\u00e9s\",\"zz_Atrium Patrimoine\",\"zz_Entreprises et chantiers - AC\",\"zz_Woodsurfer\"],\"inLanguage\":\"fr-FR\"},{\"@type\":\"WebPage\",\"@id\":\"https:\\\/\\\/batijournal.com\\\/index.php\\\/rebatir-notre-dame-de-paris-avec-les-chantiers-de-france\\\/101967\\\/\",\"url\":\"https:\\\/\\\/batijournal.com\\\/index.php\\\/rebatir-notre-dame-de-paris-avec-les-chantiers-de-france\\\/101967\\\/\",\"name\":\"Reb\u00e2tir Notre-Dame de Paris avec les Chantiers de France\",\"isPartOf\":{\"@id\":\"https:\\\/\\\/batijournal.com\\\/#website\"},\"primaryImageOfPage\":{\"@id\":\"https:\\\/\\\/batijournal.com\\\/index.php\\\/rebatir-notre-dame-de-paris-avec-les-chantiers-de-france\\\/101967\\\/#primaryimage\"},\"image\":{\"@id\":\"https:\\\/\\\/batijournal.com\\\/index.php\\\/rebatir-notre-dame-de-paris-avec-les-chantiers-de-france\\\/101967\\\/#primaryimage\"},\"thumbnailUrl\":\"https:\\\/\\\/batijournal.com\\\/wp-content\\\/uploads\\\/2019\\\/04\\\/rebatir_notre_dame.png\",\"datePublished\":\"2019-04-19T05:49:55+00:00\",\"dateModified\":\"2019-07-15T10:07:05+00:00\",\"author\":{\"@id\":\"https:\\\/\\\/batijournal.com\\\/#\\\/schema\\\/person\\\/1dc96ec6957aa1ccb25ebe78bb19f100\"},\"description\":\"Muriel PENICAUD, Jean-Michel BLANQUER et Franck RIESTER ont lanc\u00e9 les Chantiers de France avec les repr\u00e9sentants des fili\u00e8res formant aux m\u00e9tiers\",\"breadcrumb\":{\"@id\":\"https:\\\/\\\/batijournal.com\\\/index.php\\\/rebatir-notre-dame-de-paris-avec-les-chantiers-de-france\\\/101967\\\/#breadcrumb\"},\"inLanguage\":\"fr-FR\",\"potentialAction\":[{\"@type\":\"ReadAction\",\"target\":[\"https:\\\/\\\/batijournal.com\\\/index.php\\\/rebatir-notre-dame-de-paris-avec-les-chantiers-de-france\\\/101967\\\/\"]}]},{\"@type\":\"ImageObject\",\"inLanguage\":\"fr-FR\",\"@id\":\"https:\\\/\\\/batijournal.com\\\/index.php\\\/rebatir-notre-dame-de-paris-avec-les-chantiers-de-france\\\/101967\\\/#primaryimage\",\"url\":\"https:\\\/\\\/batijournal.com\\\/wp-content\\\/uploads\\\/2019\\\/04\\\/rebatir_notre_dame.png\",\"contentUrl\":\"https:\\\/\\\/batijournal.com\\\/wp-content\\\/uploads\\\/2019\\\/04\\\/rebatir_notre_dame.png\",\"width\":720,\"height\":420},{\"@type\":\"BreadcrumbList\",\"@id\":\"https:\\\/\\\/batijournal.com\\\/index.php\\\/rebatir-notre-dame-de-paris-avec-les-chantiers-de-france\\\/101967\\\/#breadcrumb\",\"itemListElement\":[{\"@type\":\"ListItem\",\"position\":1,\"name\":\"Accueil\",\"item\":\"https:\\\/\\\/batijournal.com\\\/\"},{\"@type\":\"ListItem\",\"position\":2,\"name\":\"Actualit\u00e9s\",\"item\":\"https:\\\/\\\/batijournal.com\\\/index.php\\\/category\\\/actualites\\\/\"},{\"@type\":\"ListItem\",\"position\":3,\"name\":\"Reb\u00e2tir Notre-Dame de Paris avec les Chantiers de France\"}]},{\"@type\":\"WebSite\",\"@id\":\"https:\\\/\\\/batijournal.com\\\/#website\",\"url\":\"https:\\\/\\\/batijournal.com\\\/\",\"name\":\"Batijournal\",\"description\":\"L&#039;actualit\u00e9 du b\u00e2timent\",\"potentialAction\":[{\"@type\":\"SearchAction\",\"target\":{\"@type\":\"EntryPoint\",\"urlTemplate\":\"https:\\\/\\\/batijournal.com\\\/?s={search_term_string}\"},\"query-input\":{\"@type\":\"PropertyValueSpecification\",\"valueRequired\":true,\"valueName\":\"search_term_string\"}}],\"inLanguage\":\"fr-FR\"},{\"@type\":\"Person\",\"@id\":\"https:\\\/\\\/batijournal.com\\\/#\\\/schema\\\/person\\\/1dc96ec6957aa1ccb25ebe78bb19f100\",\"name\":\"St\u00e9phane Miget\",\"image\":{\"@type\":\"ImageObject\",\"inLanguage\":\"fr-FR\",\"@id\":\"https:\\\/\\\/secure.gravatar.com\\\/avatar\\\/89915563d925342126b8ef0281b93d9d7fc337043e8df017f780908eb9644451?s=96&d=mm&r=g\",\"url\":\"https:\\\/\\\/secure.gravatar.com\\\/avatar\\\/89915563d925342126b8ef0281b93d9d7fc337043e8df017f780908eb9644451?s=96&d=mm&r=g\",\"contentUrl\":\"https:\\\/\\\/secure.gravatar.com\\\/avatar\\\/89915563d925342126b8ef0281b93d9d7fc337043e8df017f780908eb9644451?s=96&d=mm&r=g\",\"caption\":\"St\u00e9phane Miget\"},\"url\":\"https:\\\/\\\/batijournal.com\\\/index.php\\\/author\\\/stephane\\\/\"}]}<\/script>\n<!-- \/ Yoast SEO plugin. -->","yoast_head_json":{"title":"Reb\u00e2tir Notre-Dame de Paris avec les Chantiers de France","description":"Muriel PENICAUD, Jean-Michel BLANQUER et Franck RIESTER ont lanc\u00e9 les Chantiers de France avec les repr\u00e9sentants des fili\u00e8res formant aux m\u00e9tiers","robots":{"index":"index","follow":"follow","max-snippet":"max-snippet:-1","max-image-preview":"max-image-preview:large","max-video-preview":"max-video-preview:-1"},"canonical":"https:\/\/batijournal.com\/index.php\/rebatir-notre-dame-de-paris-avec-les-chantiers-de-france\/101967\/","og_locale":"fr_FR","og_type":"article","og_title":"Reb\u00e2tir Notre-Dame de Paris avec les Chantiers de France","og_description":"Muriel PENICAUD, Jean-Michel BLANQUER et Franck RIESTER ont lanc\u00e9 les Chantiers de France avec les repr\u00e9sentants des fili\u00e8res formant aux m\u00e9tiers","og_url":"https:\/\/batijournal.com\/index.php\/rebatir-notre-dame-de-paris-avec-les-chantiers-de-france\/101967\/","og_site_name":"Batijournal","article_published_time":"2019-04-19T05:49:55+00:00","article_modified_time":"2019-07-15T10:07:05+00:00","og_image":[{"width":720,"height":420,"url":"https:\/\/batijournal.com\/wp-content\/uploads\/2019\/04\/rebatir_notre_dame.png","type":"image\/png"}],"author":"St\u00e9phane Miget","twitter_card":"summary_large_image","twitter_creator":"@bati_journal","twitter_site":"@bati_journal","twitter_misc":{"\u00c9crit par":"St\u00e9phane Miget","Dur\u00e9e de lecture estim\u00e9e":"2 minutes"},"schema":{"@context":"https:\/\/schema.org","@graph":[{"@type":"Article","@id":"https:\/\/batijournal.com\/index.php\/rebatir-notre-dame-de-paris-avec-les-chantiers-de-france\/101967\/#article","isPartOf":{"@id":"https:\/\/batijournal.com\/index.php\/rebatir-notre-dame-de-paris-avec-les-chantiers-de-france\/101967\/"},"author":{"name":"St\u00e9phane Miget","@id":"https:\/\/batijournal.com\/#\/schema\/person\/1dc96ec6957aa1ccb25ebe78bb19f100"},"headline":"Reb\u00e2tir Notre-Dame de Paris avec les Chantiers de France","datePublished":"2019-04-19T05:49:55+00:00","dateModified":"2019-07-15T10:07:05+00:00","mainEntityOfPage":{"@id":"https:\/\/batijournal.com\/index.php\/rebatir-notre-dame-de-paris-avec-les-chantiers-de-france\/101967\/"},"wordCount":330,"image":{"@id":"https:\/\/batijournal.com\/index.php\/rebatir-notre-dame-de-paris-avec-les-chantiers-de-france\/101967\/#primaryimage"},"thumbnailUrl":"https:\/\/batijournal.com\/wp-content\/uploads\/2019\/04\/rebatir_notre_dame.png","keywords":["Chantiers de France","notre dame de paris"],"articleSection":["Actualit\u00e9s","\u00c9conomie &amp; March\u00e9s","zz_Atrium Patrimoine","zz_Entreprises et chantiers - AC","zz_Woodsurfer"],"inLanguage":"fr-FR"},{"@type":"WebPage","@id":"https:\/\/batijournal.com\/index.php\/rebatir-notre-dame-de-paris-avec-les-chantiers-de-france\/101967\/","url":"https:\/\/batijournal.com\/index.php\/rebatir-notre-dame-de-paris-avec-les-chantiers-de-france\/101967\/","name":"Reb\u00e2tir Notre-Dame de Paris avec les Chantiers de France","isPartOf":{"@id":"https:\/\/batijournal.com\/#website"},"primaryImageOfPage":{"@id":"https:\/\/batijournal.com\/index.php\/rebatir-notre-dame-de-paris-avec-les-chantiers-de-france\/101967\/#primaryimage"},"image":{"@id":"https:\/\/batijournal.com\/index.php\/rebatir-notre-dame-de-paris-avec-les-chantiers-de-france\/101967\/#primaryimage"},"thumbnailUrl":"https:\/\/batijournal.com\/wp-content\/uploads\/2019\/04\/rebatir_notre_dame.png","datePublished":"2019-04-19T05:49:55+00:00","dateModified":"2019-07-15T10:07:05+00:00","author":{"@id":"https:\/\/batijournal.com\/#\/schema\/person\/1dc96ec6957aa1ccb25ebe78bb19f100"},"description":"Muriel PENICAUD, Jean-Michel BLANQUER et Franck RIESTER ont lanc\u00e9 les Chantiers de France avec les repr\u00e9sentants des fili\u00e8res formant aux m\u00e9tiers","breadcrumb":{"@id":"https:\/\/batijournal.com\/index.php\/rebatir-notre-dame-de-paris-avec-les-chantiers-de-france\/101967\/#breadcrumb"},"inLanguage":"fr-FR","potentialAction":[{"@type":"ReadAction","target":["https:\/\/batijournal.com\/index.php\/rebatir-notre-dame-de-paris-avec-les-chantiers-de-france\/101967\/"]}]},{"@type":"ImageObject","inLanguage":"fr-FR","@id":"https:\/\/batijournal.com\/index.php\/rebatir-notre-dame-de-paris-avec-les-chantiers-de-france\/101967\/#primaryimage","url":"https:\/\/batijournal.com\/wp-content\/uploads\/2019\/04\/rebatir_notre_dame.png","contentUrl":"https:\/\/batijournal.com\/wp-content\/uploads\/2019\/04\/rebatir_notre_dame.png","width":720,"height":420},{"@type":"BreadcrumbList","@id":"https:\/\/batijournal.com\/index.php\/rebatir-notre-dame-de-paris-avec-les-chantiers-de-france\/101967\/#breadcrumb","itemListElement":[{"@type":"ListItem","position":1,"name":"Accueil","item":"https:\/\/batijournal.com\/"},{"@type":"ListItem","position":2,"name":"Actualit\u00e9s","item":"https:\/\/batijournal.com\/index.php\/category\/actualites\/"},{"@type":"ListItem","position":3,"name":"Reb\u00e2tir Notre-Dame de Paris avec les Chantiers de France"}]},{"@type":"WebSite","@id":"https:\/\/batijournal.com\/#website","url":"https:\/\/batijournal.com\/","name":"Batijournal","description":"L&#039;actualit\u00e9 du b\u00e2timent","potentialAction":[{"@type":"SearchAction","target":{"@type":"EntryPoint","urlTemplate":"https:\/\/batijournal.com\/?s={search_term_string}"},"query-input":{"@type":"PropertyValueSpecification","valueRequired":true,"valueName":"search_term_string"}}],"inLanguage":"fr-FR"},{"@type":"Person","@id":"https:\/\/batijournal.com\/#\/schema\/person\/1dc96ec6957aa1ccb25ebe78bb19f100","name":"St\u00e9phane Miget","image":{"@type":"ImageObject","inLanguage":"fr-FR","@id":"https:\/\/secure.gravatar.com\/avatar\/89915563d925342126b8ef0281b93d9d7fc337043e8df017f780908eb9644451?s=96&d=mm&r=g","url":"https:\/\/secure.gravatar.com\/avatar\/89915563d925342126b8ef0281b93d9d7fc337043e8df017f780908eb9644451?s=96&d=mm&r=g","contentUrl":"https:\/\/secure.gravatar.com\/avatar\/89915563d925342126b8ef0281b93d9d7fc337043e8df017f780908eb9644451?s=96&d=mm&r=g","caption":"St\u00e9phane Miget"},"url":"https:\/\/batijournal.com\/index.php\/author\/stephane\/"}]}},"_links":{"self":[{"href":"https:\/\/batijournal.com\/index.php\/wp-json\/wp\/v2\/posts\/101967","targetHints":{"allow":["GET"]}}],"collection":[{"href":"https:\/\/batijournal.com\/index.php\/wp-json\/wp\/v2\/posts"}],"about":[{"href":"https:\/\/batijournal.com\/index.php\/wp-json\/wp\/v2\/types\/post"}],"author":[{"embeddable":true,"href":"https:\/\/batijournal.com\/index.php\/wp-json\/wp\/v2\/users\/17"}],"replies":[{"embeddable":true,"href":"https:\/\/batijournal.com\/index.php\/wp-json\/wp\/v2\/comments?post=101967"}],"version-history":[{"count":0,"href":"https:\/\/batijournal.com\/index.php\/wp-json\/wp\/v2\/posts\/101967\/revisions"}],"wp:featuredmedia":[{"embeddable":true,"href":"https:\/\/batijournal.com\/index.php\/wp-json\/wp\/v2\/media\/101968"}],"wp:attachment":[{"href":"https:\/\/batijournal.com\/index.php\/wp-json\/wp\/v2\/media?parent=101967"}],"wp:term":[{"taxonomy":"category","embeddable":true,"href":"https:\/\/batijournal.com\/index.php\/wp-json\/wp\/v2\/categories?post=101967"},{"taxonomy":"post_tag","embeddable":true,"href":"https:\/\/batijournal.com\/index.php\/wp-json\/wp\/v2\/tags?post=101967"}],"curies":[{"name":"wp","href":"https:\/\/api.w.org\/{rel}","templated":true}]}}