{"id":101988,"date":"2019-04-25T12:04:40","date_gmt":"2019-04-25T10:04:40","guid":{"rendered":"https:\/\/batijournal.com\/?p=101988"},"modified":"2019-07-15T11:14:33","modified_gmt":"2019-07-15T09:14:33","slug":"les-voutes-de-notre-dame-de-paris-provisoirement-abritees","status":"publish","type":"post","link":"https:\/\/batijournal.com\/index.php\/les-voutes-de-notre-dame-de-paris-provisoirement-abritees\/101988\/","title":{"rendered":"Les vo\u00fbtes de Notre-Dame de Paris provisoirement abrit\u00e9es"},"content":{"rendered":"<p>L&rsquo;architecte Charlotte Hubert, porte-parole de l&rsquo;\u00e9quipe de reconstruction de la Notre-Dame de Paris, a annonc\u00e9, mardi 23 avril 2019, sur France Bleu, l&rsquo;installation d&rsquo;un b\u00e2chage au dessus des vo\u00fbtes mises \u00e0 nues et d\u00e9j\u00e0 imbib\u00e9es d&rsquo;eau, pour les prot\u00e9ger des intemp\u00e9ries. Le groupe Jarnias de l&rsquo;Ha\u00ff-les-Roses, sp\u00e9cialis\u00e9 dans les travaux en hauteur et d&rsquo;urgence, a con\u00e7u une charpente temporaire et l&rsquo;a rev\u00eatu d&rsquo;une b\u00e2che de 600\u00a0m<sup>2<\/sup>, en travaillant sans rel\u00e2che depuis une semaine pour la mise hors d&rsquo;eau de la cath\u00e9drale. Cette solution provisoire sera remplac\u00e9e dans les mois \u00e0 venir par un \u00e9chafaudage parapluie. Les vo\u00fbtes sont aussi \u00e9quip\u00e9es de capteurs pour signaler le moindre mouvement de la structure. Certains pignons avaient d\u00e9j\u00e0 fait l&rsquo;objet d&rsquo;une consolidation et de protections aussit\u00f4t apr\u00e8s l&rsquo;incendie.<\/p>\n<p>&nbsp;<\/p>\n<p>Photo : Anna Ader<\/p>\n<p>&nbsp;<\/p>\n<p>&nbsp;<\/p>\n","protected":false},"excerpt":{"rendered":"<p>L&rsquo;architecte Charlotte Hubert, porte-parole de l&rsquo;\u00e9quipe de reconstruction de la Notre-Dame de Paris, a annonc\u00e9, mardi 23 avril 2019, sur France Bleu, l&rsquo;installation d&rsquo;un b\u00e2chage au dessus des vo\u00fbtes mises \u00e0 nues et d\u00e9j\u00e0 imbib\u00e9es d&rsquo;eau, pour les prot\u00e9ger des intemp\u00e9ries. Le groupe Jarnias de l&rsquo;Ha\u00ff-les-Roses, sp\u00e9cialis\u00e9 dans les travaux en hauteur et d&rsquo;urgence, a [&hellip;]<\/p>\n","protected":false},"author":17,"featured_media":101990,"comment_status":"closed","ping_status":"closed","sticky":false,"template":"","format":"standard","meta":{"_et_pb_use_builder":"","_et_pb_old_content":"","_et_gb_content_width":"","footnotes":""},"categories":[10530,6340,10771,10775,10785],"tags":[6842],"class_list":["post-101988","post","type-post","status-publish","format-standard","has-post-thumbnail","hentry","category-actualites","category-architecture-conception","category-5facades","category-actualites-5facades","category-atrium","tag-notre-dame-de-paris"],"yoast_head":"<!-- This site is optimized with the Yoast SEO plugin v27.4 - https:\/\/yoast.com\/product\/yoast-seo-wordpress\/ -->\n<title>Les vo\u00fbtes de Notre-Dame de Paris provisoirement abrit\u00e9es<\/title>\n<meta name=\"description\" content=\"L&#039;architecte Charlotte Hubert, porte-parole de l&#039;\u00e9quipe de reconstruction de la Notre-Dame de Paris, a annonc\u00e9 le b\u00e2chage des vo\u00fbtes\" \/>\n<meta name=\"robots\" content=\"index, follow, max-snippet:-1, max-image-preview:large, max-video-preview:-1\" \/>\n<link rel=\"canonical\" href=\"https:\/\/batijournal.com\/index.php\/les-voutes-de-notre-dame-de-paris-provisoirement-abritees\/101988\/\" \/>\n<meta property=\"og:locale\" content=\"fr_FR\" \/>\n<meta property=\"og:type\" content=\"article\" \/>\n<meta property=\"og:title\" content=\"Les vo\u00fbtes de Notre-Dame de Paris provisoirement abrit\u00e9es\" \/>\n<meta property=\"og:description\" content=\"L&#039;architecte Charlotte Hubert, porte-parole de l&#039;\u00e9quipe de reconstruction de la Notre-Dame de Paris, a annonc\u00e9 le b\u00e2chage des vo\u00fbtes\" \/>\n<meta property=\"og:url\" content=\"https:\/\/batijournal.com\/index.php\/les-voutes-de-notre-dame-de-paris-provisoirement-abritees\/101988\/\" \/>\n<meta property=\"og:site_name\" content=\"Batijournal\" \/>\n<meta property=\"article:published_time\" content=\"2019-04-25T10:04:40+00:00\" \/>\n<meta property=\"article:modified_time\" content=\"2019-07-15T09:14:33+00:00\" \/>\n<meta property=\"og:image\" content=\"https:\/\/batijournal.com\/wp-content\/uploads\/2019\/04\/bachage-voutes-rosace-pignon-notre-dame-de-paris.jpg\" \/>\n\t<meta property=\"og:image:width\" content=\"1212\" \/>\n\t<meta property=\"og:image:height\" content=\"940\" \/>\n\t<meta property=\"og:image:type\" content=\"image\/jpeg\" \/>\n<meta name=\"author\" content=\"St\u00e9phane Miget\" \/>\n<meta name=\"twitter:card\" content=\"summary_large_image\" \/>\n<meta name=\"twitter:creator\" content=\"@bati_journal\" \/>\n<meta name=\"twitter:site\" content=\"@bati_journal\" \/>\n<meta name=\"twitter:label1\" content=\"\u00c9crit par\" \/>\n\t<meta name=\"twitter:data1\" content=\"St\u00e9phane Miget\" \/>\n\t<meta name=\"twitter:label2\" content=\"Dur\u00e9e de lecture estim\u00e9e\" \/>\n\t<meta name=\"twitter:data2\" content=\"1 minute\" \/>\n<script type=\"application\/ld+json\" class=\"yoast-schema-graph\">{\"@context\":\"https:\\\/\\\/schema.org\",\"@graph\":[{\"@type\":\"Article\",\"@id\":\"https:\\\/\\\/batijournal.com\\\/index.php\\\/les-voutes-de-notre-dame-de-paris-provisoirement-abritees\\\/101988\\\/#article\",\"isPartOf\":{\"@id\":\"https:\\\/\\\/batijournal.com\\\/index.php\\\/les-voutes-de-notre-dame-de-paris-provisoirement-abritees\\\/101988\\\/\"},\"author\":{\"name\":\"St\u00e9phane Miget\",\"@id\":\"https:\\\/\\\/batijournal.com\\\/#\\\/schema\\\/person\\\/1dc96ec6957aa1ccb25ebe78bb19f100\"},\"headline\":\"Les vo\u00fbtes de Notre-Dame de Paris provisoirement abrit\u00e9es\",\"datePublished\":\"2019-04-25T10:04:40+00:00\",\"dateModified\":\"2019-07-15T09:14:33+00:00\",\"mainEntityOfPage\":{\"@id\":\"https:\\\/\\\/batijournal.com\\\/index.php\\\/les-voutes-de-notre-dame-de-paris-provisoirement-abritees\\\/101988\\\/\"},\"wordCount\":168,\"image\":{\"@id\":\"https:\\\/\\\/batijournal.com\\\/index.php\\\/les-voutes-de-notre-dame-de-paris-provisoirement-abritees\\\/101988\\\/#primaryimage\"},\"thumbnailUrl\":\"https:\\\/\\\/batijournal.com\\\/wp-content\\\/uploads\\\/2019\\\/04\\\/bachage-voutes-rosace-pignon-notre-dame-de-paris.jpg\",\"keywords\":[\"notre dame de paris\"],\"articleSection\":[\"Actualit\u00e9s\",\"Architecture &amp; Conception\",\"zz_5fa\u00e7ades\",\"zz_Actualit\u00e9s - 5fa\u00e7ades\",\"zz_Atrium Patrimoine\"],\"inLanguage\":\"fr-FR\"},{\"@type\":\"WebPage\",\"@id\":\"https:\\\/\\\/batijournal.com\\\/index.php\\\/les-voutes-de-notre-dame-de-paris-provisoirement-abritees\\\/101988\\\/\",\"url\":\"https:\\\/\\\/batijournal.com\\\/index.php\\\/les-voutes-de-notre-dame-de-paris-provisoirement-abritees\\\/101988\\\/\",\"name\":\"Les vo\u00fbtes de Notre-Dame de Paris provisoirement abrit\u00e9es\",\"isPartOf\":{\"@id\":\"https:\\\/\\\/batijournal.com\\\/#website\"},\"primaryImageOfPage\":{\"@id\":\"https:\\\/\\\/batijournal.com\\\/index.php\\\/les-voutes-de-notre-dame-de-paris-provisoirement-abritees\\\/101988\\\/#primaryimage\"},\"image\":{\"@id\":\"https:\\\/\\\/batijournal.com\\\/index.php\\\/les-voutes-de-notre-dame-de-paris-provisoirement-abritees\\\/101988\\\/#primaryimage\"},\"thumbnailUrl\":\"https:\\\/\\\/batijournal.com\\\/wp-content\\\/uploads\\\/2019\\\/04\\\/bachage-voutes-rosace-pignon-notre-dame-de-paris.jpg\",\"datePublished\":\"2019-04-25T10:04:40+00:00\",\"dateModified\":\"2019-07-15T09:14:33+00:00\",\"author\":{\"@id\":\"https:\\\/\\\/batijournal.com\\\/#\\\/schema\\\/person\\\/1dc96ec6957aa1ccb25ebe78bb19f100\"},\"description\":\"L'architecte Charlotte Hubert, porte-parole de l'\u00e9quipe de reconstruction de la Notre-Dame de Paris, a annonc\u00e9 le b\u00e2chage des vo\u00fbtes\",\"breadcrumb\":{\"@id\":\"https:\\\/\\\/batijournal.com\\\/index.php\\\/les-voutes-de-notre-dame-de-paris-provisoirement-abritees\\\/101988\\\/#breadcrumb\"},\"inLanguage\":\"fr-FR\",\"potentialAction\":[{\"@type\":\"ReadAction\",\"target\":[\"https:\\\/\\\/batijournal.com\\\/index.php\\\/les-voutes-de-notre-dame-de-paris-provisoirement-abritees\\\/101988\\\/\"]}]},{\"@type\":\"ImageObject\",\"inLanguage\":\"fr-FR\",\"@id\":\"https:\\\/\\\/batijournal.com\\\/index.php\\\/les-voutes-de-notre-dame-de-paris-provisoirement-abritees\\\/101988\\\/#primaryimage\",\"url\":\"https:\\\/\\\/batijournal.com\\\/wp-content\\\/uploads\\\/2019\\\/04\\\/bachage-voutes-rosace-pignon-notre-dame-de-paris.jpg\",\"contentUrl\":\"https:\\\/\\\/batijournal.com\\\/wp-content\\\/uploads\\\/2019\\\/04\\\/bachage-voutes-rosace-pignon-notre-dame-de-paris.jpg\",\"width\":1212,\"height\":940},{\"@type\":\"BreadcrumbList\",\"@id\":\"https:\\\/\\\/batijournal.com\\\/index.php\\\/les-voutes-de-notre-dame-de-paris-provisoirement-abritees\\\/101988\\\/#breadcrumb\",\"itemListElement\":[{\"@type\":\"ListItem\",\"position\":1,\"name\":\"Accueil\",\"item\":\"https:\\\/\\\/batijournal.com\\\/\"},{\"@type\":\"ListItem\",\"position\":2,\"name\":\"Actualit\u00e9s\",\"item\":\"https:\\\/\\\/batijournal.com\\\/index.php\\\/category\\\/actualites\\\/\"},{\"@type\":\"ListItem\",\"position\":3,\"name\":\"Les vo\u00fbtes de Notre-Dame de Paris provisoirement abrit\u00e9es\"}]},{\"@type\":\"WebSite\",\"@id\":\"https:\\\/\\\/batijournal.com\\\/#website\",\"url\":\"https:\\\/\\\/batijournal.com\\\/\",\"name\":\"Batijournal\",\"description\":\"L&#039;actualit\u00e9 du b\u00e2timent\",\"potentialAction\":[{\"@type\":\"SearchAction\",\"target\":{\"@type\":\"EntryPoint\",\"urlTemplate\":\"https:\\\/\\\/batijournal.com\\\/?s={search_term_string}\"},\"query-input\":{\"@type\":\"PropertyValueSpecification\",\"valueRequired\":true,\"valueName\":\"search_term_string\"}}],\"inLanguage\":\"fr-FR\"},{\"@type\":\"Person\",\"@id\":\"https:\\\/\\\/batijournal.com\\\/#\\\/schema\\\/person\\\/1dc96ec6957aa1ccb25ebe78bb19f100\",\"name\":\"St\u00e9phane Miget\",\"image\":{\"@type\":\"ImageObject\",\"inLanguage\":\"fr-FR\",\"@id\":\"https:\\\/\\\/secure.gravatar.com\\\/avatar\\\/89915563d925342126b8ef0281b93d9d7fc337043e8df017f780908eb9644451?s=96&d=mm&r=g\",\"url\":\"https:\\\/\\\/secure.gravatar.com\\\/avatar\\\/89915563d925342126b8ef0281b93d9d7fc337043e8df017f780908eb9644451?s=96&d=mm&r=g\",\"contentUrl\":\"https:\\\/\\\/secure.gravatar.com\\\/avatar\\\/89915563d925342126b8ef0281b93d9d7fc337043e8df017f780908eb9644451?s=96&d=mm&r=g\",\"caption\":\"St\u00e9phane Miget\"},\"url\":\"https:\\\/\\\/batijournal.com\\\/index.php\\\/author\\\/stephane\\\/\"}]}<\/script>\n<!-- \/ Yoast SEO plugin. -->","yoast_head_json":{"title":"Les vo\u00fbtes de Notre-Dame de Paris provisoirement abrit\u00e9es","description":"L'architecte Charlotte Hubert, porte-parole de l'\u00e9quipe de reconstruction de la Notre-Dame de Paris, a annonc\u00e9 le b\u00e2chage des vo\u00fbtes","robots":{"index":"index","follow":"follow","max-snippet":"max-snippet:-1","max-image-preview":"max-image-preview:large","max-video-preview":"max-video-preview:-1"},"canonical":"https:\/\/batijournal.com\/index.php\/les-voutes-de-notre-dame-de-paris-provisoirement-abritees\/101988\/","og_locale":"fr_FR","og_type":"article","og_title":"Les vo\u00fbtes de Notre-Dame de Paris provisoirement abrit\u00e9es","og_description":"L'architecte Charlotte Hubert, porte-parole de l'\u00e9quipe de reconstruction de la Notre-Dame de Paris, a annonc\u00e9 le b\u00e2chage des vo\u00fbtes","og_url":"https:\/\/batijournal.com\/index.php\/les-voutes-de-notre-dame-de-paris-provisoirement-abritees\/101988\/","og_site_name":"Batijournal","article_published_time":"2019-04-25T10:04:40+00:00","article_modified_time":"2019-07-15T09:14:33+00:00","og_image":[{"width":1212,"height":940,"url":"https:\/\/batijournal.com\/wp-content\/uploads\/2019\/04\/bachage-voutes-rosace-pignon-notre-dame-de-paris.jpg","type":"image\/jpeg"}],"author":"St\u00e9phane Miget","twitter_card":"summary_large_image","twitter_creator":"@bati_journal","twitter_site":"@bati_journal","twitter_misc":{"\u00c9crit par":"St\u00e9phane Miget","Dur\u00e9e de lecture estim\u00e9e":"1 minute"},"schema":{"@context":"https:\/\/schema.org","@graph":[{"@type":"Article","@id":"https:\/\/batijournal.com\/index.php\/les-voutes-de-notre-dame-de-paris-provisoirement-abritees\/101988\/#article","isPartOf":{"@id":"https:\/\/batijournal.com\/index.php\/les-voutes-de-notre-dame-de-paris-provisoirement-abritees\/101988\/"},"author":{"name":"St\u00e9phane Miget","@id":"https:\/\/batijournal.com\/#\/schema\/person\/1dc96ec6957aa1ccb25ebe78bb19f100"},"headline":"Les vo\u00fbtes de Notre-Dame de Paris provisoirement abrit\u00e9es","datePublished":"2019-04-25T10:04:40+00:00","dateModified":"2019-07-15T09:14:33+00:00","mainEntityOfPage":{"@id":"https:\/\/batijournal.com\/index.php\/les-voutes-de-notre-dame-de-paris-provisoirement-abritees\/101988\/"},"wordCount":168,"image":{"@id":"https:\/\/batijournal.com\/index.php\/les-voutes-de-notre-dame-de-paris-provisoirement-abritees\/101988\/#primaryimage"},"thumbnailUrl":"https:\/\/batijournal.com\/wp-content\/uploads\/2019\/04\/bachage-voutes-rosace-pignon-notre-dame-de-paris.jpg","keywords":["notre dame de paris"],"articleSection":["Actualit\u00e9s","Architecture &amp; Conception","zz_5fa\u00e7ades","zz_Actualit\u00e9s - 5fa\u00e7ades","zz_Atrium Patrimoine"],"inLanguage":"fr-FR"},{"@type":"WebPage","@id":"https:\/\/batijournal.com\/index.php\/les-voutes-de-notre-dame-de-paris-provisoirement-abritees\/101988\/","url":"https:\/\/batijournal.com\/index.php\/les-voutes-de-notre-dame-de-paris-provisoirement-abritees\/101988\/","name":"Les vo\u00fbtes de Notre-Dame de Paris provisoirement abrit\u00e9es","isPartOf":{"@id":"https:\/\/batijournal.com\/#website"},"primaryImageOfPage":{"@id":"https:\/\/batijournal.com\/index.php\/les-voutes-de-notre-dame-de-paris-provisoirement-abritees\/101988\/#primaryimage"},"image":{"@id":"https:\/\/batijournal.com\/index.php\/les-voutes-de-notre-dame-de-paris-provisoirement-abritees\/101988\/#primaryimage"},"thumbnailUrl":"https:\/\/batijournal.com\/wp-content\/uploads\/2019\/04\/bachage-voutes-rosace-pignon-notre-dame-de-paris.jpg","datePublished":"2019-04-25T10:04:40+00:00","dateModified":"2019-07-15T09:14:33+00:00","author":{"@id":"https:\/\/batijournal.com\/#\/schema\/person\/1dc96ec6957aa1ccb25ebe78bb19f100"},"description":"L'architecte Charlotte Hubert, porte-parole de l'\u00e9quipe de reconstruction de la Notre-Dame de Paris, a annonc\u00e9 le b\u00e2chage des vo\u00fbtes","breadcrumb":{"@id":"https:\/\/batijournal.com\/index.php\/les-voutes-de-notre-dame-de-paris-provisoirement-abritees\/101988\/#breadcrumb"},"inLanguage":"fr-FR","potentialAction":[{"@type":"ReadAction","target":["https:\/\/batijournal.com\/index.php\/les-voutes-de-notre-dame-de-paris-provisoirement-abritees\/101988\/"]}]},{"@type":"ImageObject","inLanguage":"fr-FR","@id":"https:\/\/batijournal.com\/index.php\/les-voutes-de-notre-dame-de-paris-provisoirement-abritees\/101988\/#primaryimage","url":"https:\/\/batijournal.com\/wp-content\/uploads\/2019\/04\/bachage-voutes-rosace-pignon-notre-dame-de-paris.jpg","contentUrl":"https:\/\/batijournal.com\/wp-content\/uploads\/2019\/04\/bachage-voutes-rosace-pignon-notre-dame-de-paris.jpg","width":1212,"height":940},{"@type":"BreadcrumbList","@id":"https:\/\/batijournal.com\/index.php\/les-voutes-de-notre-dame-de-paris-provisoirement-abritees\/101988\/#breadcrumb","itemListElement":[{"@type":"ListItem","position":1,"name":"Accueil","item":"https:\/\/batijournal.com\/"},{"@type":"ListItem","position":2,"name":"Actualit\u00e9s","item":"https:\/\/batijournal.com\/index.php\/category\/actualites\/"},{"@type":"ListItem","position":3,"name":"Les vo\u00fbtes de Notre-Dame de Paris provisoirement abrit\u00e9es"}]},{"@type":"WebSite","@id":"https:\/\/batijournal.com\/#website","url":"https:\/\/batijournal.com\/","name":"Batijournal","description":"L&#039;actualit\u00e9 du b\u00e2timent","potentialAction":[{"@type":"SearchAction","target":{"@type":"EntryPoint","urlTemplate":"https:\/\/batijournal.com\/?s={search_term_string}"},"query-input":{"@type":"PropertyValueSpecification","valueRequired":true,"valueName":"search_term_string"}}],"inLanguage":"fr-FR"},{"@type":"Person","@id":"https:\/\/batijournal.com\/#\/schema\/person\/1dc96ec6957aa1ccb25ebe78bb19f100","name":"St\u00e9phane Miget","image":{"@type":"ImageObject","inLanguage":"fr-FR","@id":"https:\/\/secure.gravatar.com\/avatar\/89915563d925342126b8ef0281b93d9d7fc337043e8df017f780908eb9644451?s=96&d=mm&r=g","url":"https:\/\/secure.gravatar.com\/avatar\/89915563d925342126b8ef0281b93d9d7fc337043e8df017f780908eb9644451?s=96&d=mm&r=g","contentUrl":"https:\/\/secure.gravatar.com\/avatar\/89915563d925342126b8ef0281b93d9d7fc337043e8df017f780908eb9644451?s=96&d=mm&r=g","caption":"St\u00e9phane Miget"},"url":"https:\/\/batijournal.com\/index.php\/author\/stephane\/"}]}},"_links":{"self":[{"href":"https:\/\/batijournal.com\/index.php\/wp-json\/wp\/v2\/posts\/101988","targetHints":{"allow":["GET"]}}],"collection":[{"href":"https:\/\/batijournal.com\/index.php\/wp-json\/wp\/v2\/posts"}],"about":[{"href":"https:\/\/batijournal.com\/index.php\/wp-json\/wp\/v2\/types\/post"}],"author":[{"embeddable":true,"href":"https:\/\/batijournal.com\/index.php\/wp-json\/wp\/v2\/users\/17"}],"replies":[{"embeddable":true,"href":"https:\/\/batijournal.com\/index.php\/wp-json\/wp\/v2\/comments?post=101988"}],"version-history":[{"count":0,"href":"https:\/\/batijournal.com\/index.php\/wp-json\/wp\/v2\/posts\/101988\/revisions"}],"wp:featuredmedia":[{"embeddable":true,"href":"https:\/\/batijournal.com\/index.php\/wp-json\/wp\/v2\/media\/101990"}],"wp:attachment":[{"href":"https:\/\/batijournal.com\/index.php\/wp-json\/wp\/v2\/media?parent=101988"}],"wp:term":[{"taxonomy":"category","embeddable":true,"href":"https:\/\/batijournal.com\/index.php\/wp-json\/wp\/v2\/categories?post=101988"},{"taxonomy":"post_tag","embeddable":true,"href":"https:\/\/batijournal.com\/index.php\/wp-json\/wp\/v2\/tags?post=101988"}],"curies":[{"name":"wp","href":"https:\/\/api.w.org\/{rel}","templated":true}]}}