{"id":102004,"date":"2019-04-26T10:26:22","date_gmt":"2019-04-26T08:26:22","guid":{"rendered":"https:\/\/batijournal.com\/?p=102004"},"modified":"2019-07-15T11:21:33","modified_gmt":"2019-07-15T09:21:33","slug":"exposition-cadre-de-vie-des-immeubles-a-vivre-bois","status":"publish","type":"post","link":"https:\/\/batijournal.com\/index.php\/exposition-cadre-de-vie-des-immeubles-a-vivre-bois\/102004\/","title":{"rendered":"Exposition \u00ab Cadre de Vie des Immeubles \u00e0 Vivre Bois \u00bb"},"content":{"rendered":"<p>ADIVbois pr\u00e9sentera du 15 au 23 mai l\u2019exposition \u00ab Cadre de Vie des Immeubles \u00e0 Vivre Bois \u00bb \u00e0 la Galerie au Roi \u00e0 Paris. Cette exposition va d\u00e9voiler le fruit de trois ann\u00e9es de travail collaboratif entre architectes, industriels, agenceurs, designers, marketeurs, sous le pilotage d\u2019ADIVbois, pour aller au-del\u00e0 de l\u2019immeuble conventionnel, en liant construction et architecture, structure et am\u00e9nagement, \u00e9cologie et \u00e9conomie&#8230; avec le bois comme point d\u2019orgue. Trois prototypes (\u00e9chelle 1) d\u00e9velopp\u00e9s par des industriels apporteront, \u00e0 travers des \u00e9l\u00e9ments modulaires d\u2019agencement, des r\u00e9ponses aux grands enjeux que sont l\u2019\u00e9volutivit\u00e9, l\u2019adaptabilit\u00e9 et la r\u00e9versibilit\u00e9 des espaces. Des visites guid\u00e9es et des workshops d\u00e9di\u00e9s aux professionnels, permettront d\u2019\u00e9changer avec les acteurs du projet sur leur retour d\u2019exp\u00e9rience et de formaliser concr\u00e8tement des solutions et des offres produits.<\/p>\n","protected":false},"excerpt":{"rendered":"<p>ADIVbois pr\u00e9sentera du 15 au 23 mai l\u2019exposition \u00ab Cadre de Vie des Immeubles \u00e0 Vivre Bois \u00bb \u00e0 la Galerie au Roi \u00e0 Paris. Cette exposition va d\u00e9voiler le fruit de trois ann\u00e9es de travail collaboratif entre architectes, industriels, agenceurs, designers, marketeurs, sous le pilotage d\u2019ADIVbois, pour aller au-del\u00e0 de l\u2019immeuble conventionnel, en liant [&hellip;]<\/p>\n","protected":false},"author":17,"featured_media":92828,"comment_status":"closed","ping_status":"closed","sticky":false,"template":"","format":"standard","meta":{"_et_pb_use_builder":"","_et_pb_old_content":"","_et_gb_content_width":"","footnotes":""},"categories":[10530,6340,10764],"tags":[],"class_list":["post-102004","post","type-post","status-publish","format-standard","has-post-thumbnail","hentry","category-actualites","category-architecture-conception","category-woodsurfer"],"yoast_head":"<!-- This site is optimized with the Yoast SEO plugin v27.4 - https:\/\/yoast.com\/product\/yoast-seo-wordpress\/ -->\n<title>Exposition \u00ab Cadre de Vie des Immeubles \u00e0 Vivre Bois \u00bb<\/title>\n<meta name=\"description\" content=\"ADIVbois pr\u00e9sentera du 15 au 23 mai l\u2019exposition \u00ab Cadre de Vie des Immeubles \u00e0 Vivre Bois \u00bb \u00e0 la Galerie au Roi \u00e0 Paris\" \/>\n<meta name=\"robots\" content=\"index, follow, max-snippet:-1, max-image-preview:large, max-video-preview:-1\" \/>\n<link rel=\"canonical\" href=\"https:\/\/batijournal.com\/index.php\/exposition-cadre-de-vie-des-immeubles-a-vivre-bois\/102004\/\" \/>\n<meta property=\"og:locale\" content=\"fr_FR\" \/>\n<meta property=\"og:type\" content=\"article\" \/>\n<meta property=\"og:title\" content=\"Exposition \u00ab Cadre de Vie des Immeubles \u00e0 Vivre Bois \u00bb\" \/>\n<meta property=\"og:description\" content=\"ADIVbois pr\u00e9sentera du 15 au 23 mai l\u2019exposition \u00ab Cadre de Vie des Immeubles \u00e0 Vivre Bois \u00bb \u00e0 la Galerie au Roi \u00e0 Paris\" \/>\n<meta property=\"og:url\" content=\"https:\/\/batijournal.com\/index.php\/exposition-cadre-de-vie-des-immeubles-a-vivre-bois\/102004\/\" \/>\n<meta property=\"og:site_name\" content=\"Batijournal\" \/>\n<meta property=\"article:published_time\" content=\"2019-04-26T08:26:22+00:00\" \/>\n<meta property=\"article:modified_time\" content=\"2019-07-15T09:21:33+00:00\" \/>\n<meta property=\"og:image\" content=\"https:\/\/batijournal.com\/wp-content\/uploads\/2016\/05\/adivbois.jpg\" \/>\n\t<meta property=\"og:image:width\" content=\"680\" \/>\n\t<meta property=\"og:image:height\" content=\"282\" \/>\n\t<meta property=\"og:image:type\" content=\"image\/jpeg\" \/>\n<meta name=\"author\" content=\"St\u00e9phane Miget\" \/>\n<meta name=\"twitter:card\" content=\"summary_large_image\" \/>\n<meta name=\"twitter:creator\" content=\"@bati_journal\" \/>\n<meta name=\"twitter:site\" content=\"@bati_journal\" \/>\n<meta name=\"twitter:label1\" content=\"\u00c9crit par\" \/>\n\t<meta name=\"twitter:data1\" content=\"St\u00e9phane Miget\" \/>\n\t<meta name=\"twitter:label2\" content=\"Dur\u00e9e de lecture estim\u00e9e\" \/>\n\t<meta name=\"twitter:data2\" content=\"1 minute\" \/>\n<script type=\"application\/ld+json\" class=\"yoast-schema-graph\">{\"@context\":\"https:\\\/\\\/schema.org\",\"@graph\":[{\"@type\":\"Article\",\"@id\":\"https:\\\/\\\/batijournal.com\\\/index.php\\\/exposition-cadre-de-vie-des-immeubles-a-vivre-bois\\\/102004\\\/#article\",\"isPartOf\":{\"@id\":\"https:\\\/\\\/batijournal.com\\\/index.php\\\/exposition-cadre-de-vie-des-immeubles-a-vivre-bois\\\/102004\\\/\"},\"author\":{\"name\":\"St\u00e9phane Miget\",\"@id\":\"https:\\\/\\\/batijournal.com\\\/#\\\/schema\\\/person\\\/1dc96ec6957aa1ccb25ebe78bb19f100\"},\"headline\":\"Exposition \u00ab Cadre de Vie des Immeubles \u00e0 Vivre Bois \u00bb\",\"datePublished\":\"2019-04-26T08:26:22+00:00\",\"dateModified\":\"2019-07-15T09:21:33+00:00\",\"mainEntityOfPage\":{\"@id\":\"https:\\\/\\\/batijournal.com\\\/index.php\\\/exposition-cadre-de-vie-des-immeubles-a-vivre-bois\\\/102004\\\/\"},\"wordCount\":151,\"image\":{\"@id\":\"https:\\\/\\\/batijournal.com\\\/index.php\\\/exposition-cadre-de-vie-des-immeubles-a-vivre-bois\\\/102004\\\/#primaryimage\"},\"thumbnailUrl\":\"https:\\\/\\\/batijournal.com\\\/wp-content\\\/uploads\\\/2016\\\/05\\\/adivbois.jpg\",\"articleSection\":[\"Actualit\u00e9s\",\"Architecture &amp; Conception\",\"zz_Woodsurfer\"],\"inLanguage\":\"fr-FR\"},{\"@type\":\"WebPage\",\"@id\":\"https:\\\/\\\/batijournal.com\\\/index.php\\\/exposition-cadre-de-vie-des-immeubles-a-vivre-bois\\\/102004\\\/\",\"url\":\"https:\\\/\\\/batijournal.com\\\/index.php\\\/exposition-cadre-de-vie-des-immeubles-a-vivre-bois\\\/102004\\\/\",\"name\":\"Exposition \u00ab Cadre de Vie des Immeubles \u00e0 Vivre Bois \u00bb\",\"isPartOf\":{\"@id\":\"https:\\\/\\\/batijournal.com\\\/#website\"},\"primaryImageOfPage\":{\"@id\":\"https:\\\/\\\/batijournal.com\\\/index.php\\\/exposition-cadre-de-vie-des-immeubles-a-vivre-bois\\\/102004\\\/#primaryimage\"},\"image\":{\"@id\":\"https:\\\/\\\/batijournal.com\\\/index.php\\\/exposition-cadre-de-vie-des-immeubles-a-vivre-bois\\\/102004\\\/#primaryimage\"},\"thumbnailUrl\":\"https:\\\/\\\/batijournal.com\\\/wp-content\\\/uploads\\\/2016\\\/05\\\/adivbois.jpg\",\"datePublished\":\"2019-04-26T08:26:22+00:00\",\"dateModified\":\"2019-07-15T09:21:33+00:00\",\"author\":{\"@id\":\"https:\\\/\\\/batijournal.com\\\/#\\\/schema\\\/person\\\/1dc96ec6957aa1ccb25ebe78bb19f100\"},\"description\":\"ADIVbois pr\u00e9sentera du 15 au 23 mai l\u2019exposition \u00ab Cadre de Vie des Immeubles \u00e0 Vivre Bois \u00bb \u00e0 la Galerie au Roi \u00e0 Paris\",\"breadcrumb\":{\"@id\":\"https:\\\/\\\/batijournal.com\\\/index.php\\\/exposition-cadre-de-vie-des-immeubles-a-vivre-bois\\\/102004\\\/#breadcrumb\"},\"inLanguage\":\"fr-FR\",\"potentialAction\":[{\"@type\":\"ReadAction\",\"target\":[\"https:\\\/\\\/batijournal.com\\\/index.php\\\/exposition-cadre-de-vie-des-immeubles-a-vivre-bois\\\/102004\\\/\"]}]},{\"@type\":\"ImageObject\",\"inLanguage\":\"fr-FR\",\"@id\":\"https:\\\/\\\/batijournal.com\\\/index.php\\\/exposition-cadre-de-vie-des-immeubles-a-vivre-bois\\\/102004\\\/#primaryimage\",\"url\":\"https:\\\/\\\/batijournal.com\\\/wp-content\\\/uploads\\\/2016\\\/05\\\/adivbois.jpg\",\"contentUrl\":\"https:\\\/\\\/batijournal.com\\\/wp-content\\\/uploads\\\/2016\\\/05\\\/adivbois.jpg\",\"width\":680,\"height\":282},{\"@type\":\"BreadcrumbList\",\"@id\":\"https:\\\/\\\/batijournal.com\\\/index.php\\\/exposition-cadre-de-vie-des-immeubles-a-vivre-bois\\\/102004\\\/#breadcrumb\",\"itemListElement\":[{\"@type\":\"ListItem\",\"position\":1,\"name\":\"Accueil\",\"item\":\"https:\\\/\\\/batijournal.com\\\/\"},{\"@type\":\"ListItem\",\"position\":2,\"name\":\"Actualit\u00e9s\",\"item\":\"https:\\\/\\\/batijournal.com\\\/index.php\\\/category\\\/actualites\\\/\"},{\"@type\":\"ListItem\",\"position\":3,\"name\":\"Exposition \u00ab Cadre de Vie des Immeubles \u00e0 Vivre Bois \u00bb\"}]},{\"@type\":\"WebSite\",\"@id\":\"https:\\\/\\\/batijournal.com\\\/#website\",\"url\":\"https:\\\/\\\/batijournal.com\\\/\",\"name\":\"Batijournal\",\"description\":\"L&#039;actualit\u00e9 du b\u00e2timent\",\"potentialAction\":[{\"@type\":\"SearchAction\",\"target\":{\"@type\":\"EntryPoint\",\"urlTemplate\":\"https:\\\/\\\/batijournal.com\\\/?s={search_term_string}\"},\"query-input\":{\"@type\":\"PropertyValueSpecification\",\"valueRequired\":true,\"valueName\":\"search_term_string\"}}],\"inLanguage\":\"fr-FR\"},{\"@type\":\"Person\",\"@id\":\"https:\\\/\\\/batijournal.com\\\/#\\\/schema\\\/person\\\/1dc96ec6957aa1ccb25ebe78bb19f100\",\"name\":\"St\u00e9phane Miget\",\"image\":{\"@type\":\"ImageObject\",\"inLanguage\":\"fr-FR\",\"@id\":\"https:\\\/\\\/secure.gravatar.com\\\/avatar\\\/89915563d925342126b8ef0281b93d9d7fc337043e8df017f780908eb9644451?s=96&d=mm&r=g\",\"url\":\"https:\\\/\\\/secure.gravatar.com\\\/avatar\\\/89915563d925342126b8ef0281b93d9d7fc337043e8df017f780908eb9644451?s=96&d=mm&r=g\",\"contentUrl\":\"https:\\\/\\\/secure.gravatar.com\\\/avatar\\\/89915563d925342126b8ef0281b93d9d7fc337043e8df017f780908eb9644451?s=96&d=mm&r=g\",\"caption\":\"St\u00e9phane Miget\"},\"url\":\"https:\\\/\\\/batijournal.com\\\/index.php\\\/author\\\/stephane\\\/\"}]}<\/script>\n<!-- \/ Yoast SEO plugin. -->","yoast_head_json":{"title":"Exposition \u00ab Cadre de Vie des Immeubles \u00e0 Vivre Bois \u00bb","description":"ADIVbois pr\u00e9sentera du 15 au 23 mai l\u2019exposition \u00ab Cadre de Vie des Immeubles \u00e0 Vivre Bois \u00bb \u00e0 la Galerie au Roi \u00e0 Paris","robots":{"index":"index","follow":"follow","max-snippet":"max-snippet:-1","max-image-preview":"max-image-preview:large","max-video-preview":"max-video-preview:-1"},"canonical":"https:\/\/batijournal.com\/index.php\/exposition-cadre-de-vie-des-immeubles-a-vivre-bois\/102004\/","og_locale":"fr_FR","og_type":"article","og_title":"Exposition \u00ab Cadre de Vie des Immeubles \u00e0 Vivre Bois \u00bb","og_description":"ADIVbois pr\u00e9sentera du 15 au 23 mai l\u2019exposition \u00ab Cadre de Vie des Immeubles \u00e0 Vivre Bois \u00bb \u00e0 la Galerie au Roi \u00e0 Paris","og_url":"https:\/\/batijournal.com\/index.php\/exposition-cadre-de-vie-des-immeubles-a-vivre-bois\/102004\/","og_site_name":"Batijournal","article_published_time":"2019-04-26T08:26:22+00:00","article_modified_time":"2019-07-15T09:21:33+00:00","og_image":[{"width":680,"height":282,"url":"https:\/\/batijournal.com\/wp-content\/uploads\/2016\/05\/adivbois.jpg","type":"image\/jpeg"}],"author":"St\u00e9phane Miget","twitter_card":"summary_large_image","twitter_creator":"@bati_journal","twitter_site":"@bati_journal","twitter_misc":{"\u00c9crit par":"St\u00e9phane Miget","Dur\u00e9e de lecture estim\u00e9e":"1 minute"},"schema":{"@context":"https:\/\/schema.org","@graph":[{"@type":"Article","@id":"https:\/\/batijournal.com\/index.php\/exposition-cadre-de-vie-des-immeubles-a-vivre-bois\/102004\/#article","isPartOf":{"@id":"https:\/\/batijournal.com\/index.php\/exposition-cadre-de-vie-des-immeubles-a-vivre-bois\/102004\/"},"author":{"name":"St\u00e9phane Miget","@id":"https:\/\/batijournal.com\/#\/schema\/person\/1dc96ec6957aa1ccb25ebe78bb19f100"},"headline":"Exposition \u00ab Cadre de Vie des Immeubles \u00e0 Vivre Bois \u00bb","datePublished":"2019-04-26T08:26:22+00:00","dateModified":"2019-07-15T09:21:33+00:00","mainEntityOfPage":{"@id":"https:\/\/batijournal.com\/index.php\/exposition-cadre-de-vie-des-immeubles-a-vivre-bois\/102004\/"},"wordCount":151,"image":{"@id":"https:\/\/batijournal.com\/index.php\/exposition-cadre-de-vie-des-immeubles-a-vivre-bois\/102004\/#primaryimage"},"thumbnailUrl":"https:\/\/batijournal.com\/wp-content\/uploads\/2016\/05\/adivbois.jpg","articleSection":["Actualit\u00e9s","Architecture &amp; Conception","zz_Woodsurfer"],"inLanguage":"fr-FR"},{"@type":"WebPage","@id":"https:\/\/batijournal.com\/index.php\/exposition-cadre-de-vie-des-immeubles-a-vivre-bois\/102004\/","url":"https:\/\/batijournal.com\/index.php\/exposition-cadre-de-vie-des-immeubles-a-vivre-bois\/102004\/","name":"Exposition \u00ab Cadre de Vie des Immeubles \u00e0 Vivre Bois \u00bb","isPartOf":{"@id":"https:\/\/batijournal.com\/#website"},"primaryImageOfPage":{"@id":"https:\/\/batijournal.com\/index.php\/exposition-cadre-de-vie-des-immeubles-a-vivre-bois\/102004\/#primaryimage"},"image":{"@id":"https:\/\/batijournal.com\/index.php\/exposition-cadre-de-vie-des-immeubles-a-vivre-bois\/102004\/#primaryimage"},"thumbnailUrl":"https:\/\/batijournal.com\/wp-content\/uploads\/2016\/05\/adivbois.jpg","datePublished":"2019-04-26T08:26:22+00:00","dateModified":"2019-07-15T09:21:33+00:00","author":{"@id":"https:\/\/batijournal.com\/#\/schema\/person\/1dc96ec6957aa1ccb25ebe78bb19f100"},"description":"ADIVbois pr\u00e9sentera du 15 au 23 mai l\u2019exposition \u00ab Cadre de Vie des Immeubles \u00e0 Vivre Bois \u00bb \u00e0 la Galerie au Roi \u00e0 Paris","breadcrumb":{"@id":"https:\/\/batijournal.com\/index.php\/exposition-cadre-de-vie-des-immeubles-a-vivre-bois\/102004\/#breadcrumb"},"inLanguage":"fr-FR","potentialAction":[{"@type":"ReadAction","target":["https:\/\/batijournal.com\/index.php\/exposition-cadre-de-vie-des-immeubles-a-vivre-bois\/102004\/"]}]},{"@type":"ImageObject","inLanguage":"fr-FR","@id":"https:\/\/batijournal.com\/index.php\/exposition-cadre-de-vie-des-immeubles-a-vivre-bois\/102004\/#primaryimage","url":"https:\/\/batijournal.com\/wp-content\/uploads\/2016\/05\/adivbois.jpg","contentUrl":"https:\/\/batijournal.com\/wp-content\/uploads\/2016\/05\/adivbois.jpg","width":680,"height":282},{"@type":"BreadcrumbList","@id":"https:\/\/batijournal.com\/index.php\/exposition-cadre-de-vie-des-immeubles-a-vivre-bois\/102004\/#breadcrumb","itemListElement":[{"@type":"ListItem","position":1,"name":"Accueil","item":"https:\/\/batijournal.com\/"},{"@type":"ListItem","position":2,"name":"Actualit\u00e9s","item":"https:\/\/batijournal.com\/index.php\/category\/actualites\/"},{"@type":"ListItem","position":3,"name":"Exposition \u00ab Cadre de Vie des Immeubles \u00e0 Vivre Bois \u00bb"}]},{"@type":"WebSite","@id":"https:\/\/batijournal.com\/#website","url":"https:\/\/batijournal.com\/","name":"Batijournal","description":"L&#039;actualit\u00e9 du b\u00e2timent","potentialAction":[{"@type":"SearchAction","target":{"@type":"EntryPoint","urlTemplate":"https:\/\/batijournal.com\/?s={search_term_string}"},"query-input":{"@type":"PropertyValueSpecification","valueRequired":true,"valueName":"search_term_string"}}],"inLanguage":"fr-FR"},{"@type":"Person","@id":"https:\/\/batijournal.com\/#\/schema\/person\/1dc96ec6957aa1ccb25ebe78bb19f100","name":"St\u00e9phane Miget","image":{"@type":"ImageObject","inLanguage":"fr-FR","@id":"https:\/\/secure.gravatar.com\/avatar\/89915563d925342126b8ef0281b93d9d7fc337043e8df017f780908eb9644451?s=96&d=mm&r=g","url":"https:\/\/secure.gravatar.com\/avatar\/89915563d925342126b8ef0281b93d9d7fc337043e8df017f780908eb9644451?s=96&d=mm&r=g","contentUrl":"https:\/\/secure.gravatar.com\/avatar\/89915563d925342126b8ef0281b93d9d7fc337043e8df017f780908eb9644451?s=96&d=mm&r=g","caption":"St\u00e9phane Miget"},"url":"https:\/\/batijournal.com\/index.php\/author\/stephane\/"}]}},"_links":{"self":[{"href":"https:\/\/batijournal.com\/index.php\/wp-json\/wp\/v2\/posts\/102004","targetHints":{"allow":["GET"]}}],"collection":[{"href":"https:\/\/batijournal.com\/index.php\/wp-json\/wp\/v2\/posts"}],"about":[{"href":"https:\/\/batijournal.com\/index.php\/wp-json\/wp\/v2\/types\/post"}],"author":[{"embeddable":true,"href":"https:\/\/batijournal.com\/index.php\/wp-json\/wp\/v2\/users\/17"}],"replies":[{"embeddable":true,"href":"https:\/\/batijournal.com\/index.php\/wp-json\/wp\/v2\/comments?post=102004"}],"version-history":[{"count":0,"href":"https:\/\/batijournal.com\/index.php\/wp-json\/wp\/v2\/posts\/102004\/revisions"}],"wp:featuredmedia":[{"embeddable":true,"href":"https:\/\/batijournal.com\/index.php\/wp-json\/wp\/v2\/media\/92828"}],"wp:attachment":[{"href":"https:\/\/batijournal.com\/index.php\/wp-json\/wp\/v2\/media?parent=102004"}],"wp:term":[{"taxonomy":"category","embeddable":true,"href":"https:\/\/batijournal.com\/index.php\/wp-json\/wp\/v2\/categories?post=102004"},{"taxonomy":"post_tag","embeddable":true,"href":"https:\/\/batijournal.com\/index.php\/wp-json\/wp\/v2\/tags?post=102004"}],"curies":[{"name":"wp","href":"https:\/\/api.w.org\/{rel}","templated":true}]}}