{"id":102022,"date":"2019-05-02T08:26:17","date_gmt":"2019-05-02T06:26:17","guid":{"rendered":"https:\/\/batijournal.com\/?p=102022"},"modified":"2019-07-15T12:01:53","modified_gmt":"2019-07-15T10:01:53","slug":"raffermissement-de-lactivite-des-materiaux","status":"publish","type":"post","link":"https:\/\/batijournal.com\/index.php\/raffermissement-de-lactivite-des-materiaux\/102022\/","title":{"rendered":"Raffermissement de l\u2019activit\u00e9 des mat\u00e9riaux"},"content":{"rendered":"<p>Les premiers r\u00e9sultats du mois de mars confirment le raffermissement de l\u2019activit\u00e9 dans les mat\u00e9riaux. Les livraisons de granulats ont acc\u00e9l\u00e9r\u00e9 de 1,2% parrapport \u00e0 f\u00e9vrier et de 9,6% par rapport au mois de mars 2018. Sur le premier trimestre, l\u2019activit\u00e9 gagne 2,9 % au regard des trois mois pr\u00e9c\u00e9dents et 7,6 % sur un an. Ramen\u00e9e sur les douze derniers mois, la production de granulats s\u2019inscrit d\u00e9sormais en hausse de 3,4 %.<br \/>\nDu c\u00f4t\u00e9 du BPE, le mois de mars marque un l\u00e9ger repli (- 1,2 %), apr\u00e8s un mois de f\u00e9vrier dynamique, mais s\u2019inscrit en hausse de 7,7 % par rapport \u00e0 mars 2018. Les trois premiers mois de l\u2019ann\u00e9e affichent ainsi une progression de + 2,1 % par rapport au quatri\u00e8me trimestre de 2018 et de + 12,9 % au regard de la m\u00eame p\u00e9riode d\u2019il y a un an, certes impact\u00e9e par le froid et la neige. En cumul sur douze mois, la production de BPE ressort \u00e0 + 6,8 %.<br \/>\nCette embellie semble se constater pour la majeure partie des mat\u00e9riaux. Le premier trimestre d\u00e9crit une progression de + 9,8 % sur un an apr\u00e8s une ann\u00e9e 2018 en hausse de + 1,4 % pour l\u2019ensemble de l\u2019ann\u00e9e, l\u00e0 aussi, une acc\u00e9l\u00e9ration du rythme de l\u2019activit\u00e9, commune \u00e0 l\u2019ensemble des mat\u00e9riaux suivis dans l&rsquo;indicateur de l&rsquo;Unicem.<\/p>\n<p>Source : Unicem<\/p>\n<p>&nbsp;<\/p>\n","protected":false},"excerpt":{"rendered":"<p>Les premiers r\u00e9sultats du mois de mars confirment le raffermissement de l\u2019activit\u00e9 dans les mat\u00e9riaux. Les livraisons de granulats ont acc\u00e9l\u00e9r\u00e9 de 1,2% parrapport \u00e0 f\u00e9vrier et de 9,6% par rapport au mois de mars 2018. Sur le premier trimestre, l\u2019activit\u00e9 gagne 2,9 % au regard des trois mois pr\u00e9c\u00e9dents et 7,6 % sur un [&hellip;]<\/p>\n","protected":false},"author":17,"featured_media":102023,"comment_status":"closed","ping_status":"closed","sticky":false,"template":"","format":"standard","meta":{"_et_pb_use_builder":"","_et_pb_old_content":"","_et_gb_content_width":"","footnotes":""},"categories":[10530,6345],"tags":[11893,4840,1422],"class_list":["post-102022","post","type-post","status-publish","format-standard","has-post-thumbnail","hentry","category-actualites","category-economie-marches","tag-bpe","tag-granulats","tag-materiaux"],"yoast_head":"<!-- This site is optimized with the Yoast SEO plugin v27.4 - https:\/\/yoast.com\/product\/yoast-seo-wordpress\/ -->\n<title>Raffermissement de l\u2019activit\u00e9 des mat\u00e9riaux<\/title>\n<meta name=\"description\" content=\"Les premiers r\u00e9sultats du mois de mars confirment le raffermissement de l\u2019activit\u00e9 dans les mat\u00e9riaux. Les livraisons de granulats ont acc\u00e9l\u00e9r\u00e9\" \/>\n<meta name=\"robots\" content=\"index, follow, max-snippet:-1, max-image-preview:large, max-video-preview:-1\" \/>\n<link rel=\"canonical\" href=\"https:\/\/batijournal.com\/index.php\/raffermissement-de-lactivite-des-materiaux\/102022\/\" \/>\n<meta property=\"og:locale\" content=\"fr_FR\" \/>\n<meta property=\"og:type\" content=\"article\" \/>\n<meta property=\"og:title\" content=\"Raffermissement de l\u2019activit\u00e9 des mat\u00e9riaux\" \/>\n<meta property=\"og:description\" content=\"Les premiers r\u00e9sultats du mois de mars confirment le raffermissement de l\u2019activit\u00e9 dans les mat\u00e9riaux. Les livraisons de granulats ont acc\u00e9l\u00e9r\u00e9\" \/>\n<meta property=\"og:url\" content=\"https:\/\/batijournal.com\/index.php\/raffermissement-de-lactivite-des-materiaux\/102022\/\" \/>\n<meta property=\"og:site_name\" content=\"Batijournal\" \/>\n<meta property=\"article:published_time\" content=\"2019-05-02T06:26:17+00:00\" \/>\n<meta property=\"article:modified_time\" content=\"2019-07-15T10:01:53+00:00\" \/>\n<meta property=\"og:image\" content=\"https:\/\/batijournal.com\/wp-content\/uploads\/2019\/05\/marche-des-materiaux-mars-2019-Unicem.png\" \/>\n\t<meta property=\"og:image:width\" content=\"856\" \/>\n\t<meta property=\"og:image:height\" content=\"567\" \/>\n\t<meta property=\"og:image:type\" content=\"image\/png\" \/>\n<meta name=\"author\" content=\"St\u00e9phane Miget\" \/>\n<meta name=\"twitter:card\" content=\"summary_large_image\" \/>\n<meta name=\"twitter:creator\" content=\"@bati_journal\" \/>\n<meta name=\"twitter:site\" content=\"@bati_journal\" \/>\n<meta name=\"twitter:label1\" content=\"\u00c9crit par\" \/>\n\t<meta name=\"twitter:data1\" content=\"St\u00e9phane Miget\" \/>\n\t<meta name=\"twitter:label2\" content=\"Dur\u00e9e de lecture estim\u00e9e\" \/>\n\t<meta name=\"twitter:data2\" content=\"1 minute\" \/>\n<script type=\"application\/ld+json\" class=\"yoast-schema-graph\">{\"@context\":\"https:\\\/\\\/schema.org\",\"@graph\":[{\"@type\":\"Article\",\"@id\":\"https:\\\/\\\/batijournal.com\\\/index.php\\\/raffermissement-de-lactivite-des-materiaux\\\/102022\\\/#article\",\"isPartOf\":{\"@id\":\"https:\\\/\\\/batijournal.com\\\/index.php\\\/raffermissement-de-lactivite-des-materiaux\\\/102022\\\/\"},\"author\":{\"name\":\"St\u00e9phane Miget\",\"@id\":\"https:\\\/\\\/batijournal.com\\\/#\\\/schema\\\/person\\\/1dc96ec6957aa1ccb25ebe78bb19f100\"},\"headline\":\"Raffermissement de l\u2019activit\u00e9 des mat\u00e9riaux\",\"datePublished\":\"2019-05-02T06:26:17+00:00\",\"dateModified\":\"2019-07-15T10:01:53+00:00\",\"mainEntityOfPage\":{\"@id\":\"https:\\\/\\\/batijournal.com\\\/index.php\\\/raffermissement-de-lactivite-des-materiaux\\\/102022\\\/\"},\"wordCount\":234,\"image\":{\"@id\":\"https:\\\/\\\/batijournal.com\\\/index.php\\\/raffermissement-de-lactivite-des-materiaux\\\/102022\\\/#primaryimage\"},\"thumbnailUrl\":\"https:\\\/\\\/batijournal.com\\\/wp-content\\\/uploads\\\/2019\\\/05\\\/marche-des-materiaux-mars-2019-Unicem.png\",\"keywords\":[\"BPE\",\"granulats\",\"mat\u00e9riaux\"],\"articleSection\":[\"Actualit\u00e9s\",\"\u00c9conomie &amp; March\u00e9s\"],\"inLanguage\":\"fr-FR\"},{\"@type\":\"WebPage\",\"@id\":\"https:\\\/\\\/batijournal.com\\\/index.php\\\/raffermissement-de-lactivite-des-materiaux\\\/102022\\\/\",\"url\":\"https:\\\/\\\/batijournal.com\\\/index.php\\\/raffermissement-de-lactivite-des-materiaux\\\/102022\\\/\",\"name\":\"Raffermissement de l\u2019activit\u00e9 des mat\u00e9riaux\",\"isPartOf\":{\"@id\":\"https:\\\/\\\/batijournal.com\\\/#website\"},\"primaryImageOfPage\":{\"@id\":\"https:\\\/\\\/batijournal.com\\\/index.php\\\/raffermissement-de-lactivite-des-materiaux\\\/102022\\\/#primaryimage\"},\"image\":{\"@id\":\"https:\\\/\\\/batijournal.com\\\/index.php\\\/raffermissement-de-lactivite-des-materiaux\\\/102022\\\/#primaryimage\"},\"thumbnailUrl\":\"https:\\\/\\\/batijournal.com\\\/wp-content\\\/uploads\\\/2019\\\/05\\\/marche-des-materiaux-mars-2019-Unicem.png\",\"datePublished\":\"2019-05-02T06:26:17+00:00\",\"dateModified\":\"2019-07-15T10:01:53+00:00\",\"author\":{\"@id\":\"https:\\\/\\\/batijournal.com\\\/#\\\/schema\\\/person\\\/1dc96ec6957aa1ccb25ebe78bb19f100\"},\"description\":\"Les premiers r\u00e9sultats du mois de mars confirment le raffermissement de l\u2019activit\u00e9 dans les mat\u00e9riaux. Les livraisons de granulats ont acc\u00e9l\u00e9r\u00e9\",\"breadcrumb\":{\"@id\":\"https:\\\/\\\/batijournal.com\\\/index.php\\\/raffermissement-de-lactivite-des-materiaux\\\/102022\\\/#breadcrumb\"},\"inLanguage\":\"fr-FR\",\"potentialAction\":[{\"@type\":\"ReadAction\",\"target\":[\"https:\\\/\\\/batijournal.com\\\/index.php\\\/raffermissement-de-lactivite-des-materiaux\\\/102022\\\/\"]}]},{\"@type\":\"ImageObject\",\"inLanguage\":\"fr-FR\",\"@id\":\"https:\\\/\\\/batijournal.com\\\/index.php\\\/raffermissement-de-lactivite-des-materiaux\\\/102022\\\/#primaryimage\",\"url\":\"https:\\\/\\\/batijournal.com\\\/wp-content\\\/uploads\\\/2019\\\/05\\\/marche-des-materiaux-mars-2019-Unicem.png\",\"contentUrl\":\"https:\\\/\\\/batijournal.com\\\/wp-content\\\/uploads\\\/2019\\\/05\\\/marche-des-materiaux-mars-2019-Unicem.png\",\"width\":856,\"height\":567},{\"@type\":\"BreadcrumbList\",\"@id\":\"https:\\\/\\\/batijournal.com\\\/index.php\\\/raffermissement-de-lactivite-des-materiaux\\\/102022\\\/#breadcrumb\",\"itemListElement\":[{\"@type\":\"ListItem\",\"position\":1,\"name\":\"Accueil\",\"item\":\"https:\\\/\\\/batijournal.com\\\/\"},{\"@type\":\"ListItem\",\"position\":2,\"name\":\"Actualit\u00e9s\",\"item\":\"https:\\\/\\\/batijournal.com\\\/index.php\\\/category\\\/actualites\\\/\"},{\"@type\":\"ListItem\",\"position\":3,\"name\":\"Raffermissement de l\u2019activit\u00e9 des mat\u00e9riaux\"}]},{\"@type\":\"WebSite\",\"@id\":\"https:\\\/\\\/batijournal.com\\\/#website\",\"url\":\"https:\\\/\\\/batijournal.com\\\/\",\"name\":\"Batijournal\",\"description\":\"L&#039;actualit\u00e9 du b\u00e2timent\",\"potentialAction\":[{\"@type\":\"SearchAction\",\"target\":{\"@type\":\"EntryPoint\",\"urlTemplate\":\"https:\\\/\\\/batijournal.com\\\/?s={search_term_string}\"},\"query-input\":{\"@type\":\"PropertyValueSpecification\",\"valueRequired\":true,\"valueName\":\"search_term_string\"}}],\"inLanguage\":\"fr-FR\"},{\"@type\":\"Person\",\"@id\":\"https:\\\/\\\/batijournal.com\\\/#\\\/schema\\\/person\\\/1dc96ec6957aa1ccb25ebe78bb19f100\",\"name\":\"St\u00e9phane Miget\",\"image\":{\"@type\":\"ImageObject\",\"inLanguage\":\"fr-FR\",\"@id\":\"https:\\\/\\\/secure.gravatar.com\\\/avatar\\\/89915563d925342126b8ef0281b93d9d7fc337043e8df017f780908eb9644451?s=96&d=mm&r=g\",\"url\":\"https:\\\/\\\/secure.gravatar.com\\\/avatar\\\/89915563d925342126b8ef0281b93d9d7fc337043e8df017f780908eb9644451?s=96&d=mm&r=g\",\"contentUrl\":\"https:\\\/\\\/secure.gravatar.com\\\/avatar\\\/89915563d925342126b8ef0281b93d9d7fc337043e8df017f780908eb9644451?s=96&d=mm&r=g\",\"caption\":\"St\u00e9phane Miget\"},\"url\":\"https:\\\/\\\/batijournal.com\\\/index.php\\\/author\\\/stephane\\\/\"}]}<\/script>\n<!-- \/ Yoast SEO plugin. -->","yoast_head_json":{"title":"Raffermissement de l\u2019activit\u00e9 des mat\u00e9riaux","description":"Les premiers r\u00e9sultats du mois de mars confirment le raffermissement de l\u2019activit\u00e9 dans les mat\u00e9riaux. Les livraisons de granulats ont acc\u00e9l\u00e9r\u00e9","robots":{"index":"index","follow":"follow","max-snippet":"max-snippet:-1","max-image-preview":"max-image-preview:large","max-video-preview":"max-video-preview:-1"},"canonical":"https:\/\/batijournal.com\/index.php\/raffermissement-de-lactivite-des-materiaux\/102022\/","og_locale":"fr_FR","og_type":"article","og_title":"Raffermissement de l\u2019activit\u00e9 des mat\u00e9riaux","og_description":"Les premiers r\u00e9sultats du mois de mars confirment le raffermissement de l\u2019activit\u00e9 dans les mat\u00e9riaux. Les livraisons de granulats ont acc\u00e9l\u00e9r\u00e9","og_url":"https:\/\/batijournal.com\/index.php\/raffermissement-de-lactivite-des-materiaux\/102022\/","og_site_name":"Batijournal","article_published_time":"2019-05-02T06:26:17+00:00","article_modified_time":"2019-07-15T10:01:53+00:00","og_image":[{"width":856,"height":567,"url":"https:\/\/batijournal.com\/wp-content\/uploads\/2019\/05\/marche-des-materiaux-mars-2019-Unicem.png","type":"image\/png"}],"author":"St\u00e9phane Miget","twitter_card":"summary_large_image","twitter_creator":"@bati_journal","twitter_site":"@bati_journal","twitter_misc":{"\u00c9crit par":"St\u00e9phane Miget","Dur\u00e9e de lecture estim\u00e9e":"1 minute"},"schema":{"@context":"https:\/\/schema.org","@graph":[{"@type":"Article","@id":"https:\/\/batijournal.com\/index.php\/raffermissement-de-lactivite-des-materiaux\/102022\/#article","isPartOf":{"@id":"https:\/\/batijournal.com\/index.php\/raffermissement-de-lactivite-des-materiaux\/102022\/"},"author":{"name":"St\u00e9phane Miget","@id":"https:\/\/batijournal.com\/#\/schema\/person\/1dc96ec6957aa1ccb25ebe78bb19f100"},"headline":"Raffermissement de l\u2019activit\u00e9 des mat\u00e9riaux","datePublished":"2019-05-02T06:26:17+00:00","dateModified":"2019-07-15T10:01:53+00:00","mainEntityOfPage":{"@id":"https:\/\/batijournal.com\/index.php\/raffermissement-de-lactivite-des-materiaux\/102022\/"},"wordCount":234,"image":{"@id":"https:\/\/batijournal.com\/index.php\/raffermissement-de-lactivite-des-materiaux\/102022\/#primaryimage"},"thumbnailUrl":"https:\/\/batijournal.com\/wp-content\/uploads\/2019\/05\/marche-des-materiaux-mars-2019-Unicem.png","keywords":["BPE","granulats","mat\u00e9riaux"],"articleSection":["Actualit\u00e9s","\u00c9conomie &amp; March\u00e9s"],"inLanguage":"fr-FR"},{"@type":"WebPage","@id":"https:\/\/batijournal.com\/index.php\/raffermissement-de-lactivite-des-materiaux\/102022\/","url":"https:\/\/batijournal.com\/index.php\/raffermissement-de-lactivite-des-materiaux\/102022\/","name":"Raffermissement de l\u2019activit\u00e9 des mat\u00e9riaux","isPartOf":{"@id":"https:\/\/batijournal.com\/#website"},"primaryImageOfPage":{"@id":"https:\/\/batijournal.com\/index.php\/raffermissement-de-lactivite-des-materiaux\/102022\/#primaryimage"},"image":{"@id":"https:\/\/batijournal.com\/index.php\/raffermissement-de-lactivite-des-materiaux\/102022\/#primaryimage"},"thumbnailUrl":"https:\/\/batijournal.com\/wp-content\/uploads\/2019\/05\/marche-des-materiaux-mars-2019-Unicem.png","datePublished":"2019-05-02T06:26:17+00:00","dateModified":"2019-07-15T10:01:53+00:00","author":{"@id":"https:\/\/batijournal.com\/#\/schema\/person\/1dc96ec6957aa1ccb25ebe78bb19f100"},"description":"Les premiers r\u00e9sultats du mois de mars confirment le raffermissement de l\u2019activit\u00e9 dans les mat\u00e9riaux. Les livraisons de granulats ont acc\u00e9l\u00e9r\u00e9","breadcrumb":{"@id":"https:\/\/batijournal.com\/index.php\/raffermissement-de-lactivite-des-materiaux\/102022\/#breadcrumb"},"inLanguage":"fr-FR","potentialAction":[{"@type":"ReadAction","target":["https:\/\/batijournal.com\/index.php\/raffermissement-de-lactivite-des-materiaux\/102022\/"]}]},{"@type":"ImageObject","inLanguage":"fr-FR","@id":"https:\/\/batijournal.com\/index.php\/raffermissement-de-lactivite-des-materiaux\/102022\/#primaryimage","url":"https:\/\/batijournal.com\/wp-content\/uploads\/2019\/05\/marche-des-materiaux-mars-2019-Unicem.png","contentUrl":"https:\/\/batijournal.com\/wp-content\/uploads\/2019\/05\/marche-des-materiaux-mars-2019-Unicem.png","width":856,"height":567},{"@type":"BreadcrumbList","@id":"https:\/\/batijournal.com\/index.php\/raffermissement-de-lactivite-des-materiaux\/102022\/#breadcrumb","itemListElement":[{"@type":"ListItem","position":1,"name":"Accueil","item":"https:\/\/batijournal.com\/"},{"@type":"ListItem","position":2,"name":"Actualit\u00e9s","item":"https:\/\/batijournal.com\/index.php\/category\/actualites\/"},{"@type":"ListItem","position":3,"name":"Raffermissement de l\u2019activit\u00e9 des mat\u00e9riaux"}]},{"@type":"WebSite","@id":"https:\/\/batijournal.com\/#website","url":"https:\/\/batijournal.com\/","name":"Batijournal","description":"L&#039;actualit\u00e9 du b\u00e2timent","potentialAction":[{"@type":"SearchAction","target":{"@type":"EntryPoint","urlTemplate":"https:\/\/batijournal.com\/?s={search_term_string}"},"query-input":{"@type":"PropertyValueSpecification","valueRequired":true,"valueName":"search_term_string"}}],"inLanguage":"fr-FR"},{"@type":"Person","@id":"https:\/\/batijournal.com\/#\/schema\/person\/1dc96ec6957aa1ccb25ebe78bb19f100","name":"St\u00e9phane Miget","image":{"@type":"ImageObject","inLanguage":"fr-FR","@id":"https:\/\/secure.gravatar.com\/avatar\/89915563d925342126b8ef0281b93d9d7fc337043e8df017f780908eb9644451?s=96&d=mm&r=g","url":"https:\/\/secure.gravatar.com\/avatar\/89915563d925342126b8ef0281b93d9d7fc337043e8df017f780908eb9644451?s=96&d=mm&r=g","contentUrl":"https:\/\/secure.gravatar.com\/avatar\/89915563d925342126b8ef0281b93d9d7fc337043e8df017f780908eb9644451?s=96&d=mm&r=g","caption":"St\u00e9phane Miget"},"url":"https:\/\/batijournal.com\/index.php\/author\/stephane\/"}]}},"_links":{"self":[{"href":"https:\/\/batijournal.com\/index.php\/wp-json\/wp\/v2\/posts\/102022","targetHints":{"allow":["GET"]}}],"collection":[{"href":"https:\/\/batijournal.com\/index.php\/wp-json\/wp\/v2\/posts"}],"about":[{"href":"https:\/\/batijournal.com\/index.php\/wp-json\/wp\/v2\/types\/post"}],"author":[{"embeddable":true,"href":"https:\/\/batijournal.com\/index.php\/wp-json\/wp\/v2\/users\/17"}],"replies":[{"embeddable":true,"href":"https:\/\/batijournal.com\/index.php\/wp-json\/wp\/v2\/comments?post=102022"}],"version-history":[{"count":0,"href":"https:\/\/batijournal.com\/index.php\/wp-json\/wp\/v2\/posts\/102022\/revisions"}],"wp:featuredmedia":[{"embeddable":true,"href":"https:\/\/batijournal.com\/index.php\/wp-json\/wp\/v2\/media\/102023"}],"wp:attachment":[{"href":"https:\/\/batijournal.com\/index.php\/wp-json\/wp\/v2\/media?parent=102022"}],"wp:term":[{"taxonomy":"category","embeddable":true,"href":"https:\/\/batijournal.com\/index.php\/wp-json\/wp\/v2\/categories?post=102022"},{"taxonomy":"post_tag","embeddable":true,"href":"https:\/\/batijournal.com\/index.php\/wp-json\/wp\/v2\/tags?post=102022"}],"curies":[{"name":"wp","href":"https:\/\/api.w.org\/{rel}","templated":true}]}}