{"id":102029,"date":"2019-05-03T12:20:56","date_gmt":"2019-05-03T10:20:56","guid":{"rendered":"https:\/\/batijournal.com\/?p=102029"},"modified":"2019-07-15T12:08:39","modified_gmt":"2019-07-15T10:08:39","slug":"qualitenr-defend-la-mention-rge-face-aux-critiques-de-la-commission-europeenne","status":"publish","type":"post","link":"https:\/\/batijournal.com\/index.php\/qualitenr-defend-la-mention-rge-face-aux-critiques-de-la-commission-europeenne\/102029\/","title":{"rendered":"Qualit\u2019EnR d\u00e9fend la mention RGE face aux critiques de la Commission europ\u00e9enne"},"content":{"rendered":"<p>La France a re\u00e7u une mise en demeure de la Commission europ\u00e9enne concernant le label RGE, au motif de conditions trop restrictives pour les entreprises provenant d&rsquo;autres \u00c9tats membres. Qualit\u2019EnR, l\u2019association pour la qualit\u00e9 d\u2019installation dans les \u00e9nergies renouvelables, rappelle sa position. En tant qu\u2019organisme conventionn\u00e9 avec l\u2019Etat pour d\u00e9livrer des qualifications d\u2019entreprise porteuses de la mention RGE dans le domaine des \u00e9nergies renouvelables, Qualit\u2019EnR applique strictement les m\u00eames exigences envers chaque demandeur, quel que soit son pays d\u2019origine, dans le respect du droit communautaire (Directive 2005\/36\/CE relative \u00e0 la reconnaissance des qualifications professionnelles). L\u2019association compte d\u2019ailleurs un certain nombre d\u2019entreprises frontali\u00e8res (Belgique, Allemagne, Suisse\u2026) qualifi\u00e9es pour leur activit\u00e9 d\u2019installation sur le territoire fran\u00e7ais. L\u2019assurance d\u00e9cennale est la principale difficult\u00e9 rencontr\u00e9e : ce crit\u00e8re bloque \u00e0 ce jour pr\u00e8s de 20 % des demandes \u00e0 l\u2019\u00e9tude par Qualit\u2019EnR et concerne aussi bien les entreprises fran\u00e7aises qu\u2019\u00e9trang\u00e8res. Cette exigence obligatoire d\u00e9coule du code civil et non du \u00ab syst\u00e8me de certification \u00bb retenu par l\u2019Etat. Il s\u2019agit d\u2019une sp\u00e9cificit\u00e9 de la l\u00e9gislation fran\u00e7aise qui s\u2019applique aux travaux li\u00e9s au b\u00e2timent. L\u2019obligation d\u2019une exp\u00e9rience ant\u00e9rieure, point reproch\u00e9 \u00e0 la France par la Commission europ\u00e9enne s\u2019av\u00e8re n\u00e9cessaire pour la certification. Toutefois, la qualification d\u2019entreprises est l\u2019un des rares dispositifs qui pr\u00e9voient justement le cas des nouveaux entrants sur un march\u00e9 gr\u00e2ce au statut \u00ab probatoire \u00bb. Cette souplesse permet \u00e0 une entreprise qui satisfait toutes les exigences &#8211; \u00e0 l\u2019exception de l\u2019exp\u00e9rience ant\u00e9rieure &#8211; d\u2019obtenir une qualification, mais pour une p\u00e9riode plus courte. Cela lui permet d\u2019obtenir une premi\u00e8re exp\u00e9rience qu\u2019elle devra justifier pour maintenir sa qualification au-del\u00e0 de la p\u00e9riode pr\u00e9vue (g\u00e9n\u00e9ralement 2 ans). En ce qui concerne la certification, de la m\u00eame mani\u00e8re, les syst\u00e8mes existants n\u00e9cessitent une \u00e9valuation r\u00e9guli\u00e8rement (ISO 9001, ISO 14001, certification de services, accr\u00e9ditation, etc.).<\/p>\n","protected":false},"excerpt":{"rendered":"<p>La France a re\u00e7u une mise en demeure de la Commission europ\u00e9enne concernant le label RGE, au motif de conditions trop restrictives pour les entreprises provenant d&rsquo;autres \u00c9tats membres. Qualit\u2019EnR, l\u2019association pour la qualit\u00e9 d\u2019installation dans les \u00e9nergies renouvelables, rappelle sa position. En tant qu\u2019organisme conventionn\u00e9 avec l\u2019Etat pour d\u00e9livrer des qualifications d\u2019entreprise porteuses de [&hellip;]<\/p>\n","protected":false},"author":17,"featured_media":92150,"comment_status":"closed","ping_status":"closed","sticky":false,"template":"","format":"standard","meta":{"_et_pb_use_builder":"","_et_pb_old_content":"","_et_gb_content_width":"","footnotes":""},"categories":[10530,6345,10778],"tags":[3278],"class_list":["post-102029","post","type-post","status-publish","format-standard","has-post-thumbnail","hentry","category-actualites","category-economie-marches","category-planete","tag-rge"],"yoast_head":"<!-- This site is optimized with the Yoast SEO plugin v27.4 - https:\/\/yoast.com\/product\/yoast-seo-wordpress\/ -->\n<title>Qualit\u2019EnR d\u00e9fend la mention RGE face aux critiques de la Commission europ\u00e9enne<\/title>\n<meta name=\"description\" content=\"La France a re\u00e7u une mise en demeure de la Commission europ\u00e9enne concernant le label RGE, au motif de conditions trop restrictives pour les entreprises provenant d&#039;autres \u00c9tats membres\" \/>\n<meta name=\"robots\" content=\"index, follow, max-snippet:-1, max-image-preview:large, max-video-preview:-1\" \/>\n<link rel=\"canonical\" href=\"https:\/\/batijournal.com\/index.php\/qualitenr-defend-la-mention-rge-face-aux-critiques-de-la-commission-europeenne\/102029\/\" \/>\n<meta property=\"og:locale\" content=\"fr_FR\" \/>\n<meta property=\"og:type\" content=\"article\" \/>\n<meta property=\"og:title\" content=\"Qualit\u2019EnR d\u00e9fend la mention RGE face aux critiques de la Commission europ\u00e9enne\" \/>\n<meta property=\"og:description\" content=\"La France a re\u00e7u une mise en demeure de la Commission europ\u00e9enne concernant le label RGE, au motif de conditions trop restrictives pour les entreprises provenant d&#039;autres \u00c9tats membres\" \/>\n<meta property=\"og:url\" content=\"https:\/\/batijournal.com\/index.php\/qualitenr-defend-la-mention-rge-face-aux-critiques-de-la-commission-europeenne\/102029\/\" \/>\n<meta property=\"og:site_name\" content=\"Batijournal\" \/>\n<meta property=\"article:published_time\" content=\"2019-05-03T10:20:56+00:00\" \/>\n<meta property=\"article:modified_time\" content=\"2019-07-15T10:08:39+00:00\" \/>\n<meta property=\"og:image\" content=\"https:\/\/batijournal.com\/wp-content\/uploads\/2016\/04\/logo_rge_dossier.jpg\" \/>\n\t<meta property=\"og:image:width\" content=\"395\" \/>\n\t<meta property=\"og:image:height\" content=\"222\" \/>\n\t<meta property=\"og:image:type\" content=\"image\/jpeg\" \/>\n<meta name=\"author\" content=\"St\u00e9phane Miget\" \/>\n<meta name=\"twitter:card\" content=\"summary_large_image\" \/>\n<meta name=\"twitter:creator\" content=\"@bati_journal\" \/>\n<meta name=\"twitter:site\" content=\"@bati_journal\" \/>\n<meta name=\"twitter:label1\" content=\"\u00c9crit par\" \/>\n\t<meta name=\"twitter:data1\" content=\"St\u00e9phane Miget\" \/>\n\t<meta name=\"twitter:label2\" content=\"Dur\u00e9e de lecture estim\u00e9e\" \/>\n\t<meta name=\"twitter:data2\" content=\"2 minutes\" \/>\n<script type=\"application\/ld+json\" class=\"yoast-schema-graph\">{\"@context\":\"https:\\\/\\\/schema.org\",\"@graph\":[{\"@type\":\"Article\",\"@id\":\"https:\\\/\\\/batijournal.com\\\/index.php\\\/qualitenr-defend-la-mention-rge-face-aux-critiques-de-la-commission-europeenne\\\/102029\\\/#article\",\"isPartOf\":{\"@id\":\"https:\\\/\\\/batijournal.com\\\/index.php\\\/qualitenr-defend-la-mention-rge-face-aux-critiques-de-la-commission-europeenne\\\/102029\\\/\"},\"author\":{\"name\":\"St\u00e9phane Miget\",\"@id\":\"https:\\\/\\\/batijournal.com\\\/#\\\/schema\\\/person\\\/1dc96ec6957aa1ccb25ebe78bb19f100\"},\"headline\":\"Qualit\u2019EnR d\u00e9fend la mention RGE face aux critiques de la Commission europ\u00e9enne\",\"datePublished\":\"2019-05-03T10:20:56+00:00\",\"dateModified\":\"2019-07-15T10:08:39+00:00\",\"mainEntityOfPage\":{\"@id\":\"https:\\\/\\\/batijournal.com\\\/index.php\\\/qualitenr-defend-la-mention-rge-face-aux-critiques-de-la-commission-europeenne\\\/102029\\\/\"},\"wordCount\":371,\"image\":{\"@id\":\"https:\\\/\\\/batijournal.com\\\/index.php\\\/qualitenr-defend-la-mention-rge-face-aux-critiques-de-la-commission-europeenne\\\/102029\\\/#primaryimage\"},\"thumbnailUrl\":\"https:\\\/\\\/batijournal.com\\\/wp-content\\\/uploads\\\/2016\\\/04\\\/logo_rge_dossier.jpg\",\"keywords\":[\"RGE\"],\"articleSection\":[\"Actualit\u00e9s\",\"\u00c9conomie &amp; March\u00e9s\",\"zz_Plan\u00e8te B\u00e2timent\"],\"inLanguage\":\"fr-FR\"},{\"@type\":\"WebPage\",\"@id\":\"https:\\\/\\\/batijournal.com\\\/index.php\\\/qualitenr-defend-la-mention-rge-face-aux-critiques-de-la-commission-europeenne\\\/102029\\\/\",\"url\":\"https:\\\/\\\/batijournal.com\\\/index.php\\\/qualitenr-defend-la-mention-rge-face-aux-critiques-de-la-commission-europeenne\\\/102029\\\/\",\"name\":\"Qualit\u2019EnR d\u00e9fend la mention RGE face aux critiques de la Commission europ\u00e9enne\",\"isPartOf\":{\"@id\":\"https:\\\/\\\/batijournal.com\\\/#website\"},\"primaryImageOfPage\":{\"@id\":\"https:\\\/\\\/batijournal.com\\\/index.php\\\/qualitenr-defend-la-mention-rge-face-aux-critiques-de-la-commission-europeenne\\\/102029\\\/#primaryimage\"},\"image\":{\"@id\":\"https:\\\/\\\/batijournal.com\\\/index.php\\\/qualitenr-defend-la-mention-rge-face-aux-critiques-de-la-commission-europeenne\\\/102029\\\/#primaryimage\"},\"thumbnailUrl\":\"https:\\\/\\\/batijournal.com\\\/wp-content\\\/uploads\\\/2016\\\/04\\\/logo_rge_dossier.jpg\",\"datePublished\":\"2019-05-03T10:20:56+00:00\",\"dateModified\":\"2019-07-15T10:08:39+00:00\",\"author\":{\"@id\":\"https:\\\/\\\/batijournal.com\\\/#\\\/schema\\\/person\\\/1dc96ec6957aa1ccb25ebe78bb19f100\"},\"description\":\"La France a re\u00e7u une mise en demeure de la Commission europ\u00e9enne concernant le label RGE, au motif de conditions trop restrictives pour les entreprises provenant d'autres \u00c9tats membres\",\"breadcrumb\":{\"@id\":\"https:\\\/\\\/batijournal.com\\\/index.php\\\/qualitenr-defend-la-mention-rge-face-aux-critiques-de-la-commission-europeenne\\\/102029\\\/#breadcrumb\"},\"inLanguage\":\"fr-FR\",\"potentialAction\":[{\"@type\":\"ReadAction\",\"target\":[\"https:\\\/\\\/batijournal.com\\\/index.php\\\/qualitenr-defend-la-mention-rge-face-aux-critiques-de-la-commission-europeenne\\\/102029\\\/\"]}]},{\"@type\":\"ImageObject\",\"inLanguage\":\"fr-FR\",\"@id\":\"https:\\\/\\\/batijournal.com\\\/index.php\\\/qualitenr-defend-la-mention-rge-face-aux-critiques-de-la-commission-europeenne\\\/102029\\\/#primaryimage\",\"url\":\"https:\\\/\\\/batijournal.com\\\/wp-content\\\/uploads\\\/2016\\\/04\\\/logo_rge_dossier.jpg\",\"contentUrl\":\"https:\\\/\\\/batijournal.com\\\/wp-content\\\/uploads\\\/2016\\\/04\\\/logo_rge_dossier.jpg\",\"width\":395,\"height\":222,\"caption\":\"le-label-rge-va-etre-ameliore\"},{\"@type\":\"BreadcrumbList\",\"@id\":\"https:\\\/\\\/batijournal.com\\\/index.php\\\/qualitenr-defend-la-mention-rge-face-aux-critiques-de-la-commission-europeenne\\\/102029\\\/#breadcrumb\",\"itemListElement\":[{\"@type\":\"ListItem\",\"position\":1,\"name\":\"Accueil\",\"item\":\"https:\\\/\\\/batijournal.com\\\/\"},{\"@type\":\"ListItem\",\"position\":2,\"name\":\"Actualit\u00e9s\",\"item\":\"https:\\\/\\\/batijournal.com\\\/index.php\\\/category\\\/actualites\\\/\"},{\"@type\":\"ListItem\",\"position\":3,\"name\":\"Qualit\u2019EnR d\u00e9fend la mention RGE face aux critiques de la Commission europ\u00e9enne\"}]},{\"@type\":\"WebSite\",\"@id\":\"https:\\\/\\\/batijournal.com\\\/#website\",\"url\":\"https:\\\/\\\/batijournal.com\\\/\",\"name\":\"Batijournal\",\"description\":\"L&#039;actualit\u00e9 du b\u00e2timent\",\"potentialAction\":[{\"@type\":\"SearchAction\",\"target\":{\"@type\":\"EntryPoint\",\"urlTemplate\":\"https:\\\/\\\/batijournal.com\\\/?s={search_term_string}\"},\"query-input\":{\"@type\":\"PropertyValueSpecification\",\"valueRequired\":true,\"valueName\":\"search_term_string\"}}],\"inLanguage\":\"fr-FR\"},{\"@type\":\"Person\",\"@id\":\"https:\\\/\\\/batijournal.com\\\/#\\\/schema\\\/person\\\/1dc96ec6957aa1ccb25ebe78bb19f100\",\"name\":\"St\u00e9phane Miget\",\"image\":{\"@type\":\"ImageObject\",\"inLanguage\":\"fr-FR\",\"@id\":\"https:\\\/\\\/secure.gravatar.com\\\/avatar\\\/89915563d925342126b8ef0281b93d9d7fc337043e8df017f780908eb9644451?s=96&d=mm&r=g\",\"url\":\"https:\\\/\\\/secure.gravatar.com\\\/avatar\\\/89915563d925342126b8ef0281b93d9d7fc337043e8df017f780908eb9644451?s=96&d=mm&r=g\",\"contentUrl\":\"https:\\\/\\\/secure.gravatar.com\\\/avatar\\\/89915563d925342126b8ef0281b93d9d7fc337043e8df017f780908eb9644451?s=96&d=mm&r=g\",\"caption\":\"St\u00e9phane Miget\"},\"url\":\"https:\\\/\\\/batijournal.com\\\/index.php\\\/author\\\/stephane\\\/\"}]}<\/script>\n<!-- \/ Yoast SEO plugin. -->","yoast_head_json":{"title":"Qualit\u2019EnR d\u00e9fend la mention RGE face aux critiques de la Commission europ\u00e9enne","description":"La France a re\u00e7u une mise en demeure de la Commission europ\u00e9enne concernant le label RGE, au motif de conditions trop restrictives pour les entreprises provenant d'autres \u00c9tats membres","robots":{"index":"index","follow":"follow","max-snippet":"max-snippet:-1","max-image-preview":"max-image-preview:large","max-video-preview":"max-video-preview:-1"},"canonical":"https:\/\/batijournal.com\/index.php\/qualitenr-defend-la-mention-rge-face-aux-critiques-de-la-commission-europeenne\/102029\/","og_locale":"fr_FR","og_type":"article","og_title":"Qualit\u2019EnR d\u00e9fend la mention RGE face aux critiques de la Commission europ\u00e9enne","og_description":"La France a re\u00e7u une mise en demeure de la Commission europ\u00e9enne concernant le label RGE, au motif de conditions trop restrictives pour les entreprises provenant d'autres \u00c9tats membres","og_url":"https:\/\/batijournal.com\/index.php\/qualitenr-defend-la-mention-rge-face-aux-critiques-de-la-commission-europeenne\/102029\/","og_site_name":"Batijournal","article_published_time":"2019-05-03T10:20:56+00:00","article_modified_time":"2019-07-15T10:08:39+00:00","og_image":[{"width":395,"height":222,"url":"https:\/\/batijournal.com\/wp-content\/uploads\/2016\/04\/logo_rge_dossier.jpg","type":"image\/jpeg"}],"author":"St\u00e9phane Miget","twitter_card":"summary_large_image","twitter_creator":"@bati_journal","twitter_site":"@bati_journal","twitter_misc":{"\u00c9crit par":"St\u00e9phane Miget","Dur\u00e9e de lecture estim\u00e9e":"2 minutes"},"schema":{"@context":"https:\/\/schema.org","@graph":[{"@type":"Article","@id":"https:\/\/batijournal.com\/index.php\/qualitenr-defend-la-mention-rge-face-aux-critiques-de-la-commission-europeenne\/102029\/#article","isPartOf":{"@id":"https:\/\/batijournal.com\/index.php\/qualitenr-defend-la-mention-rge-face-aux-critiques-de-la-commission-europeenne\/102029\/"},"author":{"name":"St\u00e9phane Miget","@id":"https:\/\/batijournal.com\/#\/schema\/person\/1dc96ec6957aa1ccb25ebe78bb19f100"},"headline":"Qualit\u2019EnR d\u00e9fend la mention RGE face aux critiques de la Commission europ\u00e9enne","datePublished":"2019-05-03T10:20:56+00:00","dateModified":"2019-07-15T10:08:39+00:00","mainEntityOfPage":{"@id":"https:\/\/batijournal.com\/index.php\/qualitenr-defend-la-mention-rge-face-aux-critiques-de-la-commission-europeenne\/102029\/"},"wordCount":371,"image":{"@id":"https:\/\/batijournal.com\/index.php\/qualitenr-defend-la-mention-rge-face-aux-critiques-de-la-commission-europeenne\/102029\/#primaryimage"},"thumbnailUrl":"https:\/\/batijournal.com\/wp-content\/uploads\/2016\/04\/logo_rge_dossier.jpg","keywords":["RGE"],"articleSection":["Actualit\u00e9s","\u00c9conomie &amp; March\u00e9s","zz_Plan\u00e8te B\u00e2timent"],"inLanguage":"fr-FR"},{"@type":"WebPage","@id":"https:\/\/batijournal.com\/index.php\/qualitenr-defend-la-mention-rge-face-aux-critiques-de-la-commission-europeenne\/102029\/","url":"https:\/\/batijournal.com\/index.php\/qualitenr-defend-la-mention-rge-face-aux-critiques-de-la-commission-europeenne\/102029\/","name":"Qualit\u2019EnR d\u00e9fend la mention RGE face aux critiques de la Commission europ\u00e9enne","isPartOf":{"@id":"https:\/\/batijournal.com\/#website"},"primaryImageOfPage":{"@id":"https:\/\/batijournal.com\/index.php\/qualitenr-defend-la-mention-rge-face-aux-critiques-de-la-commission-europeenne\/102029\/#primaryimage"},"image":{"@id":"https:\/\/batijournal.com\/index.php\/qualitenr-defend-la-mention-rge-face-aux-critiques-de-la-commission-europeenne\/102029\/#primaryimage"},"thumbnailUrl":"https:\/\/batijournal.com\/wp-content\/uploads\/2016\/04\/logo_rge_dossier.jpg","datePublished":"2019-05-03T10:20:56+00:00","dateModified":"2019-07-15T10:08:39+00:00","author":{"@id":"https:\/\/batijournal.com\/#\/schema\/person\/1dc96ec6957aa1ccb25ebe78bb19f100"},"description":"La France a re\u00e7u une mise en demeure de la Commission europ\u00e9enne concernant le label RGE, au motif de conditions trop restrictives pour les entreprises provenant d'autres \u00c9tats membres","breadcrumb":{"@id":"https:\/\/batijournal.com\/index.php\/qualitenr-defend-la-mention-rge-face-aux-critiques-de-la-commission-europeenne\/102029\/#breadcrumb"},"inLanguage":"fr-FR","potentialAction":[{"@type":"ReadAction","target":["https:\/\/batijournal.com\/index.php\/qualitenr-defend-la-mention-rge-face-aux-critiques-de-la-commission-europeenne\/102029\/"]}]},{"@type":"ImageObject","inLanguage":"fr-FR","@id":"https:\/\/batijournal.com\/index.php\/qualitenr-defend-la-mention-rge-face-aux-critiques-de-la-commission-europeenne\/102029\/#primaryimage","url":"https:\/\/batijournal.com\/wp-content\/uploads\/2016\/04\/logo_rge_dossier.jpg","contentUrl":"https:\/\/batijournal.com\/wp-content\/uploads\/2016\/04\/logo_rge_dossier.jpg","width":395,"height":222,"caption":"le-label-rge-va-etre-ameliore"},{"@type":"BreadcrumbList","@id":"https:\/\/batijournal.com\/index.php\/qualitenr-defend-la-mention-rge-face-aux-critiques-de-la-commission-europeenne\/102029\/#breadcrumb","itemListElement":[{"@type":"ListItem","position":1,"name":"Accueil","item":"https:\/\/batijournal.com\/"},{"@type":"ListItem","position":2,"name":"Actualit\u00e9s","item":"https:\/\/batijournal.com\/index.php\/category\/actualites\/"},{"@type":"ListItem","position":3,"name":"Qualit\u2019EnR d\u00e9fend la mention RGE face aux critiques de la Commission europ\u00e9enne"}]},{"@type":"WebSite","@id":"https:\/\/batijournal.com\/#website","url":"https:\/\/batijournal.com\/","name":"Batijournal","description":"L&#039;actualit\u00e9 du b\u00e2timent","potentialAction":[{"@type":"SearchAction","target":{"@type":"EntryPoint","urlTemplate":"https:\/\/batijournal.com\/?s={search_term_string}"},"query-input":{"@type":"PropertyValueSpecification","valueRequired":true,"valueName":"search_term_string"}}],"inLanguage":"fr-FR"},{"@type":"Person","@id":"https:\/\/batijournal.com\/#\/schema\/person\/1dc96ec6957aa1ccb25ebe78bb19f100","name":"St\u00e9phane Miget","image":{"@type":"ImageObject","inLanguage":"fr-FR","@id":"https:\/\/secure.gravatar.com\/avatar\/89915563d925342126b8ef0281b93d9d7fc337043e8df017f780908eb9644451?s=96&d=mm&r=g","url":"https:\/\/secure.gravatar.com\/avatar\/89915563d925342126b8ef0281b93d9d7fc337043e8df017f780908eb9644451?s=96&d=mm&r=g","contentUrl":"https:\/\/secure.gravatar.com\/avatar\/89915563d925342126b8ef0281b93d9d7fc337043e8df017f780908eb9644451?s=96&d=mm&r=g","caption":"St\u00e9phane Miget"},"url":"https:\/\/batijournal.com\/index.php\/author\/stephane\/"}]}},"_links":{"self":[{"href":"https:\/\/batijournal.com\/index.php\/wp-json\/wp\/v2\/posts\/102029","targetHints":{"allow":["GET"]}}],"collection":[{"href":"https:\/\/batijournal.com\/index.php\/wp-json\/wp\/v2\/posts"}],"about":[{"href":"https:\/\/batijournal.com\/index.php\/wp-json\/wp\/v2\/types\/post"}],"author":[{"embeddable":true,"href":"https:\/\/batijournal.com\/index.php\/wp-json\/wp\/v2\/users\/17"}],"replies":[{"embeddable":true,"href":"https:\/\/batijournal.com\/index.php\/wp-json\/wp\/v2\/comments?post=102029"}],"version-history":[{"count":0,"href":"https:\/\/batijournal.com\/index.php\/wp-json\/wp\/v2\/posts\/102029\/revisions"}],"wp:featuredmedia":[{"embeddable":true,"href":"https:\/\/batijournal.com\/index.php\/wp-json\/wp\/v2\/media\/92150"}],"wp:attachment":[{"href":"https:\/\/batijournal.com\/index.php\/wp-json\/wp\/v2\/media?parent=102029"}],"wp:term":[{"taxonomy":"category","embeddable":true,"href":"https:\/\/batijournal.com\/index.php\/wp-json\/wp\/v2\/categories?post=102029"},{"taxonomy":"post_tag","embeddable":true,"href":"https:\/\/batijournal.com\/index.php\/wp-json\/wp\/v2\/tags?post=102029"}],"curies":[{"name":"wp","href":"https:\/\/api.w.org\/{rel}","templated":true}]}}