{"id":102036,"date":"2019-05-06T07:43:18","date_gmt":"2019-05-06T05:43:18","guid":{"rendered":"https:\/\/batijournal.com\/?p=102036"},"modified":"2019-07-15T11:21:33","modified_gmt":"2019-07-15T09:21:33","slug":"architecture-bio-inspiree-pour-le-5e-concours-eiffel","status":"publish","type":"post","link":"https:\/\/batijournal.com\/index.php\/architecture-bio-inspiree-pour-le-5e-concours-eiffel\/102036\/","title":{"rendered":"Architecture bio-inspir\u00e9e pour le 5e concours Eiffel"},"content":{"rendered":"<p>La 5\u00e8 \u00e9dition du Concours Eiffel r\u00e9serv\u00e9 aux futures g\u00e9n\u00e9rations de concepteurs et de b\u00e2tisseurs, que sont les \u00e9tudiants en architecture et les \u00e9l\u00e8ves ing\u00e9nieurs est lanc\u00e9e. Inspir\u00e9e du f\u00e9mur, l\u2019os le plus l\u00e9ger et le plus r\u00e9sistant du corps humain, La Tour Eiffel serait l\u2019une des premi\u00e8res structures biomim\u00e9tiques. L&rsquo;appel \u00e0 projets 2019 tourne autour de la conception d&rsquo;un projet immobilier, bureaux ou mixte, projetant le d\u00e9veloppement de la relation au monde, dans une approche bio-inspir\u00e9e. R\u00e9v\u00e9l\u00e9 au d\u00e9but des ann\u00e9es 2000, l\u2019int\u00e9r\u00eat pour le biomim\u00e9tisme et l\u2019architecture bio-inspir\u00e9e explose aujourd\u2019hui. Parce que la progression des connaissances se combine \u00e0 l\u2019urgence de prendre en compte les impacts soci\u00e9taux et \u00e9conomiques, culturels et environnementaux de notre d\u00e9veloppement. Parce que les progr\u00e8s des sciences de la vie bouleversent notre perception de la nature et du vivant, cette formidable biblioth\u00e8que de solutions de formes, de processus, de strat\u00e9gies, de syst\u00e8mes et d\u2019\u00e9cosyst\u00e8mes, innovantes, responsables et durables.<\/p>\n<p><a href=\"http:\/\/www.concourseiffel.fr\" target=\"_blank\" rel=\"noopener noreferrer\">www.concourseiffel.fr<\/a><\/p>\n","protected":false},"excerpt":{"rendered":"<p>La 5\u00e8 \u00e9dition du Concours Eiffel r\u00e9serv\u00e9 aux futures g\u00e9n\u00e9rations de concepteurs et de b\u00e2tisseurs, que sont les \u00e9tudiants en architecture et les \u00e9l\u00e8ves ing\u00e9nieurs est lanc\u00e9e. Inspir\u00e9e du f\u00e9mur, l\u2019os le plus l\u00e9ger et le plus r\u00e9sistant du corps humain, La Tour Eiffel serait l\u2019une des premi\u00e8res structures biomim\u00e9tiques. L&rsquo;appel \u00e0 projets 2019 tourne [&hellip;]<\/p>\n","protected":false},"author":17,"featured_media":102035,"comment_status":"closed","ping_status":"closed","sticky":false,"template":"","format":"standard","meta":{"_et_pb_use_builder":"","_et_pb_old_content":"","_et_gb_content_width":"","footnotes":""},"categories":[10530,6340],"tags":[11005],"class_list":["post-102036","post","type-post","status-publish","format-standard","has-post-thumbnail","hentry","category-actualites","category-architecture-conception","tag-concours"],"yoast_head":"<!-- This site is optimized with the Yoast SEO plugin v27.4 - https:\/\/yoast.com\/product\/yoast-seo-wordpress\/ -->\n<title>Architecture bio-inspir\u00e9e pour le 5e concours Eiffel<\/title>\n<meta name=\"description\" content=\"La 5\u00e8 \u00e9dition du Concours Eiffel r\u00e9serv\u00e9 aux futures g\u00e9n\u00e9rations de concepteurs et de b\u00e2tisseurs, que sont les \u00e9tudiants en architecture\" \/>\n<meta name=\"robots\" content=\"index, follow, max-snippet:-1, max-image-preview:large, max-video-preview:-1\" \/>\n<link rel=\"canonical\" href=\"https:\/\/batijournal.com\/index.php\/architecture-bio-inspiree-pour-le-5e-concours-eiffel\/102036\/\" \/>\n<meta property=\"og:locale\" content=\"fr_FR\" \/>\n<meta property=\"og:type\" content=\"article\" \/>\n<meta property=\"og:title\" content=\"Architecture bio-inspir\u00e9e pour le 5e concours Eiffel\" \/>\n<meta property=\"og:description\" content=\"La 5\u00e8 \u00e9dition du Concours Eiffel r\u00e9serv\u00e9 aux futures g\u00e9n\u00e9rations de concepteurs et de b\u00e2tisseurs, que sont les \u00e9tudiants en architecture\" \/>\n<meta property=\"og:url\" content=\"https:\/\/batijournal.com\/index.php\/architecture-bio-inspiree-pour-le-5e-concours-eiffel\/102036\/\" \/>\n<meta property=\"og:site_name\" content=\"Batijournal\" \/>\n<meta property=\"article:published_time\" content=\"2019-05-06T05:43:18+00:00\" \/>\n<meta property=\"article:modified_time\" content=\"2019-07-15T09:21:33+00:00\" \/>\n<meta property=\"og:image\" content=\"https:\/\/batijournal.com\/wp-content\/uploads\/2019\/05\/ConcoursEiffel-2019_bandeau2.png\" \/>\n\t<meta property=\"og:image:width\" content=\"1000\" \/>\n\t<meta property=\"og:image:height\" content=\"524\" \/>\n\t<meta property=\"og:image:type\" content=\"image\/png\" \/>\n<meta name=\"author\" content=\"St\u00e9phane Miget\" \/>\n<meta name=\"twitter:card\" content=\"summary_large_image\" \/>\n<meta name=\"twitter:creator\" content=\"@bati_journal\" \/>\n<meta name=\"twitter:site\" content=\"@bati_journal\" \/>\n<meta name=\"twitter:label1\" content=\"\u00c9crit par\" \/>\n\t<meta name=\"twitter:data1\" content=\"St\u00e9phane Miget\" \/>\n\t<meta name=\"twitter:label2\" content=\"Dur\u00e9e de lecture estim\u00e9e\" \/>\n\t<meta name=\"twitter:data2\" content=\"1 minute\" \/>\n<script type=\"application\/ld+json\" class=\"yoast-schema-graph\">{\"@context\":\"https:\\\/\\\/schema.org\",\"@graph\":[{\"@type\":\"Article\",\"@id\":\"https:\\\/\\\/batijournal.com\\\/index.php\\\/architecture-bio-inspiree-pour-le-5e-concours-eiffel\\\/102036\\\/#article\",\"isPartOf\":{\"@id\":\"https:\\\/\\\/batijournal.com\\\/index.php\\\/architecture-bio-inspiree-pour-le-5e-concours-eiffel\\\/102036\\\/\"},\"author\":{\"name\":\"St\u00e9phane Miget\",\"@id\":\"https:\\\/\\\/batijournal.com\\\/#\\\/schema\\\/person\\\/1dc96ec6957aa1ccb25ebe78bb19f100\"},\"headline\":\"Architecture bio-inspir\u00e9e pour le 5e concours Eiffel\",\"datePublished\":\"2019-05-06T05:43:18+00:00\",\"dateModified\":\"2019-07-15T09:21:33+00:00\",\"mainEntityOfPage\":{\"@id\":\"https:\\\/\\\/batijournal.com\\\/index.php\\\/architecture-bio-inspiree-pour-le-5e-concours-eiffel\\\/102036\\\/\"},\"wordCount\":199,\"image\":{\"@id\":\"https:\\\/\\\/batijournal.com\\\/index.php\\\/architecture-bio-inspiree-pour-le-5e-concours-eiffel\\\/102036\\\/#primaryimage\"},\"thumbnailUrl\":\"https:\\\/\\\/batijournal.com\\\/wp-content\\\/uploads\\\/2019\\\/05\\\/ConcoursEiffel-2019_bandeau2.png\",\"keywords\":[\"concours\"],\"articleSection\":[\"Actualit\u00e9s\",\"Architecture &amp; Conception\"],\"inLanguage\":\"fr-FR\"},{\"@type\":\"WebPage\",\"@id\":\"https:\\\/\\\/batijournal.com\\\/index.php\\\/architecture-bio-inspiree-pour-le-5e-concours-eiffel\\\/102036\\\/\",\"url\":\"https:\\\/\\\/batijournal.com\\\/index.php\\\/architecture-bio-inspiree-pour-le-5e-concours-eiffel\\\/102036\\\/\",\"name\":\"Architecture bio-inspir\u00e9e pour le 5e concours Eiffel\",\"isPartOf\":{\"@id\":\"https:\\\/\\\/batijournal.com\\\/#website\"},\"primaryImageOfPage\":{\"@id\":\"https:\\\/\\\/batijournal.com\\\/index.php\\\/architecture-bio-inspiree-pour-le-5e-concours-eiffel\\\/102036\\\/#primaryimage\"},\"image\":{\"@id\":\"https:\\\/\\\/batijournal.com\\\/index.php\\\/architecture-bio-inspiree-pour-le-5e-concours-eiffel\\\/102036\\\/#primaryimage\"},\"thumbnailUrl\":\"https:\\\/\\\/batijournal.com\\\/wp-content\\\/uploads\\\/2019\\\/05\\\/ConcoursEiffel-2019_bandeau2.png\",\"datePublished\":\"2019-05-06T05:43:18+00:00\",\"dateModified\":\"2019-07-15T09:21:33+00:00\",\"author\":{\"@id\":\"https:\\\/\\\/batijournal.com\\\/#\\\/schema\\\/person\\\/1dc96ec6957aa1ccb25ebe78bb19f100\"},\"description\":\"La 5\u00e8 \u00e9dition du Concours Eiffel r\u00e9serv\u00e9 aux futures g\u00e9n\u00e9rations de concepteurs et de b\u00e2tisseurs, que sont les \u00e9tudiants en architecture\",\"breadcrumb\":{\"@id\":\"https:\\\/\\\/batijournal.com\\\/index.php\\\/architecture-bio-inspiree-pour-le-5e-concours-eiffel\\\/102036\\\/#breadcrumb\"},\"inLanguage\":\"fr-FR\",\"potentialAction\":[{\"@type\":\"ReadAction\",\"target\":[\"https:\\\/\\\/batijournal.com\\\/index.php\\\/architecture-bio-inspiree-pour-le-5e-concours-eiffel\\\/102036\\\/\"]}]},{\"@type\":\"ImageObject\",\"inLanguage\":\"fr-FR\",\"@id\":\"https:\\\/\\\/batijournal.com\\\/index.php\\\/architecture-bio-inspiree-pour-le-5e-concours-eiffel\\\/102036\\\/#primaryimage\",\"url\":\"https:\\\/\\\/batijournal.com\\\/wp-content\\\/uploads\\\/2019\\\/05\\\/ConcoursEiffel-2019_bandeau2.png\",\"contentUrl\":\"https:\\\/\\\/batijournal.com\\\/wp-content\\\/uploads\\\/2019\\\/05\\\/ConcoursEiffel-2019_bandeau2.png\",\"width\":1000,\"height\":524},{\"@type\":\"BreadcrumbList\",\"@id\":\"https:\\\/\\\/batijournal.com\\\/index.php\\\/architecture-bio-inspiree-pour-le-5e-concours-eiffel\\\/102036\\\/#breadcrumb\",\"itemListElement\":[{\"@type\":\"ListItem\",\"position\":1,\"name\":\"Accueil\",\"item\":\"https:\\\/\\\/batijournal.com\\\/\"},{\"@type\":\"ListItem\",\"position\":2,\"name\":\"Actualit\u00e9s\",\"item\":\"https:\\\/\\\/batijournal.com\\\/index.php\\\/category\\\/actualites\\\/\"},{\"@type\":\"ListItem\",\"position\":3,\"name\":\"Architecture bio-inspir\u00e9e pour le 5e concours Eiffel\"}]},{\"@type\":\"WebSite\",\"@id\":\"https:\\\/\\\/batijournal.com\\\/#website\",\"url\":\"https:\\\/\\\/batijournal.com\\\/\",\"name\":\"Batijournal\",\"description\":\"L&#039;actualit\u00e9 du b\u00e2timent\",\"potentialAction\":[{\"@type\":\"SearchAction\",\"target\":{\"@type\":\"EntryPoint\",\"urlTemplate\":\"https:\\\/\\\/batijournal.com\\\/?s={search_term_string}\"},\"query-input\":{\"@type\":\"PropertyValueSpecification\",\"valueRequired\":true,\"valueName\":\"search_term_string\"}}],\"inLanguage\":\"fr-FR\"},{\"@type\":\"Person\",\"@id\":\"https:\\\/\\\/batijournal.com\\\/#\\\/schema\\\/person\\\/1dc96ec6957aa1ccb25ebe78bb19f100\",\"name\":\"St\u00e9phane Miget\",\"image\":{\"@type\":\"ImageObject\",\"inLanguage\":\"fr-FR\",\"@id\":\"https:\\\/\\\/secure.gravatar.com\\\/avatar\\\/89915563d925342126b8ef0281b93d9d7fc337043e8df017f780908eb9644451?s=96&d=mm&r=g\",\"url\":\"https:\\\/\\\/secure.gravatar.com\\\/avatar\\\/89915563d925342126b8ef0281b93d9d7fc337043e8df017f780908eb9644451?s=96&d=mm&r=g\",\"contentUrl\":\"https:\\\/\\\/secure.gravatar.com\\\/avatar\\\/89915563d925342126b8ef0281b93d9d7fc337043e8df017f780908eb9644451?s=96&d=mm&r=g\",\"caption\":\"St\u00e9phane Miget\"},\"url\":\"https:\\\/\\\/batijournal.com\\\/index.php\\\/author\\\/stephane\\\/\"}]}<\/script>\n<!-- \/ Yoast SEO plugin. -->","yoast_head_json":{"title":"Architecture bio-inspir\u00e9e pour le 5e concours Eiffel","description":"La 5\u00e8 \u00e9dition du Concours Eiffel r\u00e9serv\u00e9 aux futures g\u00e9n\u00e9rations de concepteurs et de b\u00e2tisseurs, que sont les \u00e9tudiants en architecture","robots":{"index":"index","follow":"follow","max-snippet":"max-snippet:-1","max-image-preview":"max-image-preview:large","max-video-preview":"max-video-preview:-1"},"canonical":"https:\/\/batijournal.com\/index.php\/architecture-bio-inspiree-pour-le-5e-concours-eiffel\/102036\/","og_locale":"fr_FR","og_type":"article","og_title":"Architecture bio-inspir\u00e9e pour le 5e concours Eiffel","og_description":"La 5\u00e8 \u00e9dition du Concours Eiffel r\u00e9serv\u00e9 aux futures g\u00e9n\u00e9rations de concepteurs et de b\u00e2tisseurs, que sont les \u00e9tudiants en architecture","og_url":"https:\/\/batijournal.com\/index.php\/architecture-bio-inspiree-pour-le-5e-concours-eiffel\/102036\/","og_site_name":"Batijournal","article_published_time":"2019-05-06T05:43:18+00:00","article_modified_time":"2019-07-15T09:21:33+00:00","og_image":[{"width":1000,"height":524,"url":"https:\/\/batijournal.com\/wp-content\/uploads\/2019\/05\/ConcoursEiffel-2019_bandeau2.png","type":"image\/png"}],"author":"St\u00e9phane Miget","twitter_card":"summary_large_image","twitter_creator":"@bati_journal","twitter_site":"@bati_journal","twitter_misc":{"\u00c9crit par":"St\u00e9phane Miget","Dur\u00e9e de lecture estim\u00e9e":"1 minute"},"schema":{"@context":"https:\/\/schema.org","@graph":[{"@type":"Article","@id":"https:\/\/batijournal.com\/index.php\/architecture-bio-inspiree-pour-le-5e-concours-eiffel\/102036\/#article","isPartOf":{"@id":"https:\/\/batijournal.com\/index.php\/architecture-bio-inspiree-pour-le-5e-concours-eiffel\/102036\/"},"author":{"name":"St\u00e9phane Miget","@id":"https:\/\/batijournal.com\/#\/schema\/person\/1dc96ec6957aa1ccb25ebe78bb19f100"},"headline":"Architecture bio-inspir\u00e9e pour le 5e concours Eiffel","datePublished":"2019-05-06T05:43:18+00:00","dateModified":"2019-07-15T09:21:33+00:00","mainEntityOfPage":{"@id":"https:\/\/batijournal.com\/index.php\/architecture-bio-inspiree-pour-le-5e-concours-eiffel\/102036\/"},"wordCount":199,"image":{"@id":"https:\/\/batijournal.com\/index.php\/architecture-bio-inspiree-pour-le-5e-concours-eiffel\/102036\/#primaryimage"},"thumbnailUrl":"https:\/\/batijournal.com\/wp-content\/uploads\/2019\/05\/ConcoursEiffel-2019_bandeau2.png","keywords":["concours"],"articleSection":["Actualit\u00e9s","Architecture &amp; Conception"],"inLanguage":"fr-FR"},{"@type":"WebPage","@id":"https:\/\/batijournal.com\/index.php\/architecture-bio-inspiree-pour-le-5e-concours-eiffel\/102036\/","url":"https:\/\/batijournal.com\/index.php\/architecture-bio-inspiree-pour-le-5e-concours-eiffel\/102036\/","name":"Architecture bio-inspir\u00e9e pour le 5e concours Eiffel","isPartOf":{"@id":"https:\/\/batijournal.com\/#website"},"primaryImageOfPage":{"@id":"https:\/\/batijournal.com\/index.php\/architecture-bio-inspiree-pour-le-5e-concours-eiffel\/102036\/#primaryimage"},"image":{"@id":"https:\/\/batijournal.com\/index.php\/architecture-bio-inspiree-pour-le-5e-concours-eiffel\/102036\/#primaryimage"},"thumbnailUrl":"https:\/\/batijournal.com\/wp-content\/uploads\/2019\/05\/ConcoursEiffel-2019_bandeau2.png","datePublished":"2019-05-06T05:43:18+00:00","dateModified":"2019-07-15T09:21:33+00:00","author":{"@id":"https:\/\/batijournal.com\/#\/schema\/person\/1dc96ec6957aa1ccb25ebe78bb19f100"},"description":"La 5\u00e8 \u00e9dition du Concours Eiffel r\u00e9serv\u00e9 aux futures g\u00e9n\u00e9rations de concepteurs et de b\u00e2tisseurs, que sont les \u00e9tudiants en architecture","breadcrumb":{"@id":"https:\/\/batijournal.com\/index.php\/architecture-bio-inspiree-pour-le-5e-concours-eiffel\/102036\/#breadcrumb"},"inLanguage":"fr-FR","potentialAction":[{"@type":"ReadAction","target":["https:\/\/batijournal.com\/index.php\/architecture-bio-inspiree-pour-le-5e-concours-eiffel\/102036\/"]}]},{"@type":"ImageObject","inLanguage":"fr-FR","@id":"https:\/\/batijournal.com\/index.php\/architecture-bio-inspiree-pour-le-5e-concours-eiffel\/102036\/#primaryimage","url":"https:\/\/batijournal.com\/wp-content\/uploads\/2019\/05\/ConcoursEiffel-2019_bandeau2.png","contentUrl":"https:\/\/batijournal.com\/wp-content\/uploads\/2019\/05\/ConcoursEiffel-2019_bandeau2.png","width":1000,"height":524},{"@type":"BreadcrumbList","@id":"https:\/\/batijournal.com\/index.php\/architecture-bio-inspiree-pour-le-5e-concours-eiffel\/102036\/#breadcrumb","itemListElement":[{"@type":"ListItem","position":1,"name":"Accueil","item":"https:\/\/batijournal.com\/"},{"@type":"ListItem","position":2,"name":"Actualit\u00e9s","item":"https:\/\/batijournal.com\/index.php\/category\/actualites\/"},{"@type":"ListItem","position":3,"name":"Architecture bio-inspir\u00e9e pour le 5e concours Eiffel"}]},{"@type":"WebSite","@id":"https:\/\/batijournal.com\/#website","url":"https:\/\/batijournal.com\/","name":"Batijournal","description":"L&#039;actualit\u00e9 du b\u00e2timent","potentialAction":[{"@type":"SearchAction","target":{"@type":"EntryPoint","urlTemplate":"https:\/\/batijournal.com\/?s={search_term_string}"},"query-input":{"@type":"PropertyValueSpecification","valueRequired":true,"valueName":"search_term_string"}}],"inLanguage":"fr-FR"},{"@type":"Person","@id":"https:\/\/batijournal.com\/#\/schema\/person\/1dc96ec6957aa1ccb25ebe78bb19f100","name":"St\u00e9phane Miget","image":{"@type":"ImageObject","inLanguage":"fr-FR","@id":"https:\/\/secure.gravatar.com\/avatar\/89915563d925342126b8ef0281b93d9d7fc337043e8df017f780908eb9644451?s=96&d=mm&r=g","url":"https:\/\/secure.gravatar.com\/avatar\/89915563d925342126b8ef0281b93d9d7fc337043e8df017f780908eb9644451?s=96&d=mm&r=g","contentUrl":"https:\/\/secure.gravatar.com\/avatar\/89915563d925342126b8ef0281b93d9d7fc337043e8df017f780908eb9644451?s=96&d=mm&r=g","caption":"St\u00e9phane Miget"},"url":"https:\/\/batijournal.com\/index.php\/author\/stephane\/"}]}},"_links":{"self":[{"href":"https:\/\/batijournal.com\/index.php\/wp-json\/wp\/v2\/posts\/102036","targetHints":{"allow":["GET"]}}],"collection":[{"href":"https:\/\/batijournal.com\/index.php\/wp-json\/wp\/v2\/posts"}],"about":[{"href":"https:\/\/batijournal.com\/index.php\/wp-json\/wp\/v2\/types\/post"}],"author":[{"embeddable":true,"href":"https:\/\/batijournal.com\/index.php\/wp-json\/wp\/v2\/users\/17"}],"replies":[{"embeddable":true,"href":"https:\/\/batijournal.com\/index.php\/wp-json\/wp\/v2\/comments?post=102036"}],"version-history":[{"count":0,"href":"https:\/\/batijournal.com\/index.php\/wp-json\/wp\/v2\/posts\/102036\/revisions"}],"wp:featuredmedia":[{"embeddable":true,"href":"https:\/\/batijournal.com\/index.php\/wp-json\/wp\/v2\/media\/102035"}],"wp:attachment":[{"href":"https:\/\/batijournal.com\/index.php\/wp-json\/wp\/v2\/media?parent=102036"}],"wp:term":[{"taxonomy":"category","embeddable":true,"href":"https:\/\/batijournal.com\/index.php\/wp-json\/wp\/v2\/categories?post=102036"},{"taxonomy":"post_tag","embeddable":true,"href":"https:\/\/batijournal.com\/index.php\/wp-json\/wp\/v2\/tags?post=102036"}],"curies":[{"name":"wp","href":"https:\/\/api.w.org\/{rel}","templated":true}]}}