{"id":102061,"date":"2019-05-10T06:11:14","date_gmt":"2019-05-10T04:11:14","guid":{"rendered":"https:\/\/batijournal.com\/?p=102061"},"modified":"2019-07-15T11:26:43","modified_gmt":"2019-07-15T09:26:43","slug":"trophees-du-batiment-passif-2019-prix-du-logement-individuel-le-projet-merignies","status":"publish","type":"post","link":"https:\/\/batijournal.com\/index.php\/trophees-du-batiment-passif-2019-prix-du-logement-individuel-le-projet-merignies\/102061\/","title":{"rendered":"Troph\u00e9es du B\u00e2timent Passif 2019, prix du logement individuel : le projet M\u00e9rignies"},"content":{"rendered":"<p>Le volume simple du b\u00e2timent, con\u00e7u par l&rsquo;Atelier d\u2019architecture Delsinne, est une ossature en bois pos\u00e9e sur des pieux m\u00e9talliques afin de se d\u00e9tacher du sol et de la nappe phr\u00e9atique affleurant. Une terrasse en bois qui fait le tour de la maison permet de cr\u00e9er une transition entre le niveau haut du plancher de la maison et le terrain naturel. L\u2019entr\u00e9e situ\u00e9e au Nord donne acc\u00e8s \u00e0 un hall qui am\u00e8ne au s\u00e9jour. La maison est divis\u00e9e en deux parties. Une partie de long de la fa\u00e7ade Nord contient les espaces servant (entr\u00e9e, toilettes, local technique, buanderie, salle de bain) et, pour un apport de lumi\u00e8re naturelle important, les espaces servis s\u2019ouvrent c\u00f4t\u00e9 jardin sur les fa\u00e7ades Sud et Ouest : cuisine, chambres et s\u00e9jour o\u00f9 un mur de brique en terre crue participe \u00e0 l\u2019am\u00e9lioration de l\u2019inertie du b\u00e2timent. Des stores ext\u00e9rieurs automatis\u00e9s assurent le confort d\u2019\u00e9t\u00e9. Une VMC double flux haut rendement filtre et renouv\u00e8le l\u2019air int\u00e9rieur. Un Une cuve de 10m3 r\u00e9cup\u00e8re l\u2019eau de pluie pour les toilettes et la machine \u00e0 laver.<\/p>\n<p>Les premiers Troph\u00e9es du B\u00e2timent Passif ont \u00e9t\u00e9 remis par La Maison Passive dans le cadre du salon Passi\u2019bat 2019. L&rsquo;ossature bois est \u00e0 l&rsquo;honneur dans les trois constructions r\u00e9compens\u00e9es.<\/p>\n","protected":false},"excerpt":{"rendered":"<p>Le volume simple du b\u00e2timent, con\u00e7u par l&rsquo;Atelier d\u2019architecture Delsinne, est une ossature en bois pos\u00e9e sur des pieux m\u00e9talliques afin de se d\u00e9tacher du sol et de la nappe phr\u00e9atique affleurant. Une terrasse en bois qui fait le tour de la maison permet de cr\u00e9er une transition entre le niveau haut du plancher de [&hellip;]<\/p>\n","protected":false},"author":17,"featured_media":102058,"comment_status":"closed","ping_status":"closed","sticky":false,"template":"","format":"standard","meta":{"_et_pb_use_builder":"","_et_pb_old_content":"","_et_gb_content_width":"","footnotes":""},"categories":[10530,6340,10778,10764],"tags":[4379],"class_list":["post-102061","post","type-post","status-publish","format-standard","has-post-thumbnail","hentry","category-actualites","category-architecture-conception","category-planete","category-woodsurfer","tag-batiment-passif"],"yoast_head":"<!-- This site is optimized with the Yoast SEO plugin v27.4 - https:\/\/yoast.com\/product\/yoast-seo-wordpress\/ -->\n<title>Troph\u00e9es du B\u00e2timent Passif 2019, prix du logement individuel : le projet M\u00e9rignies<\/title>\n<meta name=\"description\" content=\"Le volume simple du b\u00e2timent, con\u00e7u par l&#039;Atelier d\u2019architecture Delsinne, est une ossature en bois pos\u00e9e sur des pieux m\u00e9talliques\" \/>\n<meta name=\"robots\" content=\"index, follow, max-snippet:-1, max-image-preview:large, max-video-preview:-1\" \/>\n<link rel=\"canonical\" href=\"https:\/\/batijournal.com\/index.php\/trophees-du-batiment-passif-2019-prix-du-logement-individuel-le-projet-merignies\/102061\/\" \/>\n<meta property=\"og:locale\" content=\"fr_FR\" \/>\n<meta property=\"og:type\" content=\"article\" \/>\n<meta property=\"og:title\" content=\"Troph\u00e9es du B\u00e2timent Passif 2019, prix du logement individuel : le projet M\u00e9rignies\" \/>\n<meta property=\"og:description\" content=\"Le volume simple du b\u00e2timent, con\u00e7u par l&#039;Atelier d\u2019architecture Delsinne, est une ossature en bois pos\u00e9e sur des pieux m\u00e9talliques\" \/>\n<meta property=\"og:url\" content=\"https:\/\/batijournal.com\/index.php\/trophees-du-batiment-passif-2019-prix-du-logement-individuel-le-projet-merignies\/102061\/\" \/>\n<meta property=\"og:site_name\" content=\"Batijournal\" \/>\n<meta property=\"article:published_time\" content=\"2019-05-10T04:11:14+00:00\" \/>\n<meta property=\"article:modified_time\" content=\"2019-07-15T09:26:43+00:00\" \/>\n<meta property=\"og:image\" content=\"https:\/\/batijournal.com\/wp-content\/uploads\/2019\/05\/projet-Merignies-trophees-du-batiment-passif.png\" \/>\n\t<meta property=\"og:image:width\" content=\"735\" \/>\n\t<meta property=\"og:image:height\" content=\"616\" \/>\n\t<meta property=\"og:image:type\" content=\"image\/png\" \/>\n<meta name=\"author\" content=\"St\u00e9phane Miget\" \/>\n<meta name=\"twitter:card\" content=\"summary_large_image\" \/>\n<meta name=\"twitter:creator\" content=\"@bati_journal\" \/>\n<meta name=\"twitter:site\" content=\"@bati_journal\" \/>\n<meta name=\"twitter:label1\" content=\"\u00c9crit par\" \/>\n\t<meta name=\"twitter:data1\" content=\"St\u00e9phane Miget\" \/>\n\t<meta name=\"twitter:label2\" content=\"Dur\u00e9e de lecture estim\u00e9e\" \/>\n\t<meta name=\"twitter:data2\" content=\"1 minute\" \/>\n<script type=\"application\/ld+json\" class=\"yoast-schema-graph\">{\"@context\":\"https:\\\/\\\/schema.org\",\"@graph\":[{\"@type\":\"Article\",\"@id\":\"https:\\\/\\\/batijournal.com\\\/index.php\\\/trophees-du-batiment-passif-2019-prix-du-logement-individuel-le-projet-merignies\\\/102061\\\/#article\",\"isPartOf\":{\"@id\":\"https:\\\/\\\/batijournal.com\\\/index.php\\\/trophees-du-batiment-passif-2019-prix-du-logement-individuel-le-projet-merignies\\\/102061\\\/\"},\"author\":{\"name\":\"St\u00e9phane Miget\",\"@id\":\"https:\\\/\\\/batijournal.com\\\/#\\\/schema\\\/person\\\/1dc96ec6957aa1ccb25ebe78bb19f100\"},\"headline\":\"Troph\u00e9es du B\u00e2timent Passif 2019, prix du logement individuel : le projet M\u00e9rignies\",\"datePublished\":\"2019-05-10T04:11:14+00:00\",\"dateModified\":\"2019-07-15T09:26:43+00:00\",\"mainEntityOfPage\":{\"@id\":\"https:\\\/\\\/batijournal.com\\\/index.php\\\/trophees-du-batiment-passif-2019-prix-du-logement-individuel-le-projet-merignies\\\/102061\\\/\"},\"wordCount\":258,\"image\":{\"@id\":\"https:\\\/\\\/batijournal.com\\\/index.php\\\/trophees-du-batiment-passif-2019-prix-du-logement-individuel-le-projet-merignies\\\/102061\\\/#primaryimage\"},\"thumbnailUrl\":\"https:\\\/\\\/batijournal.com\\\/wp-content\\\/uploads\\\/2019\\\/05\\\/projet-Merignies-trophees-du-batiment-passif.png\",\"keywords\":[\"b\u00e2timent passif\"],\"articleSection\":[\"Actualit\u00e9s\",\"Architecture &amp; Conception\",\"zz_Plan\u00e8te B\u00e2timent\",\"zz_Woodsurfer\"],\"inLanguage\":\"fr-FR\"},{\"@type\":\"WebPage\",\"@id\":\"https:\\\/\\\/batijournal.com\\\/index.php\\\/trophees-du-batiment-passif-2019-prix-du-logement-individuel-le-projet-merignies\\\/102061\\\/\",\"url\":\"https:\\\/\\\/batijournal.com\\\/index.php\\\/trophees-du-batiment-passif-2019-prix-du-logement-individuel-le-projet-merignies\\\/102061\\\/\",\"name\":\"Troph\u00e9es du B\u00e2timent Passif 2019, prix du logement individuel : le projet M\u00e9rignies\",\"isPartOf\":{\"@id\":\"https:\\\/\\\/batijournal.com\\\/#website\"},\"primaryImageOfPage\":{\"@id\":\"https:\\\/\\\/batijournal.com\\\/index.php\\\/trophees-du-batiment-passif-2019-prix-du-logement-individuel-le-projet-merignies\\\/102061\\\/#primaryimage\"},\"image\":{\"@id\":\"https:\\\/\\\/batijournal.com\\\/index.php\\\/trophees-du-batiment-passif-2019-prix-du-logement-individuel-le-projet-merignies\\\/102061\\\/#primaryimage\"},\"thumbnailUrl\":\"https:\\\/\\\/batijournal.com\\\/wp-content\\\/uploads\\\/2019\\\/05\\\/projet-Merignies-trophees-du-batiment-passif.png\",\"datePublished\":\"2019-05-10T04:11:14+00:00\",\"dateModified\":\"2019-07-15T09:26:43+00:00\",\"author\":{\"@id\":\"https:\\\/\\\/batijournal.com\\\/#\\\/schema\\\/person\\\/1dc96ec6957aa1ccb25ebe78bb19f100\"},\"description\":\"Le volume simple du b\u00e2timent, con\u00e7u par l'Atelier d\u2019architecture Delsinne, est une ossature en bois pos\u00e9e sur des pieux m\u00e9talliques\",\"breadcrumb\":{\"@id\":\"https:\\\/\\\/batijournal.com\\\/index.php\\\/trophees-du-batiment-passif-2019-prix-du-logement-individuel-le-projet-merignies\\\/102061\\\/#breadcrumb\"},\"inLanguage\":\"fr-FR\",\"potentialAction\":[{\"@type\":\"ReadAction\",\"target\":[\"https:\\\/\\\/batijournal.com\\\/index.php\\\/trophees-du-batiment-passif-2019-prix-du-logement-individuel-le-projet-merignies\\\/102061\\\/\"]}]},{\"@type\":\"ImageObject\",\"inLanguage\":\"fr-FR\",\"@id\":\"https:\\\/\\\/batijournal.com\\\/index.php\\\/trophees-du-batiment-passif-2019-prix-du-logement-individuel-le-projet-merignies\\\/102061\\\/#primaryimage\",\"url\":\"https:\\\/\\\/batijournal.com\\\/wp-content\\\/uploads\\\/2019\\\/05\\\/projet-Merignies-trophees-du-batiment-passif.png\",\"contentUrl\":\"https:\\\/\\\/batijournal.com\\\/wp-content\\\/uploads\\\/2019\\\/05\\\/projet-Merignies-trophees-du-batiment-passif.png\",\"width\":735,\"height\":616},{\"@type\":\"BreadcrumbList\",\"@id\":\"https:\\\/\\\/batijournal.com\\\/index.php\\\/trophees-du-batiment-passif-2019-prix-du-logement-individuel-le-projet-merignies\\\/102061\\\/#breadcrumb\",\"itemListElement\":[{\"@type\":\"ListItem\",\"position\":1,\"name\":\"Accueil\",\"item\":\"https:\\\/\\\/batijournal.com\\\/\"},{\"@type\":\"ListItem\",\"position\":2,\"name\":\"Actualit\u00e9s\",\"item\":\"https:\\\/\\\/batijournal.com\\\/index.php\\\/category\\\/actualites\\\/\"},{\"@type\":\"ListItem\",\"position\":3,\"name\":\"Troph\u00e9es du B\u00e2timent Passif 2019, prix du logement individuel : le projet M\u00e9rignies\"}]},{\"@type\":\"WebSite\",\"@id\":\"https:\\\/\\\/batijournal.com\\\/#website\",\"url\":\"https:\\\/\\\/batijournal.com\\\/\",\"name\":\"Batijournal\",\"description\":\"L&#039;actualit\u00e9 du b\u00e2timent\",\"potentialAction\":[{\"@type\":\"SearchAction\",\"target\":{\"@type\":\"EntryPoint\",\"urlTemplate\":\"https:\\\/\\\/batijournal.com\\\/?s={search_term_string}\"},\"query-input\":{\"@type\":\"PropertyValueSpecification\",\"valueRequired\":true,\"valueName\":\"search_term_string\"}}],\"inLanguage\":\"fr-FR\"},{\"@type\":\"Person\",\"@id\":\"https:\\\/\\\/batijournal.com\\\/#\\\/schema\\\/person\\\/1dc96ec6957aa1ccb25ebe78bb19f100\",\"name\":\"St\u00e9phane Miget\",\"image\":{\"@type\":\"ImageObject\",\"inLanguage\":\"fr-FR\",\"@id\":\"https:\\\/\\\/secure.gravatar.com\\\/avatar\\\/89915563d925342126b8ef0281b93d9d7fc337043e8df017f780908eb9644451?s=96&d=mm&r=g\",\"url\":\"https:\\\/\\\/secure.gravatar.com\\\/avatar\\\/89915563d925342126b8ef0281b93d9d7fc337043e8df017f780908eb9644451?s=96&d=mm&r=g\",\"contentUrl\":\"https:\\\/\\\/secure.gravatar.com\\\/avatar\\\/89915563d925342126b8ef0281b93d9d7fc337043e8df017f780908eb9644451?s=96&d=mm&r=g\",\"caption\":\"St\u00e9phane Miget\"},\"url\":\"https:\\\/\\\/batijournal.com\\\/index.php\\\/author\\\/stephane\\\/\"}]}<\/script>\n<!-- \/ Yoast SEO plugin. -->","yoast_head_json":{"title":"Troph\u00e9es du B\u00e2timent Passif 2019, prix du logement individuel : le projet M\u00e9rignies","description":"Le volume simple du b\u00e2timent, con\u00e7u par l'Atelier d\u2019architecture Delsinne, est une ossature en bois pos\u00e9e sur des pieux m\u00e9talliques","robots":{"index":"index","follow":"follow","max-snippet":"max-snippet:-1","max-image-preview":"max-image-preview:large","max-video-preview":"max-video-preview:-1"},"canonical":"https:\/\/batijournal.com\/index.php\/trophees-du-batiment-passif-2019-prix-du-logement-individuel-le-projet-merignies\/102061\/","og_locale":"fr_FR","og_type":"article","og_title":"Troph\u00e9es du B\u00e2timent Passif 2019, prix du logement individuel : le projet M\u00e9rignies","og_description":"Le volume simple du b\u00e2timent, con\u00e7u par l'Atelier d\u2019architecture Delsinne, est une ossature en bois pos\u00e9e sur des pieux m\u00e9talliques","og_url":"https:\/\/batijournal.com\/index.php\/trophees-du-batiment-passif-2019-prix-du-logement-individuel-le-projet-merignies\/102061\/","og_site_name":"Batijournal","article_published_time":"2019-05-10T04:11:14+00:00","article_modified_time":"2019-07-15T09:26:43+00:00","og_image":[{"width":735,"height":616,"url":"https:\/\/batijournal.com\/wp-content\/uploads\/2019\/05\/projet-Merignies-trophees-du-batiment-passif.png","type":"image\/png"}],"author":"St\u00e9phane Miget","twitter_card":"summary_large_image","twitter_creator":"@bati_journal","twitter_site":"@bati_journal","twitter_misc":{"\u00c9crit par":"St\u00e9phane Miget","Dur\u00e9e de lecture estim\u00e9e":"1 minute"},"schema":{"@context":"https:\/\/schema.org","@graph":[{"@type":"Article","@id":"https:\/\/batijournal.com\/index.php\/trophees-du-batiment-passif-2019-prix-du-logement-individuel-le-projet-merignies\/102061\/#article","isPartOf":{"@id":"https:\/\/batijournal.com\/index.php\/trophees-du-batiment-passif-2019-prix-du-logement-individuel-le-projet-merignies\/102061\/"},"author":{"name":"St\u00e9phane Miget","@id":"https:\/\/batijournal.com\/#\/schema\/person\/1dc96ec6957aa1ccb25ebe78bb19f100"},"headline":"Troph\u00e9es du B\u00e2timent Passif 2019, prix du logement individuel : le projet M\u00e9rignies","datePublished":"2019-05-10T04:11:14+00:00","dateModified":"2019-07-15T09:26:43+00:00","mainEntityOfPage":{"@id":"https:\/\/batijournal.com\/index.php\/trophees-du-batiment-passif-2019-prix-du-logement-individuel-le-projet-merignies\/102061\/"},"wordCount":258,"image":{"@id":"https:\/\/batijournal.com\/index.php\/trophees-du-batiment-passif-2019-prix-du-logement-individuel-le-projet-merignies\/102061\/#primaryimage"},"thumbnailUrl":"https:\/\/batijournal.com\/wp-content\/uploads\/2019\/05\/projet-Merignies-trophees-du-batiment-passif.png","keywords":["b\u00e2timent passif"],"articleSection":["Actualit\u00e9s","Architecture &amp; Conception","zz_Plan\u00e8te B\u00e2timent","zz_Woodsurfer"],"inLanguage":"fr-FR"},{"@type":"WebPage","@id":"https:\/\/batijournal.com\/index.php\/trophees-du-batiment-passif-2019-prix-du-logement-individuel-le-projet-merignies\/102061\/","url":"https:\/\/batijournal.com\/index.php\/trophees-du-batiment-passif-2019-prix-du-logement-individuel-le-projet-merignies\/102061\/","name":"Troph\u00e9es du B\u00e2timent Passif 2019, prix du logement individuel : le projet M\u00e9rignies","isPartOf":{"@id":"https:\/\/batijournal.com\/#website"},"primaryImageOfPage":{"@id":"https:\/\/batijournal.com\/index.php\/trophees-du-batiment-passif-2019-prix-du-logement-individuel-le-projet-merignies\/102061\/#primaryimage"},"image":{"@id":"https:\/\/batijournal.com\/index.php\/trophees-du-batiment-passif-2019-prix-du-logement-individuel-le-projet-merignies\/102061\/#primaryimage"},"thumbnailUrl":"https:\/\/batijournal.com\/wp-content\/uploads\/2019\/05\/projet-Merignies-trophees-du-batiment-passif.png","datePublished":"2019-05-10T04:11:14+00:00","dateModified":"2019-07-15T09:26:43+00:00","author":{"@id":"https:\/\/batijournal.com\/#\/schema\/person\/1dc96ec6957aa1ccb25ebe78bb19f100"},"description":"Le volume simple du b\u00e2timent, con\u00e7u par l'Atelier d\u2019architecture Delsinne, est une ossature en bois pos\u00e9e sur des pieux m\u00e9talliques","breadcrumb":{"@id":"https:\/\/batijournal.com\/index.php\/trophees-du-batiment-passif-2019-prix-du-logement-individuel-le-projet-merignies\/102061\/#breadcrumb"},"inLanguage":"fr-FR","potentialAction":[{"@type":"ReadAction","target":["https:\/\/batijournal.com\/index.php\/trophees-du-batiment-passif-2019-prix-du-logement-individuel-le-projet-merignies\/102061\/"]}]},{"@type":"ImageObject","inLanguage":"fr-FR","@id":"https:\/\/batijournal.com\/index.php\/trophees-du-batiment-passif-2019-prix-du-logement-individuel-le-projet-merignies\/102061\/#primaryimage","url":"https:\/\/batijournal.com\/wp-content\/uploads\/2019\/05\/projet-Merignies-trophees-du-batiment-passif.png","contentUrl":"https:\/\/batijournal.com\/wp-content\/uploads\/2019\/05\/projet-Merignies-trophees-du-batiment-passif.png","width":735,"height":616},{"@type":"BreadcrumbList","@id":"https:\/\/batijournal.com\/index.php\/trophees-du-batiment-passif-2019-prix-du-logement-individuel-le-projet-merignies\/102061\/#breadcrumb","itemListElement":[{"@type":"ListItem","position":1,"name":"Accueil","item":"https:\/\/batijournal.com\/"},{"@type":"ListItem","position":2,"name":"Actualit\u00e9s","item":"https:\/\/batijournal.com\/index.php\/category\/actualites\/"},{"@type":"ListItem","position":3,"name":"Troph\u00e9es du B\u00e2timent Passif 2019, prix du logement individuel : le projet M\u00e9rignies"}]},{"@type":"WebSite","@id":"https:\/\/batijournal.com\/#website","url":"https:\/\/batijournal.com\/","name":"Batijournal","description":"L&#039;actualit\u00e9 du b\u00e2timent","potentialAction":[{"@type":"SearchAction","target":{"@type":"EntryPoint","urlTemplate":"https:\/\/batijournal.com\/?s={search_term_string}"},"query-input":{"@type":"PropertyValueSpecification","valueRequired":true,"valueName":"search_term_string"}}],"inLanguage":"fr-FR"},{"@type":"Person","@id":"https:\/\/batijournal.com\/#\/schema\/person\/1dc96ec6957aa1ccb25ebe78bb19f100","name":"St\u00e9phane Miget","image":{"@type":"ImageObject","inLanguage":"fr-FR","@id":"https:\/\/secure.gravatar.com\/avatar\/89915563d925342126b8ef0281b93d9d7fc337043e8df017f780908eb9644451?s=96&d=mm&r=g","url":"https:\/\/secure.gravatar.com\/avatar\/89915563d925342126b8ef0281b93d9d7fc337043e8df017f780908eb9644451?s=96&d=mm&r=g","contentUrl":"https:\/\/secure.gravatar.com\/avatar\/89915563d925342126b8ef0281b93d9d7fc337043e8df017f780908eb9644451?s=96&d=mm&r=g","caption":"St\u00e9phane Miget"},"url":"https:\/\/batijournal.com\/index.php\/author\/stephane\/"}]}},"_links":{"self":[{"href":"https:\/\/batijournal.com\/index.php\/wp-json\/wp\/v2\/posts\/102061","targetHints":{"allow":["GET"]}}],"collection":[{"href":"https:\/\/batijournal.com\/index.php\/wp-json\/wp\/v2\/posts"}],"about":[{"href":"https:\/\/batijournal.com\/index.php\/wp-json\/wp\/v2\/types\/post"}],"author":[{"embeddable":true,"href":"https:\/\/batijournal.com\/index.php\/wp-json\/wp\/v2\/users\/17"}],"replies":[{"embeddable":true,"href":"https:\/\/batijournal.com\/index.php\/wp-json\/wp\/v2\/comments?post=102061"}],"version-history":[{"count":0,"href":"https:\/\/batijournal.com\/index.php\/wp-json\/wp\/v2\/posts\/102061\/revisions"}],"wp:featuredmedia":[{"embeddable":true,"href":"https:\/\/batijournal.com\/index.php\/wp-json\/wp\/v2\/media\/102058"}],"wp:attachment":[{"href":"https:\/\/batijournal.com\/index.php\/wp-json\/wp\/v2\/media?parent=102061"}],"wp:term":[{"taxonomy":"category","embeddable":true,"href":"https:\/\/batijournal.com\/index.php\/wp-json\/wp\/v2\/categories?post=102061"},{"taxonomy":"post_tag","embeddable":true,"href":"https:\/\/batijournal.com\/index.php\/wp-json\/wp\/v2\/tags?post=102061"}],"curies":[{"name":"wp","href":"https:\/\/api.w.org\/{rel}","templated":true}]}}