{"id":102062,"date":"2019-05-10T06:13:18","date_gmt":"2019-05-10T04:13:18","guid":{"rendered":"https:\/\/batijournal.com\/?p=102062"},"modified":"2019-07-15T11:26:43","modified_gmt":"2019-07-15T09:26:43","slug":"trophees-du-batiment-passif-2019-prix-du-logement-collectif-le-projet-janime","status":"publish","type":"post","link":"https:\/\/batijournal.com\/index.php\/trophees-du-batiment-passif-2019-prix-du-logement-collectif-le-projet-janime\/102062\/","title":{"rendered":"Troph\u00e9es du B\u00e2timent Passif 2019, prix du logement collectif : le projet Janime"},"content":{"rendered":"<p>La Fabrique des Habitats, ma\u00eetrise d\u2019ouvrage du projet Janime, a lanc\u00e9 le d\u00e9fi \u00e0 Quinze Architecture de construire un petit immeuble Passivhaus, en compl\u00e8te ossature bois dans l\u2019hypercentre Rennais. Il fallait se pencher profond\u00e9ment dans l\u2019analyse du site pour comprendre pourquoi cette dent creuse bien situ\u00e9e restait vide depuis tant d\u2019ann\u00e9es. La parcelle de 144 m2 seulement, \u00e0 la forme tortur\u00e9e devait respecter un COS de 0,7, des reculs impos\u00e9s de 4m sur les limites s\u00e9paratives, l\u2019avis conforme des ABF en secteur sauvegard\u00e9 Rennais, une servitude de passage en limite Est et des servitudes de vue et de passage sur le pignon Ouest voisin. L\u2019implantation et la r\u00e9solution volum\u00e9trique ont donc \u00e9t\u00e9 tr\u00e8s contraintes. Une \u00ab rue \u00bb int\u00e9rieure a \u00e9t\u00e9 cr\u00e9\u00e9e, \u00e0 l\u2019air libre, pour acc\u00e9der aux diff\u00e9rents niveaux, am\u00e9nager l\u2019acc\u00e8s des voisins et r\u00e9pondre aux diverses servitudes. De plus, un puits de lumi\u00e8re, continu, habill\u00e9 de blanc, vitr\u00e9 sur l\u2019escalier bois du projet, a permis l\u2019apport de lumi\u00e8re et la ventilation naturelle pour le b\u00e2timent mitoyen.<\/p>\n<p>Les premiers Troph\u00e9es du B\u00e2timent Passif ont \u00e9t\u00e9 remis par La Maison Passive dans le cadre du salon Passi\u2019bat 2019. L&rsquo;ossature bois est \u00e0 l&rsquo;honneur dans les trois constructions r\u00e9compens\u00e9es.<\/p>\n","protected":false},"excerpt":{"rendered":"<p>La Fabrique des Habitats, ma\u00eetrise d\u2019ouvrage du projet Janime, a lanc\u00e9 le d\u00e9fi \u00e0 Quinze Architecture de construire un petit immeuble Passivhaus, en compl\u00e8te ossature bois dans l\u2019hypercentre Rennais. Il fallait se pencher profond\u00e9ment dans l\u2019analyse du site pour comprendre pourquoi cette dent creuse bien situ\u00e9e restait vide depuis tant d\u2019ann\u00e9es. La parcelle de 144 [&hellip;]<\/p>\n","protected":false},"author":17,"featured_media":102057,"comment_status":"closed","ping_status":"closed","sticky":false,"template":"","format":"standard","meta":{"_et_pb_use_builder":"","_et_pb_old_content":"","_et_gb_content_width":"","footnotes":""},"categories":[10530,6340,10785,10778,10764],"tags":[4379],"class_list":["post-102062","post","type-post","status-publish","format-standard","has-post-thumbnail","hentry","category-actualites","category-architecture-conception","category-atrium","category-planete","category-woodsurfer","tag-batiment-passif"],"yoast_head":"<!-- This site is optimized with the Yoast SEO plugin v27.4 - https:\/\/yoast.com\/product\/yoast-seo-wordpress\/ -->\n<title>Troph\u00e9es du B\u00e2timent Passif 2019, prix du logement collectif : le projet Janime<\/title>\n<meta name=\"description\" content=\"La Fabrique des Habitats, ma\u00eetrise d\u2019ouvrage du projet Janime, a lanc\u00e9 le d\u00e9fi \u00e0 Quinze Architecture de construire un petit immeuble Passivhaus\" \/>\n<meta name=\"robots\" content=\"index, follow, max-snippet:-1, max-image-preview:large, max-video-preview:-1\" \/>\n<link rel=\"canonical\" href=\"https:\/\/batijournal.com\/index.php\/trophees-du-batiment-passif-2019-prix-du-logement-collectif-le-projet-janime\/102062\/\" \/>\n<meta property=\"og:locale\" content=\"fr_FR\" \/>\n<meta property=\"og:type\" content=\"article\" \/>\n<meta property=\"og:title\" content=\"Troph\u00e9es du B\u00e2timent Passif 2019, prix du logement collectif : le projet Janime\" \/>\n<meta property=\"og:description\" content=\"La Fabrique des Habitats, ma\u00eetrise d\u2019ouvrage du projet Janime, a lanc\u00e9 le d\u00e9fi \u00e0 Quinze Architecture de construire un petit immeuble Passivhaus\" \/>\n<meta property=\"og:url\" content=\"https:\/\/batijournal.com\/index.php\/trophees-du-batiment-passif-2019-prix-du-logement-collectif-le-projet-janime\/102062\/\" \/>\n<meta property=\"og:site_name\" content=\"Batijournal\" \/>\n<meta property=\"article:published_time\" content=\"2019-05-10T04:13:18+00:00\" \/>\n<meta property=\"article:modified_time\" content=\"2019-07-15T09:26:43+00:00\" \/>\n<meta property=\"og:image\" content=\"https:\/\/batijournal.com\/wp-content\/uploads\/2019\/05\/projet-Janime-trophees-du-batiment-passif.png\" \/>\n\t<meta property=\"og:image:width\" content=\"715\" \/>\n\t<meta property=\"og:image:height\" content=\"469\" \/>\n\t<meta property=\"og:image:type\" content=\"image\/png\" \/>\n<meta name=\"author\" content=\"St\u00e9phane Miget\" \/>\n<meta name=\"twitter:card\" content=\"summary_large_image\" \/>\n<meta name=\"twitter:creator\" content=\"@bati_journal\" \/>\n<meta name=\"twitter:site\" content=\"@bati_journal\" \/>\n<meta name=\"twitter:label1\" content=\"\u00c9crit par\" \/>\n\t<meta name=\"twitter:data1\" content=\"St\u00e9phane Miget\" \/>\n\t<meta name=\"twitter:label2\" content=\"Dur\u00e9e de lecture estim\u00e9e\" \/>\n\t<meta name=\"twitter:data2\" content=\"1 minute\" \/>\n<script type=\"application\/ld+json\" class=\"yoast-schema-graph\">{\"@context\":\"https:\\\/\\\/schema.org\",\"@graph\":[{\"@type\":\"Article\",\"@id\":\"https:\\\/\\\/batijournal.com\\\/index.php\\\/trophees-du-batiment-passif-2019-prix-du-logement-collectif-le-projet-janime\\\/102062\\\/#article\",\"isPartOf\":{\"@id\":\"https:\\\/\\\/batijournal.com\\\/index.php\\\/trophees-du-batiment-passif-2019-prix-du-logement-collectif-le-projet-janime\\\/102062\\\/\"},\"author\":{\"name\":\"St\u00e9phane Miget\",\"@id\":\"https:\\\/\\\/batijournal.com\\\/#\\\/schema\\\/person\\\/1dc96ec6957aa1ccb25ebe78bb19f100\"},\"headline\":\"Troph\u00e9es du B\u00e2timent Passif 2019, prix du logement collectif : le projet Janime\",\"datePublished\":\"2019-05-10T04:13:18+00:00\",\"dateModified\":\"2019-07-15T09:26:43+00:00\",\"mainEntityOfPage\":{\"@id\":\"https:\\\/\\\/batijournal.com\\\/index.php\\\/trophees-du-batiment-passif-2019-prix-du-logement-collectif-le-projet-janime\\\/102062\\\/\"},\"wordCount\":241,\"image\":{\"@id\":\"https:\\\/\\\/batijournal.com\\\/index.php\\\/trophees-du-batiment-passif-2019-prix-du-logement-collectif-le-projet-janime\\\/102062\\\/#primaryimage\"},\"thumbnailUrl\":\"https:\\\/\\\/batijournal.com\\\/wp-content\\\/uploads\\\/2019\\\/05\\\/projet-Janime-trophees-du-batiment-passif.png\",\"keywords\":[\"b\u00e2timent passif\"],\"articleSection\":[\"Actualit\u00e9s\",\"Architecture &amp; Conception\",\"zz_Atrium Patrimoine\",\"zz_Plan\u00e8te B\u00e2timent\",\"zz_Woodsurfer\"],\"inLanguage\":\"fr-FR\"},{\"@type\":\"WebPage\",\"@id\":\"https:\\\/\\\/batijournal.com\\\/index.php\\\/trophees-du-batiment-passif-2019-prix-du-logement-collectif-le-projet-janime\\\/102062\\\/\",\"url\":\"https:\\\/\\\/batijournal.com\\\/index.php\\\/trophees-du-batiment-passif-2019-prix-du-logement-collectif-le-projet-janime\\\/102062\\\/\",\"name\":\"Troph\u00e9es du B\u00e2timent Passif 2019, prix du logement collectif : le projet Janime\",\"isPartOf\":{\"@id\":\"https:\\\/\\\/batijournal.com\\\/#website\"},\"primaryImageOfPage\":{\"@id\":\"https:\\\/\\\/batijournal.com\\\/index.php\\\/trophees-du-batiment-passif-2019-prix-du-logement-collectif-le-projet-janime\\\/102062\\\/#primaryimage\"},\"image\":{\"@id\":\"https:\\\/\\\/batijournal.com\\\/index.php\\\/trophees-du-batiment-passif-2019-prix-du-logement-collectif-le-projet-janime\\\/102062\\\/#primaryimage\"},\"thumbnailUrl\":\"https:\\\/\\\/batijournal.com\\\/wp-content\\\/uploads\\\/2019\\\/05\\\/projet-Janime-trophees-du-batiment-passif.png\",\"datePublished\":\"2019-05-10T04:13:18+00:00\",\"dateModified\":\"2019-07-15T09:26:43+00:00\",\"author\":{\"@id\":\"https:\\\/\\\/batijournal.com\\\/#\\\/schema\\\/person\\\/1dc96ec6957aa1ccb25ebe78bb19f100\"},\"description\":\"La Fabrique des Habitats, ma\u00eetrise d\u2019ouvrage du projet Janime, a lanc\u00e9 le d\u00e9fi \u00e0 Quinze Architecture de construire un petit immeuble Passivhaus\",\"breadcrumb\":{\"@id\":\"https:\\\/\\\/batijournal.com\\\/index.php\\\/trophees-du-batiment-passif-2019-prix-du-logement-collectif-le-projet-janime\\\/102062\\\/#breadcrumb\"},\"inLanguage\":\"fr-FR\",\"potentialAction\":[{\"@type\":\"ReadAction\",\"target\":[\"https:\\\/\\\/batijournal.com\\\/index.php\\\/trophees-du-batiment-passif-2019-prix-du-logement-collectif-le-projet-janime\\\/102062\\\/\"]}]},{\"@type\":\"ImageObject\",\"inLanguage\":\"fr-FR\",\"@id\":\"https:\\\/\\\/batijournal.com\\\/index.php\\\/trophees-du-batiment-passif-2019-prix-du-logement-collectif-le-projet-janime\\\/102062\\\/#primaryimage\",\"url\":\"https:\\\/\\\/batijournal.com\\\/wp-content\\\/uploads\\\/2019\\\/05\\\/projet-Janime-trophees-du-batiment-passif.png\",\"contentUrl\":\"https:\\\/\\\/batijournal.com\\\/wp-content\\\/uploads\\\/2019\\\/05\\\/projet-Janime-trophees-du-batiment-passif.png\",\"width\":715,\"height\":469},{\"@type\":\"BreadcrumbList\",\"@id\":\"https:\\\/\\\/batijournal.com\\\/index.php\\\/trophees-du-batiment-passif-2019-prix-du-logement-collectif-le-projet-janime\\\/102062\\\/#breadcrumb\",\"itemListElement\":[{\"@type\":\"ListItem\",\"position\":1,\"name\":\"Accueil\",\"item\":\"https:\\\/\\\/batijournal.com\\\/\"},{\"@type\":\"ListItem\",\"position\":2,\"name\":\"Actualit\u00e9s\",\"item\":\"https:\\\/\\\/batijournal.com\\\/index.php\\\/category\\\/actualites\\\/\"},{\"@type\":\"ListItem\",\"position\":3,\"name\":\"Troph\u00e9es du B\u00e2timent Passif 2019, prix du logement collectif : le projet Janime\"}]},{\"@type\":\"WebSite\",\"@id\":\"https:\\\/\\\/batijournal.com\\\/#website\",\"url\":\"https:\\\/\\\/batijournal.com\\\/\",\"name\":\"Batijournal\",\"description\":\"L&#039;actualit\u00e9 du b\u00e2timent\",\"potentialAction\":[{\"@type\":\"SearchAction\",\"target\":{\"@type\":\"EntryPoint\",\"urlTemplate\":\"https:\\\/\\\/batijournal.com\\\/?s={search_term_string}\"},\"query-input\":{\"@type\":\"PropertyValueSpecification\",\"valueRequired\":true,\"valueName\":\"search_term_string\"}}],\"inLanguage\":\"fr-FR\"},{\"@type\":\"Person\",\"@id\":\"https:\\\/\\\/batijournal.com\\\/#\\\/schema\\\/person\\\/1dc96ec6957aa1ccb25ebe78bb19f100\",\"name\":\"St\u00e9phane Miget\",\"image\":{\"@type\":\"ImageObject\",\"inLanguage\":\"fr-FR\",\"@id\":\"https:\\\/\\\/secure.gravatar.com\\\/avatar\\\/89915563d925342126b8ef0281b93d9d7fc337043e8df017f780908eb9644451?s=96&d=mm&r=g\",\"url\":\"https:\\\/\\\/secure.gravatar.com\\\/avatar\\\/89915563d925342126b8ef0281b93d9d7fc337043e8df017f780908eb9644451?s=96&d=mm&r=g\",\"contentUrl\":\"https:\\\/\\\/secure.gravatar.com\\\/avatar\\\/89915563d925342126b8ef0281b93d9d7fc337043e8df017f780908eb9644451?s=96&d=mm&r=g\",\"caption\":\"St\u00e9phane Miget\"},\"url\":\"https:\\\/\\\/batijournal.com\\\/index.php\\\/author\\\/stephane\\\/\"}]}<\/script>\n<!-- \/ Yoast SEO plugin. -->","yoast_head_json":{"title":"Troph\u00e9es du B\u00e2timent Passif 2019, prix du logement collectif : le projet Janime","description":"La Fabrique des Habitats, ma\u00eetrise d\u2019ouvrage du projet Janime, a lanc\u00e9 le d\u00e9fi \u00e0 Quinze Architecture de construire un petit immeuble Passivhaus","robots":{"index":"index","follow":"follow","max-snippet":"max-snippet:-1","max-image-preview":"max-image-preview:large","max-video-preview":"max-video-preview:-1"},"canonical":"https:\/\/batijournal.com\/index.php\/trophees-du-batiment-passif-2019-prix-du-logement-collectif-le-projet-janime\/102062\/","og_locale":"fr_FR","og_type":"article","og_title":"Troph\u00e9es du B\u00e2timent Passif 2019, prix du logement collectif : le projet Janime","og_description":"La Fabrique des Habitats, ma\u00eetrise d\u2019ouvrage du projet Janime, a lanc\u00e9 le d\u00e9fi \u00e0 Quinze Architecture de construire un petit immeuble Passivhaus","og_url":"https:\/\/batijournal.com\/index.php\/trophees-du-batiment-passif-2019-prix-du-logement-collectif-le-projet-janime\/102062\/","og_site_name":"Batijournal","article_published_time":"2019-05-10T04:13:18+00:00","article_modified_time":"2019-07-15T09:26:43+00:00","og_image":[{"width":715,"height":469,"url":"https:\/\/batijournal.com\/wp-content\/uploads\/2019\/05\/projet-Janime-trophees-du-batiment-passif.png","type":"image\/png"}],"author":"St\u00e9phane Miget","twitter_card":"summary_large_image","twitter_creator":"@bati_journal","twitter_site":"@bati_journal","twitter_misc":{"\u00c9crit par":"St\u00e9phane Miget","Dur\u00e9e de lecture estim\u00e9e":"1 minute"},"schema":{"@context":"https:\/\/schema.org","@graph":[{"@type":"Article","@id":"https:\/\/batijournal.com\/index.php\/trophees-du-batiment-passif-2019-prix-du-logement-collectif-le-projet-janime\/102062\/#article","isPartOf":{"@id":"https:\/\/batijournal.com\/index.php\/trophees-du-batiment-passif-2019-prix-du-logement-collectif-le-projet-janime\/102062\/"},"author":{"name":"St\u00e9phane Miget","@id":"https:\/\/batijournal.com\/#\/schema\/person\/1dc96ec6957aa1ccb25ebe78bb19f100"},"headline":"Troph\u00e9es du B\u00e2timent Passif 2019, prix du logement collectif : le projet Janime","datePublished":"2019-05-10T04:13:18+00:00","dateModified":"2019-07-15T09:26:43+00:00","mainEntityOfPage":{"@id":"https:\/\/batijournal.com\/index.php\/trophees-du-batiment-passif-2019-prix-du-logement-collectif-le-projet-janime\/102062\/"},"wordCount":241,"image":{"@id":"https:\/\/batijournal.com\/index.php\/trophees-du-batiment-passif-2019-prix-du-logement-collectif-le-projet-janime\/102062\/#primaryimage"},"thumbnailUrl":"https:\/\/batijournal.com\/wp-content\/uploads\/2019\/05\/projet-Janime-trophees-du-batiment-passif.png","keywords":["b\u00e2timent passif"],"articleSection":["Actualit\u00e9s","Architecture &amp; Conception","zz_Atrium Patrimoine","zz_Plan\u00e8te B\u00e2timent","zz_Woodsurfer"],"inLanguage":"fr-FR"},{"@type":"WebPage","@id":"https:\/\/batijournal.com\/index.php\/trophees-du-batiment-passif-2019-prix-du-logement-collectif-le-projet-janime\/102062\/","url":"https:\/\/batijournal.com\/index.php\/trophees-du-batiment-passif-2019-prix-du-logement-collectif-le-projet-janime\/102062\/","name":"Troph\u00e9es du B\u00e2timent Passif 2019, prix du logement collectif : le projet Janime","isPartOf":{"@id":"https:\/\/batijournal.com\/#website"},"primaryImageOfPage":{"@id":"https:\/\/batijournal.com\/index.php\/trophees-du-batiment-passif-2019-prix-du-logement-collectif-le-projet-janime\/102062\/#primaryimage"},"image":{"@id":"https:\/\/batijournal.com\/index.php\/trophees-du-batiment-passif-2019-prix-du-logement-collectif-le-projet-janime\/102062\/#primaryimage"},"thumbnailUrl":"https:\/\/batijournal.com\/wp-content\/uploads\/2019\/05\/projet-Janime-trophees-du-batiment-passif.png","datePublished":"2019-05-10T04:13:18+00:00","dateModified":"2019-07-15T09:26:43+00:00","author":{"@id":"https:\/\/batijournal.com\/#\/schema\/person\/1dc96ec6957aa1ccb25ebe78bb19f100"},"description":"La Fabrique des Habitats, ma\u00eetrise d\u2019ouvrage du projet Janime, a lanc\u00e9 le d\u00e9fi \u00e0 Quinze Architecture de construire un petit immeuble Passivhaus","breadcrumb":{"@id":"https:\/\/batijournal.com\/index.php\/trophees-du-batiment-passif-2019-prix-du-logement-collectif-le-projet-janime\/102062\/#breadcrumb"},"inLanguage":"fr-FR","potentialAction":[{"@type":"ReadAction","target":["https:\/\/batijournal.com\/index.php\/trophees-du-batiment-passif-2019-prix-du-logement-collectif-le-projet-janime\/102062\/"]}]},{"@type":"ImageObject","inLanguage":"fr-FR","@id":"https:\/\/batijournal.com\/index.php\/trophees-du-batiment-passif-2019-prix-du-logement-collectif-le-projet-janime\/102062\/#primaryimage","url":"https:\/\/batijournal.com\/wp-content\/uploads\/2019\/05\/projet-Janime-trophees-du-batiment-passif.png","contentUrl":"https:\/\/batijournal.com\/wp-content\/uploads\/2019\/05\/projet-Janime-trophees-du-batiment-passif.png","width":715,"height":469},{"@type":"BreadcrumbList","@id":"https:\/\/batijournal.com\/index.php\/trophees-du-batiment-passif-2019-prix-du-logement-collectif-le-projet-janime\/102062\/#breadcrumb","itemListElement":[{"@type":"ListItem","position":1,"name":"Accueil","item":"https:\/\/batijournal.com\/"},{"@type":"ListItem","position":2,"name":"Actualit\u00e9s","item":"https:\/\/batijournal.com\/index.php\/category\/actualites\/"},{"@type":"ListItem","position":3,"name":"Troph\u00e9es du B\u00e2timent Passif 2019, prix du logement collectif : le projet Janime"}]},{"@type":"WebSite","@id":"https:\/\/batijournal.com\/#website","url":"https:\/\/batijournal.com\/","name":"Batijournal","description":"L&#039;actualit\u00e9 du b\u00e2timent","potentialAction":[{"@type":"SearchAction","target":{"@type":"EntryPoint","urlTemplate":"https:\/\/batijournal.com\/?s={search_term_string}"},"query-input":{"@type":"PropertyValueSpecification","valueRequired":true,"valueName":"search_term_string"}}],"inLanguage":"fr-FR"},{"@type":"Person","@id":"https:\/\/batijournal.com\/#\/schema\/person\/1dc96ec6957aa1ccb25ebe78bb19f100","name":"St\u00e9phane Miget","image":{"@type":"ImageObject","inLanguage":"fr-FR","@id":"https:\/\/secure.gravatar.com\/avatar\/89915563d925342126b8ef0281b93d9d7fc337043e8df017f780908eb9644451?s=96&d=mm&r=g","url":"https:\/\/secure.gravatar.com\/avatar\/89915563d925342126b8ef0281b93d9d7fc337043e8df017f780908eb9644451?s=96&d=mm&r=g","contentUrl":"https:\/\/secure.gravatar.com\/avatar\/89915563d925342126b8ef0281b93d9d7fc337043e8df017f780908eb9644451?s=96&d=mm&r=g","caption":"St\u00e9phane Miget"},"url":"https:\/\/batijournal.com\/index.php\/author\/stephane\/"}]}},"_links":{"self":[{"href":"https:\/\/batijournal.com\/index.php\/wp-json\/wp\/v2\/posts\/102062","targetHints":{"allow":["GET"]}}],"collection":[{"href":"https:\/\/batijournal.com\/index.php\/wp-json\/wp\/v2\/posts"}],"about":[{"href":"https:\/\/batijournal.com\/index.php\/wp-json\/wp\/v2\/types\/post"}],"author":[{"embeddable":true,"href":"https:\/\/batijournal.com\/index.php\/wp-json\/wp\/v2\/users\/17"}],"replies":[{"embeddable":true,"href":"https:\/\/batijournal.com\/index.php\/wp-json\/wp\/v2\/comments?post=102062"}],"version-history":[{"count":0,"href":"https:\/\/batijournal.com\/index.php\/wp-json\/wp\/v2\/posts\/102062\/revisions"}],"wp:featuredmedia":[{"embeddable":true,"href":"https:\/\/batijournal.com\/index.php\/wp-json\/wp\/v2\/media\/102057"}],"wp:attachment":[{"href":"https:\/\/batijournal.com\/index.php\/wp-json\/wp\/v2\/media?parent=102062"}],"wp:term":[{"taxonomy":"category","embeddable":true,"href":"https:\/\/batijournal.com\/index.php\/wp-json\/wp\/v2\/categories?post=102062"},{"taxonomy":"post_tag","embeddable":true,"href":"https:\/\/batijournal.com\/index.php\/wp-json\/wp\/v2\/tags?post=102062"}],"curies":[{"name":"wp","href":"https:\/\/api.w.org\/{rel}","templated":true}]}}