{"id":102064,"date":"2019-05-10T09:56:41","date_gmt":"2019-05-10T07:56:41","guid":{"rendered":"https:\/\/batijournal.com\/?p=102064"},"modified":"2019-07-15T11:14:33","modified_gmt":"2019-07-15T09:14:33","slug":"une-oeuvre-ephemere-en-attendant-de-remplacer-les-buis-de-vaux-le-vicomte","status":"publish","type":"post","link":"https:\/\/batijournal.com\/index.php\/une-oeuvre-ephemere-en-attendant-de-remplacer-les-buis-de-vaux-le-vicomte\/102064\/","title":{"rendered":"Une \u0153uvre \u00e9ph\u00e9m\u00e8re en attendant de remplacer les buis de Vaux-le-Vicomte"},"content":{"rendered":"<p>\u00c0 la suite d\u2019une attaque fulgurante et exceptionnelle de la pyrale durant le printemps et l\u2019\u00e9t\u00e9 2017, 70% des buis du parterre des boulingrins du jardin de Vaux-le-Vicomte, \u00e2g\u00e9s et malades, sont morts. La famille de Vog\u00fc\u00e9, propri\u00e9taire du domaine, assist\u00e9e d\u2019un comit\u00e9 scientifique, a pris acte de la fin de vie des broderies de buis plant\u00e9es par Achille Duch\u00eane en 1923 et a d\u00e9cid\u00e9 de proc\u00e9der \u00e0 leur remplacement. A l\u2019\u00e9t\u00e9 2018, un appel \u00e0 candidatures a \u00e9t\u00e9 lanc\u00e9 aupr\u00e8s d\u2019artistes, paysagistes, designers pour la cr\u00e9ation d\u2019une \u0153uvre \u00e9ph\u00e9m\u00e8re sur les deux parterres. Les buis ont \u00e9t\u00e9 arrach\u00e9s durant l\u2019hiver 2019. Apr\u00e8s d\u00e9lib\u00e9ration d\u2019un jury sp\u00e9cialis\u00e9, c&rsquo;est le projet de Patrick Hourcade qui a \u00e9t\u00e9 retenu, l\u2019\u0153uvre, nomm\u00e9e Les Rubans Eph\u00e9m\u00e8res s\u2019inspire des dessins d\u2019arabesque d\u2019Achille Duch\u00eane, eux-m\u00eames inspir\u00e9s des broderies dessin\u00e9es par Le N\u00f4tre au XVIIe si\u00e8cle. Elle sera cr\u00e9\u00e9e et mise en place par l\u2019agence D\u00e9coral. 390 plaques d\u2019aluminium de taille, de forme et d\u2019inclinaison diff\u00e9rentes constitueront l&rsquo;\u0153uvre. Cr\u00e9\u00e9es dans une usine de la Marne, elle vont \u00eatre install\u00e9es dans le jardin au mois de mai. Le choix du mat\u00e9riau a \u00e9t\u00e9 guid\u00e9 par les plans d\u2019eau pr\u00e9sents dans les jardins de Le N\u00f4tre, sur lesquels la r\u00e9flexion du ciel joue selon l\u2019heure et la saison. Les visiteurs pourront d\u00e9couvrir cette \u0153uvre \u00e9ph\u00e9m\u00e8re in\u00e9dite d\u00e8s le mois de juin 2019. Elle sera install\u00e9e pour une dur\u00e9e de 2 \u00e0 5 ans, permettant au domaine de trouver une solution p\u00e9renne au remplacement des broderies de buis du jardin \u00e0 la fran\u00e7aise. Le ch\u00e2teau lance l\u2019appel au don \u00ab Plaquez tout pour Vaux-le-Vicomte \u00bb afin que chacun puisse contribuer aux travaux de r\u00e9alisation de cette \u0153uvre d\u2019art in\u00e9dite.<\/p>\n<p>http:\/\/mecenatmh.fr\/campaigns\/chateau-de-vaux-le-vicomte-parterres-et-buis\/<\/p>\n","protected":false},"excerpt":{"rendered":"<p>\u00c0 la suite d\u2019une attaque fulgurante et exceptionnelle de la pyrale durant le printemps et l\u2019\u00e9t\u00e9 2017, 70% des buis du parterre des boulingrins du jardin de Vaux-le-Vicomte, \u00e2g\u00e9s et malades, sont morts. La famille de Vog\u00fc\u00e9, propri\u00e9taire du domaine, assist\u00e9e d\u2019un comit\u00e9 scientifique, a pris acte de la fin de vie des broderies de [&hellip;]<\/p>\n","protected":false},"author":17,"featured_media":102066,"comment_status":"closed","ping_status":"closed","sticky":false,"template":"","format":"standard","meta":{"_et_pb_use_builder":"","_et_pb_old_content":"","_et_gb_content_width":"","footnotes":""},"categories":[10530,6340,10785],"tags":[8535],"class_list":["post-102064","post","type-post","status-publish","format-standard","has-post-thumbnail","hentry","category-actualites","category-architecture-conception","category-atrium","tag-jardin-historique"],"yoast_head":"<!-- This site is optimized with the Yoast SEO plugin v27.4 - https:\/\/yoast.com\/product\/yoast-seo-wordpress\/ -->\n<title>Une \u0153uvre \u00e9ph\u00e9m\u00e8re en attendant de remplacer les buis de Vaux-le-Vicomte<\/title>\n<meta name=\"description\" content=\"\u00c0 la suite d\u2019une attaque fulgurante et exceptionnelle de la pyrale, 70% des buis du parterre des boulingrins de Vaux-le-Vicomte, \u00e2g\u00e9s et malades, sont morts\" \/>\n<meta name=\"robots\" content=\"index, follow, max-snippet:-1, max-image-preview:large, max-video-preview:-1\" \/>\n<link rel=\"canonical\" href=\"https:\/\/batijournal.com\/index.php\/une-oeuvre-ephemere-en-attendant-de-remplacer-les-buis-de-vaux-le-vicomte\/102064\/\" \/>\n<meta property=\"og:locale\" content=\"fr_FR\" \/>\n<meta property=\"og:type\" content=\"article\" \/>\n<meta property=\"og:title\" content=\"Une \u0153uvre \u00e9ph\u00e9m\u00e8re en attendant de remplacer les buis de Vaux-le-Vicomte\" \/>\n<meta property=\"og:description\" content=\"\u00c0 la suite d\u2019une attaque fulgurante et exceptionnelle de la pyrale, 70% des buis du parterre des boulingrins de Vaux-le-Vicomte, \u00e2g\u00e9s et malades, sont morts\" \/>\n<meta property=\"og:url\" content=\"https:\/\/batijournal.com\/index.php\/une-oeuvre-ephemere-en-attendant-de-remplacer-les-buis-de-vaux-le-vicomte\/102064\/\" \/>\n<meta property=\"og:site_name\" content=\"Batijournal\" \/>\n<meta property=\"article:published_time\" content=\"2019-05-10T07:56:41+00:00\" \/>\n<meta property=\"article:modified_time\" content=\"2019-07-15T09:14:33+00:00\" \/>\n<meta property=\"og:image\" content=\"https:\/\/batijournal.com\/wp-content\/uploads\/2019\/05\/plaquez-tout-vaux-le-vicomte.jpg\" \/>\n\t<meta property=\"og:image:width\" content=\"1180\" \/>\n\t<meta property=\"og:image:height\" content=\"886\" \/>\n\t<meta property=\"og:image:type\" content=\"image\/jpeg\" \/>\n<meta name=\"author\" content=\"St\u00e9phane Miget\" \/>\n<meta name=\"twitter:card\" content=\"summary_large_image\" \/>\n<meta name=\"twitter:creator\" content=\"@bati_journal\" \/>\n<meta name=\"twitter:site\" content=\"@bati_journal\" \/>\n<meta name=\"twitter:label1\" content=\"\u00c9crit par\" \/>\n\t<meta name=\"twitter:data1\" content=\"St\u00e9phane Miget\" \/>\n\t<meta name=\"twitter:label2\" content=\"Dur\u00e9e de lecture estim\u00e9e\" \/>\n\t<meta name=\"twitter:data2\" content=\"2 minutes\" \/>\n<script type=\"application\/ld+json\" class=\"yoast-schema-graph\">{\"@context\":\"https:\\\/\\\/schema.org\",\"@graph\":[{\"@type\":\"Article\",\"@id\":\"https:\\\/\\\/batijournal.com\\\/index.php\\\/une-oeuvre-ephemere-en-attendant-de-remplacer-les-buis-de-vaux-le-vicomte\\\/102064\\\/#article\",\"isPartOf\":{\"@id\":\"https:\\\/\\\/batijournal.com\\\/index.php\\\/une-oeuvre-ephemere-en-attendant-de-remplacer-les-buis-de-vaux-le-vicomte\\\/102064\\\/\"},\"author\":{\"name\":\"St\u00e9phane Miget\",\"@id\":\"https:\\\/\\\/batijournal.com\\\/#\\\/schema\\\/person\\\/1dc96ec6957aa1ccb25ebe78bb19f100\"},\"headline\":\"Une \u0153uvre \u00e9ph\u00e9m\u00e8re en attendant de remplacer les buis de Vaux-le-Vicomte\",\"datePublished\":\"2019-05-10T07:56:41+00:00\",\"dateModified\":\"2019-07-15T09:14:33+00:00\",\"mainEntityOfPage\":{\"@id\":\"https:\\\/\\\/batijournal.com\\\/index.php\\\/une-oeuvre-ephemere-en-attendant-de-remplacer-les-buis-de-vaux-le-vicomte\\\/102064\\\/\"},\"wordCount\":348,\"image\":{\"@id\":\"https:\\\/\\\/batijournal.com\\\/index.php\\\/une-oeuvre-ephemere-en-attendant-de-remplacer-les-buis-de-vaux-le-vicomte\\\/102064\\\/#primaryimage\"},\"thumbnailUrl\":\"https:\\\/\\\/batijournal.com\\\/wp-content\\\/uploads\\\/2019\\\/05\\\/plaquez-tout-vaux-le-vicomte.jpg\",\"keywords\":[\"jardin historique\"],\"articleSection\":[\"Actualit\u00e9s\",\"Architecture &amp; Conception\",\"zz_Atrium Patrimoine\"],\"inLanguage\":\"fr-FR\"},{\"@type\":\"WebPage\",\"@id\":\"https:\\\/\\\/batijournal.com\\\/index.php\\\/une-oeuvre-ephemere-en-attendant-de-remplacer-les-buis-de-vaux-le-vicomte\\\/102064\\\/\",\"url\":\"https:\\\/\\\/batijournal.com\\\/index.php\\\/une-oeuvre-ephemere-en-attendant-de-remplacer-les-buis-de-vaux-le-vicomte\\\/102064\\\/\",\"name\":\"Une \u0153uvre \u00e9ph\u00e9m\u00e8re en attendant de remplacer les buis de Vaux-le-Vicomte\",\"isPartOf\":{\"@id\":\"https:\\\/\\\/batijournal.com\\\/#website\"},\"primaryImageOfPage\":{\"@id\":\"https:\\\/\\\/batijournal.com\\\/index.php\\\/une-oeuvre-ephemere-en-attendant-de-remplacer-les-buis-de-vaux-le-vicomte\\\/102064\\\/#primaryimage\"},\"image\":{\"@id\":\"https:\\\/\\\/batijournal.com\\\/index.php\\\/une-oeuvre-ephemere-en-attendant-de-remplacer-les-buis-de-vaux-le-vicomte\\\/102064\\\/#primaryimage\"},\"thumbnailUrl\":\"https:\\\/\\\/batijournal.com\\\/wp-content\\\/uploads\\\/2019\\\/05\\\/plaquez-tout-vaux-le-vicomte.jpg\",\"datePublished\":\"2019-05-10T07:56:41+00:00\",\"dateModified\":\"2019-07-15T09:14:33+00:00\",\"author\":{\"@id\":\"https:\\\/\\\/batijournal.com\\\/#\\\/schema\\\/person\\\/1dc96ec6957aa1ccb25ebe78bb19f100\"},\"description\":\"\u00c0 la suite d\u2019une attaque fulgurante et exceptionnelle de la pyrale, 70% des buis du parterre des boulingrins de Vaux-le-Vicomte, \u00e2g\u00e9s et malades, sont morts\",\"breadcrumb\":{\"@id\":\"https:\\\/\\\/batijournal.com\\\/index.php\\\/une-oeuvre-ephemere-en-attendant-de-remplacer-les-buis-de-vaux-le-vicomte\\\/102064\\\/#breadcrumb\"},\"inLanguage\":\"fr-FR\",\"potentialAction\":[{\"@type\":\"ReadAction\",\"target\":[\"https:\\\/\\\/batijournal.com\\\/index.php\\\/une-oeuvre-ephemere-en-attendant-de-remplacer-les-buis-de-vaux-le-vicomte\\\/102064\\\/\"]}]},{\"@type\":\"ImageObject\",\"inLanguage\":\"fr-FR\",\"@id\":\"https:\\\/\\\/batijournal.com\\\/index.php\\\/une-oeuvre-ephemere-en-attendant-de-remplacer-les-buis-de-vaux-le-vicomte\\\/102064\\\/#primaryimage\",\"url\":\"https:\\\/\\\/batijournal.com\\\/wp-content\\\/uploads\\\/2019\\\/05\\\/plaquez-tout-vaux-le-vicomte.jpg\",\"contentUrl\":\"https:\\\/\\\/batijournal.com\\\/wp-content\\\/uploads\\\/2019\\\/05\\\/plaquez-tout-vaux-le-vicomte.jpg\",\"width\":1180,\"height\":886},{\"@type\":\"BreadcrumbList\",\"@id\":\"https:\\\/\\\/batijournal.com\\\/index.php\\\/une-oeuvre-ephemere-en-attendant-de-remplacer-les-buis-de-vaux-le-vicomte\\\/102064\\\/#breadcrumb\",\"itemListElement\":[{\"@type\":\"ListItem\",\"position\":1,\"name\":\"Accueil\",\"item\":\"https:\\\/\\\/batijournal.com\\\/\"},{\"@type\":\"ListItem\",\"position\":2,\"name\":\"Actualit\u00e9s\",\"item\":\"https:\\\/\\\/batijournal.com\\\/index.php\\\/category\\\/actualites\\\/\"},{\"@type\":\"ListItem\",\"position\":3,\"name\":\"Une \u0153uvre \u00e9ph\u00e9m\u00e8re en attendant de remplacer les buis de Vaux-le-Vicomte\"}]},{\"@type\":\"WebSite\",\"@id\":\"https:\\\/\\\/batijournal.com\\\/#website\",\"url\":\"https:\\\/\\\/batijournal.com\\\/\",\"name\":\"Batijournal\",\"description\":\"L&#039;actualit\u00e9 du b\u00e2timent\",\"potentialAction\":[{\"@type\":\"SearchAction\",\"target\":{\"@type\":\"EntryPoint\",\"urlTemplate\":\"https:\\\/\\\/batijournal.com\\\/?s={search_term_string}\"},\"query-input\":{\"@type\":\"PropertyValueSpecification\",\"valueRequired\":true,\"valueName\":\"search_term_string\"}}],\"inLanguage\":\"fr-FR\"},{\"@type\":\"Person\",\"@id\":\"https:\\\/\\\/batijournal.com\\\/#\\\/schema\\\/person\\\/1dc96ec6957aa1ccb25ebe78bb19f100\",\"name\":\"St\u00e9phane Miget\",\"image\":{\"@type\":\"ImageObject\",\"inLanguage\":\"fr-FR\",\"@id\":\"https:\\\/\\\/secure.gravatar.com\\\/avatar\\\/89915563d925342126b8ef0281b93d9d7fc337043e8df017f780908eb9644451?s=96&d=mm&r=g\",\"url\":\"https:\\\/\\\/secure.gravatar.com\\\/avatar\\\/89915563d925342126b8ef0281b93d9d7fc337043e8df017f780908eb9644451?s=96&d=mm&r=g\",\"contentUrl\":\"https:\\\/\\\/secure.gravatar.com\\\/avatar\\\/89915563d925342126b8ef0281b93d9d7fc337043e8df017f780908eb9644451?s=96&d=mm&r=g\",\"caption\":\"St\u00e9phane Miget\"},\"url\":\"https:\\\/\\\/batijournal.com\\\/index.php\\\/author\\\/stephane\\\/\"}]}<\/script>\n<!-- \/ Yoast SEO plugin. -->","yoast_head_json":{"title":"Une \u0153uvre \u00e9ph\u00e9m\u00e8re en attendant de remplacer les buis de Vaux-le-Vicomte","description":"\u00c0 la suite d\u2019une attaque fulgurante et exceptionnelle de la pyrale, 70% des buis du parterre des boulingrins de Vaux-le-Vicomte, \u00e2g\u00e9s et malades, sont morts","robots":{"index":"index","follow":"follow","max-snippet":"max-snippet:-1","max-image-preview":"max-image-preview:large","max-video-preview":"max-video-preview:-1"},"canonical":"https:\/\/batijournal.com\/index.php\/une-oeuvre-ephemere-en-attendant-de-remplacer-les-buis-de-vaux-le-vicomte\/102064\/","og_locale":"fr_FR","og_type":"article","og_title":"Une \u0153uvre \u00e9ph\u00e9m\u00e8re en attendant de remplacer les buis de Vaux-le-Vicomte","og_description":"\u00c0 la suite d\u2019une attaque fulgurante et exceptionnelle de la pyrale, 70% des buis du parterre des boulingrins de Vaux-le-Vicomte, \u00e2g\u00e9s et malades, sont morts","og_url":"https:\/\/batijournal.com\/index.php\/une-oeuvre-ephemere-en-attendant-de-remplacer-les-buis-de-vaux-le-vicomte\/102064\/","og_site_name":"Batijournal","article_published_time":"2019-05-10T07:56:41+00:00","article_modified_time":"2019-07-15T09:14:33+00:00","og_image":[{"width":1180,"height":886,"url":"https:\/\/batijournal.com\/wp-content\/uploads\/2019\/05\/plaquez-tout-vaux-le-vicomte.jpg","type":"image\/jpeg"}],"author":"St\u00e9phane Miget","twitter_card":"summary_large_image","twitter_creator":"@bati_journal","twitter_site":"@bati_journal","twitter_misc":{"\u00c9crit par":"St\u00e9phane Miget","Dur\u00e9e de lecture estim\u00e9e":"2 minutes"},"schema":{"@context":"https:\/\/schema.org","@graph":[{"@type":"Article","@id":"https:\/\/batijournal.com\/index.php\/une-oeuvre-ephemere-en-attendant-de-remplacer-les-buis-de-vaux-le-vicomte\/102064\/#article","isPartOf":{"@id":"https:\/\/batijournal.com\/index.php\/une-oeuvre-ephemere-en-attendant-de-remplacer-les-buis-de-vaux-le-vicomte\/102064\/"},"author":{"name":"St\u00e9phane Miget","@id":"https:\/\/batijournal.com\/#\/schema\/person\/1dc96ec6957aa1ccb25ebe78bb19f100"},"headline":"Une \u0153uvre \u00e9ph\u00e9m\u00e8re en attendant de remplacer les buis de Vaux-le-Vicomte","datePublished":"2019-05-10T07:56:41+00:00","dateModified":"2019-07-15T09:14:33+00:00","mainEntityOfPage":{"@id":"https:\/\/batijournal.com\/index.php\/une-oeuvre-ephemere-en-attendant-de-remplacer-les-buis-de-vaux-le-vicomte\/102064\/"},"wordCount":348,"image":{"@id":"https:\/\/batijournal.com\/index.php\/une-oeuvre-ephemere-en-attendant-de-remplacer-les-buis-de-vaux-le-vicomte\/102064\/#primaryimage"},"thumbnailUrl":"https:\/\/batijournal.com\/wp-content\/uploads\/2019\/05\/plaquez-tout-vaux-le-vicomte.jpg","keywords":["jardin historique"],"articleSection":["Actualit\u00e9s","Architecture &amp; Conception","zz_Atrium Patrimoine"],"inLanguage":"fr-FR"},{"@type":"WebPage","@id":"https:\/\/batijournal.com\/index.php\/une-oeuvre-ephemere-en-attendant-de-remplacer-les-buis-de-vaux-le-vicomte\/102064\/","url":"https:\/\/batijournal.com\/index.php\/une-oeuvre-ephemere-en-attendant-de-remplacer-les-buis-de-vaux-le-vicomte\/102064\/","name":"Une \u0153uvre \u00e9ph\u00e9m\u00e8re en attendant de remplacer les buis de Vaux-le-Vicomte","isPartOf":{"@id":"https:\/\/batijournal.com\/#website"},"primaryImageOfPage":{"@id":"https:\/\/batijournal.com\/index.php\/une-oeuvre-ephemere-en-attendant-de-remplacer-les-buis-de-vaux-le-vicomte\/102064\/#primaryimage"},"image":{"@id":"https:\/\/batijournal.com\/index.php\/une-oeuvre-ephemere-en-attendant-de-remplacer-les-buis-de-vaux-le-vicomte\/102064\/#primaryimage"},"thumbnailUrl":"https:\/\/batijournal.com\/wp-content\/uploads\/2019\/05\/plaquez-tout-vaux-le-vicomte.jpg","datePublished":"2019-05-10T07:56:41+00:00","dateModified":"2019-07-15T09:14:33+00:00","author":{"@id":"https:\/\/batijournal.com\/#\/schema\/person\/1dc96ec6957aa1ccb25ebe78bb19f100"},"description":"\u00c0 la suite d\u2019une attaque fulgurante et exceptionnelle de la pyrale, 70% des buis du parterre des boulingrins de Vaux-le-Vicomte, \u00e2g\u00e9s et malades, sont morts","breadcrumb":{"@id":"https:\/\/batijournal.com\/index.php\/une-oeuvre-ephemere-en-attendant-de-remplacer-les-buis-de-vaux-le-vicomte\/102064\/#breadcrumb"},"inLanguage":"fr-FR","potentialAction":[{"@type":"ReadAction","target":["https:\/\/batijournal.com\/index.php\/une-oeuvre-ephemere-en-attendant-de-remplacer-les-buis-de-vaux-le-vicomte\/102064\/"]}]},{"@type":"ImageObject","inLanguage":"fr-FR","@id":"https:\/\/batijournal.com\/index.php\/une-oeuvre-ephemere-en-attendant-de-remplacer-les-buis-de-vaux-le-vicomte\/102064\/#primaryimage","url":"https:\/\/batijournal.com\/wp-content\/uploads\/2019\/05\/plaquez-tout-vaux-le-vicomte.jpg","contentUrl":"https:\/\/batijournal.com\/wp-content\/uploads\/2019\/05\/plaquez-tout-vaux-le-vicomte.jpg","width":1180,"height":886},{"@type":"BreadcrumbList","@id":"https:\/\/batijournal.com\/index.php\/une-oeuvre-ephemere-en-attendant-de-remplacer-les-buis-de-vaux-le-vicomte\/102064\/#breadcrumb","itemListElement":[{"@type":"ListItem","position":1,"name":"Accueil","item":"https:\/\/batijournal.com\/"},{"@type":"ListItem","position":2,"name":"Actualit\u00e9s","item":"https:\/\/batijournal.com\/index.php\/category\/actualites\/"},{"@type":"ListItem","position":3,"name":"Une \u0153uvre \u00e9ph\u00e9m\u00e8re en attendant de remplacer les buis de Vaux-le-Vicomte"}]},{"@type":"WebSite","@id":"https:\/\/batijournal.com\/#website","url":"https:\/\/batijournal.com\/","name":"Batijournal","description":"L&#039;actualit\u00e9 du b\u00e2timent","potentialAction":[{"@type":"SearchAction","target":{"@type":"EntryPoint","urlTemplate":"https:\/\/batijournal.com\/?s={search_term_string}"},"query-input":{"@type":"PropertyValueSpecification","valueRequired":true,"valueName":"search_term_string"}}],"inLanguage":"fr-FR"},{"@type":"Person","@id":"https:\/\/batijournal.com\/#\/schema\/person\/1dc96ec6957aa1ccb25ebe78bb19f100","name":"St\u00e9phane Miget","image":{"@type":"ImageObject","inLanguage":"fr-FR","@id":"https:\/\/secure.gravatar.com\/avatar\/89915563d925342126b8ef0281b93d9d7fc337043e8df017f780908eb9644451?s=96&d=mm&r=g","url":"https:\/\/secure.gravatar.com\/avatar\/89915563d925342126b8ef0281b93d9d7fc337043e8df017f780908eb9644451?s=96&d=mm&r=g","contentUrl":"https:\/\/secure.gravatar.com\/avatar\/89915563d925342126b8ef0281b93d9d7fc337043e8df017f780908eb9644451?s=96&d=mm&r=g","caption":"St\u00e9phane Miget"},"url":"https:\/\/batijournal.com\/index.php\/author\/stephane\/"}]}},"_links":{"self":[{"href":"https:\/\/batijournal.com\/index.php\/wp-json\/wp\/v2\/posts\/102064","targetHints":{"allow":["GET"]}}],"collection":[{"href":"https:\/\/batijournal.com\/index.php\/wp-json\/wp\/v2\/posts"}],"about":[{"href":"https:\/\/batijournal.com\/index.php\/wp-json\/wp\/v2\/types\/post"}],"author":[{"embeddable":true,"href":"https:\/\/batijournal.com\/index.php\/wp-json\/wp\/v2\/users\/17"}],"replies":[{"embeddable":true,"href":"https:\/\/batijournal.com\/index.php\/wp-json\/wp\/v2\/comments?post=102064"}],"version-history":[{"count":0,"href":"https:\/\/batijournal.com\/index.php\/wp-json\/wp\/v2\/posts\/102064\/revisions"}],"wp:featuredmedia":[{"embeddable":true,"href":"https:\/\/batijournal.com\/index.php\/wp-json\/wp\/v2\/media\/102066"}],"wp:attachment":[{"href":"https:\/\/batijournal.com\/index.php\/wp-json\/wp\/v2\/media?parent=102064"}],"wp:term":[{"taxonomy":"category","embeddable":true,"href":"https:\/\/batijournal.com\/index.php\/wp-json\/wp\/v2\/categories?post=102064"},{"taxonomy":"post_tag","embeddable":true,"href":"https:\/\/batijournal.com\/index.php\/wp-json\/wp\/v2\/tags?post=102064"}],"curies":[{"name":"wp","href":"https:\/\/api.w.org\/{rel}","templated":true}]}}