{"id":102069,"date":"2019-05-13T09:00:14","date_gmt":"2019-05-13T07:00:14","guid":{"rendered":"https:\/\/batijournal.com\/?p=102069"},"modified":"2019-07-15T11:33:59","modified_gmt":"2019-07-15T09:33:59","slug":"la-banque-des-territoires-reaffirme-son-soutien-aux-acteurs-du-logement-social","status":"publish","type":"post","link":"https:\/\/batijournal.com\/index.php\/la-banque-des-territoires-reaffirme-son-soutien-aux-acteurs-du-logement-social\/102069\/","title":{"rendered":"La Banque des Territoires r\u00e9affirme son soutien aux acteurs du logement social"},"content":{"rendered":"<p>A la suite du contexte difficile dans le secteur du logement social li\u00e9 \u00e0 la baisse des APL et l\u2019instauration de la RLS, la Banque des Territoires avait lanc\u00e9 un Plan Logement et soutenu les acteurs du logement social \u00e0 hauteur de 10 Md\u20ac.La Banque des Territoires renouvelle ce soutien pour la construction neuve et la r\u00e9habilitation du parc des logements sociaux avec le d\u00e9ploiement de 5 Md\u20ac de pr\u00eats et 800 M\u20ac de fonds propres. Le dispositif du Plan Logement 2 est construit \u00e0 partir de besoins exprim\u00e9s, notamment celui de disposer de quasi-fonds propres. Ce nouveau dispositif r\u00e9pond \u00e0 plusieurs enjeux : apport au secteur du logement social d\u2019une visibilit\u00e9 sur 4 \u00e0 5 ans, offre d\u2019une palette d\u2019outils pour r\u00e9pondre \u00e0 chaque besoin, soutien \u00e0 l\u2019investissement des bailleurs et garantie de la solvabilit\u00e9 du secteur.<\/p>\n<p><em>\u00ab\u00a0L\u2019id\u00e9e du Plan Logement 2 c\u2019est d\u2019offrir aux bailleurs une palette large d\u2019outils dans laquelle ils utiliseront les dispositifs les plus adapt\u00e9s \u00e0 ce dont ils ont besoin.\u00a0\u00bb<\/em><br \/>\nMarianne LAURENT, directrice des pr\u00eats de la Banque des Territoires<\/p>\n","protected":false},"excerpt":{"rendered":"<p>A la suite du contexte difficile dans le secteur du logement social li\u00e9 \u00e0 la baisse des APL et l\u2019instauration de la RLS, la Banque des Territoires avait lanc\u00e9 un Plan Logement et soutenu les acteurs du logement social \u00e0 hauteur de 10 Md\u20ac.La Banque des Territoires renouvelle ce soutien pour la construction neuve et [&hellip;]<\/p>\n","protected":false},"author":17,"featured_media":87954,"comment_status":"closed","ping_status":"closed","sticky":false,"template":"","format":"standard","meta":{"_et_pb_use_builder":"","_et_pb_old_content":"","_et_gb_content_width":"","footnotes":""},"categories":[10530,6345],"tags":[1290,6191],"class_list":["post-102069","post","type-post","status-publish","format-standard","has-post-thumbnail","hentry","category-actualites","category-economie-marches","tag-hlm","tag-logements-sociaux"],"yoast_head":"<!-- This site is optimized with the Yoast SEO plugin v27.4 - https:\/\/yoast.com\/product\/yoast-seo-wordpress\/ -->\n<title>La Banque des Territoires r\u00e9affirme son soutien aux acteurs du logement social<\/title>\n<meta name=\"description\" content=\"A la suite du contexte difficile la Banque des Territoires avait lanc\u00e9 un Plan Logement et soutenu les acteurs du logement social \u00e0 hauteur de 10 Md\u20ac\" \/>\n<meta name=\"robots\" content=\"index, follow, max-snippet:-1, max-image-preview:large, max-video-preview:-1\" \/>\n<link rel=\"canonical\" href=\"https:\/\/batijournal.com\/index.php\/la-banque-des-territoires-reaffirme-son-soutien-aux-acteurs-du-logement-social\/102069\/\" \/>\n<meta property=\"og:locale\" content=\"fr_FR\" \/>\n<meta property=\"og:type\" content=\"article\" \/>\n<meta property=\"og:title\" content=\"La Banque des Territoires r\u00e9affirme son soutien aux acteurs du logement social\" \/>\n<meta property=\"og:description\" content=\"A la suite du contexte difficile la Banque des Territoires avait lanc\u00e9 un Plan Logement et soutenu les acteurs du logement social \u00e0 hauteur de 10 Md\u20ac\" \/>\n<meta property=\"og:url\" content=\"https:\/\/batijournal.com\/index.php\/la-banque-des-territoires-reaffirme-son-soutien-aux-acteurs-du-logement-social\/102069\/\" \/>\n<meta property=\"og:site_name\" content=\"Batijournal\" \/>\n<meta property=\"article:published_time\" content=\"2019-05-13T07:00:14+00:00\" \/>\n<meta property=\"article:modified_time\" content=\"2019-07-15T09:33:59+00:00\" \/>\n<meta property=\"og:image\" content=\"https:\/\/batijournal.com\/wp-content\/uploads\/2015\/06\/mouvement-hlm.jpg\" \/>\n\t<meta property=\"og:image:width\" content=\"1000\" \/>\n\t<meta property=\"og:image:height\" content=\"593\" \/>\n\t<meta property=\"og:image:type\" content=\"image\/jpeg\" \/>\n<meta name=\"author\" content=\"St\u00e9phane Miget\" \/>\n<meta name=\"twitter:card\" content=\"summary_large_image\" \/>\n<meta name=\"twitter:creator\" content=\"@bati_journal\" \/>\n<meta name=\"twitter:site\" content=\"@bati_journal\" \/>\n<meta name=\"twitter:label1\" content=\"\u00c9crit par\" \/>\n\t<meta name=\"twitter:data1\" content=\"St\u00e9phane Miget\" \/>\n\t<meta name=\"twitter:label2\" content=\"Dur\u00e9e de lecture estim\u00e9e\" \/>\n\t<meta name=\"twitter:data2\" content=\"1 minute\" \/>\n<script type=\"application\/ld+json\" class=\"yoast-schema-graph\">{\"@context\":\"https:\\\/\\\/schema.org\",\"@graph\":[{\"@type\":\"Article\",\"@id\":\"https:\\\/\\\/batijournal.com\\\/index.php\\\/la-banque-des-territoires-reaffirme-son-soutien-aux-acteurs-du-logement-social\\\/102069\\\/#article\",\"isPartOf\":{\"@id\":\"https:\\\/\\\/batijournal.com\\\/index.php\\\/la-banque-des-territoires-reaffirme-son-soutien-aux-acteurs-du-logement-social\\\/102069\\\/\"},\"author\":{\"name\":\"St\u00e9phane Miget\",\"@id\":\"https:\\\/\\\/batijournal.com\\\/#\\\/schema\\\/person\\\/1dc96ec6957aa1ccb25ebe78bb19f100\"},\"headline\":\"La Banque des Territoires r\u00e9affirme son soutien aux acteurs du logement social\",\"datePublished\":\"2019-05-13T07:00:14+00:00\",\"dateModified\":\"2019-07-15T09:33:59+00:00\",\"mainEntityOfPage\":{\"@id\":\"https:\\\/\\\/batijournal.com\\\/index.php\\\/la-banque-des-territoires-reaffirme-son-soutien-aux-acteurs-du-logement-social\\\/102069\\\/\"},\"wordCount\":192,\"image\":{\"@id\":\"https:\\\/\\\/batijournal.com\\\/index.php\\\/la-banque-des-territoires-reaffirme-son-soutien-aux-acteurs-du-logement-social\\\/102069\\\/#primaryimage\"},\"thumbnailUrl\":\"https:\\\/\\\/batijournal.com\\\/wp-content\\\/uploads\\\/2015\\\/06\\\/mouvement-hlm.jpg\",\"keywords\":[\"HLM\",\"logements sociaux\"],\"articleSection\":[\"Actualit\u00e9s\",\"\u00c9conomie &amp; March\u00e9s\"],\"inLanguage\":\"fr-FR\"},{\"@type\":\"WebPage\",\"@id\":\"https:\\\/\\\/batijournal.com\\\/index.php\\\/la-banque-des-territoires-reaffirme-son-soutien-aux-acteurs-du-logement-social\\\/102069\\\/\",\"url\":\"https:\\\/\\\/batijournal.com\\\/index.php\\\/la-banque-des-territoires-reaffirme-son-soutien-aux-acteurs-du-logement-social\\\/102069\\\/\",\"name\":\"La Banque des Territoires r\u00e9affirme son soutien aux acteurs du logement social\",\"isPartOf\":{\"@id\":\"https:\\\/\\\/batijournal.com\\\/#website\"},\"primaryImageOfPage\":{\"@id\":\"https:\\\/\\\/batijournal.com\\\/index.php\\\/la-banque-des-territoires-reaffirme-son-soutien-aux-acteurs-du-logement-social\\\/102069\\\/#primaryimage\"},\"image\":{\"@id\":\"https:\\\/\\\/batijournal.com\\\/index.php\\\/la-banque-des-territoires-reaffirme-son-soutien-aux-acteurs-du-logement-social\\\/102069\\\/#primaryimage\"},\"thumbnailUrl\":\"https:\\\/\\\/batijournal.com\\\/wp-content\\\/uploads\\\/2015\\\/06\\\/mouvement-hlm.jpg\",\"datePublished\":\"2019-05-13T07:00:14+00:00\",\"dateModified\":\"2019-07-15T09:33:59+00:00\",\"author\":{\"@id\":\"https:\\\/\\\/batijournal.com\\\/#\\\/schema\\\/person\\\/1dc96ec6957aa1ccb25ebe78bb19f100\"},\"description\":\"A la suite du contexte difficile la Banque des Territoires avait lanc\u00e9 un Plan Logement et soutenu les acteurs du logement social \u00e0 hauteur de 10 Md\u20ac\",\"breadcrumb\":{\"@id\":\"https:\\\/\\\/batijournal.com\\\/index.php\\\/la-banque-des-territoires-reaffirme-son-soutien-aux-acteurs-du-logement-social\\\/102069\\\/#breadcrumb\"},\"inLanguage\":\"fr-FR\",\"potentialAction\":[{\"@type\":\"ReadAction\",\"target\":[\"https:\\\/\\\/batijournal.com\\\/index.php\\\/la-banque-des-territoires-reaffirme-son-soutien-aux-acteurs-du-logement-social\\\/102069\\\/\"]}]},{\"@type\":\"ImageObject\",\"inLanguage\":\"fr-FR\",\"@id\":\"https:\\\/\\\/batijournal.com\\\/index.php\\\/la-banque-des-territoires-reaffirme-son-soutien-aux-acteurs-du-logement-social\\\/102069\\\/#primaryimage\",\"url\":\"https:\\\/\\\/batijournal.com\\\/wp-content\\\/uploads\\\/2015\\\/06\\\/mouvement-hlm.jpg\",\"contentUrl\":\"https:\\\/\\\/batijournal.com\\\/wp-content\\\/uploads\\\/2015\\\/06\\\/mouvement-hlm.jpg\",\"width\":1000,\"height\":593,\"caption\":\"Offices Publics de l Habitat\"},{\"@type\":\"BreadcrumbList\",\"@id\":\"https:\\\/\\\/batijournal.com\\\/index.php\\\/la-banque-des-territoires-reaffirme-son-soutien-aux-acteurs-du-logement-social\\\/102069\\\/#breadcrumb\",\"itemListElement\":[{\"@type\":\"ListItem\",\"position\":1,\"name\":\"Accueil\",\"item\":\"https:\\\/\\\/batijournal.com\\\/\"},{\"@type\":\"ListItem\",\"position\":2,\"name\":\"Actualit\u00e9s\",\"item\":\"https:\\\/\\\/batijournal.com\\\/index.php\\\/category\\\/actualites\\\/\"},{\"@type\":\"ListItem\",\"position\":3,\"name\":\"La Banque des Territoires r\u00e9affirme son soutien aux acteurs du logement social\"}]},{\"@type\":\"WebSite\",\"@id\":\"https:\\\/\\\/batijournal.com\\\/#website\",\"url\":\"https:\\\/\\\/batijournal.com\\\/\",\"name\":\"Batijournal\",\"description\":\"L&#039;actualit\u00e9 du b\u00e2timent\",\"potentialAction\":[{\"@type\":\"SearchAction\",\"target\":{\"@type\":\"EntryPoint\",\"urlTemplate\":\"https:\\\/\\\/batijournal.com\\\/?s={search_term_string}\"},\"query-input\":{\"@type\":\"PropertyValueSpecification\",\"valueRequired\":true,\"valueName\":\"search_term_string\"}}],\"inLanguage\":\"fr-FR\"},{\"@type\":\"Person\",\"@id\":\"https:\\\/\\\/batijournal.com\\\/#\\\/schema\\\/person\\\/1dc96ec6957aa1ccb25ebe78bb19f100\",\"name\":\"St\u00e9phane Miget\",\"image\":{\"@type\":\"ImageObject\",\"inLanguage\":\"fr-FR\",\"@id\":\"https:\\\/\\\/secure.gravatar.com\\\/avatar\\\/89915563d925342126b8ef0281b93d9d7fc337043e8df017f780908eb9644451?s=96&d=mm&r=g\",\"url\":\"https:\\\/\\\/secure.gravatar.com\\\/avatar\\\/89915563d925342126b8ef0281b93d9d7fc337043e8df017f780908eb9644451?s=96&d=mm&r=g\",\"contentUrl\":\"https:\\\/\\\/secure.gravatar.com\\\/avatar\\\/89915563d925342126b8ef0281b93d9d7fc337043e8df017f780908eb9644451?s=96&d=mm&r=g\",\"caption\":\"St\u00e9phane Miget\"},\"url\":\"https:\\\/\\\/batijournal.com\\\/index.php\\\/author\\\/stephane\\\/\"}]}<\/script>\n<!-- \/ Yoast SEO plugin. -->","yoast_head_json":{"title":"La Banque des Territoires r\u00e9affirme son soutien aux acteurs du logement social","description":"A la suite du contexte difficile la Banque des Territoires avait lanc\u00e9 un Plan Logement et soutenu les acteurs du logement social \u00e0 hauteur de 10 Md\u20ac","robots":{"index":"index","follow":"follow","max-snippet":"max-snippet:-1","max-image-preview":"max-image-preview:large","max-video-preview":"max-video-preview:-1"},"canonical":"https:\/\/batijournal.com\/index.php\/la-banque-des-territoires-reaffirme-son-soutien-aux-acteurs-du-logement-social\/102069\/","og_locale":"fr_FR","og_type":"article","og_title":"La Banque des Territoires r\u00e9affirme son soutien aux acteurs du logement social","og_description":"A la suite du contexte difficile la Banque des Territoires avait lanc\u00e9 un Plan Logement et soutenu les acteurs du logement social \u00e0 hauteur de 10 Md\u20ac","og_url":"https:\/\/batijournal.com\/index.php\/la-banque-des-territoires-reaffirme-son-soutien-aux-acteurs-du-logement-social\/102069\/","og_site_name":"Batijournal","article_published_time":"2019-05-13T07:00:14+00:00","article_modified_time":"2019-07-15T09:33:59+00:00","og_image":[{"width":1000,"height":593,"url":"https:\/\/batijournal.com\/wp-content\/uploads\/2015\/06\/mouvement-hlm.jpg","type":"image\/jpeg"}],"author":"St\u00e9phane Miget","twitter_card":"summary_large_image","twitter_creator":"@bati_journal","twitter_site":"@bati_journal","twitter_misc":{"\u00c9crit par":"St\u00e9phane Miget","Dur\u00e9e de lecture estim\u00e9e":"1 minute"},"schema":{"@context":"https:\/\/schema.org","@graph":[{"@type":"Article","@id":"https:\/\/batijournal.com\/index.php\/la-banque-des-territoires-reaffirme-son-soutien-aux-acteurs-du-logement-social\/102069\/#article","isPartOf":{"@id":"https:\/\/batijournal.com\/index.php\/la-banque-des-territoires-reaffirme-son-soutien-aux-acteurs-du-logement-social\/102069\/"},"author":{"name":"St\u00e9phane Miget","@id":"https:\/\/batijournal.com\/#\/schema\/person\/1dc96ec6957aa1ccb25ebe78bb19f100"},"headline":"La Banque des Territoires r\u00e9affirme son soutien aux acteurs du logement social","datePublished":"2019-05-13T07:00:14+00:00","dateModified":"2019-07-15T09:33:59+00:00","mainEntityOfPage":{"@id":"https:\/\/batijournal.com\/index.php\/la-banque-des-territoires-reaffirme-son-soutien-aux-acteurs-du-logement-social\/102069\/"},"wordCount":192,"image":{"@id":"https:\/\/batijournal.com\/index.php\/la-banque-des-territoires-reaffirme-son-soutien-aux-acteurs-du-logement-social\/102069\/#primaryimage"},"thumbnailUrl":"https:\/\/batijournal.com\/wp-content\/uploads\/2015\/06\/mouvement-hlm.jpg","keywords":["HLM","logements sociaux"],"articleSection":["Actualit\u00e9s","\u00c9conomie &amp; March\u00e9s"],"inLanguage":"fr-FR"},{"@type":"WebPage","@id":"https:\/\/batijournal.com\/index.php\/la-banque-des-territoires-reaffirme-son-soutien-aux-acteurs-du-logement-social\/102069\/","url":"https:\/\/batijournal.com\/index.php\/la-banque-des-territoires-reaffirme-son-soutien-aux-acteurs-du-logement-social\/102069\/","name":"La Banque des Territoires r\u00e9affirme son soutien aux acteurs du logement social","isPartOf":{"@id":"https:\/\/batijournal.com\/#website"},"primaryImageOfPage":{"@id":"https:\/\/batijournal.com\/index.php\/la-banque-des-territoires-reaffirme-son-soutien-aux-acteurs-du-logement-social\/102069\/#primaryimage"},"image":{"@id":"https:\/\/batijournal.com\/index.php\/la-banque-des-territoires-reaffirme-son-soutien-aux-acteurs-du-logement-social\/102069\/#primaryimage"},"thumbnailUrl":"https:\/\/batijournal.com\/wp-content\/uploads\/2015\/06\/mouvement-hlm.jpg","datePublished":"2019-05-13T07:00:14+00:00","dateModified":"2019-07-15T09:33:59+00:00","author":{"@id":"https:\/\/batijournal.com\/#\/schema\/person\/1dc96ec6957aa1ccb25ebe78bb19f100"},"description":"A la suite du contexte difficile la Banque des Territoires avait lanc\u00e9 un Plan Logement et soutenu les acteurs du logement social \u00e0 hauteur de 10 Md\u20ac","breadcrumb":{"@id":"https:\/\/batijournal.com\/index.php\/la-banque-des-territoires-reaffirme-son-soutien-aux-acteurs-du-logement-social\/102069\/#breadcrumb"},"inLanguage":"fr-FR","potentialAction":[{"@type":"ReadAction","target":["https:\/\/batijournal.com\/index.php\/la-banque-des-territoires-reaffirme-son-soutien-aux-acteurs-du-logement-social\/102069\/"]}]},{"@type":"ImageObject","inLanguage":"fr-FR","@id":"https:\/\/batijournal.com\/index.php\/la-banque-des-territoires-reaffirme-son-soutien-aux-acteurs-du-logement-social\/102069\/#primaryimage","url":"https:\/\/batijournal.com\/wp-content\/uploads\/2015\/06\/mouvement-hlm.jpg","contentUrl":"https:\/\/batijournal.com\/wp-content\/uploads\/2015\/06\/mouvement-hlm.jpg","width":1000,"height":593,"caption":"Offices Publics de l Habitat"},{"@type":"BreadcrumbList","@id":"https:\/\/batijournal.com\/index.php\/la-banque-des-territoires-reaffirme-son-soutien-aux-acteurs-du-logement-social\/102069\/#breadcrumb","itemListElement":[{"@type":"ListItem","position":1,"name":"Accueil","item":"https:\/\/batijournal.com\/"},{"@type":"ListItem","position":2,"name":"Actualit\u00e9s","item":"https:\/\/batijournal.com\/index.php\/category\/actualites\/"},{"@type":"ListItem","position":3,"name":"La Banque des Territoires r\u00e9affirme son soutien aux acteurs du logement social"}]},{"@type":"WebSite","@id":"https:\/\/batijournal.com\/#website","url":"https:\/\/batijournal.com\/","name":"Batijournal","description":"L&#039;actualit\u00e9 du b\u00e2timent","potentialAction":[{"@type":"SearchAction","target":{"@type":"EntryPoint","urlTemplate":"https:\/\/batijournal.com\/?s={search_term_string}"},"query-input":{"@type":"PropertyValueSpecification","valueRequired":true,"valueName":"search_term_string"}}],"inLanguage":"fr-FR"},{"@type":"Person","@id":"https:\/\/batijournal.com\/#\/schema\/person\/1dc96ec6957aa1ccb25ebe78bb19f100","name":"St\u00e9phane Miget","image":{"@type":"ImageObject","inLanguage":"fr-FR","@id":"https:\/\/secure.gravatar.com\/avatar\/89915563d925342126b8ef0281b93d9d7fc337043e8df017f780908eb9644451?s=96&d=mm&r=g","url":"https:\/\/secure.gravatar.com\/avatar\/89915563d925342126b8ef0281b93d9d7fc337043e8df017f780908eb9644451?s=96&d=mm&r=g","contentUrl":"https:\/\/secure.gravatar.com\/avatar\/89915563d925342126b8ef0281b93d9d7fc337043e8df017f780908eb9644451?s=96&d=mm&r=g","caption":"St\u00e9phane Miget"},"url":"https:\/\/batijournal.com\/index.php\/author\/stephane\/"}]}},"_links":{"self":[{"href":"https:\/\/batijournal.com\/index.php\/wp-json\/wp\/v2\/posts\/102069","targetHints":{"allow":["GET"]}}],"collection":[{"href":"https:\/\/batijournal.com\/index.php\/wp-json\/wp\/v2\/posts"}],"about":[{"href":"https:\/\/batijournal.com\/index.php\/wp-json\/wp\/v2\/types\/post"}],"author":[{"embeddable":true,"href":"https:\/\/batijournal.com\/index.php\/wp-json\/wp\/v2\/users\/17"}],"replies":[{"embeddable":true,"href":"https:\/\/batijournal.com\/index.php\/wp-json\/wp\/v2\/comments?post=102069"}],"version-history":[{"count":0,"href":"https:\/\/batijournal.com\/index.php\/wp-json\/wp\/v2\/posts\/102069\/revisions"}],"wp:featuredmedia":[{"embeddable":true,"href":"https:\/\/batijournal.com\/index.php\/wp-json\/wp\/v2\/media\/87954"}],"wp:attachment":[{"href":"https:\/\/batijournal.com\/index.php\/wp-json\/wp\/v2\/media?parent=102069"}],"wp:term":[{"taxonomy":"category","embeddable":true,"href":"https:\/\/batijournal.com\/index.php\/wp-json\/wp\/v2\/categories?post=102069"},{"taxonomy":"post_tag","embeddable":true,"href":"https:\/\/batijournal.com\/index.php\/wp-json\/wp\/v2\/tags?post=102069"}],"curies":[{"name":"wp","href":"https:\/\/api.w.org\/{rel}","templated":true}]}}