{"id":102073,"date":"2019-05-14T07:30:11","date_gmt":"2019-05-14T05:30:11","guid":{"rendered":"https:\/\/batijournal.com\/?p=102073"},"modified":"2019-07-15T12:10:37","modified_gmt":"2019-07-15T10:10:37","slug":"journee-expertise-construction","status":"publish","type":"post","link":"https:\/\/batijournal.com\/index.php\/journee-expertise-construction\/102073\/","title":{"rendered":"Journ\u00e9e Expertise &#038; Construction"},"content":{"rendered":"<p>Cette ann\u00e9e, pour la 5e \u00e9dition de la Journ\u00e9e Expertise &amp; Construction, qui se d\u00e9roulera le 4 juillet, le Cerib explorera les th\u00e8mes de la transition environnementale et, en particulier, de la r\u00e9duction des impacts sur les ressources et les gaz \u00e0 effet de serre. Ils constitueront le fil rouge de la journ\u00e9e, tant ils repr\u00e9sentent un levier puissant d\u2019innovation pour le monde de la construction. Plac\u00e9 sous le signe de l\u2019agilit\u00e9 constructive pour concevoir et mettre en \u0153uvre d\u2019une mani\u00e8re collaborative des solutions intelligentes, compatibles et durables, l\u2019\u00e9v\u00e9nement t\u00e9moignera de l\u2019investissement de longue date du Cerib, aux c\u00f4t\u00e9s de l\u2019Industrie du B\u00e9ton, en faveur de la r\u00e9duction des impacts environnementaux, des solutions faiblement \u00e9mettrices de GES et de la ville de demain.<\/p>\n<p><a href=\"http:\/\/www.expertiseconstruction.com\" target=\"_blank\" rel=\"noopener noreferrer\">www.expertiseconstruction.com<\/a><\/p>\n<p>&nbsp;<\/p>\n","protected":false},"excerpt":{"rendered":"<p>Cette ann\u00e9e, pour la 5e \u00e9dition de la Journ\u00e9e Expertise &amp; Construction, qui se d\u00e9roulera le 4 juillet, le Cerib explorera les th\u00e8mes de la transition environnementale et, en particulier, de la r\u00e9duction des impacts sur les ressources et les gaz \u00e0 effet de serre. Ils constitueront le fil rouge de la journ\u00e9e, tant ils [&hellip;]<\/p>\n","protected":false},"author":17,"featured_media":102075,"comment_status":"closed","ping_status":"closed","sticky":false,"template":"","format":"standard","meta":{"_et_pb_use_builder":"","_et_pb_old_content":"","_et_gb_content_width":"","footnotes":""},"categories":[10530,6340,10778],"tags":[1128],"class_list":["post-102073","post","type-post","status-publish","format-standard","has-post-thumbnail","hentry","category-actualites","category-architecture-conception","category-planete","tag-beton"],"yoast_head":"<!-- This site is optimized with the Yoast SEO plugin v27.4 - https:\/\/yoast.com\/product\/yoast-seo-wordpress\/ -->\n<title>Journ\u00e9e Expertise &amp; Construction<\/title>\n<meta name=\"description\" content=\"Cette ann\u00e9e, pour la 5e \u00e9dition de la Journ\u00e9e Expertise &amp; Construction, qui se d\u00e9roulera le 4 juillet, le Cerib explorera la transition environnementale\" \/>\n<meta name=\"robots\" content=\"index, follow, max-snippet:-1, max-image-preview:large, max-video-preview:-1\" \/>\n<link rel=\"canonical\" href=\"https:\/\/batijournal.com\/index.php\/journee-expertise-construction\/102073\/\" \/>\n<meta property=\"og:locale\" content=\"fr_FR\" \/>\n<meta property=\"og:type\" content=\"article\" \/>\n<meta property=\"og:title\" content=\"Journ\u00e9e Expertise &amp; Construction\" \/>\n<meta property=\"og:description\" content=\"Cette ann\u00e9e, pour la 5e \u00e9dition de la Journ\u00e9e Expertise &amp; Construction, qui se d\u00e9roulera le 4 juillet, le Cerib explorera la transition environnementale\" \/>\n<meta property=\"og:url\" content=\"https:\/\/batijournal.com\/index.php\/journee-expertise-construction\/102073\/\" \/>\n<meta property=\"og:site_name\" content=\"Batijournal\" \/>\n<meta property=\"article:published_time\" content=\"2019-05-14T05:30:11+00:00\" \/>\n<meta property=\"article:modified_time\" content=\"2019-07-15T10:10:37+00:00\" \/>\n<meta property=\"og:image\" content=\"https:\/\/batijournal.com\/wp-content\/uploads\/2019\/05\/CERIB-Logo-JEC.jpg\" \/>\n\t<meta property=\"og:image:width\" content=\"4449\" \/>\n\t<meta property=\"og:image:height\" content=\"2623\" \/>\n\t<meta property=\"og:image:type\" content=\"image\/jpeg\" \/>\n<meta name=\"author\" content=\"St\u00e9phane Miget\" \/>\n<meta name=\"twitter:card\" content=\"summary_large_image\" \/>\n<meta name=\"twitter:creator\" content=\"@bati_journal\" \/>\n<meta name=\"twitter:site\" content=\"@bati_journal\" \/>\n<meta name=\"twitter:label1\" content=\"\u00c9crit par\" \/>\n\t<meta name=\"twitter:data1\" content=\"St\u00e9phane Miget\" \/>\n\t<meta name=\"twitter:label2\" content=\"Dur\u00e9e de lecture estim\u00e9e\" \/>\n\t<meta name=\"twitter:data2\" content=\"1 minute\" \/>\n<script type=\"application\/ld+json\" class=\"yoast-schema-graph\">{\"@context\":\"https:\\\/\\\/schema.org\",\"@graph\":[{\"@type\":\"Article\",\"@id\":\"https:\\\/\\\/batijournal.com\\\/index.php\\\/journee-expertise-construction\\\/102073\\\/#article\",\"isPartOf\":{\"@id\":\"https:\\\/\\\/batijournal.com\\\/index.php\\\/journee-expertise-construction\\\/102073\\\/\"},\"author\":{\"name\":\"St\u00e9phane Miget\",\"@id\":\"https:\\\/\\\/batijournal.com\\\/#\\\/schema\\\/person\\\/1dc96ec6957aa1ccb25ebe78bb19f100\"},\"headline\":\"Journ\u00e9e Expertise &#038; Construction\",\"datePublished\":\"2019-05-14T05:30:11+00:00\",\"dateModified\":\"2019-07-15T10:10:37+00:00\",\"mainEntityOfPage\":{\"@id\":\"https:\\\/\\\/batijournal.com\\\/index.php\\\/journee-expertise-construction\\\/102073\\\/\"},\"wordCount\":149,\"image\":{\"@id\":\"https:\\\/\\\/batijournal.com\\\/index.php\\\/journee-expertise-construction\\\/102073\\\/#primaryimage\"},\"thumbnailUrl\":\"https:\\\/\\\/batijournal.com\\\/wp-content\\\/uploads\\\/2019\\\/05\\\/CERIB-Logo-JEC.jpg\",\"keywords\":[\"b\u00e9ton\"],\"articleSection\":[\"Actualit\u00e9s\",\"Architecture &amp; Conception\",\"zz_Plan\u00e8te B\u00e2timent\"],\"inLanguage\":\"fr-FR\"},{\"@type\":\"WebPage\",\"@id\":\"https:\\\/\\\/batijournal.com\\\/index.php\\\/journee-expertise-construction\\\/102073\\\/\",\"url\":\"https:\\\/\\\/batijournal.com\\\/index.php\\\/journee-expertise-construction\\\/102073\\\/\",\"name\":\"Journ\u00e9e Expertise & Construction\",\"isPartOf\":{\"@id\":\"https:\\\/\\\/batijournal.com\\\/#website\"},\"primaryImageOfPage\":{\"@id\":\"https:\\\/\\\/batijournal.com\\\/index.php\\\/journee-expertise-construction\\\/102073\\\/#primaryimage\"},\"image\":{\"@id\":\"https:\\\/\\\/batijournal.com\\\/index.php\\\/journee-expertise-construction\\\/102073\\\/#primaryimage\"},\"thumbnailUrl\":\"https:\\\/\\\/batijournal.com\\\/wp-content\\\/uploads\\\/2019\\\/05\\\/CERIB-Logo-JEC.jpg\",\"datePublished\":\"2019-05-14T05:30:11+00:00\",\"dateModified\":\"2019-07-15T10:10:37+00:00\",\"author\":{\"@id\":\"https:\\\/\\\/batijournal.com\\\/#\\\/schema\\\/person\\\/1dc96ec6957aa1ccb25ebe78bb19f100\"},\"description\":\"Cette ann\u00e9e, pour la 5e \u00e9dition de la Journ\u00e9e Expertise & Construction, qui se d\u00e9roulera le 4 juillet, le Cerib explorera la transition environnementale\",\"breadcrumb\":{\"@id\":\"https:\\\/\\\/batijournal.com\\\/index.php\\\/journee-expertise-construction\\\/102073\\\/#breadcrumb\"},\"inLanguage\":\"fr-FR\",\"potentialAction\":[{\"@type\":\"ReadAction\",\"target\":[\"https:\\\/\\\/batijournal.com\\\/index.php\\\/journee-expertise-construction\\\/102073\\\/\"]}]},{\"@type\":\"ImageObject\",\"inLanguage\":\"fr-FR\",\"@id\":\"https:\\\/\\\/batijournal.com\\\/index.php\\\/journee-expertise-construction\\\/102073\\\/#primaryimage\",\"url\":\"https:\\\/\\\/batijournal.com\\\/wp-content\\\/uploads\\\/2019\\\/05\\\/CERIB-Logo-JEC.jpg\",\"contentUrl\":\"https:\\\/\\\/batijournal.com\\\/wp-content\\\/uploads\\\/2019\\\/05\\\/CERIB-Logo-JEC.jpg\",\"width\":4449,\"height\":2623},{\"@type\":\"BreadcrumbList\",\"@id\":\"https:\\\/\\\/batijournal.com\\\/index.php\\\/journee-expertise-construction\\\/102073\\\/#breadcrumb\",\"itemListElement\":[{\"@type\":\"ListItem\",\"position\":1,\"name\":\"Accueil\",\"item\":\"https:\\\/\\\/batijournal.com\\\/\"},{\"@type\":\"ListItem\",\"position\":2,\"name\":\"Actualit\u00e9s\",\"item\":\"https:\\\/\\\/batijournal.com\\\/index.php\\\/category\\\/actualites\\\/\"},{\"@type\":\"ListItem\",\"position\":3,\"name\":\"Journ\u00e9e Expertise &#038; Construction\"}]},{\"@type\":\"WebSite\",\"@id\":\"https:\\\/\\\/batijournal.com\\\/#website\",\"url\":\"https:\\\/\\\/batijournal.com\\\/\",\"name\":\"Batijournal\",\"description\":\"L&#039;actualit\u00e9 du b\u00e2timent\",\"potentialAction\":[{\"@type\":\"SearchAction\",\"target\":{\"@type\":\"EntryPoint\",\"urlTemplate\":\"https:\\\/\\\/batijournal.com\\\/?s={search_term_string}\"},\"query-input\":{\"@type\":\"PropertyValueSpecification\",\"valueRequired\":true,\"valueName\":\"search_term_string\"}}],\"inLanguage\":\"fr-FR\"},{\"@type\":\"Person\",\"@id\":\"https:\\\/\\\/batijournal.com\\\/#\\\/schema\\\/person\\\/1dc96ec6957aa1ccb25ebe78bb19f100\",\"name\":\"St\u00e9phane Miget\",\"image\":{\"@type\":\"ImageObject\",\"inLanguage\":\"fr-FR\",\"@id\":\"https:\\\/\\\/secure.gravatar.com\\\/avatar\\\/89915563d925342126b8ef0281b93d9d7fc337043e8df017f780908eb9644451?s=96&d=mm&r=g\",\"url\":\"https:\\\/\\\/secure.gravatar.com\\\/avatar\\\/89915563d925342126b8ef0281b93d9d7fc337043e8df017f780908eb9644451?s=96&d=mm&r=g\",\"contentUrl\":\"https:\\\/\\\/secure.gravatar.com\\\/avatar\\\/89915563d925342126b8ef0281b93d9d7fc337043e8df017f780908eb9644451?s=96&d=mm&r=g\",\"caption\":\"St\u00e9phane Miget\"},\"url\":\"https:\\\/\\\/batijournal.com\\\/index.php\\\/author\\\/stephane\\\/\"}]}<\/script>\n<!-- \/ Yoast SEO plugin. -->","yoast_head_json":{"title":"Journ\u00e9e Expertise & Construction","description":"Cette ann\u00e9e, pour la 5e \u00e9dition de la Journ\u00e9e Expertise & Construction, qui se d\u00e9roulera le 4 juillet, le Cerib explorera la transition environnementale","robots":{"index":"index","follow":"follow","max-snippet":"max-snippet:-1","max-image-preview":"max-image-preview:large","max-video-preview":"max-video-preview:-1"},"canonical":"https:\/\/batijournal.com\/index.php\/journee-expertise-construction\/102073\/","og_locale":"fr_FR","og_type":"article","og_title":"Journ\u00e9e Expertise & Construction","og_description":"Cette ann\u00e9e, pour la 5e \u00e9dition de la Journ\u00e9e Expertise & Construction, qui se d\u00e9roulera le 4 juillet, le Cerib explorera la transition environnementale","og_url":"https:\/\/batijournal.com\/index.php\/journee-expertise-construction\/102073\/","og_site_name":"Batijournal","article_published_time":"2019-05-14T05:30:11+00:00","article_modified_time":"2019-07-15T10:10:37+00:00","og_image":[{"width":4449,"height":2623,"url":"https:\/\/batijournal.com\/wp-content\/uploads\/2019\/05\/CERIB-Logo-JEC.jpg","type":"image\/jpeg"}],"author":"St\u00e9phane Miget","twitter_card":"summary_large_image","twitter_creator":"@bati_journal","twitter_site":"@bati_journal","twitter_misc":{"\u00c9crit par":"St\u00e9phane Miget","Dur\u00e9e de lecture estim\u00e9e":"1 minute"},"schema":{"@context":"https:\/\/schema.org","@graph":[{"@type":"Article","@id":"https:\/\/batijournal.com\/index.php\/journee-expertise-construction\/102073\/#article","isPartOf":{"@id":"https:\/\/batijournal.com\/index.php\/journee-expertise-construction\/102073\/"},"author":{"name":"St\u00e9phane Miget","@id":"https:\/\/batijournal.com\/#\/schema\/person\/1dc96ec6957aa1ccb25ebe78bb19f100"},"headline":"Journ\u00e9e Expertise &#038; Construction","datePublished":"2019-05-14T05:30:11+00:00","dateModified":"2019-07-15T10:10:37+00:00","mainEntityOfPage":{"@id":"https:\/\/batijournal.com\/index.php\/journee-expertise-construction\/102073\/"},"wordCount":149,"image":{"@id":"https:\/\/batijournal.com\/index.php\/journee-expertise-construction\/102073\/#primaryimage"},"thumbnailUrl":"https:\/\/batijournal.com\/wp-content\/uploads\/2019\/05\/CERIB-Logo-JEC.jpg","keywords":["b\u00e9ton"],"articleSection":["Actualit\u00e9s","Architecture &amp; Conception","zz_Plan\u00e8te B\u00e2timent"],"inLanguage":"fr-FR"},{"@type":"WebPage","@id":"https:\/\/batijournal.com\/index.php\/journee-expertise-construction\/102073\/","url":"https:\/\/batijournal.com\/index.php\/journee-expertise-construction\/102073\/","name":"Journ\u00e9e Expertise & Construction","isPartOf":{"@id":"https:\/\/batijournal.com\/#website"},"primaryImageOfPage":{"@id":"https:\/\/batijournal.com\/index.php\/journee-expertise-construction\/102073\/#primaryimage"},"image":{"@id":"https:\/\/batijournal.com\/index.php\/journee-expertise-construction\/102073\/#primaryimage"},"thumbnailUrl":"https:\/\/batijournal.com\/wp-content\/uploads\/2019\/05\/CERIB-Logo-JEC.jpg","datePublished":"2019-05-14T05:30:11+00:00","dateModified":"2019-07-15T10:10:37+00:00","author":{"@id":"https:\/\/batijournal.com\/#\/schema\/person\/1dc96ec6957aa1ccb25ebe78bb19f100"},"description":"Cette ann\u00e9e, pour la 5e \u00e9dition de la Journ\u00e9e Expertise & Construction, qui se d\u00e9roulera le 4 juillet, le Cerib explorera la transition environnementale","breadcrumb":{"@id":"https:\/\/batijournal.com\/index.php\/journee-expertise-construction\/102073\/#breadcrumb"},"inLanguage":"fr-FR","potentialAction":[{"@type":"ReadAction","target":["https:\/\/batijournal.com\/index.php\/journee-expertise-construction\/102073\/"]}]},{"@type":"ImageObject","inLanguage":"fr-FR","@id":"https:\/\/batijournal.com\/index.php\/journee-expertise-construction\/102073\/#primaryimage","url":"https:\/\/batijournal.com\/wp-content\/uploads\/2019\/05\/CERIB-Logo-JEC.jpg","contentUrl":"https:\/\/batijournal.com\/wp-content\/uploads\/2019\/05\/CERIB-Logo-JEC.jpg","width":4449,"height":2623},{"@type":"BreadcrumbList","@id":"https:\/\/batijournal.com\/index.php\/journee-expertise-construction\/102073\/#breadcrumb","itemListElement":[{"@type":"ListItem","position":1,"name":"Accueil","item":"https:\/\/batijournal.com\/"},{"@type":"ListItem","position":2,"name":"Actualit\u00e9s","item":"https:\/\/batijournal.com\/index.php\/category\/actualites\/"},{"@type":"ListItem","position":3,"name":"Journ\u00e9e Expertise &#038; Construction"}]},{"@type":"WebSite","@id":"https:\/\/batijournal.com\/#website","url":"https:\/\/batijournal.com\/","name":"Batijournal","description":"L&#039;actualit\u00e9 du b\u00e2timent","potentialAction":[{"@type":"SearchAction","target":{"@type":"EntryPoint","urlTemplate":"https:\/\/batijournal.com\/?s={search_term_string}"},"query-input":{"@type":"PropertyValueSpecification","valueRequired":true,"valueName":"search_term_string"}}],"inLanguage":"fr-FR"},{"@type":"Person","@id":"https:\/\/batijournal.com\/#\/schema\/person\/1dc96ec6957aa1ccb25ebe78bb19f100","name":"St\u00e9phane Miget","image":{"@type":"ImageObject","inLanguage":"fr-FR","@id":"https:\/\/secure.gravatar.com\/avatar\/89915563d925342126b8ef0281b93d9d7fc337043e8df017f780908eb9644451?s=96&d=mm&r=g","url":"https:\/\/secure.gravatar.com\/avatar\/89915563d925342126b8ef0281b93d9d7fc337043e8df017f780908eb9644451?s=96&d=mm&r=g","contentUrl":"https:\/\/secure.gravatar.com\/avatar\/89915563d925342126b8ef0281b93d9d7fc337043e8df017f780908eb9644451?s=96&d=mm&r=g","caption":"St\u00e9phane Miget"},"url":"https:\/\/batijournal.com\/index.php\/author\/stephane\/"}]}},"_links":{"self":[{"href":"https:\/\/batijournal.com\/index.php\/wp-json\/wp\/v2\/posts\/102073","targetHints":{"allow":["GET"]}}],"collection":[{"href":"https:\/\/batijournal.com\/index.php\/wp-json\/wp\/v2\/posts"}],"about":[{"href":"https:\/\/batijournal.com\/index.php\/wp-json\/wp\/v2\/types\/post"}],"author":[{"embeddable":true,"href":"https:\/\/batijournal.com\/index.php\/wp-json\/wp\/v2\/users\/17"}],"replies":[{"embeddable":true,"href":"https:\/\/batijournal.com\/index.php\/wp-json\/wp\/v2\/comments?post=102073"}],"version-history":[{"count":0,"href":"https:\/\/batijournal.com\/index.php\/wp-json\/wp\/v2\/posts\/102073\/revisions"}],"wp:featuredmedia":[{"embeddable":true,"href":"https:\/\/batijournal.com\/index.php\/wp-json\/wp\/v2\/media\/102075"}],"wp:attachment":[{"href":"https:\/\/batijournal.com\/index.php\/wp-json\/wp\/v2\/media?parent=102073"}],"wp:term":[{"taxonomy":"category","embeddable":true,"href":"https:\/\/batijournal.com\/index.php\/wp-json\/wp\/v2\/categories?post=102073"},{"taxonomy":"post_tag","embeddable":true,"href":"https:\/\/batijournal.com\/index.php\/wp-json\/wp\/v2\/tags?post=102073"}],"curies":[{"name":"wp","href":"https:\/\/api.w.org\/{rel}","templated":true}]}}