{"id":102076,"date":"2019-05-14T07:33:06","date_gmt":"2019-05-14T05:33:06","guid":{"rendered":"https:\/\/batijournal.com\/?p=102076"},"modified":"2019-07-15T11:26:43","modified_gmt":"2019-07-15T09:26:43","slug":"un-quartier-bas-carbone-et-resilient-a-bobigny","status":"publish","type":"post","link":"https:\/\/batijournal.com\/index.php\/un-quartier-bas-carbone-et-resilient-a-bobigny\/102076\/","title":{"rendered":"Un quartier Bas Carbone et r\u00e9silient \u00e0 Bobigny"},"content":{"rendered":"<p>NODI s\u2019est port\u00e9 candidat \u00e0 l\u2019appel \u00e0 projets \u00ab Reinventing Cities \u00bb, concours international innovant port\u00e9 par l\u2019organisation du C40 Cities Climate Leadership Group (C40) visant \u00e0 transformer des sites urbains en hauts lieux du d\u00e9veloppement durable dans 19 m\u00e9tropoles \u00e0 travers le monde. Situ\u00e9 le long du canal de l\u2019Ourcq \u00e0 Bobigny (93), le site dit \u00ab MBK \u00bb constitue la premi\u00e8re pierre de la future centralit\u00e9 m\u00e9tropolitaine de \u00ab La Folie \u00bb. L\u2019inscription du projet dans l\u2019environnement urbain et paysager de ce canal a guid\u00e9 la r\u00e9flexion men\u00e9e par l\u2019Equipe-Projet. En r\u00e9duisant de 22 % les \u00e9missions carbone sur l\u2019ensemble de son cycle de vie, cette op\u00e9ration \u00ab\u00a0MKNO\u00a0\u00bb r\u00e9pond \u00e0 l\u2019ambition environnementale forte de Reinventing Cities. Pour cela, elle s\u2019appuie \u00e0 la fois sur un recours massif aux mat\u00e9riaux biosourc\u00e9s et de r\u00e9emploi (25 000 m3 de bois, 7 600 m2 de mat\u00e9riaux r\u00e9employ\u00e9s), sur plus de 50% d\u2019\u00e9nergie renouvelable et de r\u00e9cup\u00e9ration et sur une offre de mobilit\u00e9 douce compl\u00e8te (plus de 1000 places de stationnement v\u00e9los). Pour viser la neutralit\u00e9 carbone, les b\u00e2timents int\u00e8grent une conception r\u00e9versible augmentant leur dur\u00e9e de vie. Pour viser la neutralit\u00e9 carbone, les b\u00e2timents int\u00e8grent une conception r\u00e9versible augmentant leur dur\u00e9e de vie. En recr\u00e9ant 5 000 m2 de surfaces v\u00e9g\u00e9talis\u00e9es dont 3 000 m2 de plein terre, MKNO renforce non seulement sa r\u00e9silience face au changement climatique, mais il offre \u00e0 ses habitants et usagers un vrai confort au quotidien gr\u00e2ce \u00e0 une gestion des eaux pluviales naturelle et un v\u00e9ritable \u00eelot de fraicheur en ville.<\/p>\n<p>Avec MKNO, l\u2019Equipe-Projet pluridisciplinaire et internationale emmen\u00e9e par NODI et son partenaire PROMOVAL constitu\u00e9e des agences COLDEFY &amp; ASSOCIES ARCHITECTES URBANISTES, TRIPTYQUES ARCHITECTES \u2013 URBANISTES IUP, PILA, du bureau d\u2019\u00e9tude environnemental ZEFCO ainsi que de MOZ PAYSAGE \u2013 se saisit d\u2019une double opportunit\u00e9 : redonner vie aux berges du canal de l\u2019Ourcq et \u00e0 un site en friche marqu\u00e9 par la d\u00e9sindustrialisation. Plus qu\u2019un simple ensemble immobilier, MKNO offrira d\u00e8s le printemps 2024 une vraie vie de quartier combinant qualit\u00e9 de vie, \u00e9conomie locale et territoriale, attentes li\u00e9es \u00e0 l\u2019environnement et \u00e0 la transition \u00e9nerg\u00e9tique, cr\u00e9ant ainsi localement plus de 700 emplois.<\/p>\n","protected":false},"excerpt":{"rendered":"<p>NODI s\u2019est port\u00e9 candidat \u00e0 l\u2019appel \u00e0 projets \u00ab Reinventing Cities \u00bb, concours international innovant port\u00e9 par l\u2019organisation du C40 Cities Climate Leadership Group (C40) visant \u00e0 transformer des sites urbains en hauts lieux du d\u00e9veloppement durable dans 19 m\u00e9tropoles \u00e0 travers le monde. Situ\u00e9 le long du canal de l\u2019Ourcq \u00e0 Bobigny (93), le [&hellip;]<\/p>\n","protected":false},"author":17,"featured_media":102077,"comment_status":"closed","ping_status":"closed","sticky":false,"template":"","format":"standard","meta":{"_et_pb_use_builder":"","_et_pb_old_content":"","_et_gb_content_width":"","footnotes":""},"categories":[10530,6340,10771,10775,10778],"tags":[475],"class_list":["post-102076","post","type-post","status-publish","format-standard","has-post-thumbnail","hentry","category-actualites","category-architecture-conception","category-5facades","category-actualites-5facades","category-planete","tag-developpement-durable"],"yoast_head":"<!-- This site is optimized with the Yoast SEO plugin v27.4 - https:\/\/yoast.com\/product\/yoast-seo-wordpress\/ -->\n<title>Un quartier Bas Carbone et r\u00e9silient \u00e0 Bobigny<\/title>\n<meta name=\"description\" content=\"Situ\u00e9 le long du canal de l\u2019Ourcq \u00e0 Bobigny (93), le site dit \u00ab MBK \u00bb constitue la premi\u00e8re pierre de la future centralit\u00e9 m\u00e9tropolitaine de \u00ab La Folie \u00bb\" \/>\n<meta name=\"robots\" content=\"index, follow, max-snippet:-1, max-image-preview:large, max-video-preview:-1\" \/>\n<link rel=\"canonical\" href=\"https:\/\/batijournal.com\/index.php\/un-quartier-bas-carbone-et-resilient-a-bobigny\/102076\/\" \/>\n<meta property=\"og:locale\" content=\"fr_FR\" \/>\n<meta property=\"og:type\" content=\"article\" \/>\n<meta property=\"og:title\" content=\"Un quartier Bas Carbone et r\u00e9silient \u00e0 Bobigny\" \/>\n<meta property=\"og:description\" content=\"Situ\u00e9 le long du canal de l\u2019Ourcq \u00e0 Bobigny (93), le site dit \u00ab MBK \u00bb constitue la premi\u00e8re pierre de la future centralit\u00e9 m\u00e9tropolitaine de \u00ab La Folie \u00bb\" \/>\n<meta property=\"og:url\" content=\"https:\/\/batijournal.com\/index.php\/un-quartier-bas-carbone-et-resilient-a-bobigny\/102076\/\" \/>\n<meta property=\"og:site_name\" content=\"Batijournal\" \/>\n<meta property=\"article:published_time\" content=\"2019-05-14T05:33:06+00:00\" \/>\n<meta property=\"article:modified_time\" content=\"2019-07-15T09:26:43+00:00\" \/>\n<meta property=\"og:image\" content=\"https:\/\/batijournal.com\/wp-content\/uploads\/2019\/05\/nodi-vue-quai.jpg\" \/>\n\t<meta property=\"og:image:width\" content=\"1280\" \/>\n\t<meta property=\"og:image:height\" content=\"905\" \/>\n\t<meta property=\"og:image:type\" content=\"image\/jpeg\" \/>\n<meta name=\"author\" content=\"St\u00e9phane Miget\" \/>\n<meta name=\"twitter:card\" content=\"summary_large_image\" \/>\n<meta name=\"twitter:creator\" content=\"@bati_journal\" \/>\n<meta name=\"twitter:site\" content=\"@bati_journal\" \/>\n<meta name=\"twitter:label1\" content=\"\u00c9crit par\" \/>\n\t<meta name=\"twitter:data1\" content=\"St\u00e9phane Miget\" \/>\n\t<meta name=\"twitter:label2\" content=\"Dur\u00e9e de lecture estim\u00e9e\" \/>\n\t<meta name=\"twitter:data2\" content=\"2 minutes\" \/>\n<script type=\"application\/ld+json\" class=\"yoast-schema-graph\">{\"@context\":\"https:\\\/\\\/schema.org\",\"@graph\":[{\"@type\":\"Article\",\"@id\":\"https:\\\/\\\/batijournal.com\\\/index.php\\\/un-quartier-bas-carbone-et-resilient-a-bobigny\\\/102076\\\/#article\",\"isPartOf\":{\"@id\":\"https:\\\/\\\/batijournal.com\\\/index.php\\\/un-quartier-bas-carbone-et-resilient-a-bobigny\\\/102076\\\/\"},\"author\":{\"name\":\"St\u00e9phane Miget\",\"@id\":\"https:\\\/\\\/batijournal.com\\\/#\\\/schema\\\/person\\\/1dc96ec6957aa1ccb25ebe78bb19f100\"},\"headline\":\"Un quartier Bas Carbone et r\u00e9silient \u00e0 Bobigny\",\"datePublished\":\"2019-05-14T05:33:06+00:00\",\"dateModified\":\"2019-07-15T09:26:43+00:00\",\"mainEntityOfPage\":{\"@id\":\"https:\\\/\\\/batijournal.com\\\/index.php\\\/un-quartier-bas-carbone-et-resilient-a-bobigny\\\/102076\\\/\"},\"wordCount\":387,\"image\":{\"@id\":\"https:\\\/\\\/batijournal.com\\\/index.php\\\/un-quartier-bas-carbone-et-resilient-a-bobigny\\\/102076\\\/#primaryimage\"},\"thumbnailUrl\":\"https:\\\/\\\/batijournal.com\\\/wp-content\\\/uploads\\\/2019\\\/05\\\/nodi-vue-quai.jpg\",\"keywords\":[\"d\u00e9veloppement durable\"],\"articleSection\":[\"Actualit\u00e9s\",\"Architecture &amp; Conception\",\"zz_5fa\u00e7ades\",\"zz_Actualit\u00e9s - 5fa\u00e7ades\",\"zz_Plan\u00e8te B\u00e2timent\"],\"inLanguage\":\"fr-FR\"},{\"@type\":\"WebPage\",\"@id\":\"https:\\\/\\\/batijournal.com\\\/index.php\\\/un-quartier-bas-carbone-et-resilient-a-bobigny\\\/102076\\\/\",\"url\":\"https:\\\/\\\/batijournal.com\\\/index.php\\\/un-quartier-bas-carbone-et-resilient-a-bobigny\\\/102076\\\/\",\"name\":\"Un quartier Bas Carbone et r\u00e9silient \u00e0 Bobigny\",\"isPartOf\":{\"@id\":\"https:\\\/\\\/batijournal.com\\\/#website\"},\"primaryImageOfPage\":{\"@id\":\"https:\\\/\\\/batijournal.com\\\/index.php\\\/un-quartier-bas-carbone-et-resilient-a-bobigny\\\/102076\\\/#primaryimage\"},\"image\":{\"@id\":\"https:\\\/\\\/batijournal.com\\\/index.php\\\/un-quartier-bas-carbone-et-resilient-a-bobigny\\\/102076\\\/#primaryimage\"},\"thumbnailUrl\":\"https:\\\/\\\/batijournal.com\\\/wp-content\\\/uploads\\\/2019\\\/05\\\/nodi-vue-quai.jpg\",\"datePublished\":\"2019-05-14T05:33:06+00:00\",\"dateModified\":\"2019-07-15T09:26:43+00:00\",\"author\":{\"@id\":\"https:\\\/\\\/batijournal.com\\\/#\\\/schema\\\/person\\\/1dc96ec6957aa1ccb25ebe78bb19f100\"},\"description\":\"Situ\u00e9 le long du canal de l\u2019Ourcq \u00e0 Bobigny (93), le site dit \u00ab MBK \u00bb constitue la premi\u00e8re pierre de la future centralit\u00e9 m\u00e9tropolitaine de \u00ab La Folie \u00bb\",\"breadcrumb\":{\"@id\":\"https:\\\/\\\/batijournal.com\\\/index.php\\\/un-quartier-bas-carbone-et-resilient-a-bobigny\\\/102076\\\/#breadcrumb\"},\"inLanguage\":\"fr-FR\",\"potentialAction\":[{\"@type\":\"ReadAction\",\"target\":[\"https:\\\/\\\/batijournal.com\\\/index.php\\\/un-quartier-bas-carbone-et-resilient-a-bobigny\\\/102076\\\/\"]}]},{\"@type\":\"ImageObject\",\"inLanguage\":\"fr-FR\",\"@id\":\"https:\\\/\\\/batijournal.com\\\/index.php\\\/un-quartier-bas-carbone-et-resilient-a-bobigny\\\/102076\\\/#primaryimage\",\"url\":\"https:\\\/\\\/batijournal.com\\\/wp-content\\\/uploads\\\/2019\\\/05\\\/nodi-vue-quai.jpg\",\"contentUrl\":\"https:\\\/\\\/batijournal.com\\\/wp-content\\\/uploads\\\/2019\\\/05\\\/nodi-vue-quai.jpg\",\"width\":1280,\"height\":905},{\"@type\":\"BreadcrumbList\",\"@id\":\"https:\\\/\\\/batijournal.com\\\/index.php\\\/un-quartier-bas-carbone-et-resilient-a-bobigny\\\/102076\\\/#breadcrumb\",\"itemListElement\":[{\"@type\":\"ListItem\",\"position\":1,\"name\":\"Accueil\",\"item\":\"https:\\\/\\\/batijournal.com\\\/\"},{\"@type\":\"ListItem\",\"position\":2,\"name\":\"Actualit\u00e9s\",\"item\":\"https:\\\/\\\/batijournal.com\\\/index.php\\\/category\\\/actualites\\\/\"},{\"@type\":\"ListItem\",\"position\":3,\"name\":\"Un quartier Bas Carbone et r\u00e9silient \u00e0 Bobigny\"}]},{\"@type\":\"WebSite\",\"@id\":\"https:\\\/\\\/batijournal.com\\\/#website\",\"url\":\"https:\\\/\\\/batijournal.com\\\/\",\"name\":\"Batijournal\",\"description\":\"L&#039;actualit\u00e9 du b\u00e2timent\",\"potentialAction\":[{\"@type\":\"SearchAction\",\"target\":{\"@type\":\"EntryPoint\",\"urlTemplate\":\"https:\\\/\\\/batijournal.com\\\/?s={search_term_string}\"},\"query-input\":{\"@type\":\"PropertyValueSpecification\",\"valueRequired\":true,\"valueName\":\"search_term_string\"}}],\"inLanguage\":\"fr-FR\"},{\"@type\":\"Person\",\"@id\":\"https:\\\/\\\/batijournal.com\\\/#\\\/schema\\\/person\\\/1dc96ec6957aa1ccb25ebe78bb19f100\",\"name\":\"St\u00e9phane Miget\",\"image\":{\"@type\":\"ImageObject\",\"inLanguage\":\"fr-FR\",\"@id\":\"https:\\\/\\\/secure.gravatar.com\\\/avatar\\\/89915563d925342126b8ef0281b93d9d7fc337043e8df017f780908eb9644451?s=96&d=mm&r=g\",\"url\":\"https:\\\/\\\/secure.gravatar.com\\\/avatar\\\/89915563d925342126b8ef0281b93d9d7fc337043e8df017f780908eb9644451?s=96&d=mm&r=g\",\"contentUrl\":\"https:\\\/\\\/secure.gravatar.com\\\/avatar\\\/89915563d925342126b8ef0281b93d9d7fc337043e8df017f780908eb9644451?s=96&d=mm&r=g\",\"caption\":\"St\u00e9phane Miget\"},\"url\":\"https:\\\/\\\/batijournal.com\\\/index.php\\\/author\\\/stephane\\\/\"}]}<\/script>\n<!-- \/ Yoast SEO plugin. -->","yoast_head_json":{"title":"Un quartier Bas Carbone et r\u00e9silient \u00e0 Bobigny","description":"Situ\u00e9 le long du canal de l\u2019Ourcq \u00e0 Bobigny (93), le site dit \u00ab MBK \u00bb constitue la premi\u00e8re pierre de la future centralit\u00e9 m\u00e9tropolitaine de \u00ab La Folie \u00bb","robots":{"index":"index","follow":"follow","max-snippet":"max-snippet:-1","max-image-preview":"max-image-preview:large","max-video-preview":"max-video-preview:-1"},"canonical":"https:\/\/batijournal.com\/index.php\/un-quartier-bas-carbone-et-resilient-a-bobigny\/102076\/","og_locale":"fr_FR","og_type":"article","og_title":"Un quartier Bas Carbone et r\u00e9silient \u00e0 Bobigny","og_description":"Situ\u00e9 le long du canal de l\u2019Ourcq \u00e0 Bobigny (93), le site dit \u00ab MBK \u00bb constitue la premi\u00e8re pierre de la future centralit\u00e9 m\u00e9tropolitaine de \u00ab La Folie \u00bb","og_url":"https:\/\/batijournal.com\/index.php\/un-quartier-bas-carbone-et-resilient-a-bobigny\/102076\/","og_site_name":"Batijournal","article_published_time":"2019-05-14T05:33:06+00:00","article_modified_time":"2019-07-15T09:26:43+00:00","og_image":[{"width":1280,"height":905,"url":"https:\/\/batijournal.com\/wp-content\/uploads\/2019\/05\/nodi-vue-quai.jpg","type":"image\/jpeg"}],"author":"St\u00e9phane Miget","twitter_card":"summary_large_image","twitter_creator":"@bati_journal","twitter_site":"@bati_journal","twitter_misc":{"\u00c9crit par":"St\u00e9phane Miget","Dur\u00e9e de lecture estim\u00e9e":"2 minutes"},"schema":{"@context":"https:\/\/schema.org","@graph":[{"@type":"Article","@id":"https:\/\/batijournal.com\/index.php\/un-quartier-bas-carbone-et-resilient-a-bobigny\/102076\/#article","isPartOf":{"@id":"https:\/\/batijournal.com\/index.php\/un-quartier-bas-carbone-et-resilient-a-bobigny\/102076\/"},"author":{"name":"St\u00e9phane Miget","@id":"https:\/\/batijournal.com\/#\/schema\/person\/1dc96ec6957aa1ccb25ebe78bb19f100"},"headline":"Un quartier Bas Carbone et r\u00e9silient \u00e0 Bobigny","datePublished":"2019-05-14T05:33:06+00:00","dateModified":"2019-07-15T09:26:43+00:00","mainEntityOfPage":{"@id":"https:\/\/batijournal.com\/index.php\/un-quartier-bas-carbone-et-resilient-a-bobigny\/102076\/"},"wordCount":387,"image":{"@id":"https:\/\/batijournal.com\/index.php\/un-quartier-bas-carbone-et-resilient-a-bobigny\/102076\/#primaryimage"},"thumbnailUrl":"https:\/\/batijournal.com\/wp-content\/uploads\/2019\/05\/nodi-vue-quai.jpg","keywords":["d\u00e9veloppement durable"],"articleSection":["Actualit\u00e9s","Architecture &amp; Conception","zz_5fa\u00e7ades","zz_Actualit\u00e9s - 5fa\u00e7ades","zz_Plan\u00e8te B\u00e2timent"],"inLanguage":"fr-FR"},{"@type":"WebPage","@id":"https:\/\/batijournal.com\/index.php\/un-quartier-bas-carbone-et-resilient-a-bobigny\/102076\/","url":"https:\/\/batijournal.com\/index.php\/un-quartier-bas-carbone-et-resilient-a-bobigny\/102076\/","name":"Un quartier Bas Carbone et r\u00e9silient \u00e0 Bobigny","isPartOf":{"@id":"https:\/\/batijournal.com\/#website"},"primaryImageOfPage":{"@id":"https:\/\/batijournal.com\/index.php\/un-quartier-bas-carbone-et-resilient-a-bobigny\/102076\/#primaryimage"},"image":{"@id":"https:\/\/batijournal.com\/index.php\/un-quartier-bas-carbone-et-resilient-a-bobigny\/102076\/#primaryimage"},"thumbnailUrl":"https:\/\/batijournal.com\/wp-content\/uploads\/2019\/05\/nodi-vue-quai.jpg","datePublished":"2019-05-14T05:33:06+00:00","dateModified":"2019-07-15T09:26:43+00:00","author":{"@id":"https:\/\/batijournal.com\/#\/schema\/person\/1dc96ec6957aa1ccb25ebe78bb19f100"},"description":"Situ\u00e9 le long du canal de l\u2019Ourcq \u00e0 Bobigny (93), le site dit \u00ab MBK \u00bb constitue la premi\u00e8re pierre de la future centralit\u00e9 m\u00e9tropolitaine de \u00ab La Folie \u00bb","breadcrumb":{"@id":"https:\/\/batijournal.com\/index.php\/un-quartier-bas-carbone-et-resilient-a-bobigny\/102076\/#breadcrumb"},"inLanguage":"fr-FR","potentialAction":[{"@type":"ReadAction","target":["https:\/\/batijournal.com\/index.php\/un-quartier-bas-carbone-et-resilient-a-bobigny\/102076\/"]}]},{"@type":"ImageObject","inLanguage":"fr-FR","@id":"https:\/\/batijournal.com\/index.php\/un-quartier-bas-carbone-et-resilient-a-bobigny\/102076\/#primaryimage","url":"https:\/\/batijournal.com\/wp-content\/uploads\/2019\/05\/nodi-vue-quai.jpg","contentUrl":"https:\/\/batijournal.com\/wp-content\/uploads\/2019\/05\/nodi-vue-quai.jpg","width":1280,"height":905},{"@type":"BreadcrumbList","@id":"https:\/\/batijournal.com\/index.php\/un-quartier-bas-carbone-et-resilient-a-bobigny\/102076\/#breadcrumb","itemListElement":[{"@type":"ListItem","position":1,"name":"Accueil","item":"https:\/\/batijournal.com\/"},{"@type":"ListItem","position":2,"name":"Actualit\u00e9s","item":"https:\/\/batijournal.com\/index.php\/category\/actualites\/"},{"@type":"ListItem","position":3,"name":"Un quartier Bas Carbone et r\u00e9silient \u00e0 Bobigny"}]},{"@type":"WebSite","@id":"https:\/\/batijournal.com\/#website","url":"https:\/\/batijournal.com\/","name":"Batijournal","description":"L&#039;actualit\u00e9 du b\u00e2timent","potentialAction":[{"@type":"SearchAction","target":{"@type":"EntryPoint","urlTemplate":"https:\/\/batijournal.com\/?s={search_term_string}"},"query-input":{"@type":"PropertyValueSpecification","valueRequired":true,"valueName":"search_term_string"}}],"inLanguage":"fr-FR"},{"@type":"Person","@id":"https:\/\/batijournal.com\/#\/schema\/person\/1dc96ec6957aa1ccb25ebe78bb19f100","name":"St\u00e9phane Miget","image":{"@type":"ImageObject","inLanguage":"fr-FR","@id":"https:\/\/secure.gravatar.com\/avatar\/89915563d925342126b8ef0281b93d9d7fc337043e8df017f780908eb9644451?s=96&d=mm&r=g","url":"https:\/\/secure.gravatar.com\/avatar\/89915563d925342126b8ef0281b93d9d7fc337043e8df017f780908eb9644451?s=96&d=mm&r=g","contentUrl":"https:\/\/secure.gravatar.com\/avatar\/89915563d925342126b8ef0281b93d9d7fc337043e8df017f780908eb9644451?s=96&d=mm&r=g","caption":"St\u00e9phane Miget"},"url":"https:\/\/batijournal.com\/index.php\/author\/stephane\/"}]}},"_links":{"self":[{"href":"https:\/\/batijournal.com\/index.php\/wp-json\/wp\/v2\/posts\/102076","targetHints":{"allow":["GET"]}}],"collection":[{"href":"https:\/\/batijournal.com\/index.php\/wp-json\/wp\/v2\/posts"}],"about":[{"href":"https:\/\/batijournal.com\/index.php\/wp-json\/wp\/v2\/types\/post"}],"author":[{"embeddable":true,"href":"https:\/\/batijournal.com\/index.php\/wp-json\/wp\/v2\/users\/17"}],"replies":[{"embeddable":true,"href":"https:\/\/batijournal.com\/index.php\/wp-json\/wp\/v2\/comments?post=102076"}],"version-history":[{"count":0,"href":"https:\/\/batijournal.com\/index.php\/wp-json\/wp\/v2\/posts\/102076\/revisions"}],"wp:featuredmedia":[{"embeddable":true,"href":"https:\/\/batijournal.com\/index.php\/wp-json\/wp\/v2\/media\/102077"}],"wp:attachment":[{"href":"https:\/\/batijournal.com\/index.php\/wp-json\/wp\/v2\/media?parent=102076"}],"wp:term":[{"taxonomy":"category","embeddable":true,"href":"https:\/\/batijournal.com\/index.php\/wp-json\/wp\/v2\/categories?post=102076"},{"taxonomy":"post_tag","embeddable":true,"href":"https:\/\/batijournal.com\/index.php\/wp-json\/wp\/v2\/tags?post=102076"}],"curies":[{"name":"wp","href":"https:\/\/api.w.org\/{rel}","templated":true}]}}