{"id":102085,"date":"2019-05-14T10:27:12","date_gmt":"2019-05-14T08:27:12","guid":{"rendered":"https:\/\/batijournal.com\/?p=102085"},"modified":"2019-07-15T11:14:32","modified_gmt":"2019-07-15T09:14:32","slug":"exposition-versailles-architectures-revees-jusquau-4-aout-2019","status":"publish","type":"post","link":"https:\/\/batijournal.com\/index.php\/exposition-versailles-architectures-revees-jusquau-4-aout-2019\/102085\/","title":{"rendered":"Exposition : \u00ab\u00a0Versailles. Architectures r\u00eav\u00e9es\u00a0\u00bb jusqu&rsquo;au 4 ao\u00fbt 2019"},"content":{"rendered":"<p><strong>\u00c0 l&rsquo;occasion de la premi\u00e8re biennale d&rsquo;architecture et de paysage organis\u00e9e de la r\u00e9gion d&rsquo;\u00cele-de-France, d\u00e9couvrez l&rsquo;exposition \u00ab\u00a0Versailles. Architectures r\u00eav\u00e9es 1660-1815.\u00a0\u00bb<\/strong><\/p>\n<p>Du 4 mai au 4 ao\u00fbt 2019, les visiteurs pourront d\u00e9couvrir dans la Galerie de pierre haute, un rassemblement de projets d&rsquo;architecture in\u00e9dits et \u00e9labor\u00e9s entre le XVII<sup>\u00e8me<\/sup> et XIX<sup>\u00e8me<\/sup> si\u00e8cles pour le Ch\u00e2teau de Versailles et ses Jardins.<\/p>\n<p><iframe loading=\"lazy\" src=\"https:\/\/www.youtube.com\/embed\/fvGQjzDLgt4\" width=\"560\" height=\"315\" frameborder=\"0\" allowfullscreen=\"allowfullscreen\"><\/iframe><\/p>\n<p>L&rsquo;exposition a pu b\u00e9n\u00e9ficier de pr\u00eats fran\u00e7ais et \u00e9trangers ce qui permettra aux visiteurs de d\u00e9couvrir une centaine de plans, dessins, projets g\u00e9n\u00e9raux, \u00e9l\u00e9vations d&rsquo;architecture, des reconstructions&#8230;<br \/>\nL&rsquo;exposition propose \u00e9galement la num\u00e9risation des plans du Ch\u00e2teau r\u00e9alis\u00e9e dans le cadre du projet Verspera, pilot\u00e9 par le Centre de recherche du ch\u00e2teau de Versailles, en collaboration avec la Biblioth\u00e8que Nationale de France, les Archives Nationales et le laboratoire ETIS, sous l\u2019\u00e9gide de la Fondation des Sciences du Patrimoine.<\/p>\n<p><em><u>En savoir plus :<\/u><\/em><\/p>\n<p>&#8211; <a href=\"http:\/\/bap-idf.com\/\" target=\"_blank\" rel=\"noopener noreferrer\">La premi\u00e8re biennale d&rsquo;architecture et de paysage de la r\u00e9gion Ile-de-France<\/a><\/p>\n<p>&#8211; <a href=\"http:\/\/www.chateauversailles.fr\/sites\/default\/files\/file\/av-archi-020519-planchebd.pdf\" target=\"_blank\" rel=\"noopener noreferrer\">Brochure de l&rsquo;exposition \u00ab\u00a0Versailles. Architectures r\u00eav\u00e9es 1660-1815\u00a0\u00bb<\/a><\/p>\n","protected":false},"excerpt":{"rendered":"<p>\u00c0 l&rsquo;occasion de la premi\u00e8re biennale d&rsquo;architecture et de paysage organis\u00e9e de la r\u00e9gion d&rsquo;\u00cele-de-France, d\u00e9couvrez l&rsquo;exposition \u00ab\u00a0Versailles. Architectures r\u00eav\u00e9es 1660-1815.\u00a0\u00bb Du 4 mai au 4 ao\u00fbt 2019, les visiteurs pourront d\u00e9couvrir dans la Galerie de pierre haute, un rassemblement de projets d&rsquo;architecture in\u00e9dits et \u00e9labor\u00e9s entre le XVII\u00e8me et XIX\u00e8me si\u00e8cles pour le Ch\u00e2teau [&hellip;]<\/p>\n","protected":false},"author":1,"featured_media":102086,"comment_status":"closed","ping_status":"closed","sticky":false,"template":"","format":"standard","meta":{"_et_pb_use_builder":"","_et_pb_old_content":"","_et_gb_content_width":"","footnotes":""},"categories":[10530,6340,10789,10785],"tags":[3499],"class_list":["post-102085","post","type-post","status-publish","format-standard","has-post-thumbnail","hentry","category-actualites","category-architecture-conception","category-publications-atrium","category-atrium","tag-versailles"],"yoast_head":"<!-- This site is optimized with the Yoast SEO plugin v27.4 - https:\/\/yoast.com\/product\/yoast-seo-wordpress\/ -->\n<title>Exposition : &quot;Versailles. Architectures r\u00eav\u00e9es&quot; jusqu&#039;au 4 ao\u00fbt 2019<\/title>\n<meta name=\"description\" content=\"&quot;Versailles. Architectures r\u00eav\u00e9es 1660-1815.&quot; jusqu&#039;au au 4 ao\u00fbt 2019, les visiteurs pourront un rassemblement de projets d&#039;architecture.\" \/>\n<meta name=\"robots\" content=\"index, follow, max-snippet:-1, max-image-preview:large, max-video-preview:-1\" \/>\n<link rel=\"canonical\" href=\"https:\/\/batijournal.com\/index.php\/exposition-versailles-architectures-revees-jusquau-4-aout-2019\/102085\/\" \/>\n<meta property=\"og:locale\" content=\"fr_FR\" \/>\n<meta property=\"og:type\" content=\"article\" \/>\n<meta property=\"og:title\" content=\"Exposition : &quot;Versailles. Architectures r\u00eav\u00e9es&quot; jusqu&#039;au 4 ao\u00fbt 2019\" \/>\n<meta property=\"og:description\" content=\"&quot;Versailles. Architectures r\u00eav\u00e9es 1660-1815.&quot; jusqu&#039;au au 4 ao\u00fbt 2019, les visiteurs pourront un rassemblement de projets d&#039;architecture.\" \/>\n<meta property=\"og:url\" content=\"https:\/\/batijournal.com\/index.php\/exposition-versailles-architectures-revees-jusquau-4-aout-2019\/102085\/\" \/>\n<meta property=\"og:site_name\" content=\"Batijournal\" \/>\n<meta property=\"article:published_time\" content=\"2019-05-14T08:27:12+00:00\" \/>\n<meta property=\"article:modified_time\" content=\"2019-07-15T09:14:32+00:00\" \/>\n<meta property=\"og:image\" content=\"https:\/\/batijournal.com\/wp-content\/uploads\/2019\/05\/Versailles-Architectures-revees-1660-1815.png\" \/>\n\t<meta property=\"og:image:width\" content=\"782\" \/>\n\t<meta property=\"og:image:height\" content=\"443\" \/>\n\t<meta property=\"og:image:type\" content=\"image\/png\" \/>\n<meta name=\"author\" content=\"Bati-journal\" \/>\n<meta name=\"twitter:card\" content=\"summary_large_image\" \/>\n<meta name=\"twitter:creator\" content=\"@bati_journal\" \/>\n<meta name=\"twitter:site\" content=\"@bati_journal\" \/>\n<meta name=\"twitter:label1\" content=\"\u00c9crit par\" \/>\n\t<meta name=\"twitter:data1\" content=\"Bati-journal\" \/>\n\t<meta name=\"twitter:label2\" content=\"Dur\u00e9e de lecture estim\u00e9e\" \/>\n\t<meta name=\"twitter:data2\" content=\"1 minute\" \/>\n<script type=\"application\/ld+json\" class=\"yoast-schema-graph\">{\"@context\":\"https:\\\/\\\/schema.org\",\"@graph\":[{\"@type\":\"Article\",\"@id\":\"https:\\\/\\\/batijournal.com\\\/index.php\\\/exposition-versailles-architectures-revees-jusquau-4-aout-2019\\\/102085\\\/#article\",\"isPartOf\":{\"@id\":\"https:\\\/\\\/batijournal.com\\\/index.php\\\/exposition-versailles-architectures-revees-jusquau-4-aout-2019\\\/102085\\\/\"},\"author\":{\"name\":\"Bati-journal\",\"@id\":\"https:\\\/\\\/batijournal.com\\\/#\\\/schema\\\/person\\\/6a657e8967569e1b299972574848aa76\"},\"headline\":\"Exposition : \u00ab\u00a0Versailles. Architectures r\u00eav\u00e9es\u00a0\u00bb jusqu&rsquo;au 4 ao\u00fbt 2019\",\"datePublished\":\"2019-05-14T08:27:12+00:00\",\"dateModified\":\"2019-07-15T09:14:32+00:00\",\"mainEntityOfPage\":{\"@id\":\"https:\\\/\\\/batijournal.com\\\/index.php\\\/exposition-versailles-architectures-revees-jusquau-4-aout-2019\\\/102085\\\/\"},\"wordCount\":209,\"image\":{\"@id\":\"https:\\\/\\\/batijournal.com\\\/index.php\\\/exposition-versailles-architectures-revees-jusquau-4-aout-2019\\\/102085\\\/#primaryimage\"},\"thumbnailUrl\":\"https:\\\/\\\/batijournal.com\\\/wp-content\\\/uploads\\\/2019\\\/05\\\/Versailles-Architectures-revees-1660-1815.png\",\"keywords\":[\"Versailles\"],\"articleSection\":[\"Actualit\u00e9s\",\"Architecture &amp; Conception\",\"zz_Actualit\u00e9s - Atrium\",\"zz_Atrium Patrimoine\"],\"inLanguage\":\"fr-FR\"},{\"@type\":\"WebPage\",\"@id\":\"https:\\\/\\\/batijournal.com\\\/index.php\\\/exposition-versailles-architectures-revees-jusquau-4-aout-2019\\\/102085\\\/\",\"url\":\"https:\\\/\\\/batijournal.com\\\/index.php\\\/exposition-versailles-architectures-revees-jusquau-4-aout-2019\\\/102085\\\/\",\"name\":\"Exposition : \\\"Versailles. Architectures r\u00eav\u00e9es\\\" jusqu'au 4 ao\u00fbt 2019\",\"isPartOf\":{\"@id\":\"https:\\\/\\\/batijournal.com\\\/#website\"},\"primaryImageOfPage\":{\"@id\":\"https:\\\/\\\/batijournal.com\\\/index.php\\\/exposition-versailles-architectures-revees-jusquau-4-aout-2019\\\/102085\\\/#primaryimage\"},\"image\":{\"@id\":\"https:\\\/\\\/batijournal.com\\\/index.php\\\/exposition-versailles-architectures-revees-jusquau-4-aout-2019\\\/102085\\\/#primaryimage\"},\"thumbnailUrl\":\"https:\\\/\\\/batijournal.com\\\/wp-content\\\/uploads\\\/2019\\\/05\\\/Versailles-Architectures-revees-1660-1815.png\",\"datePublished\":\"2019-05-14T08:27:12+00:00\",\"dateModified\":\"2019-07-15T09:14:32+00:00\",\"author\":{\"@id\":\"https:\\\/\\\/batijournal.com\\\/#\\\/schema\\\/person\\\/6a657e8967569e1b299972574848aa76\"},\"description\":\"\\\"Versailles. Architectures r\u00eav\u00e9es 1660-1815.\\\" jusqu'au au 4 ao\u00fbt 2019, les visiteurs pourront un rassemblement de projets d'architecture.\",\"breadcrumb\":{\"@id\":\"https:\\\/\\\/batijournal.com\\\/index.php\\\/exposition-versailles-architectures-revees-jusquau-4-aout-2019\\\/102085\\\/#breadcrumb\"},\"inLanguage\":\"fr-FR\",\"potentialAction\":[{\"@type\":\"ReadAction\",\"target\":[\"https:\\\/\\\/batijournal.com\\\/index.php\\\/exposition-versailles-architectures-revees-jusquau-4-aout-2019\\\/102085\\\/\"]}]},{\"@type\":\"ImageObject\",\"inLanguage\":\"fr-FR\",\"@id\":\"https:\\\/\\\/batijournal.com\\\/index.php\\\/exposition-versailles-architectures-revees-jusquau-4-aout-2019\\\/102085\\\/#primaryimage\",\"url\":\"https:\\\/\\\/batijournal.com\\\/wp-content\\\/uploads\\\/2019\\\/05\\\/Versailles-Architectures-revees-1660-1815.png\",\"contentUrl\":\"https:\\\/\\\/batijournal.com\\\/wp-content\\\/uploads\\\/2019\\\/05\\\/Versailles-Architectures-revees-1660-1815.png\",\"width\":782,\"height\":443},{\"@type\":\"BreadcrumbList\",\"@id\":\"https:\\\/\\\/batijournal.com\\\/index.php\\\/exposition-versailles-architectures-revees-jusquau-4-aout-2019\\\/102085\\\/#breadcrumb\",\"itemListElement\":[{\"@type\":\"ListItem\",\"position\":1,\"name\":\"Accueil\",\"item\":\"https:\\\/\\\/batijournal.com\\\/\"},{\"@type\":\"ListItem\",\"position\":2,\"name\":\"Actualit\u00e9s\",\"item\":\"https:\\\/\\\/batijournal.com\\\/index.php\\\/category\\\/actualites\\\/\"},{\"@type\":\"ListItem\",\"position\":3,\"name\":\"Exposition : \u00ab\u00a0Versailles. Architectures r\u00eav\u00e9es\u00a0\u00bb jusqu&rsquo;au 4 ao\u00fbt 2019\"}]},{\"@type\":\"WebSite\",\"@id\":\"https:\\\/\\\/batijournal.com\\\/#website\",\"url\":\"https:\\\/\\\/batijournal.com\\\/\",\"name\":\"Batijournal\",\"description\":\"L&#039;actualit\u00e9 du b\u00e2timent\",\"potentialAction\":[{\"@type\":\"SearchAction\",\"target\":{\"@type\":\"EntryPoint\",\"urlTemplate\":\"https:\\\/\\\/batijournal.com\\\/?s={search_term_string}\"},\"query-input\":{\"@type\":\"PropertyValueSpecification\",\"valueRequired\":true,\"valueName\":\"search_term_string\"}}],\"inLanguage\":\"fr-FR\"},{\"@type\":\"Person\",\"@id\":\"https:\\\/\\\/batijournal.com\\\/#\\\/schema\\\/person\\\/6a657e8967569e1b299972574848aa76\",\"name\":\"Bati-journal\",\"image\":{\"@type\":\"ImageObject\",\"inLanguage\":\"fr-FR\",\"@id\":\"https:\\\/\\\/secure.gravatar.com\\\/avatar\\\/a64364ea26392f9b4dd47e017ddaec74ff03aefc073b49e492e847201258f777?s=96&d=mm&r=g\",\"url\":\"https:\\\/\\\/secure.gravatar.com\\\/avatar\\\/a64364ea26392f9b4dd47e017ddaec74ff03aefc073b49e492e847201258f777?s=96&d=mm&r=g\",\"contentUrl\":\"https:\\\/\\\/secure.gravatar.com\\\/avatar\\\/a64364ea26392f9b4dd47e017ddaec74ff03aefc073b49e492e847201258f777?s=96&d=mm&r=g\",\"caption\":\"Bati-journal\"},\"url\":\"https:\\\/\\\/batijournal.com\\\/index.php\\\/author\\\/elodie\\\/\"}]}<\/script>\n<!-- \/ Yoast SEO plugin. -->","yoast_head_json":{"title":"Exposition : \"Versailles. Architectures r\u00eav\u00e9es\" jusqu'au 4 ao\u00fbt 2019","description":"\"Versailles. Architectures r\u00eav\u00e9es 1660-1815.\" jusqu'au au 4 ao\u00fbt 2019, les visiteurs pourront un rassemblement de projets d'architecture.","robots":{"index":"index","follow":"follow","max-snippet":"max-snippet:-1","max-image-preview":"max-image-preview:large","max-video-preview":"max-video-preview:-1"},"canonical":"https:\/\/batijournal.com\/index.php\/exposition-versailles-architectures-revees-jusquau-4-aout-2019\/102085\/","og_locale":"fr_FR","og_type":"article","og_title":"Exposition : \"Versailles. Architectures r\u00eav\u00e9es\" jusqu'au 4 ao\u00fbt 2019","og_description":"\"Versailles. Architectures r\u00eav\u00e9es 1660-1815.\" jusqu'au au 4 ao\u00fbt 2019, les visiteurs pourront un rassemblement de projets d'architecture.","og_url":"https:\/\/batijournal.com\/index.php\/exposition-versailles-architectures-revees-jusquau-4-aout-2019\/102085\/","og_site_name":"Batijournal","article_published_time":"2019-05-14T08:27:12+00:00","article_modified_time":"2019-07-15T09:14:32+00:00","og_image":[{"width":782,"height":443,"url":"https:\/\/batijournal.com\/wp-content\/uploads\/2019\/05\/Versailles-Architectures-revees-1660-1815.png","type":"image\/png"}],"author":"Bati-journal","twitter_card":"summary_large_image","twitter_creator":"@bati_journal","twitter_site":"@bati_journal","twitter_misc":{"\u00c9crit par":"Bati-journal","Dur\u00e9e de lecture estim\u00e9e":"1 minute"},"schema":{"@context":"https:\/\/schema.org","@graph":[{"@type":"Article","@id":"https:\/\/batijournal.com\/index.php\/exposition-versailles-architectures-revees-jusquau-4-aout-2019\/102085\/#article","isPartOf":{"@id":"https:\/\/batijournal.com\/index.php\/exposition-versailles-architectures-revees-jusquau-4-aout-2019\/102085\/"},"author":{"name":"Bati-journal","@id":"https:\/\/batijournal.com\/#\/schema\/person\/6a657e8967569e1b299972574848aa76"},"headline":"Exposition : \u00ab\u00a0Versailles. Architectures r\u00eav\u00e9es\u00a0\u00bb jusqu&rsquo;au 4 ao\u00fbt 2019","datePublished":"2019-05-14T08:27:12+00:00","dateModified":"2019-07-15T09:14:32+00:00","mainEntityOfPage":{"@id":"https:\/\/batijournal.com\/index.php\/exposition-versailles-architectures-revees-jusquau-4-aout-2019\/102085\/"},"wordCount":209,"image":{"@id":"https:\/\/batijournal.com\/index.php\/exposition-versailles-architectures-revees-jusquau-4-aout-2019\/102085\/#primaryimage"},"thumbnailUrl":"https:\/\/batijournal.com\/wp-content\/uploads\/2019\/05\/Versailles-Architectures-revees-1660-1815.png","keywords":["Versailles"],"articleSection":["Actualit\u00e9s","Architecture &amp; Conception","zz_Actualit\u00e9s - Atrium","zz_Atrium Patrimoine"],"inLanguage":"fr-FR"},{"@type":"WebPage","@id":"https:\/\/batijournal.com\/index.php\/exposition-versailles-architectures-revees-jusquau-4-aout-2019\/102085\/","url":"https:\/\/batijournal.com\/index.php\/exposition-versailles-architectures-revees-jusquau-4-aout-2019\/102085\/","name":"Exposition : \"Versailles. Architectures r\u00eav\u00e9es\" jusqu'au 4 ao\u00fbt 2019","isPartOf":{"@id":"https:\/\/batijournal.com\/#website"},"primaryImageOfPage":{"@id":"https:\/\/batijournal.com\/index.php\/exposition-versailles-architectures-revees-jusquau-4-aout-2019\/102085\/#primaryimage"},"image":{"@id":"https:\/\/batijournal.com\/index.php\/exposition-versailles-architectures-revees-jusquau-4-aout-2019\/102085\/#primaryimage"},"thumbnailUrl":"https:\/\/batijournal.com\/wp-content\/uploads\/2019\/05\/Versailles-Architectures-revees-1660-1815.png","datePublished":"2019-05-14T08:27:12+00:00","dateModified":"2019-07-15T09:14:32+00:00","author":{"@id":"https:\/\/batijournal.com\/#\/schema\/person\/6a657e8967569e1b299972574848aa76"},"description":"\"Versailles. Architectures r\u00eav\u00e9es 1660-1815.\" jusqu'au au 4 ao\u00fbt 2019, les visiteurs pourront un rassemblement de projets d'architecture.","breadcrumb":{"@id":"https:\/\/batijournal.com\/index.php\/exposition-versailles-architectures-revees-jusquau-4-aout-2019\/102085\/#breadcrumb"},"inLanguage":"fr-FR","potentialAction":[{"@type":"ReadAction","target":["https:\/\/batijournal.com\/index.php\/exposition-versailles-architectures-revees-jusquau-4-aout-2019\/102085\/"]}]},{"@type":"ImageObject","inLanguage":"fr-FR","@id":"https:\/\/batijournal.com\/index.php\/exposition-versailles-architectures-revees-jusquau-4-aout-2019\/102085\/#primaryimage","url":"https:\/\/batijournal.com\/wp-content\/uploads\/2019\/05\/Versailles-Architectures-revees-1660-1815.png","contentUrl":"https:\/\/batijournal.com\/wp-content\/uploads\/2019\/05\/Versailles-Architectures-revees-1660-1815.png","width":782,"height":443},{"@type":"BreadcrumbList","@id":"https:\/\/batijournal.com\/index.php\/exposition-versailles-architectures-revees-jusquau-4-aout-2019\/102085\/#breadcrumb","itemListElement":[{"@type":"ListItem","position":1,"name":"Accueil","item":"https:\/\/batijournal.com\/"},{"@type":"ListItem","position":2,"name":"Actualit\u00e9s","item":"https:\/\/batijournal.com\/index.php\/category\/actualites\/"},{"@type":"ListItem","position":3,"name":"Exposition : \u00ab\u00a0Versailles. Architectures r\u00eav\u00e9es\u00a0\u00bb jusqu&rsquo;au 4 ao\u00fbt 2019"}]},{"@type":"WebSite","@id":"https:\/\/batijournal.com\/#website","url":"https:\/\/batijournal.com\/","name":"Batijournal","description":"L&#039;actualit\u00e9 du b\u00e2timent","potentialAction":[{"@type":"SearchAction","target":{"@type":"EntryPoint","urlTemplate":"https:\/\/batijournal.com\/?s={search_term_string}"},"query-input":{"@type":"PropertyValueSpecification","valueRequired":true,"valueName":"search_term_string"}}],"inLanguage":"fr-FR"},{"@type":"Person","@id":"https:\/\/batijournal.com\/#\/schema\/person\/6a657e8967569e1b299972574848aa76","name":"Bati-journal","image":{"@type":"ImageObject","inLanguage":"fr-FR","@id":"https:\/\/secure.gravatar.com\/avatar\/a64364ea26392f9b4dd47e017ddaec74ff03aefc073b49e492e847201258f777?s=96&d=mm&r=g","url":"https:\/\/secure.gravatar.com\/avatar\/a64364ea26392f9b4dd47e017ddaec74ff03aefc073b49e492e847201258f777?s=96&d=mm&r=g","contentUrl":"https:\/\/secure.gravatar.com\/avatar\/a64364ea26392f9b4dd47e017ddaec74ff03aefc073b49e492e847201258f777?s=96&d=mm&r=g","caption":"Bati-journal"},"url":"https:\/\/batijournal.com\/index.php\/author\/elodie\/"}]}},"_links":{"self":[{"href":"https:\/\/batijournal.com\/index.php\/wp-json\/wp\/v2\/posts\/102085","targetHints":{"allow":["GET"]}}],"collection":[{"href":"https:\/\/batijournal.com\/index.php\/wp-json\/wp\/v2\/posts"}],"about":[{"href":"https:\/\/batijournal.com\/index.php\/wp-json\/wp\/v2\/types\/post"}],"author":[{"embeddable":true,"href":"https:\/\/batijournal.com\/index.php\/wp-json\/wp\/v2\/users\/1"}],"replies":[{"embeddable":true,"href":"https:\/\/batijournal.com\/index.php\/wp-json\/wp\/v2\/comments?post=102085"}],"version-history":[{"count":0,"href":"https:\/\/batijournal.com\/index.php\/wp-json\/wp\/v2\/posts\/102085\/revisions"}],"wp:featuredmedia":[{"embeddable":true,"href":"https:\/\/batijournal.com\/index.php\/wp-json\/wp\/v2\/media\/102086"}],"wp:attachment":[{"href":"https:\/\/batijournal.com\/index.php\/wp-json\/wp\/v2\/media?parent=102085"}],"wp:term":[{"taxonomy":"category","embeddable":true,"href":"https:\/\/batijournal.com\/index.php\/wp-json\/wp\/v2\/categories?post=102085"},{"taxonomy":"post_tag","embeddable":true,"href":"https:\/\/batijournal.com\/index.php\/wp-json\/wp\/v2\/tags?post=102085"}],"curies":[{"name":"wp","href":"https:\/\/api.w.org\/{rel}","templated":true}]}}