{"id":102091,"date":"2019-05-16T09:33:10","date_gmt":"2019-05-16T07:33:10","guid":{"rendered":"https:\/\/batijournal.com\/?p=102091"},"modified":"2019-07-15T12:12:55","modified_gmt":"2019-07-15T10:12:55","slug":"prolongation-de-la-certification-cradle-to-cradle-des-produits-verriers-dagc","status":"publish","type":"post","link":"https:\/\/batijournal.com\/index.php\/prolongation-de-la-certification-cradle-to-cradle-des-produits-verriers-dagc\/102091\/","title":{"rendered":"Prolongation de la certification Cradle to Cradle des produits verriers d\u2019AGC"},"content":{"rendered":"<p>Plusieurs gammes de produits d\u2019AGC Glass Europe ont obtenu la certification de durabilit\u00e9 Cradle to Cradle, dont le verre \u00e0 couche magn\u00e9tron et le verre float ainsi que diff\u00e9rentes gammes de verres d\u00e9coratifs et de verres de s\u00e9curit\u00e9 feuillet\u00e9s. Les vitrages isolants Thermobel et iplus\/ipasol voient leur certification prolong\u00e9e de deux ann\u00e9es. Le dernier-n\u00e9 de la gamme vient s\u2019ajouter \u00e0 la liste des produits certifi\u00e9s ainsi que les vitrages r\u00e9sistant au feu Pyrobel et Pyrobelite.<\/p>\n<p>La certification Cradle to Cradle \u00e9value la durabilit\u00e9 globale d\u2019un produit tout au long de son cycle de vie. Pour obtenir cette certification, le produit doit r\u00e9pondre \u00e0 des normes strictes dans cinq cat\u00e9gories relatives \u00e0 la protection de la sant\u00e9 et de l\u2019environnement.<\/p>\n<p>&nbsp;<\/p>\n<p>Photo : AGC &#8211; Atelier PLEXUS Architecte<\/p>\n<p>&nbsp;<\/p>\n","protected":false},"excerpt":{"rendered":"<p>Plusieurs gammes de produits d\u2019AGC Glass Europe ont obtenu la certification de durabilit\u00e9 Cradle to Cradle, dont le verre \u00e0 couche magn\u00e9tron et le verre float ainsi que diff\u00e9rentes gammes de verres d\u00e9coratifs et de verres de s\u00e9curit\u00e9 feuillet\u00e9s. Les vitrages isolants Thermobel et iplus\/ipasol voient leur certification prolong\u00e9e de deux ann\u00e9es. Le dernier-n\u00e9 de [&hellip;]<\/p>\n","protected":false},"author":17,"featured_media":102092,"comment_status":"closed","ping_status":"closed","sticky":false,"template":"","format":"standard","meta":{"_et_pb_use_builder":"","_et_pb_old_content":"","_et_gb_content_width":"","footnotes":""},"categories":[6345,10771,10775],"tags":[12767],"class_list":["post-102091","post","type-post","status-publish","format-standard","has-post-thumbnail","hentry","category-economie-marches","category-5facades","category-actualites-5facades","tag-cradle-to-cradle"],"yoast_head":"<!-- This site is optimized with the Yoast SEO plugin v27.4 - https:\/\/yoast.com\/product\/yoast-seo-wordpress\/ -->\n<title>Prolongation de la certification Cradle to Cradle des produits verriers d\u2019AGC<\/title>\n<meta name=\"description\" content=\"Plusieurs gammes de produits d\u2019AGC Glass Europe ont obtenu la certification de durabilit\u00e9 Cradle to Cradle, dont le verre magn\u00e9tron et le verre float\" \/>\n<meta name=\"robots\" content=\"index, follow, max-snippet:-1, max-image-preview:large, max-video-preview:-1\" \/>\n<link rel=\"canonical\" href=\"https:\/\/batijournal.com\/index.php\/prolongation-de-la-certification-cradle-to-cradle-des-produits-verriers-dagc\/102091\/\" \/>\n<meta property=\"og:locale\" content=\"fr_FR\" \/>\n<meta property=\"og:type\" content=\"article\" \/>\n<meta property=\"og:title\" content=\"Prolongation de la certification Cradle to Cradle des produits verriers d\u2019AGC\" \/>\n<meta property=\"og:description\" content=\"Plusieurs gammes de produits d\u2019AGC Glass Europe ont obtenu la certification de durabilit\u00e9 Cradle to Cradle, dont le verre magn\u00e9tron et le verre float\" \/>\n<meta property=\"og:url\" content=\"https:\/\/batijournal.com\/index.php\/prolongation-de-la-certification-cradle-to-cradle-des-produits-verriers-dagc\/102091\/\" \/>\n<meta property=\"og:site_name\" content=\"Batijournal\" \/>\n<meta property=\"article:published_time\" content=\"2019-05-16T07:33:10+00:00\" \/>\n<meta property=\"article:modified_time\" content=\"2019-07-15T10:12:55+00:00\" \/>\n<meta property=\"og:image\" content=\"https:\/\/batijournal.com\/wp-content\/uploads\/2019\/05\/AGC_Atelier-PLEXUS-Architecte.jpg\" \/>\n\t<meta property=\"og:image:width\" content=\"852\" \/>\n\t<meta property=\"og:image:height\" content=\"567\" \/>\n\t<meta property=\"og:image:type\" content=\"image\/jpeg\" \/>\n<meta name=\"author\" content=\"St\u00e9phane Miget\" \/>\n<meta name=\"twitter:card\" content=\"summary_large_image\" \/>\n<meta name=\"twitter:creator\" content=\"@bati_journal\" \/>\n<meta name=\"twitter:site\" content=\"@bati_journal\" \/>\n<meta name=\"twitter:label1\" content=\"\u00c9crit par\" \/>\n\t<meta name=\"twitter:data1\" content=\"St\u00e9phane Miget\" \/>\n\t<meta name=\"twitter:label2\" content=\"Dur\u00e9e de lecture estim\u00e9e\" \/>\n\t<meta name=\"twitter:data2\" content=\"1 minute\" \/>\n<script type=\"application\/ld+json\" class=\"yoast-schema-graph\">{\"@context\":\"https:\\\/\\\/schema.org\",\"@graph\":[{\"@type\":\"Article\",\"@id\":\"https:\\\/\\\/batijournal.com\\\/index.php\\\/prolongation-de-la-certification-cradle-to-cradle-des-produits-verriers-dagc\\\/102091\\\/#article\",\"isPartOf\":{\"@id\":\"https:\\\/\\\/batijournal.com\\\/index.php\\\/prolongation-de-la-certification-cradle-to-cradle-des-produits-verriers-dagc\\\/102091\\\/\"},\"author\":{\"name\":\"St\u00e9phane Miget\",\"@id\":\"https:\\\/\\\/batijournal.com\\\/#\\\/schema\\\/person\\\/1dc96ec6957aa1ccb25ebe78bb19f100\"},\"headline\":\"Prolongation de la certification Cradle to Cradle des produits verriers d\u2019AGC\",\"datePublished\":\"2019-05-16T07:33:10+00:00\",\"dateModified\":\"2019-07-15T10:12:55+00:00\",\"mainEntityOfPage\":{\"@id\":\"https:\\\/\\\/batijournal.com\\\/index.php\\\/prolongation-de-la-certification-cradle-to-cradle-des-produits-verriers-dagc\\\/102091\\\/\"},\"wordCount\":151,\"image\":{\"@id\":\"https:\\\/\\\/batijournal.com\\\/index.php\\\/prolongation-de-la-certification-cradle-to-cradle-des-produits-verriers-dagc\\\/102091\\\/#primaryimage\"},\"thumbnailUrl\":\"https:\\\/\\\/batijournal.com\\\/wp-content\\\/uploads\\\/2019\\\/05\\\/AGC_Atelier-PLEXUS-Architecte.jpg\",\"keywords\":[\"Cradle to Cradle\"],\"articleSection\":[\"\u00c9conomie &amp; March\u00e9s\",\"zz_5fa\u00e7ades\",\"zz_Actualit\u00e9s - 5fa\u00e7ades\"],\"inLanguage\":\"fr-FR\"},{\"@type\":\"WebPage\",\"@id\":\"https:\\\/\\\/batijournal.com\\\/index.php\\\/prolongation-de-la-certification-cradle-to-cradle-des-produits-verriers-dagc\\\/102091\\\/\",\"url\":\"https:\\\/\\\/batijournal.com\\\/index.php\\\/prolongation-de-la-certification-cradle-to-cradle-des-produits-verriers-dagc\\\/102091\\\/\",\"name\":\"Prolongation de la certification Cradle to Cradle des produits verriers d\u2019AGC\",\"isPartOf\":{\"@id\":\"https:\\\/\\\/batijournal.com\\\/#website\"},\"primaryImageOfPage\":{\"@id\":\"https:\\\/\\\/batijournal.com\\\/index.php\\\/prolongation-de-la-certification-cradle-to-cradle-des-produits-verriers-dagc\\\/102091\\\/#primaryimage\"},\"image\":{\"@id\":\"https:\\\/\\\/batijournal.com\\\/index.php\\\/prolongation-de-la-certification-cradle-to-cradle-des-produits-verriers-dagc\\\/102091\\\/#primaryimage\"},\"thumbnailUrl\":\"https:\\\/\\\/batijournal.com\\\/wp-content\\\/uploads\\\/2019\\\/05\\\/AGC_Atelier-PLEXUS-Architecte.jpg\",\"datePublished\":\"2019-05-16T07:33:10+00:00\",\"dateModified\":\"2019-07-15T10:12:55+00:00\",\"author\":{\"@id\":\"https:\\\/\\\/batijournal.com\\\/#\\\/schema\\\/person\\\/1dc96ec6957aa1ccb25ebe78bb19f100\"},\"description\":\"Plusieurs gammes de produits d\u2019AGC Glass Europe ont obtenu la certification de durabilit\u00e9 Cradle to Cradle, dont le verre magn\u00e9tron et le verre float\",\"breadcrumb\":{\"@id\":\"https:\\\/\\\/batijournal.com\\\/index.php\\\/prolongation-de-la-certification-cradle-to-cradle-des-produits-verriers-dagc\\\/102091\\\/#breadcrumb\"},\"inLanguage\":\"fr-FR\",\"potentialAction\":[{\"@type\":\"ReadAction\",\"target\":[\"https:\\\/\\\/batijournal.com\\\/index.php\\\/prolongation-de-la-certification-cradle-to-cradle-des-produits-verriers-dagc\\\/102091\\\/\"]}]},{\"@type\":\"ImageObject\",\"inLanguage\":\"fr-FR\",\"@id\":\"https:\\\/\\\/batijournal.com\\\/index.php\\\/prolongation-de-la-certification-cradle-to-cradle-des-produits-verriers-dagc\\\/102091\\\/#primaryimage\",\"url\":\"https:\\\/\\\/batijournal.com\\\/wp-content\\\/uploads\\\/2019\\\/05\\\/AGC_Atelier-PLEXUS-Architecte.jpg\",\"contentUrl\":\"https:\\\/\\\/batijournal.com\\\/wp-content\\\/uploads\\\/2019\\\/05\\\/AGC_Atelier-PLEXUS-Architecte.jpg\",\"width\":852,\"height\":567},{\"@type\":\"BreadcrumbList\",\"@id\":\"https:\\\/\\\/batijournal.com\\\/index.php\\\/prolongation-de-la-certification-cradle-to-cradle-des-produits-verriers-dagc\\\/102091\\\/#breadcrumb\",\"itemListElement\":[{\"@type\":\"ListItem\",\"position\":1,\"name\":\"Accueil\",\"item\":\"https:\\\/\\\/batijournal.com\\\/\"},{\"@type\":\"ListItem\",\"position\":2,\"name\":\"Actualit\u00e9s\",\"item\":\"https:\\\/\\\/batijournal.com\\\/index.php\\\/category\\\/actualites\\\/\"},{\"@type\":\"ListItem\",\"position\":3,\"name\":\"\u00c9conomie &amp; March\u00e9s\",\"item\":\"https:\\\/\\\/batijournal.com\\\/index.php\\\/category\\\/actualites\\\/economie-marches\\\/\"},{\"@type\":\"ListItem\",\"position\":4,\"name\":\"Prolongation de la certification Cradle to Cradle des produits verriers d\u2019AGC\"}]},{\"@type\":\"WebSite\",\"@id\":\"https:\\\/\\\/batijournal.com\\\/#website\",\"url\":\"https:\\\/\\\/batijournal.com\\\/\",\"name\":\"Batijournal\",\"description\":\"L&#039;actualit\u00e9 du b\u00e2timent\",\"potentialAction\":[{\"@type\":\"SearchAction\",\"target\":{\"@type\":\"EntryPoint\",\"urlTemplate\":\"https:\\\/\\\/batijournal.com\\\/?s={search_term_string}\"},\"query-input\":{\"@type\":\"PropertyValueSpecification\",\"valueRequired\":true,\"valueName\":\"search_term_string\"}}],\"inLanguage\":\"fr-FR\"},{\"@type\":\"Person\",\"@id\":\"https:\\\/\\\/batijournal.com\\\/#\\\/schema\\\/person\\\/1dc96ec6957aa1ccb25ebe78bb19f100\",\"name\":\"St\u00e9phane Miget\",\"image\":{\"@type\":\"ImageObject\",\"inLanguage\":\"fr-FR\",\"@id\":\"https:\\\/\\\/secure.gravatar.com\\\/avatar\\\/89915563d925342126b8ef0281b93d9d7fc337043e8df017f780908eb9644451?s=96&d=mm&r=g\",\"url\":\"https:\\\/\\\/secure.gravatar.com\\\/avatar\\\/89915563d925342126b8ef0281b93d9d7fc337043e8df017f780908eb9644451?s=96&d=mm&r=g\",\"contentUrl\":\"https:\\\/\\\/secure.gravatar.com\\\/avatar\\\/89915563d925342126b8ef0281b93d9d7fc337043e8df017f780908eb9644451?s=96&d=mm&r=g\",\"caption\":\"St\u00e9phane Miget\"},\"url\":\"https:\\\/\\\/batijournal.com\\\/index.php\\\/author\\\/stephane\\\/\"}]}<\/script>\n<!-- \/ Yoast SEO plugin. -->","yoast_head_json":{"title":"Prolongation de la certification Cradle to Cradle des produits verriers d\u2019AGC","description":"Plusieurs gammes de produits d\u2019AGC Glass Europe ont obtenu la certification de durabilit\u00e9 Cradle to Cradle, dont le verre magn\u00e9tron et le verre float","robots":{"index":"index","follow":"follow","max-snippet":"max-snippet:-1","max-image-preview":"max-image-preview:large","max-video-preview":"max-video-preview:-1"},"canonical":"https:\/\/batijournal.com\/index.php\/prolongation-de-la-certification-cradle-to-cradle-des-produits-verriers-dagc\/102091\/","og_locale":"fr_FR","og_type":"article","og_title":"Prolongation de la certification Cradle to Cradle des produits verriers d\u2019AGC","og_description":"Plusieurs gammes de produits d\u2019AGC Glass Europe ont obtenu la certification de durabilit\u00e9 Cradle to Cradle, dont le verre magn\u00e9tron et le verre float","og_url":"https:\/\/batijournal.com\/index.php\/prolongation-de-la-certification-cradle-to-cradle-des-produits-verriers-dagc\/102091\/","og_site_name":"Batijournal","article_published_time":"2019-05-16T07:33:10+00:00","article_modified_time":"2019-07-15T10:12:55+00:00","og_image":[{"width":852,"height":567,"url":"https:\/\/batijournal.com\/wp-content\/uploads\/2019\/05\/AGC_Atelier-PLEXUS-Architecte.jpg","type":"image\/jpeg"}],"author":"St\u00e9phane Miget","twitter_card":"summary_large_image","twitter_creator":"@bati_journal","twitter_site":"@bati_journal","twitter_misc":{"\u00c9crit par":"St\u00e9phane Miget","Dur\u00e9e de lecture estim\u00e9e":"1 minute"},"schema":{"@context":"https:\/\/schema.org","@graph":[{"@type":"Article","@id":"https:\/\/batijournal.com\/index.php\/prolongation-de-la-certification-cradle-to-cradle-des-produits-verriers-dagc\/102091\/#article","isPartOf":{"@id":"https:\/\/batijournal.com\/index.php\/prolongation-de-la-certification-cradle-to-cradle-des-produits-verriers-dagc\/102091\/"},"author":{"name":"St\u00e9phane Miget","@id":"https:\/\/batijournal.com\/#\/schema\/person\/1dc96ec6957aa1ccb25ebe78bb19f100"},"headline":"Prolongation de la certification Cradle to Cradle des produits verriers d\u2019AGC","datePublished":"2019-05-16T07:33:10+00:00","dateModified":"2019-07-15T10:12:55+00:00","mainEntityOfPage":{"@id":"https:\/\/batijournal.com\/index.php\/prolongation-de-la-certification-cradle-to-cradle-des-produits-verriers-dagc\/102091\/"},"wordCount":151,"image":{"@id":"https:\/\/batijournal.com\/index.php\/prolongation-de-la-certification-cradle-to-cradle-des-produits-verriers-dagc\/102091\/#primaryimage"},"thumbnailUrl":"https:\/\/batijournal.com\/wp-content\/uploads\/2019\/05\/AGC_Atelier-PLEXUS-Architecte.jpg","keywords":["Cradle to Cradle"],"articleSection":["\u00c9conomie &amp; March\u00e9s","zz_5fa\u00e7ades","zz_Actualit\u00e9s - 5fa\u00e7ades"],"inLanguage":"fr-FR"},{"@type":"WebPage","@id":"https:\/\/batijournal.com\/index.php\/prolongation-de-la-certification-cradle-to-cradle-des-produits-verriers-dagc\/102091\/","url":"https:\/\/batijournal.com\/index.php\/prolongation-de-la-certification-cradle-to-cradle-des-produits-verriers-dagc\/102091\/","name":"Prolongation de la certification Cradle to Cradle des produits verriers d\u2019AGC","isPartOf":{"@id":"https:\/\/batijournal.com\/#website"},"primaryImageOfPage":{"@id":"https:\/\/batijournal.com\/index.php\/prolongation-de-la-certification-cradle-to-cradle-des-produits-verriers-dagc\/102091\/#primaryimage"},"image":{"@id":"https:\/\/batijournal.com\/index.php\/prolongation-de-la-certification-cradle-to-cradle-des-produits-verriers-dagc\/102091\/#primaryimage"},"thumbnailUrl":"https:\/\/batijournal.com\/wp-content\/uploads\/2019\/05\/AGC_Atelier-PLEXUS-Architecte.jpg","datePublished":"2019-05-16T07:33:10+00:00","dateModified":"2019-07-15T10:12:55+00:00","author":{"@id":"https:\/\/batijournal.com\/#\/schema\/person\/1dc96ec6957aa1ccb25ebe78bb19f100"},"description":"Plusieurs gammes de produits d\u2019AGC Glass Europe ont obtenu la certification de durabilit\u00e9 Cradle to Cradle, dont le verre magn\u00e9tron et le verre float","breadcrumb":{"@id":"https:\/\/batijournal.com\/index.php\/prolongation-de-la-certification-cradle-to-cradle-des-produits-verriers-dagc\/102091\/#breadcrumb"},"inLanguage":"fr-FR","potentialAction":[{"@type":"ReadAction","target":["https:\/\/batijournal.com\/index.php\/prolongation-de-la-certification-cradle-to-cradle-des-produits-verriers-dagc\/102091\/"]}]},{"@type":"ImageObject","inLanguage":"fr-FR","@id":"https:\/\/batijournal.com\/index.php\/prolongation-de-la-certification-cradle-to-cradle-des-produits-verriers-dagc\/102091\/#primaryimage","url":"https:\/\/batijournal.com\/wp-content\/uploads\/2019\/05\/AGC_Atelier-PLEXUS-Architecte.jpg","contentUrl":"https:\/\/batijournal.com\/wp-content\/uploads\/2019\/05\/AGC_Atelier-PLEXUS-Architecte.jpg","width":852,"height":567},{"@type":"BreadcrumbList","@id":"https:\/\/batijournal.com\/index.php\/prolongation-de-la-certification-cradle-to-cradle-des-produits-verriers-dagc\/102091\/#breadcrumb","itemListElement":[{"@type":"ListItem","position":1,"name":"Accueil","item":"https:\/\/batijournal.com\/"},{"@type":"ListItem","position":2,"name":"Actualit\u00e9s","item":"https:\/\/batijournal.com\/index.php\/category\/actualites\/"},{"@type":"ListItem","position":3,"name":"\u00c9conomie &amp; March\u00e9s","item":"https:\/\/batijournal.com\/index.php\/category\/actualites\/economie-marches\/"},{"@type":"ListItem","position":4,"name":"Prolongation de la certification Cradle to Cradle des produits verriers d\u2019AGC"}]},{"@type":"WebSite","@id":"https:\/\/batijournal.com\/#website","url":"https:\/\/batijournal.com\/","name":"Batijournal","description":"L&#039;actualit\u00e9 du b\u00e2timent","potentialAction":[{"@type":"SearchAction","target":{"@type":"EntryPoint","urlTemplate":"https:\/\/batijournal.com\/?s={search_term_string}"},"query-input":{"@type":"PropertyValueSpecification","valueRequired":true,"valueName":"search_term_string"}}],"inLanguage":"fr-FR"},{"@type":"Person","@id":"https:\/\/batijournal.com\/#\/schema\/person\/1dc96ec6957aa1ccb25ebe78bb19f100","name":"St\u00e9phane Miget","image":{"@type":"ImageObject","inLanguage":"fr-FR","@id":"https:\/\/secure.gravatar.com\/avatar\/89915563d925342126b8ef0281b93d9d7fc337043e8df017f780908eb9644451?s=96&d=mm&r=g","url":"https:\/\/secure.gravatar.com\/avatar\/89915563d925342126b8ef0281b93d9d7fc337043e8df017f780908eb9644451?s=96&d=mm&r=g","contentUrl":"https:\/\/secure.gravatar.com\/avatar\/89915563d925342126b8ef0281b93d9d7fc337043e8df017f780908eb9644451?s=96&d=mm&r=g","caption":"St\u00e9phane Miget"},"url":"https:\/\/batijournal.com\/index.php\/author\/stephane\/"}]}},"_links":{"self":[{"href":"https:\/\/batijournal.com\/index.php\/wp-json\/wp\/v2\/posts\/102091","targetHints":{"allow":["GET"]}}],"collection":[{"href":"https:\/\/batijournal.com\/index.php\/wp-json\/wp\/v2\/posts"}],"about":[{"href":"https:\/\/batijournal.com\/index.php\/wp-json\/wp\/v2\/types\/post"}],"author":[{"embeddable":true,"href":"https:\/\/batijournal.com\/index.php\/wp-json\/wp\/v2\/users\/17"}],"replies":[{"embeddable":true,"href":"https:\/\/batijournal.com\/index.php\/wp-json\/wp\/v2\/comments?post=102091"}],"version-history":[{"count":0,"href":"https:\/\/batijournal.com\/index.php\/wp-json\/wp\/v2\/posts\/102091\/revisions"}],"wp:featuredmedia":[{"embeddable":true,"href":"https:\/\/batijournal.com\/index.php\/wp-json\/wp\/v2\/media\/102092"}],"wp:attachment":[{"href":"https:\/\/batijournal.com\/index.php\/wp-json\/wp\/v2\/media?parent=102091"}],"wp:term":[{"taxonomy":"category","embeddable":true,"href":"https:\/\/batijournal.com\/index.php\/wp-json\/wp\/v2\/categories?post=102091"},{"taxonomy":"post_tag","embeddable":true,"href":"https:\/\/batijournal.com\/index.php\/wp-json\/wp\/v2\/tags?post=102091"}],"curies":[{"name":"wp","href":"https:\/\/api.w.org\/{rel}","templated":true}]}}