{"id":102093,"date":"2019-05-16T09:43:10","date_gmt":"2019-05-16T07:43:10","guid":{"rendered":"https:\/\/batijournal.com\/?p=102093"},"modified":"2019-07-15T11:26:42","modified_gmt":"2019-07-15T09:26:42","slug":"bardage-acier-sur-mesure-pour-la-salle-immersive-a-360-du-memorial-de-caen","status":"publish","type":"post","link":"https:\/\/batijournal.com\/index.php\/bardage-acier-sur-mesure-pour-la-salle-immersive-a-360-du-memorial-de-caen\/102093\/","title":{"rendered":"Bardage acier sur-mesure pour la salle immersive \u00e0 360\u00b0 du M\u00e9morial de Caen"},"content":{"rendered":"<p>Cr\u00e9er une salle de cin\u00e9ma immersive \u00e0 360\u00b0, au c\u0153ur du M\u00e9morial de Caen, est le d\u00e9fi que souhaitait relever son directeur St\u00e9phane Grimaldi. \u00c0 l\u2019initiative du projet, il a imagin\u00e9, dessin\u00e9 et financ\u00e9 \u00e0 hauteur de deux millions d\u2019euros cet ouvrage original. <em>\u00ab C\u2019est dans sa forme circulaire, impos\u00e9e par le type de b\u00e2timent, que r\u00e9side toute la complexit\u00e9 du chantier. \u00bb<\/em>, r\u00e9sume Jacques MILLET, architecte de l\u2019agence MILLET CHILOU GARDETTE. La structure b\u00e9ton, de 20 m\u00e8tres de diam\u00e8tre s\u2019habille de 290 m2 de t\u00f4les en acier noir et \u00e9pais de 4 mm d\u2019\u00e9paisseur, soit 10 tonnes au total. Une conception in\u00e9dite pour le charpentier m\u00e9tallique CCS OUEST et son bureau d\u2019\u00e9tudes int\u00e9gr\u00e9, qui ont cr\u00e9\u00e9 un bardage aux dimensions XXL, \u00e0 la fois massif, cintr\u00e9 et mis en \u0153uvre sur des fixations invisibles d\u00e9velopp\u00e9es sp\u00e9cifiquement pour le chantier. Chacune des 93 pi\u00e8ces \u00e9tant uniques, il aura fallu deux mois pour r\u00e9aliser cette partie ext\u00e9rieure. Un travail minutieux de serrurerie plus que de charpentier.<\/p>\n<p>La mise en \u0153uvre a demand\u00e9 une pr\u00e9cision exemplaire. Chaque t\u00f4le devait \u00eatre attach\u00e9e \u00e0 la structure sans laisser appara\u00eetre les fixations. Le bureau d\u2019\u00e9tudes a d\u00e9velopp\u00e9 un syst\u00e8me de cr\u00e9maill\u00e8re unique. Une fois install\u00e9, il suffisait aux \u00e9quipes de suspendre discr\u00e8tement ces plaques de 140 kg \u00e0 l\u2019aide d\u2019une grue mobile 35 tonnes. La pose s\u2019est effectu\u00e9e en deux phases, durant tout le mois de f\u00e9vrier et une semaine fin mars pour les derni\u00e8res plaques. <em>\u00ab Le travail sur les relev\u00e9s en amont et cette cr\u00e9ation sp\u00e9ciale nous ont apport\u00e9 un gain de temps consid\u00e9rable. Au total, l&rsquo;installation des fixations et des t\u00f4les repr\u00e9sente 750 heures. \u00bb<\/em>, souligne Nicolas BRISSET, Charg\u00e9 d\u2019affaires CCS OUEST. Les plaques sont venues recouvrir et prot\u00e9ger l\u2019isolant laine de roche de 120 mm d\u2019\u00e9paisseur et le pare-pluie.<\/p>\n<p>Photo CCS Ouest<\/p>\n<p>&nbsp;<\/p>\n","protected":false},"excerpt":{"rendered":"<p>Cr\u00e9er une salle de cin\u00e9ma immersive \u00e0 360\u00b0, au c\u0153ur du M\u00e9morial de Caen, est le d\u00e9fi que souhaitait relever son directeur St\u00e9phane Grimaldi. \u00c0 l\u2019initiative du projet, il a imagin\u00e9, dessin\u00e9 et financ\u00e9 \u00e0 hauteur de deux millions d\u2019euros cet ouvrage original. \u00ab C\u2019est dans sa forme circulaire, impos\u00e9e par le type de b\u00e2timent, [&hellip;]<\/p>\n","protected":false},"author":17,"featured_media":102094,"comment_status":"closed","ping_status":"closed","sticky":false,"template":"","format":"standard","meta":{"_et_pb_use_builder":"","_et_pb_old_content":"","_et_gb_content_width":"","footnotes":""},"categories":[10530,6340,10771,10775],"tags":[],"class_list":["post-102093","post","type-post","status-publish","format-standard","has-post-thumbnail","hentry","category-actualites","category-architecture-conception","category-5facades","category-actualites-5facades"],"yoast_head":"<!-- This site is optimized with the Yoast SEO plugin v27.4 - https:\/\/yoast.com\/product\/yoast-seo-wordpress\/ -->\n<title>Bardage acier sur-mesure pour la salle immersive \u00e0 360\u00b0 du M\u00e9morial de Caen<\/title>\n<meta name=\"description\" content=\"Cr\u00e9er une salle de cin\u00e9ma immersive \u00e0 360\u00b0, au c\u0153ur du M\u00e9morial de Caen, est le d\u00e9fi que souhaitait relever son directeur St\u00e9phane Grimaldi\" \/>\n<meta name=\"robots\" content=\"index, follow, max-snippet:-1, max-image-preview:large, max-video-preview:-1\" \/>\n<link rel=\"canonical\" href=\"https:\/\/batijournal.com\/index.php\/bardage-acier-sur-mesure-pour-la-salle-immersive-a-360-du-memorial-de-caen\/102093\/\" \/>\n<meta property=\"og:locale\" content=\"fr_FR\" \/>\n<meta property=\"og:type\" content=\"article\" \/>\n<meta property=\"og:title\" content=\"Bardage acier sur-mesure pour la salle immersive \u00e0 360\u00b0 du M\u00e9morial de Caen\" \/>\n<meta property=\"og:description\" content=\"Cr\u00e9er une salle de cin\u00e9ma immersive \u00e0 360\u00b0, au c\u0153ur du M\u00e9morial de Caen, est le d\u00e9fi que souhaitait relever son directeur St\u00e9phane Grimaldi\" \/>\n<meta property=\"og:url\" content=\"https:\/\/batijournal.com\/index.php\/bardage-acier-sur-mesure-pour-la-salle-immersive-a-360-du-memorial-de-caen\/102093\/\" \/>\n<meta property=\"og:site_name\" content=\"Batijournal\" \/>\n<meta property=\"article:published_time\" content=\"2019-05-16T07:43:10+00:00\" \/>\n<meta property=\"article:modified_time\" content=\"2019-07-15T09:26:42+00:00\" \/>\n<meta property=\"og:image\" content=\"https:\/\/batijournal.com\/wp-content\/uploads\/2019\/05\/bardage-metallique-salle-immersive-memorial-caen.png\" \/>\n\t<meta property=\"og:image:width\" content=\"632\" \/>\n\t<meta property=\"og:image:height\" content=\"366\" \/>\n\t<meta property=\"og:image:type\" content=\"image\/png\" \/>\n<meta name=\"author\" content=\"St\u00e9phane Miget\" \/>\n<meta name=\"twitter:card\" content=\"summary_large_image\" \/>\n<meta name=\"twitter:creator\" content=\"@bati_journal\" \/>\n<meta name=\"twitter:site\" content=\"@bati_journal\" \/>\n<meta name=\"twitter:label1\" content=\"\u00c9crit par\" \/>\n\t<meta name=\"twitter:data1\" content=\"St\u00e9phane Miget\" \/>\n\t<meta name=\"twitter:label2\" content=\"Dur\u00e9e de lecture estim\u00e9e\" \/>\n\t<meta name=\"twitter:data2\" content=\"2 minutes\" \/>\n<script type=\"application\/ld+json\" class=\"yoast-schema-graph\">{\"@context\":\"https:\\\/\\\/schema.org\",\"@graph\":[{\"@type\":\"Article\",\"@id\":\"https:\\\/\\\/batijournal.com\\\/index.php\\\/bardage-acier-sur-mesure-pour-la-salle-immersive-a-360-du-memorial-de-caen\\\/102093\\\/#article\",\"isPartOf\":{\"@id\":\"https:\\\/\\\/batijournal.com\\\/index.php\\\/bardage-acier-sur-mesure-pour-la-salle-immersive-a-360-du-memorial-de-caen\\\/102093\\\/\"},\"author\":{\"name\":\"St\u00e9phane Miget\",\"@id\":\"https:\\\/\\\/batijournal.com\\\/#\\\/schema\\\/person\\\/1dc96ec6957aa1ccb25ebe78bb19f100\"},\"headline\":\"Bardage acier sur-mesure pour la salle immersive \u00e0 360\u00b0 du M\u00e9morial de Caen\",\"datePublished\":\"2019-05-16T07:43:10+00:00\",\"dateModified\":\"2019-07-15T09:26:42+00:00\",\"mainEntityOfPage\":{\"@id\":\"https:\\\/\\\/batijournal.com\\\/index.php\\\/bardage-acier-sur-mesure-pour-la-salle-immersive-a-360-du-memorial-de-caen\\\/102093\\\/\"},\"wordCount\":351,\"image\":{\"@id\":\"https:\\\/\\\/batijournal.com\\\/index.php\\\/bardage-acier-sur-mesure-pour-la-salle-immersive-a-360-du-memorial-de-caen\\\/102093\\\/#primaryimage\"},\"thumbnailUrl\":\"https:\\\/\\\/batijournal.com\\\/wp-content\\\/uploads\\\/2019\\\/05\\\/bardage-metallique-salle-immersive-memorial-caen.png\",\"articleSection\":[\"Actualit\u00e9s\",\"Architecture &amp; Conception\",\"zz_5fa\u00e7ades\",\"zz_Actualit\u00e9s - 5fa\u00e7ades\"],\"inLanguage\":\"fr-FR\"},{\"@type\":\"WebPage\",\"@id\":\"https:\\\/\\\/batijournal.com\\\/index.php\\\/bardage-acier-sur-mesure-pour-la-salle-immersive-a-360-du-memorial-de-caen\\\/102093\\\/\",\"url\":\"https:\\\/\\\/batijournal.com\\\/index.php\\\/bardage-acier-sur-mesure-pour-la-salle-immersive-a-360-du-memorial-de-caen\\\/102093\\\/\",\"name\":\"Bardage acier sur-mesure pour la salle immersive \u00e0 360\u00b0 du M\u00e9morial de Caen\",\"isPartOf\":{\"@id\":\"https:\\\/\\\/batijournal.com\\\/#website\"},\"primaryImageOfPage\":{\"@id\":\"https:\\\/\\\/batijournal.com\\\/index.php\\\/bardage-acier-sur-mesure-pour-la-salle-immersive-a-360-du-memorial-de-caen\\\/102093\\\/#primaryimage\"},\"image\":{\"@id\":\"https:\\\/\\\/batijournal.com\\\/index.php\\\/bardage-acier-sur-mesure-pour-la-salle-immersive-a-360-du-memorial-de-caen\\\/102093\\\/#primaryimage\"},\"thumbnailUrl\":\"https:\\\/\\\/batijournal.com\\\/wp-content\\\/uploads\\\/2019\\\/05\\\/bardage-metallique-salle-immersive-memorial-caen.png\",\"datePublished\":\"2019-05-16T07:43:10+00:00\",\"dateModified\":\"2019-07-15T09:26:42+00:00\",\"author\":{\"@id\":\"https:\\\/\\\/batijournal.com\\\/#\\\/schema\\\/person\\\/1dc96ec6957aa1ccb25ebe78bb19f100\"},\"description\":\"Cr\u00e9er une salle de cin\u00e9ma immersive \u00e0 360\u00b0, au c\u0153ur du M\u00e9morial de Caen, est le d\u00e9fi que souhaitait relever son directeur St\u00e9phane Grimaldi\",\"breadcrumb\":{\"@id\":\"https:\\\/\\\/batijournal.com\\\/index.php\\\/bardage-acier-sur-mesure-pour-la-salle-immersive-a-360-du-memorial-de-caen\\\/102093\\\/#breadcrumb\"},\"inLanguage\":\"fr-FR\",\"potentialAction\":[{\"@type\":\"ReadAction\",\"target\":[\"https:\\\/\\\/batijournal.com\\\/index.php\\\/bardage-acier-sur-mesure-pour-la-salle-immersive-a-360-du-memorial-de-caen\\\/102093\\\/\"]}]},{\"@type\":\"ImageObject\",\"inLanguage\":\"fr-FR\",\"@id\":\"https:\\\/\\\/batijournal.com\\\/index.php\\\/bardage-acier-sur-mesure-pour-la-salle-immersive-a-360-du-memorial-de-caen\\\/102093\\\/#primaryimage\",\"url\":\"https:\\\/\\\/batijournal.com\\\/wp-content\\\/uploads\\\/2019\\\/05\\\/bardage-metallique-salle-immersive-memorial-caen.png\",\"contentUrl\":\"https:\\\/\\\/batijournal.com\\\/wp-content\\\/uploads\\\/2019\\\/05\\\/bardage-metallique-salle-immersive-memorial-caen.png\",\"width\":632,\"height\":366},{\"@type\":\"BreadcrumbList\",\"@id\":\"https:\\\/\\\/batijournal.com\\\/index.php\\\/bardage-acier-sur-mesure-pour-la-salle-immersive-a-360-du-memorial-de-caen\\\/102093\\\/#breadcrumb\",\"itemListElement\":[{\"@type\":\"ListItem\",\"position\":1,\"name\":\"Accueil\",\"item\":\"https:\\\/\\\/batijournal.com\\\/\"},{\"@type\":\"ListItem\",\"position\":2,\"name\":\"Actualit\u00e9s\",\"item\":\"https:\\\/\\\/batijournal.com\\\/index.php\\\/category\\\/actualites\\\/\"},{\"@type\":\"ListItem\",\"position\":3,\"name\":\"Bardage acier sur-mesure pour la salle immersive \u00e0 360\u00b0 du M\u00e9morial de Caen\"}]},{\"@type\":\"WebSite\",\"@id\":\"https:\\\/\\\/batijournal.com\\\/#website\",\"url\":\"https:\\\/\\\/batijournal.com\\\/\",\"name\":\"Batijournal\",\"description\":\"L&#039;actualit\u00e9 du b\u00e2timent\",\"potentialAction\":[{\"@type\":\"SearchAction\",\"target\":{\"@type\":\"EntryPoint\",\"urlTemplate\":\"https:\\\/\\\/batijournal.com\\\/?s={search_term_string}\"},\"query-input\":{\"@type\":\"PropertyValueSpecification\",\"valueRequired\":true,\"valueName\":\"search_term_string\"}}],\"inLanguage\":\"fr-FR\"},{\"@type\":\"Person\",\"@id\":\"https:\\\/\\\/batijournal.com\\\/#\\\/schema\\\/person\\\/1dc96ec6957aa1ccb25ebe78bb19f100\",\"name\":\"St\u00e9phane Miget\",\"image\":{\"@type\":\"ImageObject\",\"inLanguage\":\"fr-FR\",\"@id\":\"https:\\\/\\\/secure.gravatar.com\\\/avatar\\\/89915563d925342126b8ef0281b93d9d7fc337043e8df017f780908eb9644451?s=96&d=mm&r=g\",\"url\":\"https:\\\/\\\/secure.gravatar.com\\\/avatar\\\/89915563d925342126b8ef0281b93d9d7fc337043e8df017f780908eb9644451?s=96&d=mm&r=g\",\"contentUrl\":\"https:\\\/\\\/secure.gravatar.com\\\/avatar\\\/89915563d925342126b8ef0281b93d9d7fc337043e8df017f780908eb9644451?s=96&d=mm&r=g\",\"caption\":\"St\u00e9phane Miget\"},\"url\":\"https:\\\/\\\/batijournal.com\\\/index.php\\\/author\\\/stephane\\\/\"}]}<\/script>\n<!-- \/ Yoast SEO plugin. -->","yoast_head_json":{"title":"Bardage acier sur-mesure pour la salle immersive \u00e0 360\u00b0 du M\u00e9morial de Caen","description":"Cr\u00e9er une salle de cin\u00e9ma immersive \u00e0 360\u00b0, au c\u0153ur du M\u00e9morial de Caen, est le d\u00e9fi que souhaitait relever son directeur St\u00e9phane Grimaldi","robots":{"index":"index","follow":"follow","max-snippet":"max-snippet:-1","max-image-preview":"max-image-preview:large","max-video-preview":"max-video-preview:-1"},"canonical":"https:\/\/batijournal.com\/index.php\/bardage-acier-sur-mesure-pour-la-salle-immersive-a-360-du-memorial-de-caen\/102093\/","og_locale":"fr_FR","og_type":"article","og_title":"Bardage acier sur-mesure pour la salle immersive \u00e0 360\u00b0 du M\u00e9morial de Caen","og_description":"Cr\u00e9er une salle de cin\u00e9ma immersive \u00e0 360\u00b0, au c\u0153ur du M\u00e9morial de Caen, est le d\u00e9fi que souhaitait relever son directeur St\u00e9phane Grimaldi","og_url":"https:\/\/batijournal.com\/index.php\/bardage-acier-sur-mesure-pour-la-salle-immersive-a-360-du-memorial-de-caen\/102093\/","og_site_name":"Batijournal","article_published_time":"2019-05-16T07:43:10+00:00","article_modified_time":"2019-07-15T09:26:42+00:00","og_image":[{"width":632,"height":366,"url":"https:\/\/batijournal.com\/wp-content\/uploads\/2019\/05\/bardage-metallique-salle-immersive-memorial-caen.png","type":"image\/png"}],"author":"St\u00e9phane Miget","twitter_card":"summary_large_image","twitter_creator":"@bati_journal","twitter_site":"@bati_journal","twitter_misc":{"\u00c9crit par":"St\u00e9phane Miget","Dur\u00e9e de lecture estim\u00e9e":"2 minutes"},"schema":{"@context":"https:\/\/schema.org","@graph":[{"@type":"Article","@id":"https:\/\/batijournal.com\/index.php\/bardage-acier-sur-mesure-pour-la-salle-immersive-a-360-du-memorial-de-caen\/102093\/#article","isPartOf":{"@id":"https:\/\/batijournal.com\/index.php\/bardage-acier-sur-mesure-pour-la-salle-immersive-a-360-du-memorial-de-caen\/102093\/"},"author":{"name":"St\u00e9phane Miget","@id":"https:\/\/batijournal.com\/#\/schema\/person\/1dc96ec6957aa1ccb25ebe78bb19f100"},"headline":"Bardage acier sur-mesure pour la salle immersive \u00e0 360\u00b0 du M\u00e9morial de Caen","datePublished":"2019-05-16T07:43:10+00:00","dateModified":"2019-07-15T09:26:42+00:00","mainEntityOfPage":{"@id":"https:\/\/batijournal.com\/index.php\/bardage-acier-sur-mesure-pour-la-salle-immersive-a-360-du-memorial-de-caen\/102093\/"},"wordCount":351,"image":{"@id":"https:\/\/batijournal.com\/index.php\/bardage-acier-sur-mesure-pour-la-salle-immersive-a-360-du-memorial-de-caen\/102093\/#primaryimage"},"thumbnailUrl":"https:\/\/batijournal.com\/wp-content\/uploads\/2019\/05\/bardage-metallique-salle-immersive-memorial-caen.png","articleSection":["Actualit\u00e9s","Architecture &amp; Conception","zz_5fa\u00e7ades","zz_Actualit\u00e9s - 5fa\u00e7ades"],"inLanguage":"fr-FR"},{"@type":"WebPage","@id":"https:\/\/batijournal.com\/index.php\/bardage-acier-sur-mesure-pour-la-salle-immersive-a-360-du-memorial-de-caen\/102093\/","url":"https:\/\/batijournal.com\/index.php\/bardage-acier-sur-mesure-pour-la-salle-immersive-a-360-du-memorial-de-caen\/102093\/","name":"Bardage acier sur-mesure pour la salle immersive \u00e0 360\u00b0 du M\u00e9morial de Caen","isPartOf":{"@id":"https:\/\/batijournal.com\/#website"},"primaryImageOfPage":{"@id":"https:\/\/batijournal.com\/index.php\/bardage-acier-sur-mesure-pour-la-salle-immersive-a-360-du-memorial-de-caen\/102093\/#primaryimage"},"image":{"@id":"https:\/\/batijournal.com\/index.php\/bardage-acier-sur-mesure-pour-la-salle-immersive-a-360-du-memorial-de-caen\/102093\/#primaryimage"},"thumbnailUrl":"https:\/\/batijournal.com\/wp-content\/uploads\/2019\/05\/bardage-metallique-salle-immersive-memorial-caen.png","datePublished":"2019-05-16T07:43:10+00:00","dateModified":"2019-07-15T09:26:42+00:00","author":{"@id":"https:\/\/batijournal.com\/#\/schema\/person\/1dc96ec6957aa1ccb25ebe78bb19f100"},"description":"Cr\u00e9er une salle de cin\u00e9ma immersive \u00e0 360\u00b0, au c\u0153ur du M\u00e9morial de Caen, est le d\u00e9fi que souhaitait relever son directeur St\u00e9phane Grimaldi","breadcrumb":{"@id":"https:\/\/batijournal.com\/index.php\/bardage-acier-sur-mesure-pour-la-salle-immersive-a-360-du-memorial-de-caen\/102093\/#breadcrumb"},"inLanguage":"fr-FR","potentialAction":[{"@type":"ReadAction","target":["https:\/\/batijournal.com\/index.php\/bardage-acier-sur-mesure-pour-la-salle-immersive-a-360-du-memorial-de-caen\/102093\/"]}]},{"@type":"ImageObject","inLanguage":"fr-FR","@id":"https:\/\/batijournal.com\/index.php\/bardage-acier-sur-mesure-pour-la-salle-immersive-a-360-du-memorial-de-caen\/102093\/#primaryimage","url":"https:\/\/batijournal.com\/wp-content\/uploads\/2019\/05\/bardage-metallique-salle-immersive-memorial-caen.png","contentUrl":"https:\/\/batijournal.com\/wp-content\/uploads\/2019\/05\/bardage-metallique-salle-immersive-memorial-caen.png","width":632,"height":366},{"@type":"BreadcrumbList","@id":"https:\/\/batijournal.com\/index.php\/bardage-acier-sur-mesure-pour-la-salle-immersive-a-360-du-memorial-de-caen\/102093\/#breadcrumb","itemListElement":[{"@type":"ListItem","position":1,"name":"Accueil","item":"https:\/\/batijournal.com\/"},{"@type":"ListItem","position":2,"name":"Actualit\u00e9s","item":"https:\/\/batijournal.com\/index.php\/category\/actualites\/"},{"@type":"ListItem","position":3,"name":"Bardage acier sur-mesure pour la salle immersive \u00e0 360\u00b0 du M\u00e9morial de Caen"}]},{"@type":"WebSite","@id":"https:\/\/batijournal.com\/#website","url":"https:\/\/batijournal.com\/","name":"Batijournal","description":"L&#039;actualit\u00e9 du b\u00e2timent","potentialAction":[{"@type":"SearchAction","target":{"@type":"EntryPoint","urlTemplate":"https:\/\/batijournal.com\/?s={search_term_string}"},"query-input":{"@type":"PropertyValueSpecification","valueRequired":true,"valueName":"search_term_string"}}],"inLanguage":"fr-FR"},{"@type":"Person","@id":"https:\/\/batijournal.com\/#\/schema\/person\/1dc96ec6957aa1ccb25ebe78bb19f100","name":"St\u00e9phane Miget","image":{"@type":"ImageObject","inLanguage":"fr-FR","@id":"https:\/\/secure.gravatar.com\/avatar\/89915563d925342126b8ef0281b93d9d7fc337043e8df017f780908eb9644451?s=96&d=mm&r=g","url":"https:\/\/secure.gravatar.com\/avatar\/89915563d925342126b8ef0281b93d9d7fc337043e8df017f780908eb9644451?s=96&d=mm&r=g","contentUrl":"https:\/\/secure.gravatar.com\/avatar\/89915563d925342126b8ef0281b93d9d7fc337043e8df017f780908eb9644451?s=96&d=mm&r=g","caption":"St\u00e9phane Miget"},"url":"https:\/\/batijournal.com\/index.php\/author\/stephane\/"}]}},"_links":{"self":[{"href":"https:\/\/batijournal.com\/index.php\/wp-json\/wp\/v2\/posts\/102093","targetHints":{"allow":["GET"]}}],"collection":[{"href":"https:\/\/batijournal.com\/index.php\/wp-json\/wp\/v2\/posts"}],"about":[{"href":"https:\/\/batijournal.com\/index.php\/wp-json\/wp\/v2\/types\/post"}],"author":[{"embeddable":true,"href":"https:\/\/batijournal.com\/index.php\/wp-json\/wp\/v2\/users\/17"}],"replies":[{"embeddable":true,"href":"https:\/\/batijournal.com\/index.php\/wp-json\/wp\/v2\/comments?post=102093"}],"version-history":[{"count":0,"href":"https:\/\/batijournal.com\/index.php\/wp-json\/wp\/v2\/posts\/102093\/revisions"}],"wp:featuredmedia":[{"embeddable":true,"href":"https:\/\/batijournal.com\/index.php\/wp-json\/wp\/v2\/media\/102094"}],"wp:attachment":[{"href":"https:\/\/batijournal.com\/index.php\/wp-json\/wp\/v2\/media?parent=102093"}],"wp:term":[{"taxonomy":"category","embeddable":true,"href":"https:\/\/batijournal.com\/index.php\/wp-json\/wp\/v2\/categories?post=102093"},{"taxonomy":"post_tag","embeddable":true,"href":"https:\/\/batijournal.com\/index.php\/wp-json\/wp\/v2\/tags?post=102093"}],"curies":[{"name":"wp","href":"https:\/\/api.w.org\/{rel}","templated":true}]}}