{"id":102095,"date":"2019-05-17T09:14:32","date_gmt":"2019-05-17T07:14:32","guid":{"rendered":"https:\/\/batijournal.com\/?p=102095"},"modified":"2019-07-15T12:01:53","modified_gmt":"2019-07-15T10:01:53","slug":"degradation-des-ventes-du-logement-appel-a-un-ptz-fort-sur-tous-les-territoires","status":"publish","type":"post","link":"https:\/\/batijournal.com\/index.php\/degradation-des-ventes-du-logement-appel-a-un-ptz-fort-sur-tous-les-territoires\/102095\/","title":{"rendered":"D\u00e9gradation des ventes du logement : appel \u00e0 un PTZ fort sur tous les territoires"},"content":{"rendered":"<p>Le march\u00e9 de la maison individuelle en secteur group\u00e9 subit toujours une forte \u00e9rosion selon les chiffres du minist\u00e8re. En glissement annuel \u00e0 fin mars 2019, les ventes reculent de 8,1 % sur trois mois et les mises en vente s\u2019effondrent de 45,5 % sur le premier trimestre, de 15,6 % sur un an. Les ventes en logement collectif affichent une relative stabilit\u00e9 (+ 0,2 % au premier trimestre 2019) mais les mises en vente d\u2019appartements chutent de 29,5 % sur ces trois m\u00eames mois. La situation s\u2019av\u00e8re tr\u00e8s pr\u00e9occupante dans les zones d\u00e9tendues. Au premier trimestre 2019, en zones B2 et C, les ventes de logements collectifs et individuels group\u00e9s s\u2019\u00e9croulent de 18,6 %, tandis que les mises en vente de ces deux segments de march\u00e9 s\u2019effondrent de 42 %. L&rsquo;offre bancaire tr\u00e8s favorable, avec des taux d\u2019int\u00e9r\u00eats historiquement bas, porte \u00e0 bout de bras la solvabilit\u00e9 des foyers les moins fortun\u00e9s.<\/p>\n<p><strong>Pour Gr\u00e9gory Monod, Pr\u00e9sident de LCA-FFB<\/strong>,<em> \u00ab le dynamisme du cr\u00e9dit immobilier ne doit pas faire oublier le r\u00f4le d\u00e9cisif des aides publiques pour le secteur du logement, notamment celles d\u00e9di\u00e9es \u00e0 l\u2019accession \u00e0 la propri\u00e9t\u00e9 des m\u00e9nages modestes. T\u00f4t ou tard, le march\u00e9 bancaire se retournera et il ne pourra contenir bien longtemps les effets d\u00e9sastreux pour ces m\u00e9nages de la disparition du PTZ en zones d\u00e9tendues si celle-ci \u00e9tait confirm\u00e9e. Dans l\u2019attente de la r\u00e9forme du zonage annonc\u00e9e apr\u00e8s les municipales, nous appelons une nouvelle fois le Gouvernement \u00e0 r\u00e9tablir le pr\u00eat \u00e0 taux z\u00e9ro aux conditions d\u2019avant 2018 en zones B2 et C, et \u00e0 le prolonger jusqu\u2019\u00e0 fin 2021 \u00bb.<\/em><\/p>\n","protected":false},"excerpt":{"rendered":"<p>Le march\u00e9 de la maison individuelle en secteur group\u00e9 subit toujours une forte \u00e9rosion selon les chiffres du minist\u00e8re. En glissement annuel \u00e0 fin mars 2019, les ventes reculent de 8,1 % sur trois mois et les mises en vente s\u2019effondrent de 45,5 % sur le premier trimestre, de 15,6 % sur un an. Les [&hellip;]<\/p>\n","protected":false},"author":17,"featured_media":91516,"comment_status":"closed","ping_status":"closed","sticky":false,"template":"","format":"standard","meta":{"_et_pb_use_builder":"","_et_pb_old_content":"","_et_gb_content_width":"","footnotes":""},"categories":[10736,10530,6345],"tags":[53],"class_list":["post-102095","post","type-post","status-publish","format-standard","has-post-thumbnail","hentry","category-a-la-une","category-actualites","category-economie-marches","tag-construction"],"yoast_head":"<!-- This site is optimized with the Yoast SEO plugin v27.4 - https:\/\/yoast.com\/product\/yoast-seo-wordpress\/ -->\n<title>D\u00e9gradation des ventes du logement : appel \u00e0 un PTZ fort sur tous les territoires<\/title>\n<meta name=\"description\" content=\"Le march\u00e9 de la maison individuelle en secteur group\u00e9 subit toujours une forte \u00e9rosion selon les chiffres du minist\u00e8re, les ventes reculent de 8,1 %\" \/>\n<meta name=\"robots\" content=\"index, follow, max-snippet:-1, max-image-preview:large, max-video-preview:-1\" \/>\n<link rel=\"canonical\" href=\"https:\/\/batijournal.com\/index.php\/degradation-des-ventes-du-logement-appel-a-un-ptz-fort-sur-tous-les-territoires\/102095\/\" \/>\n<meta property=\"og:locale\" content=\"fr_FR\" \/>\n<meta property=\"og:type\" content=\"article\" \/>\n<meta property=\"og:title\" content=\"D\u00e9gradation des ventes du logement : appel \u00e0 un PTZ fort sur tous les territoires\" \/>\n<meta property=\"og:description\" content=\"Le march\u00e9 de la maison individuelle en secteur group\u00e9 subit toujours une forte \u00e9rosion selon les chiffres du minist\u00e8re, les ventes reculent de 8,1 %\" \/>\n<meta property=\"og:url\" content=\"https:\/\/batijournal.com\/index.php\/degradation-des-ventes-du-logement-appel-a-un-ptz-fort-sur-tous-les-territoires\/102095\/\" \/>\n<meta property=\"og:site_name\" content=\"Batijournal\" \/>\n<meta property=\"article:published_time\" content=\"2019-05-17T07:14:32+00:00\" \/>\n<meta property=\"article:modified_time\" content=\"2019-07-15T10:01:53+00:00\" \/>\n<meta property=\"og:image\" content=\"https:\/\/batijournal.com\/wp-content\/uploads\/2016\/02\/construction.jpg\" \/>\n\t<meta property=\"og:image:width\" content=\"1200\" \/>\n\t<meta property=\"og:image:height\" content=\"800\" \/>\n\t<meta property=\"og:image:type\" content=\"image\/jpeg\" \/>\n<meta name=\"author\" content=\"St\u00e9phane Miget\" \/>\n<meta name=\"twitter:card\" content=\"summary_large_image\" \/>\n<meta name=\"twitter:creator\" content=\"@bati_journal\" \/>\n<meta name=\"twitter:site\" content=\"@bati_journal\" \/>\n<meta name=\"twitter:label1\" content=\"\u00c9crit par\" \/>\n\t<meta name=\"twitter:data1\" content=\"St\u00e9phane Miget\" \/>\n\t<meta name=\"twitter:label2\" content=\"Dur\u00e9e de lecture estim\u00e9e\" \/>\n\t<meta name=\"twitter:data2\" content=\"1 minute\" \/>\n<script type=\"application\/ld+json\" class=\"yoast-schema-graph\">{\"@context\":\"https:\\\/\\\/schema.org\",\"@graph\":[{\"@type\":\"Article\",\"@id\":\"https:\\\/\\\/batijournal.com\\\/index.php\\\/degradation-des-ventes-du-logement-appel-a-un-ptz-fort-sur-tous-les-territoires\\\/102095\\\/#article\",\"isPartOf\":{\"@id\":\"https:\\\/\\\/batijournal.com\\\/index.php\\\/degradation-des-ventes-du-logement-appel-a-un-ptz-fort-sur-tous-les-territoires\\\/102095\\\/\"},\"author\":{\"name\":\"St\u00e9phane Miget\",\"@id\":\"https:\\\/\\\/batijournal.com\\\/#\\\/schema\\\/person\\\/1dc96ec6957aa1ccb25ebe78bb19f100\"},\"headline\":\"D\u00e9gradation des ventes du logement : appel \u00e0 un PTZ fort sur tous les territoires\",\"datePublished\":\"2019-05-17T07:14:32+00:00\",\"dateModified\":\"2019-07-15T10:01:53+00:00\",\"mainEntityOfPage\":{\"@id\":\"https:\\\/\\\/batijournal.com\\\/index.php\\\/degradation-des-ventes-du-logement-appel-a-un-ptz-fort-sur-tous-les-territoires\\\/102095\\\/\"},\"wordCount\":293,\"image\":{\"@id\":\"https:\\\/\\\/batijournal.com\\\/index.php\\\/degradation-des-ventes-du-logement-appel-a-un-ptz-fort-sur-tous-les-territoires\\\/102095\\\/#primaryimage\"},\"thumbnailUrl\":\"https:\\\/\\\/batijournal.com\\\/wp-content\\\/uploads\\\/2016\\\/02\\\/construction.jpg\",\"keywords\":[\"construction\"],\"articleSection\":[\"A la Une\",\"Actualit\u00e9s\",\"\u00c9conomie &amp; March\u00e9s\"],\"inLanguage\":\"fr-FR\"},{\"@type\":\"WebPage\",\"@id\":\"https:\\\/\\\/batijournal.com\\\/index.php\\\/degradation-des-ventes-du-logement-appel-a-un-ptz-fort-sur-tous-les-territoires\\\/102095\\\/\",\"url\":\"https:\\\/\\\/batijournal.com\\\/index.php\\\/degradation-des-ventes-du-logement-appel-a-un-ptz-fort-sur-tous-les-territoires\\\/102095\\\/\",\"name\":\"D\u00e9gradation des ventes du logement : appel \u00e0 un PTZ fort sur tous les territoires\",\"isPartOf\":{\"@id\":\"https:\\\/\\\/batijournal.com\\\/#website\"},\"primaryImageOfPage\":{\"@id\":\"https:\\\/\\\/batijournal.com\\\/index.php\\\/degradation-des-ventes-du-logement-appel-a-un-ptz-fort-sur-tous-les-territoires\\\/102095\\\/#primaryimage\"},\"image\":{\"@id\":\"https:\\\/\\\/batijournal.com\\\/index.php\\\/degradation-des-ventes-du-logement-appel-a-un-ptz-fort-sur-tous-les-territoires\\\/102095\\\/#primaryimage\"},\"thumbnailUrl\":\"https:\\\/\\\/batijournal.com\\\/wp-content\\\/uploads\\\/2016\\\/02\\\/construction.jpg\",\"datePublished\":\"2019-05-17T07:14:32+00:00\",\"dateModified\":\"2019-07-15T10:01:53+00:00\",\"author\":{\"@id\":\"https:\\\/\\\/batijournal.com\\\/#\\\/schema\\\/person\\\/1dc96ec6957aa1ccb25ebe78bb19f100\"},\"description\":\"Le march\u00e9 de la maison individuelle en secteur group\u00e9 subit toujours une forte \u00e9rosion selon les chiffres du minist\u00e8re, les ventes reculent de 8,1 %\",\"breadcrumb\":{\"@id\":\"https:\\\/\\\/batijournal.com\\\/index.php\\\/degradation-des-ventes-du-logement-appel-a-un-ptz-fort-sur-tous-les-territoires\\\/102095\\\/#breadcrumb\"},\"inLanguage\":\"fr-FR\",\"potentialAction\":[{\"@type\":\"ReadAction\",\"target\":[\"https:\\\/\\\/batijournal.com\\\/index.php\\\/degradation-des-ventes-du-logement-appel-a-un-ptz-fort-sur-tous-les-territoires\\\/102095\\\/\"]}]},{\"@type\":\"ImageObject\",\"inLanguage\":\"fr-FR\",\"@id\":\"https:\\\/\\\/batijournal.com\\\/index.php\\\/degradation-des-ventes-du-logement-appel-a-un-ptz-fort-sur-tous-les-territoires\\\/102095\\\/#primaryimage\",\"url\":\"https:\\\/\\\/batijournal.com\\\/wp-content\\\/uploads\\\/2016\\\/02\\\/construction.jpg\",\"contentUrl\":\"https:\\\/\\\/batijournal.com\\\/wp-content\\\/uploads\\\/2016\\\/02\\\/construction.jpg\",\"width\":1200,\"height\":800},{\"@type\":\"BreadcrumbList\",\"@id\":\"https:\\\/\\\/batijournal.com\\\/index.php\\\/degradation-des-ventes-du-logement-appel-a-un-ptz-fort-sur-tous-les-territoires\\\/102095\\\/#breadcrumb\",\"itemListElement\":[{\"@type\":\"ListItem\",\"position\":1,\"name\":\"Accueil\",\"item\":\"https:\\\/\\\/batijournal.com\\\/\"},{\"@type\":\"ListItem\",\"position\":2,\"name\":\"A la Une\",\"item\":\"https:\\\/\\\/batijournal.com\\\/index.php\\\/category\\\/a-la-une\\\/\"},{\"@type\":\"ListItem\",\"position\":3,\"name\":\"D\u00e9gradation des ventes du logement : appel \u00e0 un PTZ fort sur tous les territoires\"}]},{\"@type\":\"WebSite\",\"@id\":\"https:\\\/\\\/batijournal.com\\\/#website\",\"url\":\"https:\\\/\\\/batijournal.com\\\/\",\"name\":\"Batijournal\",\"description\":\"L&#039;actualit\u00e9 du b\u00e2timent\",\"potentialAction\":[{\"@type\":\"SearchAction\",\"target\":{\"@type\":\"EntryPoint\",\"urlTemplate\":\"https:\\\/\\\/batijournal.com\\\/?s={search_term_string}\"},\"query-input\":{\"@type\":\"PropertyValueSpecification\",\"valueRequired\":true,\"valueName\":\"search_term_string\"}}],\"inLanguage\":\"fr-FR\"},{\"@type\":\"Person\",\"@id\":\"https:\\\/\\\/batijournal.com\\\/#\\\/schema\\\/person\\\/1dc96ec6957aa1ccb25ebe78bb19f100\",\"name\":\"St\u00e9phane Miget\",\"image\":{\"@type\":\"ImageObject\",\"inLanguage\":\"fr-FR\",\"@id\":\"https:\\\/\\\/secure.gravatar.com\\\/avatar\\\/89915563d925342126b8ef0281b93d9d7fc337043e8df017f780908eb9644451?s=96&d=mm&r=g\",\"url\":\"https:\\\/\\\/secure.gravatar.com\\\/avatar\\\/89915563d925342126b8ef0281b93d9d7fc337043e8df017f780908eb9644451?s=96&d=mm&r=g\",\"contentUrl\":\"https:\\\/\\\/secure.gravatar.com\\\/avatar\\\/89915563d925342126b8ef0281b93d9d7fc337043e8df017f780908eb9644451?s=96&d=mm&r=g\",\"caption\":\"St\u00e9phane Miget\"},\"url\":\"https:\\\/\\\/batijournal.com\\\/index.php\\\/author\\\/stephane\\\/\"}]}<\/script>\n<!-- \/ Yoast SEO plugin. -->","yoast_head_json":{"title":"D\u00e9gradation des ventes du logement : appel \u00e0 un PTZ fort sur tous les territoires","description":"Le march\u00e9 de la maison individuelle en secteur group\u00e9 subit toujours une forte \u00e9rosion selon les chiffres du minist\u00e8re, les ventes reculent de 8,1 %","robots":{"index":"index","follow":"follow","max-snippet":"max-snippet:-1","max-image-preview":"max-image-preview:large","max-video-preview":"max-video-preview:-1"},"canonical":"https:\/\/batijournal.com\/index.php\/degradation-des-ventes-du-logement-appel-a-un-ptz-fort-sur-tous-les-territoires\/102095\/","og_locale":"fr_FR","og_type":"article","og_title":"D\u00e9gradation des ventes du logement : appel \u00e0 un PTZ fort sur tous les territoires","og_description":"Le march\u00e9 de la maison individuelle en secteur group\u00e9 subit toujours une forte \u00e9rosion selon les chiffres du minist\u00e8re, les ventes reculent de 8,1 %","og_url":"https:\/\/batijournal.com\/index.php\/degradation-des-ventes-du-logement-appel-a-un-ptz-fort-sur-tous-les-territoires\/102095\/","og_site_name":"Batijournal","article_published_time":"2019-05-17T07:14:32+00:00","article_modified_time":"2019-07-15T10:01:53+00:00","og_image":[{"width":1200,"height":800,"url":"https:\/\/batijournal.com\/wp-content\/uploads\/2016\/02\/construction.jpg","type":"image\/jpeg"}],"author":"St\u00e9phane Miget","twitter_card":"summary_large_image","twitter_creator":"@bati_journal","twitter_site":"@bati_journal","twitter_misc":{"\u00c9crit par":"St\u00e9phane Miget","Dur\u00e9e de lecture estim\u00e9e":"1 minute"},"schema":{"@context":"https:\/\/schema.org","@graph":[{"@type":"Article","@id":"https:\/\/batijournal.com\/index.php\/degradation-des-ventes-du-logement-appel-a-un-ptz-fort-sur-tous-les-territoires\/102095\/#article","isPartOf":{"@id":"https:\/\/batijournal.com\/index.php\/degradation-des-ventes-du-logement-appel-a-un-ptz-fort-sur-tous-les-territoires\/102095\/"},"author":{"name":"St\u00e9phane Miget","@id":"https:\/\/batijournal.com\/#\/schema\/person\/1dc96ec6957aa1ccb25ebe78bb19f100"},"headline":"D\u00e9gradation des ventes du logement : appel \u00e0 un PTZ fort sur tous les territoires","datePublished":"2019-05-17T07:14:32+00:00","dateModified":"2019-07-15T10:01:53+00:00","mainEntityOfPage":{"@id":"https:\/\/batijournal.com\/index.php\/degradation-des-ventes-du-logement-appel-a-un-ptz-fort-sur-tous-les-territoires\/102095\/"},"wordCount":293,"image":{"@id":"https:\/\/batijournal.com\/index.php\/degradation-des-ventes-du-logement-appel-a-un-ptz-fort-sur-tous-les-territoires\/102095\/#primaryimage"},"thumbnailUrl":"https:\/\/batijournal.com\/wp-content\/uploads\/2016\/02\/construction.jpg","keywords":["construction"],"articleSection":["A la Une","Actualit\u00e9s","\u00c9conomie &amp; March\u00e9s"],"inLanguage":"fr-FR"},{"@type":"WebPage","@id":"https:\/\/batijournal.com\/index.php\/degradation-des-ventes-du-logement-appel-a-un-ptz-fort-sur-tous-les-territoires\/102095\/","url":"https:\/\/batijournal.com\/index.php\/degradation-des-ventes-du-logement-appel-a-un-ptz-fort-sur-tous-les-territoires\/102095\/","name":"D\u00e9gradation des ventes du logement : appel \u00e0 un PTZ fort sur tous les territoires","isPartOf":{"@id":"https:\/\/batijournal.com\/#website"},"primaryImageOfPage":{"@id":"https:\/\/batijournal.com\/index.php\/degradation-des-ventes-du-logement-appel-a-un-ptz-fort-sur-tous-les-territoires\/102095\/#primaryimage"},"image":{"@id":"https:\/\/batijournal.com\/index.php\/degradation-des-ventes-du-logement-appel-a-un-ptz-fort-sur-tous-les-territoires\/102095\/#primaryimage"},"thumbnailUrl":"https:\/\/batijournal.com\/wp-content\/uploads\/2016\/02\/construction.jpg","datePublished":"2019-05-17T07:14:32+00:00","dateModified":"2019-07-15T10:01:53+00:00","author":{"@id":"https:\/\/batijournal.com\/#\/schema\/person\/1dc96ec6957aa1ccb25ebe78bb19f100"},"description":"Le march\u00e9 de la maison individuelle en secteur group\u00e9 subit toujours une forte \u00e9rosion selon les chiffres du minist\u00e8re, les ventes reculent de 8,1 %","breadcrumb":{"@id":"https:\/\/batijournal.com\/index.php\/degradation-des-ventes-du-logement-appel-a-un-ptz-fort-sur-tous-les-territoires\/102095\/#breadcrumb"},"inLanguage":"fr-FR","potentialAction":[{"@type":"ReadAction","target":["https:\/\/batijournal.com\/index.php\/degradation-des-ventes-du-logement-appel-a-un-ptz-fort-sur-tous-les-territoires\/102095\/"]}]},{"@type":"ImageObject","inLanguage":"fr-FR","@id":"https:\/\/batijournal.com\/index.php\/degradation-des-ventes-du-logement-appel-a-un-ptz-fort-sur-tous-les-territoires\/102095\/#primaryimage","url":"https:\/\/batijournal.com\/wp-content\/uploads\/2016\/02\/construction.jpg","contentUrl":"https:\/\/batijournal.com\/wp-content\/uploads\/2016\/02\/construction.jpg","width":1200,"height":800},{"@type":"BreadcrumbList","@id":"https:\/\/batijournal.com\/index.php\/degradation-des-ventes-du-logement-appel-a-un-ptz-fort-sur-tous-les-territoires\/102095\/#breadcrumb","itemListElement":[{"@type":"ListItem","position":1,"name":"Accueil","item":"https:\/\/batijournal.com\/"},{"@type":"ListItem","position":2,"name":"A la Une","item":"https:\/\/batijournal.com\/index.php\/category\/a-la-une\/"},{"@type":"ListItem","position":3,"name":"D\u00e9gradation des ventes du logement : appel \u00e0 un PTZ fort sur tous les territoires"}]},{"@type":"WebSite","@id":"https:\/\/batijournal.com\/#website","url":"https:\/\/batijournal.com\/","name":"Batijournal","description":"L&#039;actualit\u00e9 du b\u00e2timent","potentialAction":[{"@type":"SearchAction","target":{"@type":"EntryPoint","urlTemplate":"https:\/\/batijournal.com\/?s={search_term_string}"},"query-input":{"@type":"PropertyValueSpecification","valueRequired":true,"valueName":"search_term_string"}}],"inLanguage":"fr-FR"},{"@type":"Person","@id":"https:\/\/batijournal.com\/#\/schema\/person\/1dc96ec6957aa1ccb25ebe78bb19f100","name":"St\u00e9phane Miget","image":{"@type":"ImageObject","inLanguage":"fr-FR","@id":"https:\/\/secure.gravatar.com\/avatar\/89915563d925342126b8ef0281b93d9d7fc337043e8df017f780908eb9644451?s=96&d=mm&r=g","url":"https:\/\/secure.gravatar.com\/avatar\/89915563d925342126b8ef0281b93d9d7fc337043e8df017f780908eb9644451?s=96&d=mm&r=g","contentUrl":"https:\/\/secure.gravatar.com\/avatar\/89915563d925342126b8ef0281b93d9d7fc337043e8df017f780908eb9644451?s=96&d=mm&r=g","caption":"St\u00e9phane Miget"},"url":"https:\/\/batijournal.com\/index.php\/author\/stephane\/"}]}},"_links":{"self":[{"href":"https:\/\/batijournal.com\/index.php\/wp-json\/wp\/v2\/posts\/102095","targetHints":{"allow":["GET"]}}],"collection":[{"href":"https:\/\/batijournal.com\/index.php\/wp-json\/wp\/v2\/posts"}],"about":[{"href":"https:\/\/batijournal.com\/index.php\/wp-json\/wp\/v2\/types\/post"}],"author":[{"embeddable":true,"href":"https:\/\/batijournal.com\/index.php\/wp-json\/wp\/v2\/users\/17"}],"replies":[{"embeddable":true,"href":"https:\/\/batijournal.com\/index.php\/wp-json\/wp\/v2\/comments?post=102095"}],"version-history":[{"count":0,"href":"https:\/\/batijournal.com\/index.php\/wp-json\/wp\/v2\/posts\/102095\/revisions"}],"wp:featuredmedia":[{"embeddable":true,"href":"https:\/\/batijournal.com\/index.php\/wp-json\/wp\/v2\/media\/91516"}],"wp:attachment":[{"href":"https:\/\/batijournal.com\/index.php\/wp-json\/wp\/v2\/media?parent=102095"}],"wp:term":[{"taxonomy":"category","embeddable":true,"href":"https:\/\/batijournal.com\/index.php\/wp-json\/wp\/v2\/categories?post=102095"},{"taxonomy":"post_tag","embeddable":true,"href":"https:\/\/batijournal.com\/index.php\/wp-json\/wp\/v2\/tags?post=102095"}],"curies":[{"name":"wp","href":"https:\/\/api.w.org\/{rel}","templated":true}]}}