{"id":102105,"date":"2019-05-20T08:05:41","date_gmt":"2019-05-20T06:05:41","guid":{"rendered":"https:\/\/batijournal.com\/?p=102105"},"modified":"2019-07-15T11:26:42","modified_gmt":"2019-07-15T09:26:42","slug":"renovation-du-centre-ville-de-marseille-une-coordinatrice-designee","status":"publish","type":"post","link":"https:\/\/batijournal.com\/index.php\/renovation-du-centre-ville-de-marseille-une-coordinatrice-designee\/102105\/","title":{"rendered":"R\u00e9novation du centre-ville de Marseille : une coordinatrice d\u00e9sign\u00e9e"},"content":{"rendered":"<p>Muriel JOER LE CORRE, ing\u00e9nieure g\u00e9n\u00e9rale de la fonction publique territoriale, a \u00e9t\u00e9 nomm\u00e9e directrice de projet \u00ab r\u00e9novation du centre-ville de Marseille \u00bb aupr\u00e8s du pr\u00e9fet de la r\u00e9gion Provence-Alpes-C\u00f4te d&rsquo;Azur, pour une dur\u00e9e de trois ans, \u00e0 compter du 12 juin 2019, par arr\u00eat\u00e9 du Premier ministre et de la ministre de la coh\u00e9sion des territoires et des relations avec les collectivit\u00e9s territoriales. Elle sera charg\u00e9e d&rsquo;assurer la coordination des services de l&rsquo;Etat dans le cadre de la r\u00e9novation du centre-ville de Marseille. Elle contribuera, \u00e9galement, \u00e0 l&rsquo;\u00e9tablissement d&rsquo;un projet partenarial d&rsquo;am\u00e9nagement et \u00e0 la pr\u00e9figuration et la mise en \u0153uvre des outils n\u00e9cessaires \u00e0 sa r\u00e9alisation.<\/p>\n","protected":false},"excerpt":{"rendered":"<p>Muriel JOER LE CORRE, ing\u00e9nieure g\u00e9n\u00e9rale de la fonction publique territoriale, a \u00e9t\u00e9 nomm\u00e9e directrice de projet \u00ab r\u00e9novation du centre-ville de Marseille \u00bb aupr\u00e8s du pr\u00e9fet de la r\u00e9gion Provence-Alpes-C\u00f4te d&rsquo;Azur, pour une dur\u00e9e de trois ans, \u00e0 compter du 12 juin 2019, par arr\u00eat\u00e9 du Premier ministre et de la ministre de la [&hellip;]<\/p>\n","protected":false},"author":17,"featured_media":102108,"comment_status":"closed","ping_status":"closed","sticky":false,"template":"","format":"standard","meta":{"_et_pb_use_builder":"","_et_pb_old_content":"","_et_gb_content_width":"","footnotes":""},"categories":[10530,6340],"tags":[3592],"class_list":["post-102105","post","type-post","status-publish","format-standard","has-post-thumbnail","hentry","category-actualites","category-architecture-conception","tag-marseille"],"yoast_head":"<!-- This site is optimized with the Yoast SEO plugin v27.4 - https:\/\/yoast.com\/product\/yoast-seo-wordpress\/ -->\n<title>R\u00e9novation du centre-ville de Marseille : une coordinatrice d\u00e9sign\u00e9e<\/title>\n<meta name=\"description\" content=\"Muriel JOER LE CORRE, ing\u00e9nieure g\u00e9n\u00e9rale de la fonction publique territoriale, a \u00e9t\u00e9 nomm\u00e9e directrice de projet r\u00e9novation du centre-ville de Marseille\" \/>\n<meta name=\"robots\" content=\"index, follow, max-snippet:-1, max-image-preview:large, max-video-preview:-1\" \/>\n<link rel=\"canonical\" href=\"https:\/\/batijournal.com\/index.php\/renovation-du-centre-ville-de-marseille-une-coordinatrice-designee\/102105\/\" \/>\n<meta property=\"og:locale\" content=\"fr_FR\" \/>\n<meta property=\"og:type\" content=\"article\" \/>\n<meta property=\"og:title\" content=\"R\u00e9novation du centre-ville de Marseille : une coordinatrice d\u00e9sign\u00e9e\" \/>\n<meta property=\"og:description\" content=\"Muriel JOER LE CORRE, ing\u00e9nieure g\u00e9n\u00e9rale de la fonction publique territoriale, a \u00e9t\u00e9 nomm\u00e9e directrice de projet r\u00e9novation du centre-ville de Marseille\" \/>\n<meta property=\"og:url\" content=\"https:\/\/batijournal.com\/index.php\/renovation-du-centre-ville-de-marseille-une-coordinatrice-designee\/102105\/\" \/>\n<meta property=\"og:site_name\" content=\"Batijournal\" \/>\n<meta property=\"article:published_time\" content=\"2019-05-20T06:05:41+00:00\" \/>\n<meta property=\"article:modified_time\" content=\"2019-07-15T09:26:42+00:00\" \/>\n<meta property=\"og:image\" content=\"https:\/\/batijournal.com\/wp-content\/uploads\/2019\/05\/marseille2.jpg\" \/>\n\t<meta property=\"og:image:width\" content=\"1200\" \/>\n\t<meta property=\"og:image:height\" content=\"652\" \/>\n\t<meta property=\"og:image:type\" content=\"image\/jpeg\" \/>\n<meta name=\"author\" content=\"St\u00e9phane Miget\" \/>\n<meta name=\"twitter:card\" content=\"summary_large_image\" \/>\n<meta name=\"twitter:creator\" content=\"@bati_journal\" \/>\n<meta name=\"twitter:site\" content=\"@bati_journal\" \/>\n<meta name=\"twitter:label1\" content=\"\u00c9crit par\" \/>\n\t<meta name=\"twitter:data1\" content=\"St\u00e9phane Miget\" \/>\n\t<meta name=\"twitter:label2\" content=\"Dur\u00e9e de lecture estim\u00e9e\" \/>\n\t<meta name=\"twitter:data2\" content=\"1 minute\" \/>\n<script type=\"application\/ld+json\" class=\"yoast-schema-graph\">{\"@context\":\"https:\\\/\\\/schema.org\",\"@graph\":[{\"@type\":\"Article\",\"@id\":\"https:\\\/\\\/batijournal.com\\\/index.php\\\/renovation-du-centre-ville-de-marseille-une-coordinatrice-designee\\\/102105\\\/#article\",\"isPartOf\":{\"@id\":\"https:\\\/\\\/batijournal.com\\\/index.php\\\/renovation-du-centre-ville-de-marseille-une-coordinatrice-designee\\\/102105\\\/\"},\"author\":{\"name\":\"St\u00e9phane Miget\",\"@id\":\"https:\\\/\\\/batijournal.com\\\/#\\\/schema\\\/person\\\/1dc96ec6957aa1ccb25ebe78bb19f100\"},\"headline\":\"R\u00e9novation du centre-ville de Marseille : une coordinatrice d\u00e9sign\u00e9e\",\"datePublished\":\"2019-05-20T06:05:41+00:00\",\"dateModified\":\"2019-07-15T09:26:42+00:00\",\"mainEntityOfPage\":{\"@id\":\"https:\\\/\\\/batijournal.com\\\/index.php\\\/renovation-du-centre-ville-de-marseille-une-coordinatrice-designee\\\/102105\\\/\"},\"wordCount\":137,\"image\":{\"@id\":\"https:\\\/\\\/batijournal.com\\\/index.php\\\/renovation-du-centre-ville-de-marseille-une-coordinatrice-designee\\\/102105\\\/#primaryimage\"},\"thumbnailUrl\":\"https:\\\/\\\/batijournal.com\\\/wp-content\\\/uploads\\\/2019\\\/05\\\/marseille2.jpg\",\"keywords\":[\"Marseille\"],\"articleSection\":[\"Actualit\u00e9s\",\"Architecture &amp; Conception\"],\"inLanguage\":\"fr-FR\"},{\"@type\":\"WebPage\",\"@id\":\"https:\\\/\\\/batijournal.com\\\/index.php\\\/renovation-du-centre-ville-de-marseille-une-coordinatrice-designee\\\/102105\\\/\",\"url\":\"https:\\\/\\\/batijournal.com\\\/index.php\\\/renovation-du-centre-ville-de-marseille-une-coordinatrice-designee\\\/102105\\\/\",\"name\":\"R\u00e9novation du centre-ville de Marseille : une coordinatrice d\u00e9sign\u00e9e\",\"isPartOf\":{\"@id\":\"https:\\\/\\\/batijournal.com\\\/#website\"},\"primaryImageOfPage\":{\"@id\":\"https:\\\/\\\/batijournal.com\\\/index.php\\\/renovation-du-centre-ville-de-marseille-une-coordinatrice-designee\\\/102105\\\/#primaryimage\"},\"image\":{\"@id\":\"https:\\\/\\\/batijournal.com\\\/index.php\\\/renovation-du-centre-ville-de-marseille-une-coordinatrice-designee\\\/102105\\\/#primaryimage\"},\"thumbnailUrl\":\"https:\\\/\\\/batijournal.com\\\/wp-content\\\/uploads\\\/2019\\\/05\\\/marseille2.jpg\",\"datePublished\":\"2019-05-20T06:05:41+00:00\",\"dateModified\":\"2019-07-15T09:26:42+00:00\",\"author\":{\"@id\":\"https:\\\/\\\/batijournal.com\\\/#\\\/schema\\\/person\\\/1dc96ec6957aa1ccb25ebe78bb19f100\"},\"description\":\"Muriel JOER LE CORRE, ing\u00e9nieure g\u00e9n\u00e9rale de la fonction publique territoriale, a \u00e9t\u00e9 nomm\u00e9e directrice de projet r\u00e9novation du centre-ville de Marseille\",\"breadcrumb\":{\"@id\":\"https:\\\/\\\/batijournal.com\\\/index.php\\\/renovation-du-centre-ville-de-marseille-une-coordinatrice-designee\\\/102105\\\/#breadcrumb\"},\"inLanguage\":\"fr-FR\",\"potentialAction\":[{\"@type\":\"ReadAction\",\"target\":[\"https:\\\/\\\/batijournal.com\\\/index.php\\\/renovation-du-centre-ville-de-marseille-une-coordinatrice-designee\\\/102105\\\/\"]}]},{\"@type\":\"ImageObject\",\"inLanguage\":\"fr-FR\",\"@id\":\"https:\\\/\\\/batijournal.com\\\/index.php\\\/renovation-du-centre-ville-de-marseille-une-coordinatrice-designee\\\/102105\\\/#primaryimage\",\"url\":\"https:\\\/\\\/batijournal.com\\\/wp-content\\\/uploads\\\/2019\\\/05\\\/marseille2.jpg\",\"contentUrl\":\"https:\\\/\\\/batijournal.com\\\/wp-content\\\/uploads\\\/2019\\\/05\\\/marseille2.jpg\",\"width\":1200,\"height\":652},{\"@type\":\"BreadcrumbList\",\"@id\":\"https:\\\/\\\/batijournal.com\\\/index.php\\\/renovation-du-centre-ville-de-marseille-une-coordinatrice-designee\\\/102105\\\/#breadcrumb\",\"itemListElement\":[{\"@type\":\"ListItem\",\"position\":1,\"name\":\"Accueil\",\"item\":\"https:\\\/\\\/batijournal.com\\\/\"},{\"@type\":\"ListItem\",\"position\":2,\"name\":\"Actualit\u00e9s\",\"item\":\"https:\\\/\\\/batijournal.com\\\/index.php\\\/category\\\/actualites\\\/\"},{\"@type\":\"ListItem\",\"position\":3,\"name\":\"R\u00e9novation du centre-ville de Marseille : une coordinatrice d\u00e9sign\u00e9e\"}]},{\"@type\":\"WebSite\",\"@id\":\"https:\\\/\\\/batijournal.com\\\/#website\",\"url\":\"https:\\\/\\\/batijournal.com\\\/\",\"name\":\"Batijournal\",\"description\":\"L&#039;actualit\u00e9 du b\u00e2timent\",\"potentialAction\":[{\"@type\":\"SearchAction\",\"target\":{\"@type\":\"EntryPoint\",\"urlTemplate\":\"https:\\\/\\\/batijournal.com\\\/?s={search_term_string}\"},\"query-input\":{\"@type\":\"PropertyValueSpecification\",\"valueRequired\":true,\"valueName\":\"search_term_string\"}}],\"inLanguage\":\"fr-FR\"},{\"@type\":\"Person\",\"@id\":\"https:\\\/\\\/batijournal.com\\\/#\\\/schema\\\/person\\\/1dc96ec6957aa1ccb25ebe78bb19f100\",\"name\":\"St\u00e9phane Miget\",\"image\":{\"@type\":\"ImageObject\",\"inLanguage\":\"fr-FR\",\"@id\":\"https:\\\/\\\/secure.gravatar.com\\\/avatar\\\/89915563d925342126b8ef0281b93d9d7fc337043e8df017f780908eb9644451?s=96&d=mm&r=g\",\"url\":\"https:\\\/\\\/secure.gravatar.com\\\/avatar\\\/89915563d925342126b8ef0281b93d9d7fc337043e8df017f780908eb9644451?s=96&d=mm&r=g\",\"contentUrl\":\"https:\\\/\\\/secure.gravatar.com\\\/avatar\\\/89915563d925342126b8ef0281b93d9d7fc337043e8df017f780908eb9644451?s=96&d=mm&r=g\",\"caption\":\"St\u00e9phane Miget\"},\"url\":\"https:\\\/\\\/batijournal.com\\\/index.php\\\/author\\\/stephane\\\/\"}]}<\/script>\n<!-- \/ Yoast SEO plugin. -->","yoast_head_json":{"title":"R\u00e9novation du centre-ville de Marseille : une coordinatrice d\u00e9sign\u00e9e","description":"Muriel JOER LE CORRE, ing\u00e9nieure g\u00e9n\u00e9rale de la fonction publique territoriale, a \u00e9t\u00e9 nomm\u00e9e directrice de projet r\u00e9novation du centre-ville de Marseille","robots":{"index":"index","follow":"follow","max-snippet":"max-snippet:-1","max-image-preview":"max-image-preview:large","max-video-preview":"max-video-preview:-1"},"canonical":"https:\/\/batijournal.com\/index.php\/renovation-du-centre-ville-de-marseille-une-coordinatrice-designee\/102105\/","og_locale":"fr_FR","og_type":"article","og_title":"R\u00e9novation du centre-ville de Marseille : une coordinatrice d\u00e9sign\u00e9e","og_description":"Muriel JOER LE CORRE, ing\u00e9nieure g\u00e9n\u00e9rale de la fonction publique territoriale, a \u00e9t\u00e9 nomm\u00e9e directrice de projet r\u00e9novation du centre-ville de Marseille","og_url":"https:\/\/batijournal.com\/index.php\/renovation-du-centre-ville-de-marseille-une-coordinatrice-designee\/102105\/","og_site_name":"Batijournal","article_published_time":"2019-05-20T06:05:41+00:00","article_modified_time":"2019-07-15T09:26:42+00:00","og_image":[{"width":1200,"height":652,"url":"https:\/\/batijournal.com\/wp-content\/uploads\/2019\/05\/marseille2.jpg","type":"image\/jpeg"}],"author":"St\u00e9phane Miget","twitter_card":"summary_large_image","twitter_creator":"@bati_journal","twitter_site":"@bati_journal","twitter_misc":{"\u00c9crit par":"St\u00e9phane Miget","Dur\u00e9e de lecture estim\u00e9e":"1 minute"},"schema":{"@context":"https:\/\/schema.org","@graph":[{"@type":"Article","@id":"https:\/\/batijournal.com\/index.php\/renovation-du-centre-ville-de-marseille-une-coordinatrice-designee\/102105\/#article","isPartOf":{"@id":"https:\/\/batijournal.com\/index.php\/renovation-du-centre-ville-de-marseille-une-coordinatrice-designee\/102105\/"},"author":{"name":"St\u00e9phane Miget","@id":"https:\/\/batijournal.com\/#\/schema\/person\/1dc96ec6957aa1ccb25ebe78bb19f100"},"headline":"R\u00e9novation du centre-ville de Marseille : une coordinatrice d\u00e9sign\u00e9e","datePublished":"2019-05-20T06:05:41+00:00","dateModified":"2019-07-15T09:26:42+00:00","mainEntityOfPage":{"@id":"https:\/\/batijournal.com\/index.php\/renovation-du-centre-ville-de-marseille-une-coordinatrice-designee\/102105\/"},"wordCount":137,"image":{"@id":"https:\/\/batijournal.com\/index.php\/renovation-du-centre-ville-de-marseille-une-coordinatrice-designee\/102105\/#primaryimage"},"thumbnailUrl":"https:\/\/batijournal.com\/wp-content\/uploads\/2019\/05\/marseille2.jpg","keywords":["Marseille"],"articleSection":["Actualit\u00e9s","Architecture &amp; Conception"],"inLanguage":"fr-FR"},{"@type":"WebPage","@id":"https:\/\/batijournal.com\/index.php\/renovation-du-centre-ville-de-marseille-une-coordinatrice-designee\/102105\/","url":"https:\/\/batijournal.com\/index.php\/renovation-du-centre-ville-de-marseille-une-coordinatrice-designee\/102105\/","name":"R\u00e9novation du centre-ville de Marseille : une coordinatrice d\u00e9sign\u00e9e","isPartOf":{"@id":"https:\/\/batijournal.com\/#website"},"primaryImageOfPage":{"@id":"https:\/\/batijournal.com\/index.php\/renovation-du-centre-ville-de-marseille-une-coordinatrice-designee\/102105\/#primaryimage"},"image":{"@id":"https:\/\/batijournal.com\/index.php\/renovation-du-centre-ville-de-marseille-une-coordinatrice-designee\/102105\/#primaryimage"},"thumbnailUrl":"https:\/\/batijournal.com\/wp-content\/uploads\/2019\/05\/marseille2.jpg","datePublished":"2019-05-20T06:05:41+00:00","dateModified":"2019-07-15T09:26:42+00:00","author":{"@id":"https:\/\/batijournal.com\/#\/schema\/person\/1dc96ec6957aa1ccb25ebe78bb19f100"},"description":"Muriel JOER LE CORRE, ing\u00e9nieure g\u00e9n\u00e9rale de la fonction publique territoriale, a \u00e9t\u00e9 nomm\u00e9e directrice de projet r\u00e9novation du centre-ville de Marseille","breadcrumb":{"@id":"https:\/\/batijournal.com\/index.php\/renovation-du-centre-ville-de-marseille-une-coordinatrice-designee\/102105\/#breadcrumb"},"inLanguage":"fr-FR","potentialAction":[{"@type":"ReadAction","target":["https:\/\/batijournal.com\/index.php\/renovation-du-centre-ville-de-marseille-une-coordinatrice-designee\/102105\/"]}]},{"@type":"ImageObject","inLanguage":"fr-FR","@id":"https:\/\/batijournal.com\/index.php\/renovation-du-centre-ville-de-marseille-une-coordinatrice-designee\/102105\/#primaryimage","url":"https:\/\/batijournal.com\/wp-content\/uploads\/2019\/05\/marseille2.jpg","contentUrl":"https:\/\/batijournal.com\/wp-content\/uploads\/2019\/05\/marseille2.jpg","width":1200,"height":652},{"@type":"BreadcrumbList","@id":"https:\/\/batijournal.com\/index.php\/renovation-du-centre-ville-de-marseille-une-coordinatrice-designee\/102105\/#breadcrumb","itemListElement":[{"@type":"ListItem","position":1,"name":"Accueil","item":"https:\/\/batijournal.com\/"},{"@type":"ListItem","position":2,"name":"Actualit\u00e9s","item":"https:\/\/batijournal.com\/index.php\/category\/actualites\/"},{"@type":"ListItem","position":3,"name":"R\u00e9novation du centre-ville de Marseille : une coordinatrice d\u00e9sign\u00e9e"}]},{"@type":"WebSite","@id":"https:\/\/batijournal.com\/#website","url":"https:\/\/batijournal.com\/","name":"Batijournal","description":"L&#039;actualit\u00e9 du b\u00e2timent","potentialAction":[{"@type":"SearchAction","target":{"@type":"EntryPoint","urlTemplate":"https:\/\/batijournal.com\/?s={search_term_string}"},"query-input":{"@type":"PropertyValueSpecification","valueRequired":true,"valueName":"search_term_string"}}],"inLanguage":"fr-FR"},{"@type":"Person","@id":"https:\/\/batijournal.com\/#\/schema\/person\/1dc96ec6957aa1ccb25ebe78bb19f100","name":"St\u00e9phane Miget","image":{"@type":"ImageObject","inLanguage":"fr-FR","@id":"https:\/\/secure.gravatar.com\/avatar\/89915563d925342126b8ef0281b93d9d7fc337043e8df017f780908eb9644451?s=96&d=mm&r=g","url":"https:\/\/secure.gravatar.com\/avatar\/89915563d925342126b8ef0281b93d9d7fc337043e8df017f780908eb9644451?s=96&d=mm&r=g","contentUrl":"https:\/\/secure.gravatar.com\/avatar\/89915563d925342126b8ef0281b93d9d7fc337043e8df017f780908eb9644451?s=96&d=mm&r=g","caption":"St\u00e9phane Miget"},"url":"https:\/\/batijournal.com\/index.php\/author\/stephane\/"}]}},"_links":{"self":[{"href":"https:\/\/batijournal.com\/index.php\/wp-json\/wp\/v2\/posts\/102105","targetHints":{"allow":["GET"]}}],"collection":[{"href":"https:\/\/batijournal.com\/index.php\/wp-json\/wp\/v2\/posts"}],"about":[{"href":"https:\/\/batijournal.com\/index.php\/wp-json\/wp\/v2\/types\/post"}],"author":[{"embeddable":true,"href":"https:\/\/batijournal.com\/index.php\/wp-json\/wp\/v2\/users\/17"}],"replies":[{"embeddable":true,"href":"https:\/\/batijournal.com\/index.php\/wp-json\/wp\/v2\/comments?post=102105"}],"version-history":[{"count":0,"href":"https:\/\/batijournal.com\/index.php\/wp-json\/wp\/v2\/posts\/102105\/revisions"}],"wp:featuredmedia":[{"embeddable":true,"href":"https:\/\/batijournal.com\/index.php\/wp-json\/wp\/v2\/media\/102108"}],"wp:attachment":[{"href":"https:\/\/batijournal.com\/index.php\/wp-json\/wp\/v2\/media?parent=102105"}],"wp:term":[{"taxonomy":"category","embeddable":true,"href":"https:\/\/batijournal.com\/index.php\/wp-json\/wp\/v2\/categories?post=102105"},{"taxonomy":"post_tag","embeddable":true,"href":"https:\/\/batijournal.com\/index.php\/wp-json\/wp\/v2\/tags?post=102105"}],"curies":[{"name":"wp","href":"https:\/\/api.w.org\/{rel}","templated":true}]}}