{"id":102111,"date":"2019-05-21T09:01:26","date_gmt":"2019-05-21T07:01:26","guid":{"rendered":"https:\/\/batijournal.com\/?p=102111"},"modified":"2019-07-15T11:21:33","modified_gmt":"2019-07-15T09:21:33","slug":"comment-habiterons-nous-dans-20-ans","status":"publish","type":"post","link":"https:\/\/batijournal.com\/index.php\/comment-habiterons-nous-dans-20-ans\/102111\/","title":{"rendered":"Comment habiterons-nous dans 20 ans ?"},"content":{"rendered":"<p>Le groupe de r\u00e9flexion Terra Nova d\u00e9cline dans son nouveau rapport plusieurs sc\u00e9narios d&rsquo;avenir possibles sur la fa\u00e7on d&rsquo;habiter dans 20 ans, ainsi que les grands enjeux de nos territoires.\u00a0<em>\u00ab\u00a0Comment habiterons-nous dans 20 ans ? Formul\u00e9 de cette mani\u00e8re, le sujet se pr\u00e9sente de mani\u00e8re \u00e0 la fois plus restreinte et plus vaste. Plus restreinte, parce qu&rsquo;il laisse de c\u00f4t\u00e9 de nombreux sujets techniques fondamentaux pour le logement, comme le financement, les normes r\u00e9glementaires, les techniques de construction etc. Mais plus large parce qu&rsquo;il invite \u00e0 observer les croisements entre les mani\u00e8res d&rsquo;habiter et des \u00e9volutions de nos modes de vie : la red\u00e9finition de la vie familiale, le vieillissement de la population, le changement du travail, le d\u00e9veloppement de la mobilit\u00e9, l&rsquo;apparition de l&rsquo;\u00e9conomie du partage etc.\u00a0\u00bb<\/em><\/p>\n<p><a href=\"http:\/\/tnova.fr\/system\/contents\/files\/000\/001\/699\/original\/Terra-Nova_Habiter-dans-vingt-ans_120219.pdf?1549907828\" target=\"_blank\" rel=\"noopener noreferrer\">T\u00e9l\u00e9charger le rapport<\/a><\/p>\n<p>&nbsp;<\/p>\n","protected":false},"excerpt":{"rendered":"<p>Le groupe de r\u00e9flexion Terra Nova d\u00e9cline dans son nouveau rapport plusieurs sc\u00e9narios d&rsquo;avenir possibles sur la fa\u00e7on d&rsquo;habiter dans 20 ans, ainsi que les grands enjeux de nos territoires.\u00a0\u00ab\u00a0Comment habiterons-nous dans 20 ans ? Formul\u00e9 de cette mani\u00e8re, le sujet se pr\u00e9sente de mani\u00e8re \u00e0 la fois plus restreinte et plus vaste. Plus restreinte, [&hellip;]<\/p>\n","protected":false},"author":17,"featured_media":102113,"comment_status":"closed","ping_status":"closed","sticky":false,"template":"","format":"standard","meta":{"_et_pb_use_builder":"","_et_pb_old_content":"","_et_gb_content_width":"","footnotes":""},"categories":[10530,6340],"tags":[906],"class_list":["post-102111","post","type-post","status-publish","format-standard","has-post-thumbnail","hentry","category-actualites","category-architecture-conception","tag-habitat"],"yoast_head":"<!-- This site is optimized with the Yoast SEO plugin v27.4 - https:\/\/yoast.com\/product\/yoast-seo-wordpress\/ -->\n<title>Comment habiterons-nous dans 20 ans ? Terra Nova<\/title>\n<meta name=\"description\" content=\"Le groupe de r\u00e9flexion Terra Nova d\u00e9cline dans son nouveau rapport plusieurs sc\u00e9narios d&#039;avenir possibles sur la fa\u00e7on d&#039;habiter dans 20 ans\" \/>\n<meta name=\"robots\" content=\"index, follow, max-snippet:-1, max-image-preview:large, max-video-preview:-1\" \/>\n<link rel=\"canonical\" href=\"https:\/\/batijournal.com\/index.php\/comment-habiterons-nous-dans-20-ans\/102111\/\" \/>\n<meta property=\"og:locale\" content=\"fr_FR\" \/>\n<meta property=\"og:type\" content=\"article\" \/>\n<meta property=\"og:title\" content=\"Comment habiterons-nous dans 20 ans ? Terra Nova\" \/>\n<meta property=\"og:description\" content=\"Le groupe de r\u00e9flexion Terra Nova d\u00e9cline dans son nouveau rapport plusieurs sc\u00e9narios d&#039;avenir possibles sur la fa\u00e7on d&#039;habiter dans 20 ans\" \/>\n<meta property=\"og:url\" content=\"https:\/\/batijournal.com\/index.php\/comment-habiterons-nous-dans-20-ans\/102111\/\" \/>\n<meta property=\"og:site_name\" content=\"Batijournal\" \/>\n<meta property=\"article:published_time\" content=\"2019-05-21T07:01:26+00:00\" \/>\n<meta property=\"article:modified_time\" content=\"2019-07-15T09:21:33+00:00\" \/>\n<meta property=\"og:image\" content=\"https:\/\/batijournal.com\/wp-content\/uploads\/2019\/05\/think-tank-comment-habiter-dans-20-ans.png\" \/>\n\t<meta property=\"og:image:width\" content=\"964\" \/>\n\t<meta property=\"og:image:height\" content=\"653\" \/>\n\t<meta property=\"og:image:type\" content=\"image\/png\" \/>\n<meta name=\"author\" content=\"St\u00e9phane Miget\" \/>\n<meta name=\"twitter:card\" content=\"summary_large_image\" \/>\n<meta name=\"twitter:creator\" content=\"@bati_journal\" \/>\n<meta name=\"twitter:site\" content=\"@bati_journal\" \/>\n<meta name=\"twitter:label1\" content=\"\u00c9crit par\" \/>\n\t<meta name=\"twitter:data1\" content=\"St\u00e9phane Miget\" \/>\n\t<meta name=\"twitter:label2\" content=\"Dur\u00e9e de lecture estim\u00e9e\" \/>\n\t<meta name=\"twitter:data2\" content=\"1 minute\" \/>\n<script type=\"application\/ld+json\" class=\"yoast-schema-graph\">{\"@context\":\"https:\\\/\\\/schema.org\",\"@graph\":[{\"@type\":\"Article\",\"@id\":\"https:\\\/\\\/batijournal.com\\\/index.php\\\/comment-habiterons-nous-dans-20-ans\\\/102111\\\/#article\",\"isPartOf\":{\"@id\":\"https:\\\/\\\/batijournal.com\\\/index.php\\\/comment-habiterons-nous-dans-20-ans\\\/102111\\\/\"},\"author\":{\"name\":\"St\u00e9phane Miget\",\"@id\":\"https:\\\/\\\/batijournal.com\\\/#\\\/schema\\\/person\\\/1dc96ec6957aa1ccb25ebe78bb19f100\"},\"headline\":\"Comment habiterons-nous dans 20 ans ?\",\"datePublished\":\"2019-05-21T07:01:26+00:00\",\"dateModified\":\"2019-07-15T09:21:33+00:00\",\"mainEntityOfPage\":{\"@id\":\"https:\\\/\\\/batijournal.com\\\/index.php\\\/comment-habiterons-nous-dans-20-ans\\\/102111\\\/\"},\"wordCount\":152,\"image\":{\"@id\":\"https:\\\/\\\/batijournal.com\\\/index.php\\\/comment-habiterons-nous-dans-20-ans\\\/102111\\\/#primaryimage\"},\"thumbnailUrl\":\"https:\\\/\\\/batijournal.com\\\/wp-content\\\/uploads\\\/2019\\\/05\\\/think-tank-comment-habiter-dans-20-ans.png\",\"keywords\":[\"habitat\"],\"articleSection\":[\"Actualit\u00e9s\",\"Architecture &amp; Conception\"],\"inLanguage\":\"fr-FR\"},{\"@type\":\"WebPage\",\"@id\":\"https:\\\/\\\/batijournal.com\\\/index.php\\\/comment-habiterons-nous-dans-20-ans\\\/102111\\\/\",\"url\":\"https:\\\/\\\/batijournal.com\\\/index.php\\\/comment-habiterons-nous-dans-20-ans\\\/102111\\\/\",\"name\":\"Comment habiterons-nous dans 20 ans ? Terra Nova\",\"isPartOf\":{\"@id\":\"https:\\\/\\\/batijournal.com\\\/#website\"},\"primaryImageOfPage\":{\"@id\":\"https:\\\/\\\/batijournal.com\\\/index.php\\\/comment-habiterons-nous-dans-20-ans\\\/102111\\\/#primaryimage\"},\"image\":{\"@id\":\"https:\\\/\\\/batijournal.com\\\/index.php\\\/comment-habiterons-nous-dans-20-ans\\\/102111\\\/#primaryimage\"},\"thumbnailUrl\":\"https:\\\/\\\/batijournal.com\\\/wp-content\\\/uploads\\\/2019\\\/05\\\/think-tank-comment-habiter-dans-20-ans.png\",\"datePublished\":\"2019-05-21T07:01:26+00:00\",\"dateModified\":\"2019-07-15T09:21:33+00:00\",\"author\":{\"@id\":\"https:\\\/\\\/batijournal.com\\\/#\\\/schema\\\/person\\\/1dc96ec6957aa1ccb25ebe78bb19f100\"},\"description\":\"Le groupe de r\u00e9flexion Terra Nova d\u00e9cline dans son nouveau rapport plusieurs sc\u00e9narios d'avenir possibles sur la fa\u00e7on d'habiter dans 20 ans\",\"breadcrumb\":{\"@id\":\"https:\\\/\\\/batijournal.com\\\/index.php\\\/comment-habiterons-nous-dans-20-ans\\\/102111\\\/#breadcrumb\"},\"inLanguage\":\"fr-FR\",\"potentialAction\":[{\"@type\":\"ReadAction\",\"target\":[\"https:\\\/\\\/batijournal.com\\\/index.php\\\/comment-habiterons-nous-dans-20-ans\\\/102111\\\/\"]}]},{\"@type\":\"ImageObject\",\"inLanguage\":\"fr-FR\",\"@id\":\"https:\\\/\\\/batijournal.com\\\/index.php\\\/comment-habiterons-nous-dans-20-ans\\\/102111\\\/#primaryimage\",\"url\":\"https:\\\/\\\/batijournal.com\\\/wp-content\\\/uploads\\\/2019\\\/05\\\/think-tank-comment-habiter-dans-20-ans.png\",\"contentUrl\":\"https:\\\/\\\/batijournal.com\\\/wp-content\\\/uploads\\\/2019\\\/05\\\/think-tank-comment-habiter-dans-20-ans.png\",\"width\":964,\"height\":653},{\"@type\":\"BreadcrumbList\",\"@id\":\"https:\\\/\\\/batijournal.com\\\/index.php\\\/comment-habiterons-nous-dans-20-ans\\\/102111\\\/#breadcrumb\",\"itemListElement\":[{\"@type\":\"ListItem\",\"position\":1,\"name\":\"Accueil\",\"item\":\"https:\\\/\\\/batijournal.com\\\/\"},{\"@type\":\"ListItem\",\"position\":2,\"name\":\"Actualit\u00e9s\",\"item\":\"https:\\\/\\\/batijournal.com\\\/index.php\\\/category\\\/actualites\\\/\"},{\"@type\":\"ListItem\",\"position\":3,\"name\":\"Comment habiterons-nous dans 20 ans ?\"}]},{\"@type\":\"WebSite\",\"@id\":\"https:\\\/\\\/batijournal.com\\\/#website\",\"url\":\"https:\\\/\\\/batijournal.com\\\/\",\"name\":\"Batijournal\",\"description\":\"L&#039;actualit\u00e9 du b\u00e2timent\",\"potentialAction\":[{\"@type\":\"SearchAction\",\"target\":{\"@type\":\"EntryPoint\",\"urlTemplate\":\"https:\\\/\\\/batijournal.com\\\/?s={search_term_string}\"},\"query-input\":{\"@type\":\"PropertyValueSpecification\",\"valueRequired\":true,\"valueName\":\"search_term_string\"}}],\"inLanguage\":\"fr-FR\"},{\"@type\":\"Person\",\"@id\":\"https:\\\/\\\/batijournal.com\\\/#\\\/schema\\\/person\\\/1dc96ec6957aa1ccb25ebe78bb19f100\",\"name\":\"St\u00e9phane Miget\",\"image\":{\"@type\":\"ImageObject\",\"inLanguage\":\"fr-FR\",\"@id\":\"https:\\\/\\\/secure.gravatar.com\\\/avatar\\\/89915563d925342126b8ef0281b93d9d7fc337043e8df017f780908eb9644451?s=96&d=mm&r=g\",\"url\":\"https:\\\/\\\/secure.gravatar.com\\\/avatar\\\/89915563d925342126b8ef0281b93d9d7fc337043e8df017f780908eb9644451?s=96&d=mm&r=g\",\"contentUrl\":\"https:\\\/\\\/secure.gravatar.com\\\/avatar\\\/89915563d925342126b8ef0281b93d9d7fc337043e8df017f780908eb9644451?s=96&d=mm&r=g\",\"caption\":\"St\u00e9phane Miget\"},\"url\":\"https:\\\/\\\/batijournal.com\\\/index.php\\\/author\\\/stephane\\\/\"}]}<\/script>\n<!-- \/ Yoast SEO plugin. -->","yoast_head_json":{"title":"Comment habiterons-nous dans 20 ans ? Terra Nova","description":"Le groupe de r\u00e9flexion Terra Nova d\u00e9cline dans son nouveau rapport plusieurs sc\u00e9narios d'avenir possibles sur la fa\u00e7on d'habiter dans 20 ans","robots":{"index":"index","follow":"follow","max-snippet":"max-snippet:-1","max-image-preview":"max-image-preview:large","max-video-preview":"max-video-preview:-1"},"canonical":"https:\/\/batijournal.com\/index.php\/comment-habiterons-nous-dans-20-ans\/102111\/","og_locale":"fr_FR","og_type":"article","og_title":"Comment habiterons-nous dans 20 ans ? Terra Nova","og_description":"Le groupe de r\u00e9flexion Terra Nova d\u00e9cline dans son nouveau rapport plusieurs sc\u00e9narios d'avenir possibles sur la fa\u00e7on d'habiter dans 20 ans","og_url":"https:\/\/batijournal.com\/index.php\/comment-habiterons-nous-dans-20-ans\/102111\/","og_site_name":"Batijournal","article_published_time":"2019-05-21T07:01:26+00:00","article_modified_time":"2019-07-15T09:21:33+00:00","og_image":[{"width":964,"height":653,"url":"https:\/\/batijournal.com\/wp-content\/uploads\/2019\/05\/think-tank-comment-habiter-dans-20-ans.png","type":"image\/png"}],"author":"St\u00e9phane Miget","twitter_card":"summary_large_image","twitter_creator":"@bati_journal","twitter_site":"@bati_journal","twitter_misc":{"\u00c9crit par":"St\u00e9phane Miget","Dur\u00e9e de lecture estim\u00e9e":"1 minute"},"schema":{"@context":"https:\/\/schema.org","@graph":[{"@type":"Article","@id":"https:\/\/batijournal.com\/index.php\/comment-habiterons-nous-dans-20-ans\/102111\/#article","isPartOf":{"@id":"https:\/\/batijournal.com\/index.php\/comment-habiterons-nous-dans-20-ans\/102111\/"},"author":{"name":"St\u00e9phane Miget","@id":"https:\/\/batijournal.com\/#\/schema\/person\/1dc96ec6957aa1ccb25ebe78bb19f100"},"headline":"Comment habiterons-nous dans 20 ans ?","datePublished":"2019-05-21T07:01:26+00:00","dateModified":"2019-07-15T09:21:33+00:00","mainEntityOfPage":{"@id":"https:\/\/batijournal.com\/index.php\/comment-habiterons-nous-dans-20-ans\/102111\/"},"wordCount":152,"image":{"@id":"https:\/\/batijournal.com\/index.php\/comment-habiterons-nous-dans-20-ans\/102111\/#primaryimage"},"thumbnailUrl":"https:\/\/batijournal.com\/wp-content\/uploads\/2019\/05\/think-tank-comment-habiter-dans-20-ans.png","keywords":["habitat"],"articleSection":["Actualit\u00e9s","Architecture &amp; Conception"],"inLanguage":"fr-FR"},{"@type":"WebPage","@id":"https:\/\/batijournal.com\/index.php\/comment-habiterons-nous-dans-20-ans\/102111\/","url":"https:\/\/batijournal.com\/index.php\/comment-habiterons-nous-dans-20-ans\/102111\/","name":"Comment habiterons-nous dans 20 ans ? Terra Nova","isPartOf":{"@id":"https:\/\/batijournal.com\/#website"},"primaryImageOfPage":{"@id":"https:\/\/batijournal.com\/index.php\/comment-habiterons-nous-dans-20-ans\/102111\/#primaryimage"},"image":{"@id":"https:\/\/batijournal.com\/index.php\/comment-habiterons-nous-dans-20-ans\/102111\/#primaryimage"},"thumbnailUrl":"https:\/\/batijournal.com\/wp-content\/uploads\/2019\/05\/think-tank-comment-habiter-dans-20-ans.png","datePublished":"2019-05-21T07:01:26+00:00","dateModified":"2019-07-15T09:21:33+00:00","author":{"@id":"https:\/\/batijournal.com\/#\/schema\/person\/1dc96ec6957aa1ccb25ebe78bb19f100"},"description":"Le groupe de r\u00e9flexion Terra Nova d\u00e9cline dans son nouveau rapport plusieurs sc\u00e9narios d'avenir possibles sur la fa\u00e7on d'habiter dans 20 ans","breadcrumb":{"@id":"https:\/\/batijournal.com\/index.php\/comment-habiterons-nous-dans-20-ans\/102111\/#breadcrumb"},"inLanguage":"fr-FR","potentialAction":[{"@type":"ReadAction","target":["https:\/\/batijournal.com\/index.php\/comment-habiterons-nous-dans-20-ans\/102111\/"]}]},{"@type":"ImageObject","inLanguage":"fr-FR","@id":"https:\/\/batijournal.com\/index.php\/comment-habiterons-nous-dans-20-ans\/102111\/#primaryimage","url":"https:\/\/batijournal.com\/wp-content\/uploads\/2019\/05\/think-tank-comment-habiter-dans-20-ans.png","contentUrl":"https:\/\/batijournal.com\/wp-content\/uploads\/2019\/05\/think-tank-comment-habiter-dans-20-ans.png","width":964,"height":653},{"@type":"BreadcrumbList","@id":"https:\/\/batijournal.com\/index.php\/comment-habiterons-nous-dans-20-ans\/102111\/#breadcrumb","itemListElement":[{"@type":"ListItem","position":1,"name":"Accueil","item":"https:\/\/batijournal.com\/"},{"@type":"ListItem","position":2,"name":"Actualit\u00e9s","item":"https:\/\/batijournal.com\/index.php\/category\/actualites\/"},{"@type":"ListItem","position":3,"name":"Comment habiterons-nous dans 20 ans ?"}]},{"@type":"WebSite","@id":"https:\/\/batijournal.com\/#website","url":"https:\/\/batijournal.com\/","name":"Batijournal","description":"L&#039;actualit\u00e9 du b\u00e2timent","potentialAction":[{"@type":"SearchAction","target":{"@type":"EntryPoint","urlTemplate":"https:\/\/batijournal.com\/?s={search_term_string}"},"query-input":{"@type":"PropertyValueSpecification","valueRequired":true,"valueName":"search_term_string"}}],"inLanguage":"fr-FR"},{"@type":"Person","@id":"https:\/\/batijournal.com\/#\/schema\/person\/1dc96ec6957aa1ccb25ebe78bb19f100","name":"St\u00e9phane Miget","image":{"@type":"ImageObject","inLanguage":"fr-FR","@id":"https:\/\/secure.gravatar.com\/avatar\/89915563d925342126b8ef0281b93d9d7fc337043e8df017f780908eb9644451?s=96&d=mm&r=g","url":"https:\/\/secure.gravatar.com\/avatar\/89915563d925342126b8ef0281b93d9d7fc337043e8df017f780908eb9644451?s=96&d=mm&r=g","contentUrl":"https:\/\/secure.gravatar.com\/avatar\/89915563d925342126b8ef0281b93d9d7fc337043e8df017f780908eb9644451?s=96&d=mm&r=g","caption":"St\u00e9phane Miget"},"url":"https:\/\/batijournal.com\/index.php\/author\/stephane\/"}]}},"_links":{"self":[{"href":"https:\/\/batijournal.com\/index.php\/wp-json\/wp\/v2\/posts\/102111","targetHints":{"allow":["GET"]}}],"collection":[{"href":"https:\/\/batijournal.com\/index.php\/wp-json\/wp\/v2\/posts"}],"about":[{"href":"https:\/\/batijournal.com\/index.php\/wp-json\/wp\/v2\/types\/post"}],"author":[{"embeddable":true,"href":"https:\/\/batijournal.com\/index.php\/wp-json\/wp\/v2\/users\/17"}],"replies":[{"embeddable":true,"href":"https:\/\/batijournal.com\/index.php\/wp-json\/wp\/v2\/comments?post=102111"}],"version-history":[{"count":0,"href":"https:\/\/batijournal.com\/index.php\/wp-json\/wp\/v2\/posts\/102111\/revisions"}],"wp:featuredmedia":[{"embeddable":true,"href":"https:\/\/batijournal.com\/index.php\/wp-json\/wp\/v2\/media\/102113"}],"wp:attachment":[{"href":"https:\/\/batijournal.com\/index.php\/wp-json\/wp\/v2\/media?parent=102111"}],"wp:term":[{"taxonomy":"category","embeddable":true,"href":"https:\/\/batijournal.com\/index.php\/wp-json\/wp\/v2\/categories?post=102111"},{"taxonomy":"post_tag","embeddable":true,"href":"https:\/\/batijournal.com\/index.php\/wp-json\/wp\/v2\/tags?post=102111"}],"curies":[{"name":"wp","href":"https:\/\/api.w.org\/{rel}","templated":true}]}}