{"id":102128,"date":"2019-05-22T08:12:55","date_gmt":"2019-05-22T06:12:55","guid":{"rendered":"https:\/\/batijournal.com\/?p=102128"},"modified":"2019-07-15T11:14:32","modified_gmt":"2019-07-15T09:14:32","slug":"la-nuit-des-musees-un-succes","status":"publish","type":"post","link":"https:\/\/batijournal.com\/index.php\/la-nuit-des-musees-un-succes\/102128\/","title":{"rendered":"La Nuit des mus\u00e9es, un succ\u00e8s"},"content":{"rendered":"<p>Plus de 2 millions de personnes se sont rendues au mus\u00e9e, en France, dans la soir\u00e9e du samedi 18 mai 2019, \u00e0 l\u2019occasion de la 15e \u00e9dition de la Nuit europ\u00e9enne des mus\u00e9es. Plus de 3 000 mus\u00e9es en France et en Europe ont particip\u00e9 \u00e0 l&rsquo;\u00e9v\u00e8nement et ouvert gratuitement leurs portes.<\/p>\n<p>Chiffres du Minist\u00e8re de la Culture :<\/p>\n<p>\u00c0 Paris et en \u00cele-de-France<\/p>\n<p>\u2022 Le mus\u00e9e du Louvre : 16 324 visiteurs<br \/>\n\u2022 Etablissement public des mus\u00e9es d\u2019Orsay et de l\u2019Orangerie : 11 943<br \/>\n\u2022 Le mus\u00e9e d\u2019Orsay : 8 264 visiteurs<br \/>\n\u2022 Le mus\u00e9e national de l\u2019Orangerie : 3 679 visiteurs<br \/>\n\u2022 Les expositions du Grand Palais : 4 776 visiteurs<br \/>\n\u2022 Le Petit Palais : 5 446 visiteurs<br \/>\n\u2022 Le mus\u00e9e national des arts asiatiques, Guimet : 1 111 visiteurs<br \/>\n\u2022 Le mus\u00e9e national Eug\u00e8ne Delacroix : 300 visiteurs<br \/>\n\u2022 Le mus\u00e9e Picasso Paris : 3 529 visiteurs<br \/>\n\u2022 Le 11 quai Conti &#8211; mus\u00e9e de la Monnaie de Paris : 1 485 visiteurs<br \/>\n\u2022 Le mus\u00e9um national d\u2019histoire naturelle (Mus\u00e9e de l\u2019Homme et Grande Galerie de l\u2019\u00e9volution) : 8 608 visiteurs<br \/>\n\u2022 La Philharmonie 2, mus\u00e9e de la musique : 1 642 visiteurs<br \/>\n\u2022 Le mus\u00e9e national des Arts et m\u00e9tiers : 4 552 visiteurs<br \/>\n\u2022 Le mus\u00e9e d\u2019Art moderne de la Ville de Paris : 3621 visiteurs<br \/>\n\u2022 Le mus\u00e9e Jean-Jacques Henner : 426 visiteurs<br \/>\n\u2022 Le mus\u00e9e de la Chasse et de la Nature : 2 998 visiteurs<br \/>\n\u2022 Le Centre Pompidou : 7 888 visiteurs<br \/>\n\u2022 Le mus\u00e9e du quai Branly \u2013 Jacques Chirac : 10 960 visiteurs<br \/>\n\u2022 Le ch\u00e2teau de Fontainebleau : 1 659 visiteurs<br \/>\n\u2022 Le mus\u00e9e national de la Renaissance, \u00e0 \u00c9couen : 564 visiteurs<br \/>\n\u2022 Le MAC VAL : 780 visiteurs<br \/>\n\u2022 Le ch\u00e2teau de Champs-sur-Marne : 4 000 visiteurs<br \/>\n\u2022 Le Palais de Compi\u00e8gne : 2 115 visiteurs<br \/>\n\u2022 Le domaine national de Versailles : 4 780 visiteurs<br \/>\n\u2022 Le mus\u00e9e Rodin, Meudon : 1 280 visiteurs<br \/>\n\u2022 L\u2019Institut du monde arabe : 1 191 visiteurs<br \/>\n\u2022 Le mus\u00e9e de l\u2019Arm\u00e9e \u2013 H\u00f4tel national des Invalides : 8 090 visiteurs<br \/>\n\u2022 Le mus\u00e9e de l\u2019UNESCO : 2 300 visiteurs<\/p>\n<p>En r\u00e9gions : chiffres de fr\u00e9quentation par mus\u00e9es<\/p>\n<p>\u2022 Le mus\u00e9e des Confluences \u00e0 Lyon : 6 951 visiteurs<br \/>\n\u2022 Le mus\u00e9e des Beaux-Arts de Lyon : 3 500 visiteurs<br \/>\n\u2022 Le MAC Lyon (mus\u00e9e d\u2019art contemporain) : 1 357 visiteurs<br \/>\n\u2022 Le MUCEM (Mus\u00e9e des civilisations de l\u2019Europe et de la m\u00e9diterran\u00e9e) : 3 657 visiteurs<br \/>\n\u2022 Le mus\u00e9e du Louvre-Lens : 7 794 visiteurs<br \/>\n\u2022 Le mus\u00e9e des Beaux-Arts de Rouen : 2 009 visiteurs<br \/>\n\u2022 Historial de la Vend\u00e9e : 5 212 visiteurs<br \/>\n\u2022 Le MuMa Le Havre : 1 887 visiteurs<br \/>\n\u2022 Le mus\u00e9e national Magnin de Dijon : 507 visiteurs<br \/>\n\u2022 Le MAMC+ (mus\u00e9e d\u2019art moderne et contemporain de Saint-Etienne M\u00e9tropole) : 1 900 visiteurs<br \/>\n\u2022 Le mus\u00e9e du Touquet-Paris Plage : 717 visiteurs<br \/>\n\u2022 Le domaine national du Ch\u00e2teau d\u2019Angers : 2 034 visiteurs<br \/>\n\u2022 Le mus\u00e9e national du ch\u00e2teau de Pau : 855 visiteurs<br \/>\n\u2022 Le mus\u00e9e des baux-arts de Brest : 1 844 visiteurs<br \/>\n\u2022 Le CAPC, \u00e0 Bordeaux : 4 661 visiteurs<br \/>\n\u2022 Le mus\u00e9e des Augustins \u00e0 Toulouse : 7 274 visiteurs<br \/>\n\u2022 Le mus\u00e9e Saint-Raymond \u00e0 Toulouse : 3 760 visiteurs<br \/>\n\u2022 Le mus\u00e9e Toulouse Lautrec \u00e0 Albi : 1 048 visiteurs<br \/>\n\u2022 La Piscine \u00e0 Roubaix : 3 769 visiteurs<br \/>\n\u2022 Le mus\u00e9e Fabre Montpellier M\u00e9diterran\u00e9e M\u00e9tropole : 5 053 visiteurs<br \/>\n\u2022 Le mus\u00e9um d\u2019Histoire naturelle de Toulouse : 7 554 visiteurs<br \/>\n\u2022 Le mus\u00e9e des impressionnismes \u00e0 Giverny : 537 visiteurs<br \/>\n\u2022 Le Centre Pompidou-Metz : 1 723 visiteurs<br \/>\n\u2022 Le mus\u00e9e des Beaux-Arts de Reims : 1 179 visiteurs<br \/>\n\u2022 Les mus\u00e9es nationaux du XXe si\u00e8cle des Alpes-Maritimes : 1 457 visiteurs<br \/>\n\u2022 Le mus\u00e9e du Petit Palais, \u00e0 Avignon : 575 visiteurs<br \/>\n\u2022 Le mus\u00e9e R\u00e9attu, en Arles : 1 307 visiteurs<br \/>\n\u2022 Le mus\u00e9e Unterlinden \u00e0 Colmar : 1 716 visiteurs<br \/>\n\u2022 Le mus\u00e9e des beaux-arts de Valenciennes : 1 328 visiteurs<br \/>\n\u2022 Le mus\u00e9e de la Corse \u00e0 Corte : 407 visiteurs<br \/>\n\u2022 Le mus\u00e9e de la chaussure \u00e0 Romans : 655 visiteurs<br \/>\n\u2022 Le mus\u00e9e Matisse de Nice : 254 visiteurs<br \/>\n\u2022 Le mus\u00e9e historique de Vill\u00e8le : 838 visiteurs<br \/>\n\u2022 Le mus\u00e9e des Beaux-Arts de Tours : 1 350 visiteurs<br \/>\n\u2022 Le mus\u00e9e d\u2019art et d\u2019arch\u00e9ologie de Valence : 1 449 visiteurs<br \/>\n\u2022 Le Palais des Beaux-arts de Lille : 5 115 visiteurs<br \/>\n\u2022 L\u2019atelier-mus\u00e9e de l\u2019imprimerie : 1 429 visiteurs<br \/>\n\u2022 Le mus\u00e9e Casa Pairal \u00e0 Perpignan : 675 visiteurs<br \/>\n\u2022 Le mus\u00e9e du jouet \u00e0 Colmar : 1 546 visiteurs<br \/>\n\u2022 Le mus\u00e9um de Grenoble : 1 561 visiteurs<br \/>\n\u2022 Le mus\u00e9e national des douanes de Bordeaux : 2 780 visiteurs<br \/>\n\u2022 Le mus\u00e9e Georges-Labit de Toulouse : 1 273 visiteurs<br \/>\n\u2022 Mus\u00e9e des beaux-arts de Calais : 904 visiteurs<br \/>\n\u2022 Le MAMAC (mus\u00e9e d\u2019art moderne et d\u2019art contemporain \u00e0 Nice : 2 800 visiteurs<br \/>\n\u2022 Le mus\u00e9e de Dieppe : 522 visiteurs<br \/>\n\u2022 Le mus\u00e9e national de la marine \u00e0 Toulon : 911 visiteurs<br \/>\n\u2022 Le mus\u00e9e d\u2019histoire naturelle de Tours : 1 012 visiteurs<br \/>\n\u2022 Le mus\u00e9e Renoir, \u00e0 Cagnes-sur-Mer : 882 visiteurs<br \/>\n\u2022 Les Champs Libres \u2013 Mus\u00e9e de Bretagne : 3 218 visiteurs<br \/>\n\u2022 Mus\u00e9e des papillons \u00e0 Saint Quentin : 1 240 visiteurs<br \/>\n\u2022 Mus\u00e9e de L\u2019Abbaye de Saint Germain \u00e0 Auxerre : 1 139 visiteurs<br \/>\n\u2022 Mus\u00e9e portuaire de Dunkerque : 1 670 visiteurs<br \/>\n\u2022 Le ch\u00e2teau des Ducs de Bretagne, \u00e0 Nantes : 2 269 visiteurs<br \/>\n\u2022 Le mus\u00e9e d\u2019Arts de Nantes : 1 900 visiteurs<\/p>\n<p>Chiffres de fr\u00e9quentation par ville<\/p>\n<p>\u2022 Paris Mus\u00e9es (les mus\u00e9es de la ville de Paris) : 11 000 visiteurs<br \/>\n\u2022 La Nuit des myst\u00e8res \u00e0 Mulhouse : 27 574 visiteurs<br \/>\n\u2022 Les mus\u00e9es de Strasbourg : 15 086 visiteurs<br \/>\n\u2022 Les mus\u00e9es de Troyes : 3 424 visiteurs<br \/>\n\u2022 Les mus\u00e9es de la R\u00e9union des mus\u00e9es m\u00e9tropolitains Rouen-Normandie : 4 500 visiteurs<br \/>\n\u2022 Les mus\u00e9es du Mans : 3 822 visiteurs<br \/>\n\u2022 Les mus\u00e9es de la ville d\u2019Orl\u00e9ans : 1 775 visiteurs<\/p>\n<p>Quelques exemples en Europe<\/p>\n<p>\u2022 En Espagne, \u00e0 Barcelone (82 lieux) la Nit dels Museus a rassembl\u00e9 170 000 visiteurs ; \u00e0 Valladolid, le mus\u00e9e de Valladolid : 2 007 visiteurs<br \/>\n\u2022 En Italie, la biblioth\u00e8que universitaire r\u00e9gionale, en Sicile : 3 720 visiteurs<br \/>\n\u2022 En Serbie, le mus\u00e9e historique \u00e0 Belgrade : 1 032 visiteurs<br \/>\n\u2022 En Finlande, le mus\u00e9e de Pori : 1 035 visiteurs<br \/>\n\u2022 En Roumanie, the Artistic Center Baia Mare ; 1 368 visiteurs<br \/>\n\u2022 En Gr\u00e8ce, le Peloponnesian Folklore Foundation, \u00e0 Nafplio : 2 500 visiteurs<br \/>\n\u2022 En Belgique, les mus\u00e9es de Tournai : 5 890 visiteurs<br \/>\n\u2022 En Ukraine, le mus\u00e9e d\u2019art r\u00e9gional de Vinnytsia : 910 visiteurs<br \/>\n\u2022 En Bulgarie, le National Museum Earth and Man (Sofia) : 4 035 visiteurs<br \/>\n\u2022 En Slovaquie, le SNU Museum (Bansk\u00e1 Bystrica) : 715 visiteurs et le mus\u00e9e Gemer-Malohont (Rimavska Sobota)<br \/>\n\u2022 En Espagne, le Museo Municipal de Albasete : 620 visiteurs<br \/>\n\u2022 \u00c0 Mad\u00e8re, le mus\u00e9e Quinta das Cruzes : 1 059<br \/>\n\u2022 En Lituanie, le mus\u00e9e de la ville de Kaunas : 7 560 visiteurs<\/p>\n<p>La Nuit europ\u00e9enne des mus\u00e9es en chiffres<\/p>\n<p>Nombre de mus\u00e9es participants en France<br \/>\n700 en 2005<br \/>\n1 300 en 2019<\/p>\n<p>Nombre de mus\u00e9es participants dans les autres pays europ\u00e9ens<br \/>\n450 en 2005<br \/>\n2 000 en 2019<\/p>\n<p>Nombre de pays participants<br \/>\n29 en 2005<br \/>\n30 en 2019<\/p>\n","protected":false},"excerpt":{"rendered":"<p>Plus de 2 millions de personnes se sont rendues au mus\u00e9e, en France, dans la soir\u00e9e du samedi 18 mai 2019, \u00e0 l\u2019occasion de la 15e \u00e9dition de la Nuit europ\u00e9enne des mus\u00e9es. Plus de 3 000 mus\u00e9es en France et en Europe ont particip\u00e9 \u00e0 l&rsquo;\u00e9v\u00e8nement et ouvert gratuitement leurs portes. Chiffres du Minist\u00e8re [&hellip;]<\/p>\n","protected":false},"author":17,"featured_media":102129,"comment_status":"closed","ping_status":"closed","sticky":false,"template":"","format":"standard","meta":{"_et_pb_use_builder":"","_et_pb_old_content":"","_et_gb_content_width":"","footnotes":""},"categories":[10530,6340,10785],"tags":[6031],"class_list":["post-102128","post","type-post","status-publish","format-standard","has-post-thumbnail","hentry","category-actualites","category-architecture-conception","category-atrium","tag-nuit-des-musees"],"yoast_head":"<!-- This site is optimized with the Yoast SEO plugin v27.4 - https:\/\/yoast.com\/product\/yoast-seo-wordpress\/ -->\n<title>La Nuit des mus\u00e9es, un succ\u00e8s<\/title>\n<meta name=\"description\" content=\"Plus de 2 millions de personnes se sont rendues au mus\u00e9e, en France, dans la soir\u00e9e du samedi 18 mai 2019, \u00e0 l\u2019occasion de la Nuit europ\u00e9enne des mus\u00e9es\" \/>\n<meta name=\"robots\" content=\"index, follow, max-snippet:-1, max-image-preview:large, max-video-preview:-1\" \/>\n<link rel=\"canonical\" href=\"https:\/\/batijournal.com\/index.php\/la-nuit-des-musees-un-succes\/102128\/\" \/>\n<meta property=\"og:locale\" content=\"fr_FR\" \/>\n<meta property=\"og:type\" content=\"article\" \/>\n<meta property=\"og:title\" content=\"La Nuit des mus\u00e9es, un succ\u00e8s\" \/>\n<meta property=\"og:description\" content=\"Plus de 2 millions de personnes se sont rendues au mus\u00e9e, en France, dans la soir\u00e9e du samedi 18 mai 2019, \u00e0 l\u2019occasion de la Nuit europ\u00e9enne des mus\u00e9es\" \/>\n<meta property=\"og:url\" content=\"https:\/\/batijournal.com\/index.php\/la-nuit-des-musees-un-succes\/102128\/\" \/>\n<meta property=\"og:site_name\" content=\"Batijournal\" \/>\n<meta property=\"article:published_time\" content=\"2019-05-22T06:12:55+00:00\" \/>\n<meta property=\"article:modified_time\" content=\"2019-07-15T09:14:32+00:00\" \/>\n<meta property=\"og:image\" content=\"https:\/\/batijournal.com\/wp-content\/uploads\/2019\/05\/nuit-musees.jpg\" \/>\n\t<meta property=\"og:image:width\" content=\"1200\" \/>\n\t<meta property=\"og:image:height\" content=\"577\" \/>\n\t<meta property=\"og:image:type\" content=\"image\/jpeg\" \/>\n<meta name=\"author\" content=\"St\u00e9phane Miget\" \/>\n<meta name=\"twitter:card\" content=\"summary_large_image\" \/>\n<meta name=\"twitter:creator\" content=\"@bati_journal\" \/>\n<meta name=\"twitter:site\" content=\"@bati_journal\" \/>\n<meta name=\"twitter:label1\" content=\"\u00c9crit par\" \/>\n\t<meta name=\"twitter:data1\" content=\"St\u00e9phane Miget\" \/>\n\t<meta name=\"twitter:label2\" content=\"Dur\u00e9e de lecture estim\u00e9e\" \/>\n\t<meta name=\"twitter:data2\" content=\"5 minutes\" \/>\n<script type=\"application\/ld+json\" class=\"yoast-schema-graph\">{\"@context\":\"https:\\\/\\\/schema.org\",\"@graph\":[{\"@type\":\"Article\",\"@id\":\"https:\\\/\\\/batijournal.com\\\/index.php\\\/la-nuit-des-musees-un-succes\\\/102128\\\/#article\",\"isPartOf\":{\"@id\":\"https:\\\/\\\/batijournal.com\\\/index.php\\\/la-nuit-des-musees-un-succes\\\/102128\\\/\"},\"author\":{\"name\":\"St\u00e9phane Miget\",\"@id\":\"https:\\\/\\\/batijournal.com\\\/#\\\/schema\\\/person\\\/1dc96ec6957aa1ccb25ebe78bb19f100\"},\"headline\":\"La Nuit des mus\u00e9es, un succ\u00e8s\",\"datePublished\":\"2019-05-22T06:12:55+00:00\",\"dateModified\":\"2019-07-15T09:14:32+00:00\",\"mainEntityOfPage\":{\"@id\":\"https:\\\/\\\/batijournal.com\\\/index.php\\\/la-nuit-des-musees-un-succes\\\/102128\\\/\"},\"wordCount\":976,\"image\":{\"@id\":\"https:\\\/\\\/batijournal.com\\\/index.php\\\/la-nuit-des-musees-un-succes\\\/102128\\\/#primaryimage\"},\"thumbnailUrl\":\"https:\\\/\\\/batijournal.com\\\/wp-content\\\/uploads\\\/2019\\\/05\\\/nuit-musees.jpg\",\"keywords\":[\"nuit des mus\u00e9es\"],\"articleSection\":[\"Actualit\u00e9s\",\"Architecture &amp; Conception\",\"zz_Atrium Patrimoine\"],\"inLanguage\":\"fr-FR\"},{\"@type\":\"WebPage\",\"@id\":\"https:\\\/\\\/batijournal.com\\\/index.php\\\/la-nuit-des-musees-un-succes\\\/102128\\\/\",\"url\":\"https:\\\/\\\/batijournal.com\\\/index.php\\\/la-nuit-des-musees-un-succes\\\/102128\\\/\",\"name\":\"La Nuit des mus\u00e9es, un succ\u00e8s\",\"isPartOf\":{\"@id\":\"https:\\\/\\\/batijournal.com\\\/#website\"},\"primaryImageOfPage\":{\"@id\":\"https:\\\/\\\/batijournal.com\\\/index.php\\\/la-nuit-des-musees-un-succes\\\/102128\\\/#primaryimage\"},\"image\":{\"@id\":\"https:\\\/\\\/batijournal.com\\\/index.php\\\/la-nuit-des-musees-un-succes\\\/102128\\\/#primaryimage\"},\"thumbnailUrl\":\"https:\\\/\\\/batijournal.com\\\/wp-content\\\/uploads\\\/2019\\\/05\\\/nuit-musees.jpg\",\"datePublished\":\"2019-05-22T06:12:55+00:00\",\"dateModified\":\"2019-07-15T09:14:32+00:00\",\"author\":{\"@id\":\"https:\\\/\\\/batijournal.com\\\/#\\\/schema\\\/person\\\/1dc96ec6957aa1ccb25ebe78bb19f100\"},\"description\":\"Plus de 2 millions de personnes se sont rendues au mus\u00e9e, en France, dans la soir\u00e9e du samedi 18 mai 2019, \u00e0 l\u2019occasion de la Nuit europ\u00e9enne des mus\u00e9es\",\"breadcrumb\":{\"@id\":\"https:\\\/\\\/batijournal.com\\\/index.php\\\/la-nuit-des-musees-un-succes\\\/102128\\\/#breadcrumb\"},\"inLanguage\":\"fr-FR\",\"potentialAction\":[{\"@type\":\"ReadAction\",\"target\":[\"https:\\\/\\\/batijournal.com\\\/index.php\\\/la-nuit-des-musees-un-succes\\\/102128\\\/\"]}]},{\"@type\":\"ImageObject\",\"inLanguage\":\"fr-FR\",\"@id\":\"https:\\\/\\\/batijournal.com\\\/index.php\\\/la-nuit-des-musees-un-succes\\\/102128\\\/#primaryimage\",\"url\":\"https:\\\/\\\/batijournal.com\\\/wp-content\\\/uploads\\\/2019\\\/05\\\/nuit-musees.jpg\",\"contentUrl\":\"https:\\\/\\\/batijournal.com\\\/wp-content\\\/uploads\\\/2019\\\/05\\\/nuit-musees.jpg\",\"width\":1200,\"height\":577},{\"@type\":\"BreadcrumbList\",\"@id\":\"https:\\\/\\\/batijournal.com\\\/index.php\\\/la-nuit-des-musees-un-succes\\\/102128\\\/#breadcrumb\",\"itemListElement\":[{\"@type\":\"ListItem\",\"position\":1,\"name\":\"Accueil\",\"item\":\"https:\\\/\\\/batijournal.com\\\/\"},{\"@type\":\"ListItem\",\"position\":2,\"name\":\"Actualit\u00e9s\",\"item\":\"https:\\\/\\\/batijournal.com\\\/index.php\\\/category\\\/actualites\\\/\"},{\"@type\":\"ListItem\",\"position\":3,\"name\":\"La Nuit des mus\u00e9es, un succ\u00e8s\"}]},{\"@type\":\"WebSite\",\"@id\":\"https:\\\/\\\/batijournal.com\\\/#website\",\"url\":\"https:\\\/\\\/batijournal.com\\\/\",\"name\":\"Batijournal\",\"description\":\"L&#039;actualit\u00e9 du b\u00e2timent\",\"potentialAction\":[{\"@type\":\"SearchAction\",\"target\":{\"@type\":\"EntryPoint\",\"urlTemplate\":\"https:\\\/\\\/batijournal.com\\\/?s={search_term_string}\"},\"query-input\":{\"@type\":\"PropertyValueSpecification\",\"valueRequired\":true,\"valueName\":\"search_term_string\"}}],\"inLanguage\":\"fr-FR\"},{\"@type\":\"Person\",\"@id\":\"https:\\\/\\\/batijournal.com\\\/#\\\/schema\\\/person\\\/1dc96ec6957aa1ccb25ebe78bb19f100\",\"name\":\"St\u00e9phane Miget\",\"image\":{\"@type\":\"ImageObject\",\"inLanguage\":\"fr-FR\",\"@id\":\"https:\\\/\\\/secure.gravatar.com\\\/avatar\\\/89915563d925342126b8ef0281b93d9d7fc337043e8df017f780908eb9644451?s=96&d=mm&r=g\",\"url\":\"https:\\\/\\\/secure.gravatar.com\\\/avatar\\\/89915563d925342126b8ef0281b93d9d7fc337043e8df017f780908eb9644451?s=96&d=mm&r=g\",\"contentUrl\":\"https:\\\/\\\/secure.gravatar.com\\\/avatar\\\/89915563d925342126b8ef0281b93d9d7fc337043e8df017f780908eb9644451?s=96&d=mm&r=g\",\"caption\":\"St\u00e9phane Miget\"},\"url\":\"https:\\\/\\\/batijournal.com\\\/index.php\\\/author\\\/stephane\\\/\"}]}<\/script>\n<!-- \/ Yoast SEO plugin. -->","yoast_head_json":{"title":"La Nuit des mus\u00e9es, un succ\u00e8s","description":"Plus de 2 millions de personnes se sont rendues au mus\u00e9e, en France, dans la soir\u00e9e du samedi 18 mai 2019, \u00e0 l\u2019occasion de la Nuit europ\u00e9enne des mus\u00e9es","robots":{"index":"index","follow":"follow","max-snippet":"max-snippet:-1","max-image-preview":"max-image-preview:large","max-video-preview":"max-video-preview:-1"},"canonical":"https:\/\/batijournal.com\/index.php\/la-nuit-des-musees-un-succes\/102128\/","og_locale":"fr_FR","og_type":"article","og_title":"La Nuit des mus\u00e9es, un succ\u00e8s","og_description":"Plus de 2 millions de personnes se sont rendues au mus\u00e9e, en France, dans la soir\u00e9e du samedi 18 mai 2019, \u00e0 l\u2019occasion de la Nuit europ\u00e9enne des mus\u00e9es","og_url":"https:\/\/batijournal.com\/index.php\/la-nuit-des-musees-un-succes\/102128\/","og_site_name":"Batijournal","article_published_time":"2019-05-22T06:12:55+00:00","article_modified_time":"2019-07-15T09:14:32+00:00","og_image":[{"width":1200,"height":577,"url":"https:\/\/batijournal.com\/wp-content\/uploads\/2019\/05\/nuit-musees.jpg","type":"image\/jpeg"}],"author":"St\u00e9phane Miget","twitter_card":"summary_large_image","twitter_creator":"@bati_journal","twitter_site":"@bati_journal","twitter_misc":{"\u00c9crit par":"St\u00e9phane Miget","Dur\u00e9e de lecture estim\u00e9e":"5 minutes"},"schema":{"@context":"https:\/\/schema.org","@graph":[{"@type":"Article","@id":"https:\/\/batijournal.com\/index.php\/la-nuit-des-musees-un-succes\/102128\/#article","isPartOf":{"@id":"https:\/\/batijournal.com\/index.php\/la-nuit-des-musees-un-succes\/102128\/"},"author":{"name":"St\u00e9phane Miget","@id":"https:\/\/batijournal.com\/#\/schema\/person\/1dc96ec6957aa1ccb25ebe78bb19f100"},"headline":"La Nuit des mus\u00e9es, un succ\u00e8s","datePublished":"2019-05-22T06:12:55+00:00","dateModified":"2019-07-15T09:14:32+00:00","mainEntityOfPage":{"@id":"https:\/\/batijournal.com\/index.php\/la-nuit-des-musees-un-succes\/102128\/"},"wordCount":976,"image":{"@id":"https:\/\/batijournal.com\/index.php\/la-nuit-des-musees-un-succes\/102128\/#primaryimage"},"thumbnailUrl":"https:\/\/batijournal.com\/wp-content\/uploads\/2019\/05\/nuit-musees.jpg","keywords":["nuit des mus\u00e9es"],"articleSection":["Actualit\u00e9s","Architecture &amp; Conception","zz_Atrium Patrimoine"],"inLanguage":"fr-FR"},{"@type":"WebPage","@id":"https:\/\/batijournal.com\/index.php\/la-nuit-des-musees-un-succes\/102128\/","url":"https:\/\/batijournal.com\/index.php\/la-nuit-des-musees-un-succes\/102128\/","name":"La Nuit des mus\u00e9es, un succ\u00e8s","isPartOf":{"@id":"https:\/\/batijournal.com\/#website"},"primaryImageOfPage":{"@id":"https:\/\/batijournal.com\/index.php\/la-nuit-des-musees-un-succes\/102128\/#primaryimage"},"image":{"@id":"https:\/\/batijournal.com\/index.php\/la-nuit-des-musees-un-succes\/102128\/#primaryimage"},"thumbnailUrl":"https:\/\/batijournal.com\/wp-content\/uploads\/2019\/05\/nuit-musees.jpg","datePublished":"2019-05-22T06:12:55+00:00","dateModified":"2019-07-15T09:14:32+00:00","author":{"@id":"https:\/\/batijournal.com\/#\/schema\/person\/1dc96ec6957aa1ccb25ebe78bb19f100"},"description":"Plus de 2 millions de personnes se sont rendues au mus\u00e9e, en France, dans la soir\u00e9e du samedi 18 mai 2019, \u00e0 l\u2019occasion de la Nuit europ\u00e9enne des mus\u00e9es","breadcrumb":{"@id":"https:\/\/batijournal.com\/index.php\/la-nuit-des-musees-un-succes\/102128\/#breadcrumb"},"inLanguage":"fr-FR","potentialAction":[{"@type":"ReadAction","target":["https:\/\/batijournal.com\/index.php\/la-nuit-des-musees-un-succes\/102128\/"]}]},{"@type":"ImageObject","inLanguage":"fr-FR","@id":"https:\/\/batijournal.com\/index.php\/la-nuit-des-musees-un-succes\/102128\/#primaryimage","url":"https:\/\/batijournal.com\/wp-content\/uploads\/2019\/05\/nuit-musees.jpg","contentUrl":"https:\/\/batijournal.com\/wp-content\/uploads\/2019\/05\/nuit-musees.jpg","width":1200,"height":577},{"@type":"BreadcrumbList","@id":"https:\/\/batijournal.com\/index.php\/la-nuit-des-musees-un-succes\/102128\/#breadcrumb","itemListElement":[{"@type":"ListItem","position":1,"name":"Accueil","item":"https:\/\/batijournal.com\/"},{"@type":"ListItem","position":2,"name":"Actualit\u00e9s","item":"https:\/\/batijournal.com\/index.php\/category\/actualites\/"},{"@type":"ListItem","position":3,"name":"La Nuit des mus\u00e9es, un succ\u00e8s"}]},{"@type":"WebSite","@id":"https:\/\/batijournal.com\/#website","url":"https:\/\/batijournal.com\/","name":"Batijournal","description":"L&#039;actualit\u00e9 du b\u00e2timent","potentialAction":[{"@type":"SearchAction","target":{"@type":"EntryPoint","urlTemplate":"https:\/\/batijournal.com\/?s={search_term_string}"},"query-input":{"@type":"PropertyValueSpecification","valueRequired":true,"valueName":"search_term_string"}}],"inLanguage":"fr-FR"},{"@type":"Person","@id":"https:\/\/batijournal.com\/#\/schema\/person\/1dc96ec6957aa1ccb25ebe78bb19f100","name":"St\u00e9phane Miget","image":{"@type":"ImageObject","inLanguage":"fr-FR","@id":"https:\/\/secure.gravatar.com\/avatar\/89915563d925342126b8ef0281b93d9d7fc337043e8df017f780908eb9644451?s=96&d=mm&r=g","url":"https:\/\/secure.gravatar.com\/avatar\/89915563d925342126b8ef0281b93d9d7fc337043e8df017f780908eb9644451?s=96&d=mm&r=g","contentUrl":"https:\/\/secure.gravatar.com\/avatar\/89915563d925342126b8ef0281b93d9d7fc337043e8df017f780908eb9644451?s=96&d=mm&r=g","caption":"St\u00e9phane Miget"},"url":"https:\/\/batijournal.com\/index.php\/author\/stephane\/"}]}},"_links":{"self":[{"href":"https:\/\/batijournal.com\/index.php\/wp-json\/wp\/v2\/posts\/102128","targetHints":{"allow":["GET"]}}],"collection":[{"href":"https:\/\/batijournal.com\/index.php\/wp-json\/wp\/v2\/posts"}],"about":[{"href":"https:\/\/batijournal.com\/index.php\/wp-json\/wp\/v2\/types\/post"}],"author":[{"embeddable":true,"href":"https:\/\/batijournal.com\/index.php\/wp-json\/wp\/v2\/users\/17"}],"replies":[{"embeddable":true,"href":"https:\/\/batijournal.com\/index.php\/wp-json\/wp\/v2\/comments?post=102128"}],"version-history":[{"count":0,"href":"https:\/\/batijournal.com\/index.php\/wp-json\/wp\/v2\/posts\/102128\/revisions"}],"wp:featuredmedia":[{"embeddable":true,"href":"https:\/\/batijournal.com\/index.php\/wp-json\/wp\/v2\/media\/102129"}],"wp:attachment":[{"href":"https:\/\/batijournal.com\/index.php\/wp-json\/wp\/v2\/media?parent=102128"}],"wp:term":[{"taxonomy":"category","embeddable":true,"href":"https:\/\/batijournal.com\/index.php\/wp-json\/wp\/v2\/categories?post=102128"},{"taxonomy":"post_tag","embeddable":true,"href":"https:\/\/batijournal.com\/index.php\/wp-json\/wp\/v2\/tags?post=102128"}],"curies":[{"name":"wp","href":"https:\/\/api.w.org\/{rel}","templated":true}]}}