{"id":102135,"date":"2019-05-22T09:31:41","date_gmt":"2019-05-22T07:31:41","guid":{"rendered":"https:\/\/batijournal.com\/?p=102135"},"modified":"2019-07-15T11:14:32","modified_gmt":"2019-07-15T09:14:32","slug":"adoption-du-projet-de-loi-pour-la-conservation-et-la-restauration-de-la-cathedrale-notre-dame-de-paris","status":"publish","type":"post","link":"https:\/\/batijournal.com\/index.php\/adoption-du-projet-de-loi-pour-la-conservation-et-la-restauration-de-la-cathedrale-notre-dame-de-paris\/102135\/","title":{"rendered":"Adoption du projet de loi pour la conservation et la restauration de la cath\u00e9drale Notre-Dame de Paris"},"content":{"rendered":"<p>L\u2019Assembl\u00e9e nationale a adopt\u00e9 le projet de loi pour la conservation et la restauration de la cath\u00e9drale Notre-Dame de Paris qui institue une souscription nationale. Si la mobilisation populaire est exceptionnelle, gr\u00e2ce notamment \u00e0 l\u2019action de la Fondation de France, de la Fondation du Patrimoine, de la Fondation Notre-Dame et du Centre des Monuments nationaux, il est pr\u00e9matur\u00e9 de consid\u00e9rer que \u00ab nous aurions trop de fonds collect\u00e9s, plus qu\u2019il n\u2019en faut pour restaurer la cath\u00e9drale \u00bb a rappel\u00e9 le Ministre de la Culture, Franck Riester, \u00e0 l\u2019Assembl\u00e9e nationale. Un grand nombre de dons doivent \u00eatre concr\u00e9tis\u00e9s. Par ailleurs, le co\u00fbt total des travaux n\u2019a pas encore \u00e9t\u00e9 chiffr\u00e9, la phase de diagnostic n\u2019ayant pas encore d\u00e9but\u00e9.<\/p>\n<p>Photo : Anna Ader<\/p>\n","protected":false},"excerpt":{"rendered":"<p>L\u2019Assembl\u00e9e nationale a adopt\u00e9 le projet de loi pour la conservation et la restauration de la cath\u00e9drale Notre-Dame de Paris qui institue une souscription nationale. Si la mobilisation populaire est exceptionnelle, gr\u00e2ce notamment \u00e0 l\u2019action de la Fondation de France, de la Fondation du Patrimoine, de la Fondation Notre-Dame et du Centre des Monuments nationaux, [&hellip;]<\/p>\n","protected":false},"author":17,"featured_media":102134,"comment_status":"closed","ping_status":"closed","sticky":false,"template":"","format":"standard","meta":{"_et_pb_use_builder":"","_et_pb_old_content":"","_et_gb_content_width":"","footnotes":""},"categories":[10530,6340],"tags":[6842],"class_list":["post-102135","post","type-post","status-publish","format-standard","has-post-thumbnail","hentry","category-actualites","category-architecture-conception","tag-notre-dame-de-paris"],"yoast_head":"<!-- This site is optimized with the Yoast SEO plugin v27.4 - https:\/\/yoast.com\/product\/yoast-seo-wordpress\/ -->\n<title>Adoption du projet de loi pour la conservation et la restauration de la cath\u00e9drale Notre-Dame de Paris<\/title>\n<meta name=\"description\" content=\"L\u2019Assembl\u00e9e nationale a adopt\u00e9 le projet de loi pour la restauration de la cath\u00e9drale Notre-Dame de Paris qui institue une souscription nationale\" \/>\n<meta name=\"robots\" content=\"index, follow, max-snippet:-1, max-image-preview:large, max-video-preview:-1\" \/>\n<link rel=\"canonical\" href=\"https:\/\/batijournal.com\/index.php\/adoption-du-projet-de-loi-pour-la-conservation-et-la-restauration-de-la-cathedrale-notre-dame-de-paris\/102135\/\" \/>\n<meta property=\"og:locale\" content=\"fr_FR\" \/>\n<meta property=\"og:type\" content=\"article\" \/>\n<meta property=\"og:title\" content=\"Adoption du projet de loi pour la conservation et la restauration de la cath\u00e9drale Notre-Dame de Paris\" \/>\n<meta property=\"og:description\" content=\"L\u2019Assembl\u00e9e nationale a adopt\u00e9 le projet de loi pour la restauration de la cath\u00e9drale Notre-Dame de Paris qui institue une souscription nationale\" \/>\n<meta property=\"og:url\" content=\"https:\/\/batijournal.com\/index.php\/adoption-du-projet-de-loi-pour-la-conservation-et-la-restauration-de-la-cathedrale-notre-dame-de-paris\/102135\/\" \/>\n<meta property=\"og:site_name\" content=\"Batijournal\" \/>\n<meta property=\"article:published_time\" content=\"2019-05-22T07:31:41+00:00\" \/>\n<meta property=\"article:modified_time\" content=\"2019-07-15T09:14:32+00:00\" \/>\n<meta property=\"og:image\" content=\"https:\/\/batijournal.com\/wp-content\/uploads\/2019\/05\/notre-dame-de-paris.jpg\" \/>\n\t<meta property=\"og:image:width\" content=\"1200\" \/>\n\t<meta property=\"og:image:height\" content=\"977\" \/>\n\t<meta property=\"og:image:type\" content=\"image\/jpeg\" \/>\n<meta name=\"author\" content=\"St\u00e9phane Miget\" \/>\n<meta name=\"twitter:card\" content=\"summary_large_image\" \/>\n<meta name=\"twitter:creator\" content=\"@bati_journal\" \/>\n<meta name=\"twitter:site\" content=\"@bati_journal\" \/>\n<meta name=\"twitter:label1\" content=\"\u00c9crit par\" \/>\n\t<meta name=\"twitter:data1\" content=\"St\u00e9phane Miget\" \/>\n\t<meta name=\"twitter:label2\" content=\"Dur\u00e9e de lecture estim\u00e9e\" \/>\n\t<meta name=\"twitter:data2\" content=\"1 minute\" \/>\n<script type=\"application\/ld+json\" class=\"yoast-schema-graph\">{\"@context\":\"https:\\\/\\\/schema.org\",\"@graph\":[{\"@type\":\"Article\",\"@id\":\"https:\\\/\\\/batijournal.com\\\/index.php\\\/adoption-du-projet-de-loi-pour-la-conservation-et-la-restauration-de-la-cathedrale-notre-dame-de-paris\\\/102135\\\/#article\",\"isPartOf\":{\"@id\":\"https:\\\/\\\/batijournal.com\\\/index.php\\\/adoption-du-projet-de-loi-pour-la-conservation-et-la-restauration-de-la-cathedrale-notre-dame-de-paris\\\/102135\\\/\"},\"author\":{\"name\":\"St\u00e9phane Miget\",\"@id\":\"https:\\\/\\\/batijournal.com\\\/#\\\/schema\\\/person\\\/1dc96ec6957aa1ccb25ebe78bb19f100\"},\"headline\":\"Adoption du projet de loi pour la conservation et la restauration de la cath\u00e9drale Notre-Dame de Paris\",\"datePublished\":\"2019-05-22T07:31:41+00:00\",\"dateModified\":\"2019-07-15T09:14:32+00:00\",\"mainEntityOfPage\":{\"@id\":\"https:\\\/\\\/batijournal.com\\\/index.php\\\/adoption-du-projet-de-loi-pour-la-conservation-et-la-restauration-de-la-cathedrale-notre-dame-de-paris\\\/102135\\\/\"},\"wordCount\":153,\"image\":{\"@id\":\"https:\\\/\\\/batijournal.com\\\/index.php\\\/adoption-du-projet-de-loi-pour-la-conservation-et-la-restauration-de-la-cathedrale-notre-dame-de-paris\\\/102135\\\/#primaryimage\"},\"thumbnailUrl\":\"https:\\\/\\\/batijournal.com\\\/wp-content\\\/uploads\\\/2019\\\/05\\\/notre-dame-de-paris.jpg\",\"keywords\":[\"notre dame de paris\"],\"articleSection\":[\"Actualit\u00e9s\",\"Architecture &amp; Conception\"],\"inLanguage\":\"fr-FR\"},{\"@type\":\"WebPage\",\"@id\":\"https:\\\/\\\/batijournal.com\\\/index.php\\\/adoption-du-projet-de-loi-pour-la-conservation-et-la-restauration-de-la-cathedrale-notre-dame-de-paris\\\/102135\\\/\",\"url\":\"https:\\\/\\\/batijournal.com\\\/index.php\\\/adoption-du-projet-de-loi-pour-la-conservation-et-la-restauration-de-la-cathedrale-notre-dame-de-paris\\\/102135\\\/\",\"name\":\"Adoption du projet de loi pour la conservation et la restauration de la cath\u00e9drale Notre-Dame de Paris\",\"isPartOf\":{\"@id\":\"https:\\\/\\\/batijournal.com\\\/#website\"},\"primaryImageOfPage\":{\"@id\":\"https:\\\/\\\/batijournal.com\\\/index.php\\\/adoption-du-projet-de-loi-pour-la-conservation-et-la-restauration-de-la-cathedrale-notre-dame-de-paris\\\/102135\\\/#primaryimage\"},\"image\":{\"@id\":\"https:\\\/\\\/batijournal.com\\\/index.php\\\/adoption-du-projet-de-loi-pour-la-conservation-et-la-restauration-de-la-cathedrale-notre-dame-de-paris\\\/102135\\\/#primaryimage\"},\"thumbnailUrl\":\"https:\\\/\\\/batijournal.com\\\/wp-content\\\/uploads\\\/2019\\\/05\\\/notre-dame-de-paris.jpg\",\"datePublished\":\"2019-05-22T07:31:41+00:00\",\"dateModified\":\"2019-07-15T09:14:32+00:00\",\"author\":{\"@id\":\"https:\\\/\\\/batijournal.com\\\/#\\\/schema\\\/person\\\/1dc96ec6957aa1ccb25ebe78bb19f100\"},\"description\":\"L\u2019Assembl\u00e9e nationale a adopt\u00e9 le projet de loi pour la restauration de la cath\u00e9drale Notre-Dame de Paris qui institue une souscription nationale\",\"breadcrumb\":{\"@id\":\"https:\\\/\\\/batijournal.com\\\/index.php\\\/adoption-du-projet-de-loi-pour-la-conservation-et-la-restauration-de-la-cathedrale-notre-dame-de-paris\\\/102135\\\/#breadcrumb\"},\"inLanguage\":\"fr-FR\",\"potentialAction\":[{\"@type\":\"ReadAction\",\"target\":[\"https:\\\/\\\/batijournal.com\\\/index.php\\\/adoption-du-projet-de-loi-pour-la-conservation-et-la-restauration-de-la-cathedrale-notre-dame-de-paris\\\/102135\\\/\"]}]},{\"@type\":\"ImageObject\",\"inLanguage\":\"fr-FR\",\"@id\":\"https:\\\/\\\/batijournal.com\\\/index.php\\\/adoption-du-projet-de-loi-pour-la-conservation-et-la-restauration-de-la-cathedrale-notre-dame-de-paris\\\/102135\\\/#primaryimage\",\"url\":\"https:\\\/\\\/batijournal.com\\\/wp-content\\\/uploads\\\/2019\\\/05\\\/notre-dame-de-paris.jpg\",\"contentUrl\":\"https:\\\/\\\/batijournal.com\\\/wp-content\\\/uploads\\\/2019\\\/05\\\/notre-dame-de-paris.jpg\",\"width\":1200,\"height\":977},{\"@type\":\"BreadcrumbList\",\"@id\":\"https:\\\/\\\/batijournal.com\\\/index.php\\\/adoption-du-projet-de-loi-pour-la-conservation-et-la-restauration-de-la-cathedrale-notre-dame-de-paris\\\/102135\\\/#breadcrumb\",\"itemListElement\":[{\"@type\":\"ListItem\",\"position\":1,\"name\":\"Accueil\",\"item\":\"https:\\\/\\\/batijournal.com\\\/\"},{\"@type\":\"ListItem\",\"position\":2,\"name\":\"Actualit\u00e9s\",\"item\":\"https:\\\/\\\/batijournal.com\\\/index.php\\\/category\\\/actualites\\\/\"},{\"@type\":\"ListItem\",\"position\":3,\"name\":\"Adoption du projet de loi pour la conservation et la restauration de la cath\u00e9drale Notre-Dame de Paris\"}]},{\"@type\":\"WebSite\",\"@id\":\"https:\\\/\\\/batijournal.com\\\/#website\",\"url\":\"https:\\\/\\\/batijournal.com\\\/\",\"name\":\"Batijournal\",\"description\":\"L&#039;actualit\u00e9 du b\u00e2timent\",\"potentialAction\":[{\"@type\":\"SearchAction\",\"target\":{\"@type\":\"EntryPoint\",\"urlTemplate\":\"https:\\\/\\\/batijournal.com\\\/?s={search_term_string}\"},\"query-input\":{\"@type\":\"PropertyValueSpecification\",\"valueRequired\":true,\"valueName\":\"search_term_string\"}}],\"inLanguage\":\"fr-FR\"},{\"@type\":\"Person\",\"@id\":\"https:\\\/\\\/batijournal.com\\\/#\\\/schema\\\/person\\\/1dc96ec6957aa1ccb25ebe78bb19f100\",\"name\":\"St\u00e9phane Miget\",\"image\":{\"@type\":\"ImageObject\",\"inLanguage\":\"fr-FR\",\"@id\":\"https:\\\/\\\/secure.gravatar.com\\\/avatar\\\/89915563d925342126b8ef0281b93d9d7fc337043e8df017f780908eb9644451?s=96&d=mm&r=g\",\"url\":\"https:\\\/\\\/secure.gravatar.com\\\/avatar\\\/89915563d925342126b8ef0281b93d9d7fc337043e8df017f780908eb9644451?s=96&d=mm&r=g\",\"contentUrl\":\"https:\\\/\\\/secure.gravatar.com\\\/avatar\\\/89915563d925342126b8ef0281b93d9d7fc337043e8df017f780908eb9644451?s=96&d=mm&r=g\",\"caption\":\"St\u00e9phane Miget\"},\"url\":\"https:\\\/\\\/batijournal.com\\\/index.php\\\/author\\\/stephane\\\/\"}]}<\/script>\n<!-- \/ Yoast SEO plugin. -->","yoast_head_json":{"title":"Adoption du projet de loi pour la conservation et la restauration de la cath\u00e9drale Notre-Dame de Paris","description":"L\u2019Assembl\u00e9e nationale a adopt\u00e9 le projet de loi pour la restauration de la cath\u00e9drale Notre-Dame de Paris qui institue une souscription nationale","robots":{"index":"index","follow":"follow","max-snippet":"max-snippet:-1","max-image-preview":"max-image-preview:large","max-video-preview":"max-video-preview:-1"},"canonical":"https:\/\/batijournal.com\/index.php\/adoption-du-projet-de-loi-pour-la-conservation-et-la-restauration-de-la-cathedrale-notre-dame-de-paris\/102135\/","og_locale":"fr_FR","og_type":"article","og_title":"Adoption du projet de loi pour la conservation et la restauration de la cath\u00e9drale Notre-Dame de Paris","og_description":"L\u2019Assembl\u00e9e nationale a adopt\u00e9 le projet de loi pour la restauration de la cath\u00e9drale Notre-Dame de Paris qui institue une souscription nationale","og_url":"https:\/\/batijournal.com\/index.php\/adoption-du-projet-de-loi-pour-la-conservation-et-la-restauration-de-la-cathedrale-notre-dame-de-paris\/102135\/","og_site_name":"Batijournal","article_published_time":"2019-05-22T07:31:41+00:00","article_modified_time":"2019-07-15T09:14:32+00:00","og_image":[{"width":1200,"height":977,"url":"https:\/\/batijournal.com\/wp-content\/uploads\/2019\/05\/notre-dame-de-paris.jpg","type":"image\/jpeg"}],"author":"St\u00e9phane Miget","twitter_card":"summary_large_image","twitter_creator":"@bati_journal","twitter_site":"@bati_journal","twitter_misc":{"\u00c9crit par":"St\u00e9phane Miget","Dur\u00e9e de lecture estim\u00e9e":"1 minute"},"schema":{"@context":"https:\/\/schema.org","@graph":[{"@type":"Article","@id":"https:\/\/batijournal.com\/index.php\/adoption-du-projet-de-loi-pour-la-conservation-et-la-restauration-de-la-cathedrale-notre-dame-de-paris\/102135\/#article","isPartOf":{"@id":"https:\/\/batijournal.com\/index.php\/adoption-du-projet-de-loi-pour-la-conservation-et-la-restauration-de-la-cathedrale-notre-dame-de-paris\/102135\/"},"author":{"name":"St\u00e9phane Miget","@id":"https:\/\/batijournal.com\/#\/schema\/person\/1dc96ec6957aa1ccb25ebe78bb19f100"},"headline":"Adoption du projet de loi pour la conservation et la restauration de la cath\u00e9drale Notre-Dame de Paris","datePublished":"2019-05-22T07:31:41+00:00","dateModified":"2019-07-15T09:14:32+00:00","mainEntityOfPage":{"@id":"https:\/\/batijournal.com\/index.php\/adoption-du-projet-de-loi-pour-la-conservation-et-la-restauration-de-la-cathedrale-notre-dame-de-paris\/102135\/"},"wordCount":153,"image":{"@id":"https:\/\/batijournal.com\/index.php\/adoption-du-projet-de-loi-pour-la-conservation-et-la-restauration-de-la-cathedrale-notre-dame-de-paris\/102135\/#primaryimage"},"thumbnailUrl":"https:\/\/batijournal.com\/wp-content\/uploads\/2019\/05\/notre-dame-de-paris.jpg","keywords":["notre dame de paris"],"articleSection":["Actualit\u00e9s","Architecture &amp; Conception"],"inLanguage":"fr-FR"},{"@type":"WebPage","@id":"https:\/\/batijournal.com\/index.php\/adoption-du-projet-de-loi-pour-la-conservation-et-la-restauration-de-la-cathedrale-notre-dame-de-paris\/102135\/","url":"https:\/\/batijournal.com\/index.php\/adoption-du-projet-de-loi-pour-la-conservation-et-la-restauration-de-la-cathedrale-notre-dame-de-paris\/102135\/","name":"Adoption du projet de loi pour la conservation et la restauration de la cath\u00e9drale Notre-Dame de Paris","isPartOf":{"@id":"https:\/\/batijournal.com\/#website"},"primaryImageOfPage":{"@id":"https:\/\/batijournal.com\/index.php\/adoption-du-projet-de-loi-pour-la-conservation-et-la-restauration-de-la-cathedrale-notre-dame-de-paris\/102135\/#primaryimage"},"image":{"@id":"https:\/\/batijournal.com\/index.php\/adoption-du-projet-de-loi-pour-la-conservation-et-la-restauration-de-la-cathedrale-notre-dame-de-paris\/102135\/#primaryimage"},"thumbnailUrl":"https:\/\/batijournal.com\/wp-content\/uploads\/2019\/05\/notre-dame-de-paris.jpg","datePublished":"2019-05-22T07:31:41+00:00","dateModified":"2019-07-15T09:14:32+00:00","author":{"@id":"https:\/\/batijournal.com\/#\/schema\/person\/1dc96ec6957aa1ccb25ebe78bb19f100"},"description":"L\u2019Assembl\u00e9e nationale a adopt\u00e9 le projet de loi pour la restauration de la cath\u00e9drale Notre-Dame de Paris qui institue une souscription nationale","breadcrumb":{"@id":"https:\/\/batijournal.com\/index.php\/adoption-du-projet-de-loi-pour-la-conservation-et-la-restauration-de-la-cathedrale-notre-dame-de-paris\/102135\/#breadcrumb"},"inLanguage":"fr-FR","potentialAction":[{"@type":"ReadAction","target":["https:\/\/batijournal.com\/index.php\/adoption-du-projet-de-loi-pour-la-conservation-et-la-restauration-de-la-cathedrale-notre-dame-de-paris\/102135\/"]}]},{"@type":"ImageObject","inLanguage":"fr-FR","@id":"https:\/\/batijournal.com\/index.php\/adoption-du-projet-de-loi-pour-la-conservation-et-la-restauration-de-la-cathedrale-notre-dame-de-paris\/102135\/#primaryimage","url":"https:\/\/batijournal.com\/wp-content\/uploads\/2019\/05\/notre-dame-de-paris.jpg","contentUrl":"https:\/\/batijournal.com\/wp-content\/uploads\/2019\/05\/notre-dame-de-paris.jpg","width":1200,"height":977},{"@type":"BreadcrumbList","@id":"https:\/\/batijournal.com\/index.php\/adoption-du-projet-de-loi-pour-la-conservation-et-la-restauration-de-la-cathedrale-notre-dame-de-paris\/102135\/#breadcrumb","itemListElement":[{"@type":"ListItem","position":1,"name":"Accueil","item":"https:\/\/batijournal.com\/"},{"@type":"ListItem","position":2,"name":"Actualit\u00e9s","item":"https:\/\/batijournal.com\/index.php\/category\/actualites\/"},{"@type":"ListItem","position":3,"name":"Adoption du projet de loi pour la conservation et la restauration de la cath\u00e9drale Notre-Dame de Paris"}]},{"@type":"WebSite","@id":"https:\/\/batijournal.com\/#website","url":"https:\/\/batijournal.com\/","name":"Batijournal","description":"L&#039;actualit\u00e9 du b\u00e2timent","potentialAction":[{"@type":"SearchAction","target":{"@type":"EntryPoint","urlTemplate":"https:\/\/batijournal.com\/?s={search_term_string}"},"query-input":{"@type":"PropertyValueSpecification","valueRequired":true,"valueName":"search_term_string"}}],"inLanguage":"fr-FR"},{"@type":"Person","@id":"https:\/\/batijournal.com\/#\/schema\/person\/1dc96ec6957aa1ccb25ebe78bb19f100","name":"St\u00e9phane Miget","image":{"@type":"ImageObject","inLanguage":"fr-FR","@id":"https:\/\/secure.gravatar.com\/avatar\/89915563d925342126b8ef0281b93d9d7fc337043e8df017f780908eb9644451?s=96&d=mm&r=g","url":"https:\/\/secure.gravatar.com\/avatar\/89915563d925342126b8ef0281b93d9d7fc337043e8df017f780908eb9644451?s=96&d=mm&r=g","contentUrl":"https:\/\/secure.gravatar.com\/avatar\/89915563d925342126b8ef0281b93d9d7fc337043e8df017f780908eb9644451?s=96&d=mm&r=g","caption":"St\u00e9phane Miget"},"url":"https:\/\/batijournal.com\/index.php\/author\/stephane\/"}]}},"_links":{"self":[{"href":"https:\/\/batijournal.com\/index.php\/wp-json\/wp\/v2\/posts\/102135","targetHints":{"allow":["GET"]}}],"collection":[{"href":"https:\/\/batijournal.com\/index.php\/wp-json\/wp\/v2\/posts"}],"about":[{"href":"https:\/\/batijournal.com\/index.php\/wp-json\/wp\/v2\/types\/post"}],"author":[{"embeddable":true,"href":"https:\/\/batijournal.com\/index.php\/wp-json\/wp\/v2\/users\/17"}],"replies":[{"embeddable":true,"href":"https:\/\/batijournal.com\/index.php\/wp-json\/wp\/v2\/comments?post=102135"}],"version-history":[{"count":0,"href":"https:\/\/batijournal.com\/index.php\/wp-json\/wp\/v2\/posts\/102135\/revisions"}],"wp:featuredmedia":[{"embeddable":true,"href":"https:\/\/batijournal.com\/index.php\/wp-json\/wp\/v2\/media\/102134"}],"wp:attachment":[{"href":"https:\/\/batijournal.com\/index.php\/wp-json\/wp\/v2\/media?parent=102135"}],"wp:term":[{"taxonomy":"category","embeddable":true,"href":"https:\/\/batijournal.com\/index.php\/wp-json\/wp\/v2\/categories?post=102135"},{"taxonomy":"post_tag","embeddable":true,"href":"https:\/\/batijournal.com\/index.php\/wp-json\/wp\/v2\/tags?post=102135"}],"curies":[{"name":"wp","href":"https:\/\/api.w.org\/{rel}","templated":true}]}}