{"id":102186,"date":"2019-05-28T07:17:23","date_gmt":"2019-05-28T05:17:23","guid":{"rendered":"https:\/\/batijournal.com\/?p=102186"},"modified":"2019-07-15T12:21:49","modified_gmt":"2019-07-15T10:21:49","slug":"photovoltaique-limportant-potentiel-des-friches-et-parkings","status":"publish","type":"post","link":"https:\/\/batijournal.com\/index.php\/photovoltaique-limportant-potentiel-des-friches-et-parkings\/102186\/","title":{"rendered":"Photovolta\u00efque : l\u2019important potentiel des friches et parkings"},"content":{"rendered":"<p>L\u2019ADEME a \u00e9valu\u00e9 le gisement national des zones d\u00e9laiss\u00e9es (friches) et des parkings propices au d\u00e9ploiement du photovolta\u00efque. L\u2019\u00e9tude, qui porte sur la m\u00e9tropole et la Corse, a permis de recenser 17 764 sites propices \u00e0 l\u2019installation d\u2019une centrale photovolta\u00efque : 2\/3 sont des zones d\u00e9laiss\u00e9es qui peuvent accueillir des installations au sol et 1\/3 des parkings. Le gisement repr\u00e9sente 53GWc r\u00e9partie \u00e0 93% sur les zones d\u00e9laiss\u00e9es (49GWc) et 7% sur les parkings (4GWc), soit 6 fois la puissance photovolta\u00efque install\u00e9e \u00e0 ce jour. La grande majorit\u00e9\u0301 des sites dispose d\u2019une surface relativement modeste puisque 70 % pr\u00e9sentent un potentiel compris entre 0,5 et 2,5 MWc.<\/p>\n<p><a href=\"https:\/\/www.ademe.fr\/evaluation-gisement-relatif-zones-delaissees-artificialisees-propices-a-limplantation-centrales-photovoltaiques\" target=\"_blank\" rel=\"noopener noreferrer\">https:\/\/www.ademe.fr\/evaluation-gisement-relatif-zones-delaissees-artificialisees-propices-a-limplantation-centrales-photovoltaiques<\/a><\/p>\n<p>&nbsp;<\/p>\n","protected":false},"excerpt":{"rendered":"<p>L\u2019ADEME a \u00e9valu\u00e9 le gisement national des zones d\u00e9laiss\u00e9es (friches) et des parkings propices au d\u00e9ploiement du photovolta\u00efque. L\u2019\u00e9tude, qui porte sur la m\u00e9tropole et la Corse, a permis de recenser 17 764 sites propices \u00e0 l\u2019installation d\u2019une centrale photovolta\u00efque : 2\/3 sont des zones d\u00e9laiss\u00e9es qui peuvent accueillir des installations au sol et 1\/3 [&hellip;]<\/p>\n","protected":false},"author":17,"featured_media":102188,"comment_status":"closed","ping_status":"closed","sticky":false,"template":"","format":"standard","meta":{"_et_pb_use_builder":"","_et_pb_old_content":"","_et_gb_content_width":"","footnotes":""},"categories":[10530,6351,10778],"tags":[464],"class_list":["post-102186","post","type-post","status-publish","format-standard","has-post-thumbnail","hentry","category-actualites","category-energie-environnement","category-planete","tag-photovoltaique"],"yoast_head":"<!-- This site is optimized with the Yoast SEO plugin v27.4 - https:\/\/yoast.com\/product\/yoast-seo-wordpress\/ -->\n<title>Photovolta\u00efque : l\u2019important potentiel des friches et parkings<\/title>\n<meta name=\"description\" content=\"L\u2019ADEME a \u00e9valu\u00e9 le gisement national des zones d\u00e9laiss\u00e9es (friches) et des parkings propices au d\u00e9ploiement du photovolta\u00efque\" \/>\n<meta name=\"robots\" content=\"index, follow, max-snippet:-1, max-image-preview:large, max-video-preview:-1\" \/>\n<link rel=\"canonical\" href=\"https:\/\/batijournal.com\/index.php\/photovoltaique-limportant-potentiel-des-friches-et-parkings\/102186\/\" \/>\n<meta property=\"og:locale\" content=\"fr_FR\" \/>\n<meta property=\"og:type\" content=\"article\" \/>\n<meta property=\"og:title\" content=\"Photovolta\u00efque : l\u2019important potentiel des friches et parkings\" \/>\n<meta property=\"og:description\" content=\"L\u2019ADEME a \u00e9valu\u00e9 le gisement national des zones d\u00e9laiss\u00e9es (friches) et des parkings propices au d\u00e9ploiement du photovolta\u00efque\" \/>\n<meta property=\"og:url\" content=\"https:\/\/batijournal.com\/index.php\/photovoltaique-limportant-potentiel-des-friches-et-parkings\/102186\/\" \/>\n<meta property=\"og:site_name\" content=\"Batijournal\" \/>\n<meta property=\"article:published_time\" content=\"2019-05-28T05:17:23+00:00\" \/>\n<meta property=\"article:modified_time\" content=\"2019-07-15T10:21:49+00:00\" \/>\n<meta property=\"og:image\" content=\"https:\/\/batijournal.com\/wp-content\/uploads\/2019\/05\/carte-france-gisement-potentiel-photovoltaique.png\" \/>\n\t<meta property=\"og:image:width\" content=\"878\" \/>\n\t<meta property=\"og:image:height\" content=\"721\" \/>\n\t<meta property=\"og:image:type\" content=\"image\/png\" \/>\n<meta name=\"author\" content=\"St\u00e9phane Miget\" \/>\n<meta name=\"twitter:card\" content=\"summary_large_image\" \/>\n<meta name=\"twitter:creator\" content=\"@bati_journal\" \/>\n<meta name=\"twitter:site\" content=\"@bati_journal\" \/>\n<meta name=\"twitter:label1\" content=\"\u00c9crit par\" \/>\n\t<meta name=\"twitter:data1\" content=\"St\u00e9phane Miget\" \/>\n\t<meta name=\"twitter:label2\" content=\"Dur\u00e9e de lecture estim\u00e9e\" \/>\n\t<meta name=\"twitter:data2\" content=\"1 minute\" \/>\n<script type=\"application\/ld+json\" class=\"yoast-schema-graph\">{\"@context\":\"https:\\\/\\\/schema.org\",\"@graph\":[{\"@type\":\"Article\",\"@id\":\"https:\\\/\\\/batijournal.com\\\/index.php\\\/photovoltaique-limportant-potentiel-des-friches-et-parkings\\\/102186\\\/#article\",\"isPartOf\":{\"@id\":\"https:\\\/\\\/batijournal.com\\\/index.php\\\/photovoltaique-limportant-potentiel-des-friches-et-parkings\\\/102186\\\/\"},\"author\":{\"name\":\"St\u00e9phane Miget\",\"@id\":\"https:\\\/\\\/batijournal.com\\\/#\\\/schema\\\/person\\\/1dc96ec6957aa1ccb25ebe78bb19f100\"},\"headline\":\"Photovolta\u00efque : l\u2019important potentiel des friches et parkings\",\"datePublished\":\"2019-05-28T05:17:23+00:00\",\"dateModified\":\"2019-07-15T10:21:49+00:00\",\"mainEntityOfPage\":{\"@id\":\"https:\\\/\\\/batijournal.com\\\/index.php\\\/photovoltaique-limportant-potentiel-des-friches-et-parkings\\\/102186\\\/\"},\"wordCount\":127,\"image\":{\"@id\":\"https:\\\/\\\/batijournal.com\\\/index.php\\\/photovoltaique-limportant-potentiel-des-friches-et-parkings\\\/102186\\\/#primaryimage\"},\"thumbnailUrl\":\"https:\\\/\\\/batijournal.com\\\/wp-content\\\/uploads\\\/2019\\\/05\\\/carte-france-gisement-potentiel-photovoltaique.png\",\"keywords\":[\"photovolta\u00efque\"],\"articleSection\":[\"Actualit\u00e9s\",\"\u00c9nergie &amp; Environnement\",\"zz_Plan\u00e8te B\u00e2timent\"],\"inLanguage\":\"fr-FR\"},{\"@type\":\"WebPage\",\"@id\":\"https:\\\/\\\/batijournal.com\\\/index.php\\\/photovoltaique-limportant-potentiel-des-friches-et-parkings\\\/102186\\\/\",\"url\":\"https:\\\/\\\/batijournal.com\\\/index.php\\\/photovoltaique-limportant-potentiel-des-friches-et-parkings\\\/102186\\\/\",\"name\":\"Photovolta\u00efque : l\u2019important potentiel des friches et parkings\",\"isPartOf\":{\"@id\":\"https:\\\/\\\/batijournal.com\\\/#website\"},\"primaryImageOfPage\":{\"@id\":\"https:\\\/\\\/batijournal.com\\\/index.php\\\/photovoltaique-limportant-potentiel-des-friches-et-parkings\\\/102186\\\/#primaryimage\"},\"image\":{\"@id\":\"https:\\\/\\\/batijournal.com\\\/index.php\\\/photovoltaique-limportant-potentiel-des-friches-et-parkings\\\/102186\\\/#primaryimage\"},\"thumbnailUrl\":\"https:\\\/\\\/batijournal.com\\\/wp-content\\\/uploads\\\/2019\\\/05\\\/carte-france-gisement-potentiel-photovoltaique.png\",\"datePublished\":\"2019-05-28T05:17:23+00:00\",\"dateModified\":\"2019-07-15T10:21:49+00:00\",\"author\":{\"@id\":\"https:\\\/\\\/batijournal.com\\\/#\\\/schema\\\/person\\\/1dc96ec6957aa1ccb25ebe78bb19f100\"},\"description\":\"L\u2019ADEME a \u00e9valu\u00e9 le gisement national des zones d\u00e9laiss\u00e9es (friches) et des parkings propices au d\u00e9ploiement du photovolta\u00efque\",\"breadcrumb\":{\"@id\":\"https:\\\/\\\/batijournal.com\\\/index.php\\\/photovoltaique-limportant-potentiel-des-friches-et-parkings\\\/102186\\\/#breadcrumb\"},\"inLanguage\":\"fr-FR\",\"potentialAction\":[{\"@type\":\"ReadAction\",\"target\":[\"https:\\\/\\\/batijournal.com\\\/index.php\\\/photovoltaique-limportant-potentiel-des-friches-et-parkings\\\/102186\\\/\"]}]},{\"@type\":\"ImageObject\",\"inLanguage\":\"fr-FR\",\"@id\":\"https:\\\/\\\/batijournal.com\\\/index.php\\\/photovoltaique-limportant-potentiel-des-friches-et-parkings\\\/102186\\\/#primaryimage\",\"url\":\"https:\\\/\\\/batijournal.com\\\/wp-content\\\/uploads\\\/2019\\\/05\\\/carte-france-gisement-potentiel-photovoltaique.png\",\"contentUrl\":\"https:\\\/\\\/batijournal.com\\\/wp-content\\\/uploads\\\/2019\\\/05\\\/carte-france-gisement-potentiel-photovoltaique.png\",\"width\":878,\"height\":721,\"caption\":\"carte france gisement potentiel photovoltaique\"},{\"@type\":\"BreadcrumbList\",\"@id\":\"https:\\\/\\\/batijournal.com\\\/index.php\\\/photovoltaique-limportant-potentiel-des-friches-et-parkings\\\/102186\\\/#breadcrumb\",\"itemListElement\":[{\"@type\":\"ListItem\",\"position\":1,\"name\":\"Accueil\",\"item\":\"https:\\\/\\\/batijournal.com\\\/\"},{\"@type\":\"ListItem\",\"position\":2,\"name\":\"Actualit\u00e9s\",\"item\":\"https:\\\/\\\/batijournal.com\\\/index.php\\\/category\\\/actualites\\\/\"},{\"@type\":\"ListItem\",\"position\":3,\"name\":\"Photovolta\u00efque : l\u2019important potentiel des friches et parkings\"}]},{\"@type\":\"WebSite\",\"@id\":\"https:\\\/\\\/batijournal.com\\\/#website\",\"url\":\"https:\\\/\\\/batijournal.com\\\/\",\"name\":\"Batijournal\",\"description\":\"L&#039;actualit\u00e9 du b\u00e2timent\",\"potentialAction\":[{\"@type\":\"SearchAction\",\"target\":{\"@type\":\"EntryPoint\",\"urlTemplate\":\"https:\\\/\\\/batijournal.com\\\/?s={search_term_string}\"},\"query-input\":{\"@type\":\"PropertyValueSpecification\",\"valueRequired\":true,\"valueName\":\"search_term_string\"}}],\"inLanguage\":\"fr-FR\"},{\"@type\":\"Person\",\"@id\":\"https:\\\/\\\/batijournal.com\\\/#\\\/schema\\\/person\\\/1dc96ec6957aa1ccb25ebe78bb19f100\",\"name\":\"St\u00e9phane Miget\",\"image\":{\"@type\":\"ImageObject\",\"inLanguage\":\"fr-FR\",\"@id\":\"https:\\\/\\\/secure.gravatar.com\\\/avatar\\\/89915563d925342126b8ef0281b93d9d7fc337043e8df017f780908eb9644451?s=96&d=mm&r=g\",\"url\":\"https:\\\/\\\/secure.gravatar.com\\\/avatar\\\/89915563d925342126b8ef0281b93d9d7fc337043e8df017f780908eb9644451?s=96&d=mm&r=g\",\"contentUrl\":\"https:\\\/\\\/secure.gravatar.com\\\/avatar\\\/89915563d925342126b8ef0281b93d9d7fc337043e8df017f780908eb9644451?s=96&d=mm&r=g\",\"caption\":\"St\u00e9phane Miget\"},\"url\":\"https:\\\/\\\/batijournal.com\\\/index.php\\\/author\\\/stephane\\\/\"}]}<\/script>\n<!-- \/ Yoast SEO plugin. -->","yoast_head_json":{"title":"Photovolta\u00efque : l\u2019important potentiel des friches et parkings","description":"L\u2019ADEME a \u00e9valu\u00e9 le gisement national des zones d\u00e9laiss\u00e9es (friches) et des parkings propices au d\u00e9ploiement du photovolta\u00efque","robots":{"index":"index","follow":"follow","max-snippet":"max-snippet:-1","max-image-preview":"max-image-preview:large","max-video-preview":"max-video-preview:-1"},"canonical":"https:\/\/batijournal.com\/index.php\/photovoltaique-limportant-potentiel-des-friches-et-parkings\/102186\/","og_locale":"fr_FR","og_type":"article","og_title":"Photovolta\u00efque : l\u2019important potentiel des friches et parkings","og_description":"L\u2019ADEME a \u00e9valu\u00e9 le gisement national des zones d\u00e9laiss\u00e9es (friches) et des parkings propices au d\u00e9ploiement du photovolta\u00efque","og_url":"https:\/\/batijournal.com\/index.php\/photovoltaique-limportant-potentiel-des-friches-et-parkings\/102186\/","og_site_name":"Batijournal","article_published_time":"2019-05-28T05:17:23+00:00","article_modified_time":"2019-07-15T10:21:49+00:00","og_image":[{"width":878,"height":721,"url":"https:\/\/batijournal.com\/wp-content\/uploads\/2019\/05\/carte-france-gisement-potentiel-photovoltaique.png","type":"image\/png"}],"author":"St\u00e9phane Miget","twitter_card":"summary_large_image","twitter_creator":"@bati_journal","twitter_site":"@bati_journal","twitter_misc":{"\u00c9crit par":"St\u00e9phane Miget","Dur\u00e9e de lecture estim\u00e9e":"1 minute"},"schema":{"@context":"https:\/\/schema.org","@graph":[{"@type":"Article","@id":"https:\/\/batijournal.com\/index.php\/photovoltaique-limportant-potentiel-des-friches-et-parkings\/102186\/#article","isPartOf":{"@id":"https:\/\/batijournal.com\/index.php\/photovoltaique-limportant-potentiel-des-friches-et-parkings\/102186\/"},"author":{"name":"St\u00e9phane Miget","@id":"https:\/\/batijournal.com\/#\/schema\/person\/1dc96ec6957aa1ccb25ebe78bb19f100"},"headline":"Photovolta\u00efque : l\u2019important potentiel des friches et parkings","datePublished":"2019-05-28T05:17:23+00:00","dateModified":"2019-07-15T10:21:49+00:00","mainEntityOfPage":{"@id":"https:\/\/batijournal.com\/index.php\/photovoltaique-limportant-potentiel-des-friches-et-parkings\/102186\/"},"wordCount":127,"image":{"@id":"https:\/\/batijournal.com\/index.php\/photovoltaique-limportant-potentiel-des-friches-et-parkings\/102186\/#primaryimage"},"thumbnailUrl":"https:\/\/batijournal.com\/wp-content\/uploads\/2019\/05\/carte-france-gisement-potentiel-photovoltaique.png","keywords":["photovolta\u00efque"],"articleSection":["Actualit\u00e9s","\u00c9nergie &amp; Environnement","zz_Plan\u00e8te B\u00e2timent"],"inLanguage":"fr-FR"},{"@type":"WebPage","@id":"https:\/\/batijournal.com\/index.php\/photovoltaique-limportant-potentiel-des-friches-et-parkings\/102186\/","url":"https:\/\/batijournal.com\/index.php\/photovoltaique-limportant-potentiel-des-friches-et-parkings\/102186\/","name":"Photovolta\u00efque : l\u2019important potentiel des friches et parkings","isPartOf":{"@id":"https:\/\/batijournal.com\/#website"},"primaryImageOfPage":{"@id":"https:\/\/batijournal.com\/index.php\/photovoltaique-limportant-potentiel-des-friches-et-parkings\/102186\/#primaryimage"},"image":{"@id":"https:\/\/batijournal.com\/index.php\/photovoltaique-limportant-potentiel-des-friches-et-parkings\/102186\/#primaryimage"},"thumbnailUrl":"https:\/\/batijournal.com\/wp-content\/uploads\/2019\/05\/carte-france-gisement-potentiel-photovoltaique.png","datePublished":"2019-05-28T05:17:23+00:00","dateModified":"2019-07-15T10:21:49+00:00","author":{"@id":"https:\/\/batijournal.com\/#\/schema\/person\/1dc96ec6957aa1ccb25ebe78bb19f100"},"description":"L\u2019ADEME a \u00e9valu\u00e9 le gisement national des zones d\u00e9laiss\u00e9es (friches) et des parkings propices au d\u00e9ploiement du photovolta\u00efque","breadcrumb":{"@id":"https:\/\/batijournal.com\/index.php\/photovoltaique-limportant-potentiel-des-friches-et-parkings\/102186\/#breadcrumb"},"inLanguage":"fr-FR","potentialAction":[{"@type":"ReadAction","target":["https:\/\/batijournal.com\/index.php\/photovoltaique-limportant-potentiel-des-friches-et-parkings\/102186\/"]}]},{"@type":"ImageObject","inLanguage":"fr-FR","@id":"https:\/\/batijournal.com\/index.php\/photovoltaique-limportant-potentiel-des-friches-et-parkings\/102186\/#primaryimage","url":"https:\/\/batijournal.com\/wp-content\/uploads\/2019\/05\/carte-france-gisement-potentiel-photovoltaique.png","contentUrl":"https:\/\/batijournal.com\/wp-content\/uploads\/2019\/05\/carte-france-gisement-potentiel-photovoltaique.png","width":878,"height":721,"caption":"carte france gisement potentiel photovoltaique"},{"@type":"BreadcrumbList","@id":"https:\/\/batijournal.com\/index.php\/photovoltaique-limportant-potentiel-des-friches-et-parkings\/102186\/#breadcrumb","itemListElement":[{"@type":"ListItem","position":1,"name":"Accueil","item":"https:\/\/batijournal.com\/"},{"@type":"ListItem","position":2,"name":"Actualit\u00e9s","item":"https:\/\/batijournal.com\/index.php\/category\/actualites\/"},{"@type":"ListItem","position":3,"name":"Photovolta\u00efque : l\u2019important potentiel des friches et parkings"}]},{"@type":"WebSite","@id":"https:\/\/batijournal.com\/#website","url":"https:\/\/batijournal.com\/","name":"Batijournal","description":"L&#039;actualit\u00e9 du b\u00e2timent","potentialAction":[{"@type":"SearchAction","target":{"@type":"EntryPoint","urlTemplate":"https:\/\/batijournal.com\/?s={search_term_string}"},"query-input":{"@type":"PropertyValueSpecification","valueRequired":true,"valueName":"search_term_string"}}],"inLanguage":"fr-FR"},{"@type":"Person","@id":"https:\/\/batijournal.com\/#\/schema\/person\/1dc96ec6957aa1ccb25ebe78bb19f100","name":"St\u00e9phane Miget","image":{"@type":"ImageObject","inLanguage":"fr-FR","@id":"https:\/\/secure.gravatar.com\/avatar\/89915563d925342126b8ef0281b93d9d7fc337043e8df017f780908eb9644451?s=96&d=mm&r=g","url":"https:\/\/secure.gravatar.com\/avatar\/89915563d925342126b8ef0281b93d9d7fc337043e8df017f780908eb9644451?s=96&d=mm&r=g","contentUrl":"https:\/\/secure.gravatar.com\/avatar\/89915563d925342126b8ef0281b93d9d7fc337043e8df017f780908eb9644451?s=96&d=mm&r=g","caption":"St\u00e9phane Miget"},"url":"https:\/\/batijournal.com\/index.php\/author\/stephane\/"}]}},"_links":{"self":[{"href":"https:\/\/batijournal.com\/index.php\/wp-json\/wp\/v2\/posts\/102186","targetHints":{"allow":["GET"]}}],"collection":[{"href":"https:\/\/batijournal.com\/index.php\/wp-json\/wp\/v2\/posts"}],"about":[{"href":"https:\/\/batijournal.com\/index.php\/wp-json\/wp\/v2\/types\/post"}],"author":[{"embeddable":true,"href":"https:\/\/batijournal.com\/index.php\/wp-json\/wp\/v2\/users\/17"}],"replies":[{"embeddable":true,"href":"https:\/\/batijournal.com\/index.php\/wp-json\/wp\/v2\/comments?post=102186"}],"version-history":[{"count":0,"href":"https:\/\/batijournal.com\/index.php\/wp-json\/wp\/v2\/posts\/102186\/revisions"}],"wp:featuredmedia":[{"embeddable":true,"href":"https:\/\/batijournal.com\/index.php\/wp-json\/wp\/v2\/media\/102188"}],"wp:attachment":[{"href":"https:\/\/batijournal.com\/index.php\/wp-json\/wp\/v2\/media?parent=102186"}],"wp:term":[{"taxonomy":"category","embeddable":true,"href":"https:\/\/batijournal.com\/index.php\/wp-json\/wp\/v2\/categories?post=102186"},{"taxonomy":"post_tag","embeddable":true,"href":"https:\/\/batijournal.com\/index.php\/wp-json\/wp\/v2\/tags?post=102186"}],"curies":[{"name":"wp","href":"https:\/\/api.w.org\/{rel}","templated":true}]}}