{"id":102220,"date":"2019-06-03T06:40:55","date_gmt":"2019-06-03T04:40:55","guid":{"rendered":"https:\/\/batijournal.com\/?p=102220"},"modified":"2019-06-03T06:40:55","modified_gmt":"2019-06-03T04:40:55","slug":"valorisation-des-dechets-du-btp-la-filiere-en-avance","status":"publish","type":"post","link":"https:\/\/batijournal.com\/index.php\/valorisation-des-dechets-du-btp-la-filiere-en-avance\/102220\/","title":{"rendered":"Valorisation des d\u00e9chets du BTP : la fili\u00e8re en avance"},"content":{"rendered":"<p>Les exploitants des carri\u00e8res de granulats se sont engag\u00e9s dans des d\u00e9marches responsables afin de g\u00e9rer durablement et de fa\u00e7on raisonn\u00e9e ces ressources, dans une logique de circuit court et d\u2019\u00e9conomie circulaire. En avril 2016, afin d\u2019optimiser et diffuser largement plusieurs d\u00e9marches d\u00e9j\u00e0 initi\u00e9es, l\u2019Union nationale des industries de carri\u00e8res et mat\u00e9riaux de construction (UNICEM) associ\u00e9e \u00e0 l\u2019Union nationale des producteurs de granulats (UNPG) et au Syndicat national du b\u00e9ton pr\u00eat \u00e0 l\u2019emploi (SNBPE), signait, avec l\u2019Etat, l\u2019un des tout premiers ECV, impliquant les professionnels de la fili\u00e8re dans une d\u00e9marche de valorisation et de recyclage des d\u00e9chets inertes du BTP. L\u2019Union europ\u00e9enne a fix\u00e9 dans la directive-cadre \u00ab d\u00e9chet \u00bb l\u2019objectif de 70% de valorisation des d\u00e9chets du BTP \u00e0 l\u2019horizon 2020. Cet objectif figure \u00e9galement dans la loi relative \u00e0 la transition \u00e9nerg\u00e9tique pour la croissance verte du 17 ao\u00fbt 2015. Ce seuil des 70 % de recyclage et valorisation est d\u2019ores et d\u00e9j\u00e0 atteint. Les d\u00e9chets recyclables sont recycl\u00e9s \u00e0 hauteur de 80 % couvrant 28 % des besoins en granulats pour la construction. Dans le cadre de l\u2019 \u00ab Engagement pour la croissance verte \u00bb, la profession a d\u00e9velopp\u00e9 plusieurs outils d\u2019information et sensibilisation, \u00e0 destination des acteurs du recyclage et des ma\u00eetres d\u2019ouvrages avec, notamment, la cr\u00e9ation d\u2019une plate-forme internet d\u00e9di\u00e9e, <a href=\"http:\/\/www.MaTerrio.construction\" target=\"_blank\" rel=\"noopener noreferrer\">www.MaTerrio.construction<\/a>, v\u00e9ritable centre de ressources qui donne acc\u00e8s \u00e0 l\u2019essentiel des informations, r\u00e9f\u00e9rentiels et conseils utiles pour d\u00e9ployer au mieux la valorisation et le r\u00e9emploi des d\u00e9chets inertes du BTP. On y retrouve un tableau de bord de la valorisation, une cartographie du r\u00e9seau national des carri\u00e8res et des plateformes d\u00e9di\u00e9es \u00e0 la valorisation et au recyclage, un fil d\u2019actualit\u00e9s et une m\u00e9diath\u00e8que, des t\u00e9moignages et retours d\u2019exp\u00e9rience, etc. S\u2019y ajoutent, entre autres, la publication de guides r\u00e9f\u00e9rentiels et l\u2019organisation de rencontres dans le cadre de colloques et salons.<\/p>\n<p>La profession \u0153uvre pour proposer \u00e0 l\u2019Etat de signer un nouvel engagement toujours ax\u00e9 sur l\u2019\u00e9conomie circulaire mais s\u2019enrichissant d\u2019autres axes permettant de p\u00e9renniser l\u2019approvisionnement durable en mat\u00e9riaux pour la construction et l\u2019industrie, favoriser la transition \u00e9nerg\u00e9tique et pr\u00e9server la biodiversit\u00e9. Principal objectif pour le volet \u00ab \u00e9conomie circulaire \u00bb : poursuivre des d\u00e9marches sur le terrain et les actions de sensibilisation afin d\u2019atteindre 90 % de taux de recyclage des d\u00e9chets inertes \u00e0 horizon 2025, soit une progression de l\u2019ordre de 8 millions de tonnes, ce qui permettrait de couvrir plus de 30 % des besoins en granulats pour la construction en France. Un volet juridique et r\u00e9glementaire s\u2019ajouterait aux travaux portant notamment sur la requalification et la sortie du statut de \u00ab d\u00e9chet \u00bb (pour la partie inerte) et sur l\u2019\u00e9largissement du p\u00e9rim\u00e8tre du marquage CE pour une meilleure tra\u00e7abilit\u00e9 des granulats recycl\u00e9s. Parall\u00e8lement, certaines exp\u00e9rimentations ouvrent la voie d\u2019un recyclage \u00e0 100 %, dans certaines conditions et pour des chantiers sp\u00e9cifiques. Quand ce taux de recyclage sera possible \u00e0 grande \u00e9chelle, il permettra de couvrir au mieux 32 % des besoins en granulats pour la construction.<\/p>\n<p>&nbsp;<\/p>\n","protected":false},"excerpt":{"rendered":"<p>Les exploitants des carri\u00e8res de granulats se sont engag\u00e9s dans des d\u00e9marches responsables afin de g\u00e9rer durablement et de fa\u00e7on raisonn\u00e9e ces ressources, dans une logique de circuit court et d\u2019\u00e9conomie circulaire. En avril 2016, afin d\u2019optimiser et diffuser largement plusieurs d\u00e9marches d\u00e9j\u00e0 initi\u00e9es, l\u2019Union nationale des industries de carri\u00e8res et mat\u00e9riaux de construction (UNICEM) [&hellip;]<\/p>\n","protected":false},"author":17,"featured_media":101112,"comment_status":"closed","ping_status":"closed","sticky":false,"template":"","format":"standard","meta":{"_et_pb_use_builder":"","_et_pb_old_content":"","_et_gb_content_width":"","footnotes":""},"categories":[10530,6345],"tags":[11430],"class_list":["post-102220","post","type-post","status-publish","format-standard","has-post-thumbnail","hentry","category-actualites","category-economie-marches","tag-economie-circulaire"],"yoast_head":"<!-- This site is optimized with the Yoast SEO plugin v27.4 - https:\/\/yoast.com\/product\/yoast-seo-wordpress\/ -->\n<title>Valorisation des d\u00e9chets du BTP : la fili\u00e8re en avance<\/title>\n<meta name=\"description\" content=\"Les exploitants des carri\u00e8res de granulats se sont engag\u00e9s dans des d\u00e9marches responsables dans une logique de circuit court et d\u2019\u00e9conomie circulaire.\" \/>\n<meta name=\"robots\" content=\"index, follow, max-snippet:-1, max-image-preview:large, max-video-preview:-1\" \/>\n<link rel=\"canonical\" href=\"https:\/\/batijournal.com\/index.php\/valorisation-des-dechets-du-btp-la-filiere-en-avance\/102220\/\" \/>\n<meta property=\"og:locale\" content=\"fr_FR\" \/>\n<meta property=\"og:type\" content=\"article\" \/>\n<meta property=\"og:title\" content=\"Valorisation des d\u00e9chets du BTP : la fili\u00e8re en avance\" \/>\n<meta property=\"og:description\" content=\"Les exploitants des carri\u00e8res de granulats se sont engag\u00e9s dans des d\u00e9marches responsables dans une logique de circuit court et d\u2019\u00e9conomie circulaire.\" \/>\n<meta property=\"og:url\" content=\"https:\/\/batijournal.com\/index.php\/valorisation-des-dechets-du-btp-la-filiere-en-avance\/102220\/\" \/>\n<meta property=\"og:site_name\" content=\"Batijournal\" \/>\n<meta property=\"article:published_time\" content=\"2019-06-03T04:40:55+00:00\" \/>\n<meta property=\"og:image\" content=\"https:\/\/batijournal.com\/wp-content\/uploads\/2018\/12\/granulats.jpg\" \/>\n\t<meta property=\"og:image:width\" content=\"2448\" \/>\n\t<meta property=\"og:image:height\" content=\"1284\" \/>\n\t<meta property=\"og:image:type\" content=\"image\/jpeg\" \/>\n<meta name=\"author\" content=\"St\u00e9phane Miget\" \/>\n<meta name=\"twitter:card\" content=\"summary_large_image\" \/>\n<meta name=\"twitter:creator\" content=\"@bati_journal\" \/>\n<meta name=\"twitter:site\" content=\"@bati_journal\" \/>\n<meta name=\"twitter:label1\" content=\"\u00c9crit par\" \/>\n\t<meta name=\"twitter:data1\" content=\"St\u00e9phane Miget\" \/>\n\t<meta name=\"twitter:label2\" content=\"Dur\u00e9e de lecture estim\u00e9e\" \/>\n\t<meta name=\"twitter:data2\" content=\"3 minutes\" \/>\n<script type=\"application\/ld+json\" class=\"yoast-schema-graph\">{\"@context\":\"https:\\\/\\\/schema.org\",\"@graph\":[{\"@type\":\"Article\",\"@id\":\"https:\\\/\\\/batijournal.com\\\/index.php\\\/valorisation-des-dechets-du-btp-la-filiere-en-avance\\\/102220\\\/#article\",\"isPartOf\":{\"@id\":\"https:\\\/\\\/batijournal.com\\\/index.php\\\/valorisation-des-dechets-du-btp-la-filiere-en-avance\\\/102220\\\/\"},\"author\":{\"name\":\"St\u00e9phane Miget\",\"@id\":\"https:\\\/\\\/batijournal.com\\\/#\\\/schema\\\/person\\\/1dc96ec6957aa1ccb25ebe78bb19f100\"},\"headline\":\"Valorisation des d\u00e9chets du BTP : la fili\u00e8re en avance\",\"datePublished\":\"2019-06-03T04:40:55+00:00\",\"mainEntityOfPage\":{\"@id\":\"https:\\\/\\\/batijournal.com\\\/index.php\\\/valorisation-des-dechets-du-btp-la-filiere-en-avance\\\/102220\\\/\"},\"wordCount\":559,\"image\":{\"@id\":\"https:\\\/\\\/batijournal.com\\\/index.php\\\/valorisation-des-dechets-du-btp-la-filiere-en-avance\\\/102220\\\/#primaryimage\"},\"thumbnailUrl\":\"https:\\\/\\\/batijournal.com\\\/wp-content\\\/uploads\\\/2018\\\/12\\\/granulats.jpg\",\"keywords\":[\"\u00e9conomie circulaire\"],\"articleSection\":[\"Actualit\u00e9s\",\"\u00c9conomie &amp; March\u00e9s\"],\"inLanguage\":\"fr-FR\"},{\"@type\":\"WebPage\",\"@id\":\"https:\\\/\\\/batijournal.com\\\/index.php\\\/valorisation-des-dechets-du-btp-la-filiere-en-avance\\\/102220\\\/\",\"url\":\"https:\\\/\\\/batijournal.com\\\/index.php\\\/valorisation-des-dechets-du-btp-la-filiere-en-avance\\\/102220\\\/\",\"name\":\"Valorisation des d\u00e9chets du BTP : la fili\u00e8re en avance\",\"isPartOf\":{\"@id\":\"https:\\\/\\\/batijournal.com\\\/#website\"},\"primaryImageOfPage\":{\"@id\":\"https:\\\/\\\/batijournal.com\\\/index.php\\\/valorisation-des-dechets-du-btp-la-filiere-en-avance\\\/102220\\\/#primaryimage\"},\"image\":{\"@id\":\"https:\\\/\\\/batijournal.com\\\/index.php\\\/valorisation-des-dechets-du-btp-la-filiere-en-avance\\\/102220\\\/#primaryimage\"},\"thumbnailUrl\":\"https:\\\/\\\/batijournal.com\\\/wp-content\\\/uploads\\\/2018\\\/12\\\/granulats.jpg\",\"datePublished\":\"2019-06-03T04:40:55+00:00\",\"author\":{\"@id\":\"https:\\\/\\\/batijournal.com\\\/#\\\/schema\\\/person\\\/1dc96ec6957aa1ccb25ebe78bb19f100\"},\"description\":\"Les exploitants des carri\u00e8res de granulats se sont engag\u00e9s dans des d\u00e9marches responsables dans une logique de circuit court et d\u2019\u00e9conomie circulaire.\",\"breadcrumb\":{\"@id\":\"https:\\\/\\\/batijournal.com\\\/index.php\\\/valorisation-des-dechets-du-btp-la-filiere-en-avance\\\/102220\\\/#breadcrumb\"},\"inLanguage\":\"fr-FR\",\"potentialAction\":[{\"@type\":\"ReadAction\",\"target\":[\"https:\\\/\\\/batijournal.com\\\/index.php\\\/valorisation-des-dechets-du-btp-la-filiere-en-avance\\\/102220\\\/\"]}]},{\"@type\":\"ImageObject\",\"inLanguage\":\"fr-FR\",\"@id\":\"https:\\\/\\\/batijournal.com\\\/index.php\\\/valorisation-des-dechets-du-btp-la-filiere-en-avance\\\/102220\\\/#primaryimage\",\"url\":\"https:\\\/\\\/batijournal.com\\\/wp-content\\\/uploads\\\/2018\\\/12\\\/granulats.jpg\",\"contentUrl\":\"https:\\\/\\\/batijournal.com\\\/wp-content\\\/uploads\\\/2018\\\/12\\\/granulats.jpg\",\"width\":2448,\"height\":1284},{\"@type\":\"BreadcrumbList\",\"@id\":\"https:\\\/\\\/batijournal.com\\\/index.php\\\/valorisation-des-dechets-du-btp-la-filiere-en-avance\\\/102220\\\/#breadcrumb\",\"itemListElement\":[{\"@type\":\"ListItem\",\"position\":1,\"name\":\"Accueil\",\"item\":\"https:\\\/\\\/batijournal.com\\\/\"},{\"@type\":\"ListItem\",\"position\":2,\"name\":\"Actualit\u00e9s\",\"item\":\"https:\\\/\\\/batijournal.com\\\/index.php\\\/category\\\/actualites\\\/\"},{\"@type\":\"ListItem\",\"position\":3,\"name\":\"Valorisation des d\u00e9chets du BTP : la fili\u00e8re en avance\"}]},{\"@type\":\"WebSite\",\"@id\":\"https:\\\/\\\/batijournal.com\\\/#website\",\"url\":\"https:\\\/\\\/batijournal.com\\\/\",\"name\":\"Batijournal\",\"description\":\"L&#039;actualit\u00e9 du b\u00e2timent\",\"potentialAction\":[{\"@type\":\"SearchAction\",\"target\":{\"@type\":\"EntryPoint\",\"urlTemplate\":\"https:\\\/\\\/batijournal.com\\\/?s={search_term_string}\"},\"query-input\":{\"@type\":\"PropertyValueSpecification\",\"valueRequired\":true,\"valueName\":\"search_term_string\"}}],\"inLanguage\":\"fr-FR\"},{\"@type\":\"Person\",\"@id\":\"https:\\\/\\\/batijournal.com\\\/#\\\/schema\\\/person\\\/1dc96ec6957aa1ccb25ebe78bb19f100\",\"name\":\"St\u00e9phane Miget\",\"image\":{\"@type\":\"ImageObject\",\"inLanguage\":\"fr-FR\",\"@id\":\"https:\\\/\\\/secure.gravatar.com\\\/avatar\\\/89915563d925342126b8ef0281b93d9d7fc337043e8df017f780908eb9644451?s=96&d=mm&r=g\",\"url\":\"https:\\\/\\\/secure.gravatar.com\\\/avatar\\\/89915563d925342126b8ef0281b93d9d7fc337043e8df017f780908eb9644451?s=96&d=mm&r=g\",\"contentUrl\":\"https:\\\/\\\/secure.gravatar.com\\\/avatar\\\/89915563d925342126b8ef0281b93d9d7fc337043e8df017f780908eb9644451?s=96&d=mm&r=g\",\"caption\":\"St\u00e9phane Miget\"},\"url\":\"https:\\\/\\\/batijournal.com\\\/index.php\\\/author\\\/stephane\\\/\"}]}<\/script>\n<!-- \/ Yoast SEO plugin. -->","yoast_head_json":{"title":"Valorisation des d\u00e9chets du BTP : la fili\u00e8re en avance","description":"Les exploitants des carri\u00e8res de granulats se sont engag\u00e9s dans des d\u00e9marches responsables dans une logique de circuit court et d\u2019\u00e9conomie circulaire.","robots":{"index":"index","follow":"follow","max-snippet":"max-snippet:-1","max-image-preview":"max-image-preview:large","max-video-preview":"max-video-preview:-1"},"canonical":"https:\/\/batijournal.com\/index.php\/valorisation-des-dechets-du-btp-la-filiere-en-avance\/102220\/","og_locale":"fr_FR","og_type":"article","og_title":"Valorisation des d\u00e9chets du BTP : la fili\u00e8re en avance","og_description":"Les exploitants des carri\u00e8res de granulats se sont engag\u00e9s dans des d\u00e9marches responsables dans une logique de circuit court et d\u2019\u00e9conomie circulaire.","og_url":"https:\/\/batijournal.com\/index.php\/valorisation-des-dechets-du-btp-la-filiere-en-avance\/102220\/","og_site_name":"Batijournal","article_published_time":"2019-06-03T04:40:55+00:00","og_image":[{"width":2448,"height":1284,"url":"https:\/\/batijournal.com\/wp-content\/uploads\/2018\/12\/granulats.jpg","type":"image\/jpeg"}],"author":"St\u00e9phane Miget","twitter_card":"summary_large_image","twitter_creator":"@bati_journal","twitter_site":"@bati_journal","twitter_misc":{"\u00c9crit par":"St\u00e9phane Miget","Dur\u00e9e de lecture estim\u00e9e":"3 minutes"},"schema":{"@context":"https:\/\/schema.org","@graph":[{"@type":"Article","@id":"https:\/\/batijournal.com\/index.php\/valorisation-des-dechets-du-btp-la-filiere-en-avance\/102220\/#article","isPartOf":{"@id":"https:\/\/batijournal.com\/index.php\/valorisation-des-dechets-du-btp-la-filiere-en-avance\/102220\/"},"author":{"name":"St\u00e9phane Miget","@id":"https:\/\/batijournal.com\/#\/schema\/person\/1dc96ec6957aa1ccb25ebe78bb19f100"},"headline":"Valorisation des d\u00e9chets du BTP : la fili\u00e8re en avance","datePublished":"2019-06-03T04:40:55+00:00","mainEntityOfPage":{"@id":"https:\/\/batijournal.com\/index.php\/valorisation-des-dechets-du-btp-la-filiere-en-avance\/102220\/"},"wordCount":559,"image":{"@id":"https:\/\/batijournal.com\/index.php\/valorisation-des-dechets-du-btp-la-filiere-en-avance\/102220\/#primaryimage"},"thumbnailUrl":"https:\/\/batijournal.com\/wp-content\/uploads\/2018\/12\/granulats.jpg","keywords":["\u00e9conomie circulaire"],"articleSection":["Actualit\u00e9s","\u00c9conomie &amp; March\u00e9s"],"inLanguage":"fr-FR"},{"@type":"WebPage","@id":"https:\/\/batijournal.com\/index.php\/valorisation-des-dechets-du-btp-la-filiere-en-avance\/102220\/","url":"https:\/\/batijournal.com\/index.php\/valorisation-des-dechets-du-btp-la-filiere-en-avance\/102220\/","name":"Valorisation des d\u00e9chets du BTP : la fili\u00e8re en avance","isPartOf":{"@id":"https:\/\/batijournal.com\/#website"},"primaryImageOfPage":{"@id":"https:\/\/batijournal.com\/index.php\/valorisation-des-dechets-du-btp-la-filiere-en-avance\/102220\/#primaryimage"},"image":{"@id":"https:\/\/batijournal.com\/index.php\/valorisation-des-dechets-du-btp-la-filiere-en-avance\/102220\/#primaryimage"},"thumbnailUrl":"https:\/\/batijournal.com\/wp-content\/uploads\/2018\/12\/granulats.jpg","datePublished":"2019-06-03T04:40:55+00:00","author":{"@id":"https:\/\/batijournal.com\/#\/schema\/person\/1dc96ec6957aa1ccb25ebe78bb19f100"},"description":"Les exploitants des carri\u00e8res de granulats se sont engag\u00e9s dans des d\u00e9marches responsables dans une logique de circuit court et d\u2019\u00e9conomie circulaire.","breadcrumb":{"@id":"https:\/\/batijournal.com\/index.php\/valorisation-des-dechets-du-btp-la-filiere-en-avance\/102220\/#breadcrumb"},"inLanguage":"fr-FR","potentialAction":[{"@type":"ReadAction","target":["https:\/\/batijournal.com\/index.php\/valorisation-des-dechets-du-btp-la-filiere-en-avance\/102220\/"]}]},{"@type":"ImageObject","inLanguage":"fr-FR","@id":"https:\/\/batijournal.com\/index.php\/valorisation-des-dechets-du-btp-la-filiere-en-avance\/102220\/#primaryimage","url":"https:\/\/batijournal.com\/wp-content\/uploads\/2018\/12\/granulats.jpg","contentUrl":"https:\/\/batijournal.com\/wp-content\/uploads\/2018\/12\/granulats.jpg","width":2448,"height":1284},{"@type":"BreadcrumbList","@id":"https:\/\/batijournal.com\/index.php\/valorisation-des-dechets-du-btp-la-filiere-en-avance\/102220\/#breadcrumb","itemListElement":[{"@type":"ListItem","position":1,"name":"Accueil","item":"https:\/\/batijournal.com\/"},{"@type":"ListItem","position":2,"name":"Actualit\u00e9s","item":"https:\/\/batijournal.com\/index.php\/category\/actualites\/"},{"@type":"ListItem","position":3,"name":"Valorisation des d\u00e9chets du BTP : la fili\u00e8re en avance"}]},{"@type":"WebSite","@id":"https:\/\/batijournal.com\/#website","url":"https:\/\/batijournal.com\/","name":"Batijournal","description":"L&#039;actualit\u00e9 du b\u00e2timent","potentialAction":[{"@type":"SearchAction","target":{"@type":"EntryPoint","urlTemplate":"https:\/\/batijournal.com\/?s={search_term_string}"},"query-input":{"@type":"PropertyValueSpecification","valueRequired":true,"valueName":"search_term_string"}}],"inLanguage":"fr-FR"},{"@type":"Person","@id":"https:\/\/batijournal.com\/#\/schema\/person\/1dc96ec6957aa1ccb25ebe78bb19f100","name":"St\u00e9phane Miget","image":{"@type":"ImageObject","inLanguage":"fr-FR","@id":"https:\/\/secure.gravatar.com\/avatar\/89915563d925342126b8ef0281b93d9d7fc337043e8df017f780908eb9644451?s=96&d=mm&r=g","url":"https:\/\/secure.gravatar.com\/avatar\/89915563d925342126b8ef0281b93d9d7fc337043e8df017f780908eb9644451?s=96&d=mm&r=g","contentUrl":"https:\/\/secure.gravatar.com\/avatar\/89915563d925342126b8ef0281b93d9d7fc337043e8df017f780908eb9644451?s=96&d=mm&r=g","caption":"St\u00e9phane Miget"},"url":"https:\/\/batijournal.com\/index.php\/author\/stephane\/"}]}},"_links":{"self":[{"href":"https:\/\/batijournal.com\/index.php\/wp-json\/wp\/v2\/posts\/102220","targetHints":{"allow":["GET"]}}],"collection":[{"href":"https:\/\/batijournal.com\/index.php\/wp-json\/wp\/v2\/posts"}],"about":[{"href":"https:\/\/batijournal.com\/index.php\/wp-json\/wp\/v2\/types\/post"}],"author":[{"embeddable":true,"href":"https:\/\/batijournal.com\/index.php\/wp-json\/wp\/v2\/users\/17"}],"replies":[{"embeddable":true,"href":"https:\/\/batijournal.com\/index.php\/wp-json\/wp\/v2\/comments?post=102220"}],"version-history":[{"count":0,"href":"https:\/\/batijournal.com\/index.php\/wp-json\/wp\/v2\/posts\/102220\/revisions"}],"wp:featuredmedia":[{"embeddable":true,"href":"https:\/\/batijournal.com\/index.php\/wp-json\/wp\/v2\/media\/101112"}],"wp:attachment":[{"href":"https:\/\/batijournal.com\/index.php\/wp-json\/wp\/v2\/media?parent=102220"}],"wp:term":[{"taxonomy":"category","embeddable":true,"href":"https:\/\/batijournal.com\/index.php\/wp-json\/wp\/v2\/categories?post=102220"},{"taxonomy":"post_tag","embeddable":true,"href":"https:\/\/batijournal.com\/index.php\/wp-json\/wp\/v2\/tags?post=102220"}],"curies":[{"name":"wp","href":"https:\/\/api.w.org\/{rel}","templated":true}]}}