{"id":102221,"date":"2019-06-03T06:47:43","date_gmt":"2019-06-03T04:47:43","guid":{"rendered":"https:\/\/batijournal.com\/?p=102221"},"modified":"2019-07-15T11:26:42","modified_gmt":"2019-07-15T09:26:42","slug":"la-fondation-cartier-accueille-une-fresque-en-ciment-blanc-de-marion-verboom","status":"publish","type":"post","link":"https:\/\/batijournal.com\/index.php\/la-fondation-cartier-accueille-une-fresque-en-ciment-blanc-de-marion-verboom\/102221\/","title":{"rendered":"La Fondation Cartier accueille une fresque en ciment blanc de Marion Verboom"},"content":{"rendered":"<p>N\u00e9e \u00e0 Nantes en 1983, dipl\u00f4m\u00e9e, entre autres, de l\u2019\u00c9cole nationale sup\u00e9rieure des beaux-arts de Paris, Marion Verboom se pla\u00eet \u00e0 associer les mati\u00e8res, pl\u00e2tre, r\u00e9sine et bois&#8230; souvent en strates comme pour ses totems titr\u00e9s \u201cAchronies\u00a0\u00bb mis en sc\u00e8ne actuellement \u00e0 La Fondation Cartier, sur fond d&rsquo;une fresque qu&rsquo;elle a cr\u00e9\u00e9e in situ. Cette \u0153uvre a \u00e9t\u00e9 con\u00e7ue avec le ciment blanc TECHNOCEM 32,5 R \u00ab SB \u00bb de Ciments Calcia : \u00ab\u00a0Pour l\u2019application au mur, j\u2019ai travaill\u00e9 \u00e0 la main avec un m\u00e9lange p\u00e2teux. Pour la finition et le lissage, je suis intervenue sur certaines zones en pon\u00e7age gros grain\u00a0\u00bb confie l&rsquo;artiste. Le ciment s&rsquo;av\u00e8re un mat\u00e9riau qu&rsquo;elle se pla\u00eet r\u00e9guli\u00e8rement \u00e0 employer dans son travail : \u00ab\u00a0il me permet de r\u00e9aliser des \u00e9l\u00e9ments de type \u00ab\u00a0rocaille\u00a0\u00bb, une technique d&rsquo;architecture et de d\u00e9coration tr\u00e8s particuli\u00e8re datant du XVIIe si\u00e8cle\u00a0\u00bb explique Marion Verboom. Et de poursuivre : \u00ab\u00a0J\u2019appr\u00e9cie la plasticit\u00e9 et la facilit\u00e9 d\u2019usage du ciment, simplement m\u00e9lang\u00e9 \u00e0 l\u2019eau, que je peux associer \u00e0 loisir avec d\u2019autres ingr\u00e9dients comme des pigments, et fa\u00e7onner en positif ou \u00e0 partir d\u2019un moule\u00a0\u00bb. Elle \u00e9voque une \u00ab\u00a0peau chromatique\u00a0\u00bb, \u00e0 partir de trois couleurs, l\u2019or, le noir et le vert, qu&rsquo;elle a travaill\u00e9es par \u00ab\u00a0stratifications, comme des squames qui apparaissent \u00e0 la surface\u00a0\u00bb. Quant au motif principal, elle a repris \u00ab\u00a0celui de la croix de Saint Andr\u00e9, un \u00e9l\u00e9ment architectural fort, pr\u00e9sent dans l\u2019espace d\u2019exposition (&#8230;) ainsi que d&rsquo;autres motifs un peu plus libres faisant \u00e9cho au jardin, visible \u00e0 travers les larges baies vitr\u00e9es.\u00a0\u00bb<\/p>\n","protected":false},"excerpt":{"rendered":"<p>N\u00e9e \u00e0 Nantes en 1983, dipl\u00f4m\u00e9e, entre autres, de l\u2019\u00c9cole nationale sup\u00e9rieure des beaux-arts de Paris, Marion Verboom se pla\u00eet \u00e0 associer les mati\u00e8res, pl\u00e2tre, r\u00e9sine et bois&#8230; souvent en strates comme pour ses totems titr\u00e9s \u201cAchronies\u00a0\u00bb mis en sc\u00e8ne actuellement \u00e0 La Fondation Cartier, sur fond d&rsquo;une fresque qu&rsquo;elle a cr\u00e9\u00e9e in situ. Cette [&hellip;]<\/p>\n","protected":false},"author":17,"featured_media":102222,"comment_status":"closed","ping_status":"closed","sticky":false,"template":"","format":"standard","meta":{"_et_pb_use_builder":"","_et_pb_old_content":"","_et_gb_content_width":"","footnotes":""},"categories":[10530,6340],"tags":[],"class_list":["post-102221","post","type-post","status-publish","format-standard","has-post-thumbnail","hentry","category-actualites","category-architecture-conception"],"yoast_head":"<!-- This site is optimized with the Yoast SEO plugin v27.4 - https:\/\/yoast.com\/product\/yoast-seo-wordpress\/ -->\n<title>La Fondation Cartier accueille une fresque en ciment blanc de Marion Verboom<\/title>\n<meta name=\"description\" content=\"Marion Verboom se pla\u00eet \u00e0 associer les mati\u00e8res, pl\u00e2tre, r\u00e9sine et bois... souvent en strates comme pour ses totems titr\u00e9s \u201cAchronies&quot;\" \/>\n<meta name=\"robots\" content=\"index, follow, max-snippet:-1, max-image-preview:large, max-video-preview:-1\" \/>\n<link rel=\"canonical\" href=\"https:\/\/batijournal.com\/index.php\/la-fondation-cartier-accueille-une-fresque-en-ciment-blanc-de-marion-verboom\/102221\/\" \/>\n<meta property=\"og:locale\" content=\"fr_FR\" \/>\n<meta property=\"og:type\" content=\"article\" \/>\n<meta property=\"og:title\" content=\"La Fondation Cartier accueille une fresque en ciment blanc de Marion Verboom\" \/>\n<meta property=\"og:description\" content=\"Marion Verboom se pla\u00eet \u00e0 associer les mati\u00e8res, pl\u00e2tre, r\u00e9sine et bois... souvent en strates comme pour ses totems titr\u00e9s \u201cAchronies&quot;\" \/>\n<meta property=\"og:url\" content=\"https:\/\/batijournal.com\/index.php\/la-fondation-cartier-accueille-une-fresque-en-ciment-blanc-de-marion-verboom\/102221\/\" \/>\n<meta property=\"og:site_name\" content=\"Batijournal\" \/>\n<meta property=\"article:published_time\" content=\"2019-06-03T04:47:43+00:00\" \/>\n<meta property=\"article:modified_time\" content=\"2019-07-15T09:26:42+00:00\" \/>\n<meta property=\"og:image\" content=\"https:\/\/batijournal.com\/wp-content\/uploads\/2019\/06\/1_Nicolas_Brasseur.jpg\" \/>\n\t<meta property=\"og:image:width\" content=\"850\" \/>\n\t<meta property=\"og:image:height\" content=\"567\" \/>\n\t<meta property=\"og:image:type\" content=\"image\/jpeg\" \/>\n<meta name=\"author\" content=\"St\u00e9phane Miget\" \/>\n<meta name=\"twitter:card\" content=\"summary_large_image\" \/>\n<meta name=\"twitter:creator\" content=\"@bati_journal\" \/>\n<meta name=\"twitter:site\" content=\"@bati_journal\" \/>\n<meta name=\"twitter:label1\" content=\"\u00c9crit par\" \/>\n\t<meta name=\"twitter:data1\" content=\"St\u00e9phane Miget\" \/>\n\t<meta name=\"twitter:label2\" content=\"Dur\u00e9e de lecture estim\u00e9e\" \/>\n\t<meta name=\"twitter:data2\" content=\"1 minute\" \/>\n<script type=\"application\/ld+json\" class=\"yoast-schema-graph\">{\"@context\":\"https:\\\/\\\/schema.org\",\"@graph\":[{\"@type\":\"Article\",\"@id\":\"https:\\\/\\\/batijournal.com\\\/index.php\\\/la-fondation-cartier-accueille-une-fresque-en-ciment-blanc-de-marion-verboom\\\/102221\\\/#article\",\"isPartOf\":{\"@id\":\"https:\\\/\\\/batijournal.com\\\/index.php\\\/la-fondation-cartier-accueille-une-fresque-en-ciment-blanc-de-marion-verboom\\\/102221\\\/\"},\"author\":{\"name\":\"St\u00e9phane Miget\",\"@id\":\"https:\\\/\\\/batijournal.com\\\/#\\\/schema\\\/person\\\/1dc96ec6957aa1ccb25ebe78bb19f100\"},\"headline\":\"La Fondation Cartier accueille une fresque en ciment blanc de Marion Verboom\",\"datePublished\":\"2019-06-03T04:47:43+00:00\",\"dateModified\":\"2019-07-15T09:26:42+00:00\",\"mainEntityOfPage\":{\"@id\":\"https:\\\/\\\/batijournal.com\\\/index.php\\\/la-fondation-cartier-accueille-une-fresque-en-ciment-blanc-de-marion-verboom\\\/102221\\\/\"},\"wordCount\":299,\"image\":{\"@id\":\"https:\\\/\\\/batijournal.com\\\/index.php\\\/la-fondation-cartier-accueille-une-fresque-en-ciment-blanc-de-marion-verboom\\\/102221\\\/#primaryimage\"},\"thumbnailUrl\":\"https:\\\/\\\/batijournal.com\\\/wp-content\\\/uploads\\\/2019\\\/06\\\/1_Nicolas_Brasseur.jpg\",\"articleSection\":[\"Actualit\u00e9s\",\"Architecture &amp; Conception\"],\"inLanguage\":\"fr-FR\"},{\"@type\":\"WebPage\",\"@id\":\"https:\\\/\\\/batijournal.com\\\/index.php\\\/la-fondation-cartier-accueille-une-fresque-en-ciment-blanc-de-marion-verboom\\\/102221\\\/\",\"url\":\"https:\\\/\\\/batijournal.com\\\/index.php\\\/la-fondation-cartier-accueille-une-fresque-en-ciment-blanc-de-marion-verboom\\\/102221\\\/\",\"name\":\"La Fondation Cartier accueille une fresque en ciment blanc de Marion Verboom\",\"isPartOf\":{\"@id\":\"https:\\\/\\\/batijournal.com\\\/#website\"},\"primaryImageOfPage\":{\"@id\":\"https:\\\/\\\/batijournal.com\\\/index.php\\\/la-fondation-cartier-accueille-une-fresque-en-ciment-blanc-de-marion-verboom\\\/102221\\\/#primaryimage\"},\"image\":{\"@id\":\"https:\\\/\\\/batijournal.com\\\/index.php\\\/la-fondation-cartier-accueille-une-fresque-en-ciment-blanc-de-marion-verboom\\\/102221\\\/#primaryimage\"},\"thumbnailUrl\":\"https:\\\/\\\/batijournal.com\\\/wp-content\\\/uploads\\\/2019\\\/06\\\/1_Nicolas_Brasseur.jpg\",\"datePublished\":\"2019-06-03T04:47:43+00:00\",\"dateModified\":\"2019-07-15T09:26:42+00:00\",\"author\":{\"@id\":\"https:\\\/\\\/batijournal.com\\\/#\\\/schema\\\/person\\\/1dc96ec6957aa1ccb25ebe78bb19f100\"},\"description\":\"Marion Verboom se pla\u00eet \u00e0 associer les mati\u00e8res, pl\u00e2tre, r\u00e9sine et bois... souvent en strates comme pour ses totems titr\u00e9s \u201cAchronies\\\"\",\"breadcrumb\":{\"@id\":\"https:\\\/\\\/batijournal.com\\\/index.php\\\/la-fondation-cartier-accueille-une-fresque-en-ciment-blanc-de-marion-verboom\\\/102221\\\/#breadcrumb\"},\"inLanguage\":\"fr-FR\",\"potentialAction\":[{\"@type\":\"ReadAction\",\"target\":[\"https:\\\/\\\/batijournal.com\\\/index.php\\\/la-fondation-cartier-accueille-une-fresque-en-ciment-blanc-de-marion-verboom\\\/102221\\\/\"]}]},{\"@type\":\"ImageObject\",\"inLanguage\":\"fr-FR\",\"@id\":\"https:\\\/\\\/batijournal.com\\\/index.php\\\/la-fondation-cartier-accueille-une-fresque-en-ciment-blanc-de-marion-verboom\\\/102221\\\/#primaryimage\",\"url\":\"https:\\\/\\\/batijournal.com\\\/wp-content\\\/uploads\\\/2019\\\/06\\\/1_Nicolas_Brasseur.jpg\",\"contentUrl\":\"https:\\\/\\\/batijournal.com\\\/wp-content\\\/uploads\\\/2019\\\/06\\\/1_Nicolas_Brasseur.jpg\",\"width\":850,\"height\":567,\"caption\":\"fresque en ciment blanc de Marion Verboom\"},{\"@type\":\"BreadcrumbList\",\"@id\":\"https:\\\/\\\/batijournal.com\\\/index.php\\\/la-fondation-cartier-accueille-une-fresque-en-ciment-blanc-de-marion-verboom\\\/102221\\\/#breadcrumb\",\"itemListElement\":[{\"@type\":\"ListItem\",\"position\":1,\"name\":\"Accueil\",\"item\":\"https:\\\/\\\/batijournal.com\\\/\"},{\"@type\":\"ListItem\",\"position\":2,\"name\":\"Actualit\u00e9s\",\"item\":\"https:\\\/\\\/batijournal.com\\\/index.php\\\/category\\\/actualites\\\/\"},{\"@type\":\"ListItem\",\"position\":3,\"name\":\"La Fondation Cartier accueille une fresque en ciment blanc de Marion Verboom\"}]},{\"@type\":\"WebSite\",\"@id\":\"https:\\\/\\\/batijournal.com\\\/#website\",\"url\":\"https:\\\/\\\/batijournal.com\\\/\",\"name\":\"Batijournal\",\"description\":\"L&#039;actualit\u00e9 du b\u00e2timent\",\"potentialAction\":[{\"@type\":\"SearchAction\",\"target\":{\"@type\":\"EntryPoint\",\"urlTemplate\":\"https:\\\/\\\/batijournal.com\\\/?s={search_term_string}\"},\"query-input\":{\"@type\":\"PropertyValueSpecification\",\"valueRequired\":true,\"valueName\":\"search_term_string\"}}],\"inLanguage\":\"fr-FR\"},{\"@type\":\"Person\",\"@id\":\"https:\\\/\\\/batijournal.com\\\/#\\\/schema\\\/person\\\/1dc96ec6957aa1ccb25ebe78bb19f100\",\"name\":\"St\u00e9phane Miget\",\"image\":{\"@type\":\"ImageObject\",\"inLanguage\":\"fr-FR\",\"@id\":\"https:\\\/\\\/secure.gravatar.com\\\/avatar\\\/89915563d925342126b8ef0281b93d9d7fc337043e8df017f780908eb9644451?s=96&d=mm&r=g\",\"url\":\"https:\\\/\\\/secure.gravatar.com\\\/avatar\\\/89915563d925342126b8ef0281b93d9d7fc337043e8df017f780908eb9644451?s=96&d=mm&r=g\",\"contentUrl\":\"https:\\\/\\\/secure.gravatar.com\\\/avatar\\\/89915563d925342126b8ef0281b93d9d7fc337043e8df017f780908eb9644451?s=96&d=mm&r=g\",\"caption\":\"St\u00e9phane Miget\"},\"url\":\"https:\\\/\\\/batijournal.com\\\/index.php\\\/author\\\/stephane\\\/\"}]}<\/script>\n<!-- \/ Yoast SEO plugin. -->","yoast_head_json":{"title":"La Fondation Cartier accueille une fresque en ciment blanc de Marion Verboom","description":"Marion Verboom se pla\u00eet \u00e0 associer les mati\u00e8res, pl\u00e2tre, r\u00e9sine et bois... souvent en strates comme pour ses totems titr\u00e9s \u201cAchronies\"","robots":{"index":"index","follow":"follow","max-snippet":"max-snippet:-1","max-image-preview":"max-image-preview:large","max-video-preview":"max-video-preview:-1"},"canonical":"https:\/\/batijournal.com\/index.php\/la-fondation-cartier-accueille-une-fresque-en-ciment-blanc-de-marion-verboom\/102221\/","og_locale":"fr_FR","og_type":"article","og_title":"La Fondation Cartier accueille une fresque en ciment blanc de Marion Verboom","og_description":"Marion Verboom se pla\u00eet \u00e0 associer les mati\u00e8res, pl\u00e2tre, r\u00e9sine et bois... souvent en strates comme pour ses totems titr\u00e9s \u201cAchronies\"","og_url":"https:\/\/batijournal.com\/index.php\/la-fondation-cartier-accueille-une-fresque-en-ciment-blanc-de-marion-verboom\/102221\/","og_site_name":"Batijournal","article_published_time":"2019-06-03T04:47:43+00:00","article_modified_time":"2019-07-15T09:26:42+00:00","og_image":[{"width":850,"height":567,"url":"https:\/\/batijournal.com\/wp-content\/uploads\/2019\/06\/1_Nicolas_Brasseur.jpg","type":"image\/jpeg"}],"author":"St\u00e9phane Miget","twitter_card":"summary_large_image","twitter_creator":"@bati_journal","twitter_site":"@bati_journal","twitter_misc":{"\u00c9crit par":"St\u00e9phane Miget","Dur\u00e9e de lecture estim\u00e9e":"1 minute"},"schema":{"@context":"https:\/\/schema.org","@graph":[{"@type":"Article","@id":"https:\/\/batijournal.com\/index.php\/la-fondation-cartier-accueille-une-fresque-en-ciment-blanc-de-marion-verboom\/102221\/#article","isPartOf":{"@id":"https:\/\/batijournal.com\/index.php\/la-fondation-cartier-accueille-une-fresque-en-ciment-blanc-de-marion-verboom\/102221\/"},"author":{"name":"St\u00e9phane Miget","@id":"https:\/\/batijournal.com\/#\/schema\/person\/1dc96ec6957aa1ccb25ebe78bb19f100"},"headline":"La Fondation Cartier accueille une fresque en ciment blanc de Marion Verboom","datePublished":"2019-06-03T04:47:43+00:00","dateModified":"2019-07-15T09:26:42+00:00","mainEntityOfPage":{"@id":"https:\/\/batijournal.com\/index.php\/la-fondation-cartier-accueille-une-fresque-en-ciment-blanc-de-marion-verboom\/102221\/"},"wordCount":299,"image":{"@id":"https:\/\/batijournal.com\/index.php\/la-fondation-cartier-accueille-une-fresque-en-ciment-blanc-de-marion-verboom\/102221\/#primaryimage"},"thumbnailUrl":"https:\/\/batijournal.com\/wp-content\/uploads\/2019\/06\/1_Nicolas_Brasseur.jpg","articleSection":["Actualit\u00e9s","Architecture &amp; Conception"],"inLanguage":"fr-FR"},{"@type":"WebPage","@id":"https:\/\/batijournal.com\/index.php\/la-fondation-cartier-accueille-une-fresque-en-ciment-blanc-de-marion-verboom\/102221\/","url":"https:\/\/batijournal.com\/index.php\/la-fondation-cartier-accueille-une-fresque-en-ciment-blanc-de-marion-verboom\/102221\/","name":"La Fondation Cartier accueille une fresque en ciment blanc de Marion Verboom","isPartOf":{"@id":"https:\/\/batijournal.com\/#website"},"primaryImageOfPage":{"@id":"https:\/\/batijournal.com\/index.php\/la-fondation-cartier-accueille-une-fresque-en-ciment-blanc-de-marion-verboom\/102221\/#primaryimage"},"image":{"@id":"https:\/\/batijournal.com\/index.php\/la-fondation-cartier-accueille-une-fresque-en-ciment-blanc-de-marion-verboom\/102221\/#primaryimage"},"thumbnailUrl":"https:\/\/batijournal.com\/wp-content\/uploads\/2019\/06\/1_Nicolas_Brasseur.jpg","datePublished":"2019-06-03T04:47:43+00:00","dateModified":"2019-07-15T09:26:42+00:00","author":{"@id":"https:\/\/batijournal.com\/#\/schema\/person\/1dc96ec6957aa1ccb25ebe78bb19f100"},"description":"Marion Verboom se pla\u00eet \u00e0 associer les mati\u00e8res, pl\u00e2tre, r\u00e9sine et bois... souvent en strates comme pour ses totems titr\u00e9s \u201cAchronies\"","breadcrumb":{"@id":"https:\/\/batijournal.com\/index.php\/la-fondation-cartier-accueille-une-fresque-en-ciment-blanc-de-marion-verboom\/102221\/#breadcrumb"},"inLanguage":"fr-FR","potentialAction":[{"@type":"ReadAction","target":["https:\/\/batijournal.com\/index.php\/la-fondation-cartier-accueille-une-fresque-en-ciment-blanc-de-marion-verboom\/102221\/"]}]},{"@type":"ImageObject","inLanguage":"fr-FR","@id":"https:\/\/batijournal.com\/index.php\/la-fondation-cartier-accueille-une-fresque-en-ciment-blanc-de-marion-verboom\/102221\/#primaryimage","url":"https:\/\/batijournal.com\/wp-content\/uploads\/2019\/06\/1_Nicolas_Brasseur.jpg","contentUrl":"https:\/\/batijournal.com\/wp-content\/uploads\/2019\/06\/1_Nicolas_Brasseur.jpg","width":850,"height":567,"caption":"fresque en ciment blanc de Marion Verboom"},{"@type":"BreadcrumbList","@id":"https:\/\/batijournal.com\/index.php\/la-fondation-cartier-accueille-une-fresque-en-ciment-blanc-de-marion-verboom\/102221\/#breadcrumb","itemListElement":[{"@type":"ListItem","position":1,"name":"Accueil","item":"https:\/\/batijournal.com\/"},{"@type":"ListItem","position":2,"name":"Actualit\u00e9s","item":"https:\/\/batijournal.com\/index.php\/category\/actualites\/"},{"@type":"ListItem","position":3,"name":"La Fondation Cartier accueille une fresque en ciment blanc de Marion Verboom"}]},{"@type":"WebSite","@id":"https:\/\/batijournal.com\/#website","url":"https:\/\/batijournal.com\/","name":"Batijournal","description":"L&#039;actualit\u00e9 du b\u00e2timent","potentialAction":[{"@type":"SearchAction","target":{"@type":"EntryPoint","urlTemplate":"https:\/\/batijournal.com\/?s={search_term_string}"},"query-input":{"@type":"PropertyValueSpecification","valueRequired":true,"valueName":"search_term_string"}}],"inLanguage":"fr-FR"},{"@type":"Person","@id":"https:\/\/batijournal.com\/#\/schema\/person\/1dc96ec6957aa1ccb25ebe78bb19f100","name":"St\u00e9phane Miget","image":{"@type":"ImageObject","inLanguage":"fr-FR","@id":"https:\/\/secure.gravatar.com\/avatar\/89915563d925342126b8ef0281b93d9d7fc337043e8df017f780908eb9644451?s=96&d=mm&r=g","url":"https:\/\/secure.gravatar.com\/avatar\/89915563d925342126b8ef0281b93d9d7fc337043e8df017f780908eb9644451?s=96&d=mm&r=g","contentUrl":"https:\/\/secure.gravatar.com\/avatar\/89915563d925342126b8ef0281b93d9d7fc337043e8df017f780908eb9644451?s=96&d=mm&r=g","caption":"St\u00e9phane Miget"},"url":"https:\/\/batijournal.com\/index.php\/author\/stephane\/"}]}},"_links":{"self":[{"href":"https:\/\/batijournal.com\/index.php\/wp-json\/wp\/v2\/posts\/102221","targetHints":{"allow":["GET"]}}],"collection":[{"href":"https:\/\/batijournal.com\/index.php\/wp-json\/wp\/v2\/posts"}],"about":[{"href":"https:\/\/batijournal.com\/index.php\/wp-json\/wp\/v2\/types\/post"}],"author":[{"embeddable":true,"href":"https:\/\/batijournal.com\/index.php\/wp-json\/wp\/v2\/users\/17"}],"replies":[{"embeddable":true,"href":"https:\/\/batijournal.com\/index.php\/wp-json\/wp\/v2\/comments?post=102221"}],"version-history":[{"count":0,"href":"https:\/\/batijournal.com\/index.php\/wp-json\/wp\/v2\/posts\/102221\/revisions"}],"wp:featuredmedia":[{"embeddable":true,"href":"https:\/\/batijournal.com\/index.php\/wp-json\/wp\/v2\/media\/102222"}],"wp:attachment":[{"href":"https:\/\/batijournal.com\/index.php\/wp-json\/wp\/v2\/media?parent=102221"}],"wp:term":[{"taxonomy":"category","embeddable":true,"href":"https:\/\/batijournal.com\/index.php\/wp-json\/wp\/v2\/categories?post=102221"},{"taxonomy":"post_tag","embeddable":true,"href":"https:\/\/batijournal.com\/index.php\/wp-json\/wp\/v2\/tags?post=102221"}],"curies":[{"name":"wp","href":"https:\/\/api.w.org\/{rel}","templated":true}]}}