{"id":102230,"date":"2019-06-04T07:03:43","date_gmt":"2019-06-04T05:03:43","guid":{"rendered":"https:\/\/batijournal.com\/?p=102230"},"modified":"2019-07-15T12:23:32","modified_gmt":"2019-07-15T10:23:32","slug":"rencontre-des-startups-de-la-greentech-verte","status":"publish","type":"post","link":"https:\/\/batijournal.com\/index.php\/rencontre-des-startups-de-la-greentech-verte\/102230\/","title":{"rendered":"Rencontre des startups de la GreenTech Verte"},"content":{"rendered":"<p>Le minist\u00e8re de la Transition \u00e9cologique et solidaire r\u00e9unit, ce mardi 4 juin 2019, dans les locaux de la Station F, les start ups accompagn\u00e9es dans le cadre de l\u2019initiative GreenTech verte. Ces jeunes entreprises qui travaillent sur les probl\u00e9matiques de mobilit\u00e9s, de tri des d\u00e9chets ou encore d\u2019\u00e9nergies renouvelables auront alors l\u2019occasion de d\u00e9velopper davantage de liens avec les diff\u00e9rents acteurs de leur fili\u00e8re (entreprises, collectivit\u00e9s). La troisi\u00e8me \u00e9dition de ce Meet\u2019up r\u00e9unira plus de 200 startups et grands comptes ainsi qu\u2019une cinquantaine d\u2019investisseurs. Les startups s\u00e9lectionn\u00e9es et labellis\u00e9es GreenTech verte par le minist\u00e8re pr\u00e9senteront leurs innovations sur plus de 70 stands.<\/p>\n","protected":false},"excerpt":{"rendered":"<p>Le minist\u00e8re de la Transition \u00e9cologique et solidaire r\u00e9unit, ce mardi 4 juin 2019, dans les locaux de la Station F, les start ups accompagn\u00e9es dans le cadre de l\u2019initiative GreenTech verte. Ces jeunes entreprises qui travaillent sur les probl\u00e9matiques de mobilit\u00e9s, de tri des d\u00e9chets ou encore d\u2019\u00e9nergies renouvelables auront alors l\u2019occasion de d\u00e9velopper [&hellip;]<\/p>\n","protected":false},"author":17,"featured_media":102231,"comment_status":"closed","ping_status":"closed","sticky":false,"template":"","format":"standard","meta":{"_et_pb_use_builder":"","_et_pb_old_content":"","_et_gb_content_width":"","footnotes":""},"categories":[10530,6351],"tags":[12778],"class_list":["post-102230","post","type-post","status-publish","format-standard","has-post-thumbnail","hentry","category-actualites","category-energie-environnement","tag-greentech-verte"],"yoast_head":"<!-- This site is optimized with the Yoast SEO plugin v27.4 - https:\/\/yoast.com\/product\/yoast-seo-wordpress\/ -->\n<title>Rencontre des startups de la GreenTech Verte<\/title>\n<meta name=\"description\" content=\"Le minist\u00e8re de la Transition \u00e9cologique et solidaire r\u00e9unit dans les locaux de la Station F. les start ups accompagn\u00e9es dans le cadre de l\u2019initiative GreenTech verte\" \/>\n<meta name=\"robots\" content=\"index, follow, max-snippet:-1, max-image-preview:large, max-video-preview:-1\" \/>\n<link rel=\"canonical\" href=\"https:\/\/batijournal.com\/index.php\/rencontre-des-startups-de-la-greentech-verte\/102230\/\" \/>\n<meta property=\"og:locale\" content=\"fr_FR\" \/>\n<meta property=\"og:type\" content=\"article\" \/>\n<meta property=\"og:title\" content=\"Rencontre des startups de la GreenTech Verte\" \/>\n<meta property=\"og:description\" content=\"Le minist\u00e8re de la Transition \u00e9cologique et solidaire r\u00e9unit dans les locaux de la Station F. les start ups accompagn\u00e9es dans le cadre de l\u2019initiative GreenTech verte\" \/>\n<meta property=\"og:url\" content=\"https:\/\/batijournal.com\/index.php\/rencontre-des-startups-de-la-greentech-verte\/102230\/\" \/>\n<meta property=\"og:site_name\" content=\"Batijournal\" \/>\n<meta property=\"article:published_time\" content=\"2019-06-04T05:03:43+00:00\" \/>\n<meta property=\"article:modified_time\" content=\"2019-07-15T10:23:32+00:00\" \/>\n<meta property=\"og:image\" content=\"https:\/\/batijournal.com\/wp-content\/uploads\/2019\/06\/GreenTech-Verte.png\" \/>\n\t<meta property=\"og:image:width\" content=\"566\" \/>\n\t<meta property=\"og:image:height\" content=\"332\" \/>\n\t<meta property=\"og:image:type\" content=\"image\/png\" \/>\n<meta name=\"author\" content=\"St\u00e9phane Miget\" \/>\n<meta name=\"twitter:card\" content=\"summary_large_image\" \/>\n<meta name=\"twitter:creator\" content=\"@bati_journal\" \/>\n<meta name=\"twitter:site\" content=\"@bati_journal\" \/>\n<meta name=\"twitter:label1\" content=\"\u00c9crit par\" \/>\n\t<meta name=\"twitter:data1\" content=\"St\u00e9phane Miget\" \/>\n\t<meta name=\"twitter:label2\" content=\"Dur\u00e9e de lecture estim\u00e9e\" \/>\n\t<meta name=\"twitter:data2\" content=\"1 minute\" \/>\n<script type=\"application\/ld+json\" class=\"yoast-schema-graph\">{\"@context\":\"https:\\\/\\\/schema.org\",\"@graph\":[{\"@type\":\"Article\",\"@id\":\"https:\\\/\\\/batijournal.com\\\/index.php\\\/rencontre-des-startups-de-la-greentech-verte\\\/102230\\\/#article\",\"isPartOf\":{\"@id\":\"https:\\\/\\\/batijournal.com\\\/index.php\\\/rencontre-des-startups-de-la-greentech-verte\\\/102230\\\/\"},\"author\":{\"name\":\"St\u00e9phane Miget\",\"@id\":\"https:\\\/\\\/batijournal.com\\\/#\\\/schema\\\/person\\\/1dc96ec6957aa1ccb25ebe78bb19f100\"},\"headline\":\"Rencontre des startups de la GreenTech Verte\",\"datePublished\":\"2019-06-04T05:03:43+00:00\",\"dateModified\":\"2019-07-15T10:23:32+00:00\",\"mainEntityOfPage\":{\"@id\":\"https:\\\/\\\/batijournal.com\\\/index.php\\\/rencontre-des-startups-de-la-greentech-verte\\\/102230\\\/\"},\"wordCount\":129,\"image\":{\"@id\":\"https:\\\/\\\/batijournal.com\\\/index.php\\\/rencontre-des-startups-de-la-greentech-verte\\\/102230\\\/#primaryimage\"},\"thumbnailUrl\":\"https:\\\/\\\/batijournal.com\\\/wp-content\\\/uploads\\\/2019\\\/06\\\/GreenTech-Verte.png\",\"keywords\":[\"GreenTech verte\"],\"articleSection\":[\"Actualit\u00e9s\",\"\u00c9nergie &amp; Environnement\"],\"inLanguage\":\"fr-FR\"},{\"@type\":\"WebPage\",\"@id\":\"https:\\\/\\\/batijournal.com\\\/index.php\\\/rencontre-des-startups-de-la-greentech-verte\\\/102230\\\/\",\"url\":\"https:\\\/\\\/batijournal.com\\\/index.php\\\/rencontre-des-startups-de-la-greentech-verte\\\/102230\\\/\",\"name\":\"Rencontre des startups de la GreenTech Verte\",\"isPartOf\":{\"@id\":\"https:\\\/\\\/batijournal.com\\\/#website\"},\"primaryImageOfPage\":{\"@id\":\"https:\\\/\\\/batijournal.com\\\/index.php\\\/rencontre-des-startups-de-la-greentech-verte\\\/102230\\\/#primaryimage\"},\"image\":{\"@id\":\"https:\\\/\\\/batijournal.com\\\/index.php\\\/rencontre-des-startups-de-la-greentech-verte\\\/102230\\\/#primaryimage\"},\"thumbnailUrl\":\"https:\\\/\\\/batijournal.com\\\/wp-content\\\/uploads\\\/2019\\\/06\\\/GreenTech-Verte.png\",\"datePublished\":\"2019-06-04T05:03:43+00:00\",\"dateModified\":\"2019-07-15T10:23:32+00:00\",\"author\":{\"@id\":\"https:\\\/\\\/batijournal.com\\\/#\\\/schema\\\/person\\\/1dc96ec6957aa1ccb25ebe78bb19f100\"},\"description\":\"Le minist\u00e8re de la Transition \u00e9cologique et solidaire r\u00e9unit dans les locaux de la Station F. les start ups accompagn\u00e9es dans le cadre de l\u2019initiative GreenTech verte\",\"breadcrumb\":{\"@id\":\"https:\\\/\\\/batijournal.com\\\/index.php\\\/rencontre-des-startups-de-la-greentech-verte\\\/102230\\\/#breadcrumb\"},\"inLanguage\":\"fr-FR\",\"potentialAction\":[{\"@type\":\"ReadAction\",\"target\":[\"https:\\\/\\\/batijournal.com\\\/index.php\\\/rencontre-des-startups-de-la-greentech-verte\\\/102230\\\/\"]}]},{\"@type\":\"ImageObject\",\"inLanguage\":\"fr-FR\",\"@id\":\"https:\\\/\\\/batijournal.com\\\/index.php\\\/rencontre-des-startups-de-la-greentech-verte\\\/102230\\\/#primaryimage\",\"url\":\"https:\\\/\\\/batijournal.com\\\/wp-content\\\/uploads\\\/2019\\\/06\\\/GreenTech-Verte.png\",\"contentUrl\":\"https:\\\/\\\/batijournal.com\\\/wp-content\\\/uploads\\\/2019\\\/06\\\/GreenTech-Verte.png\",\"width\":566,\"height\":332},{\"@type\":\"BreadcrumbList\",\"@id\":\"https:\\\/\\\/batijournal.com\\\/index.php\\\/rencontre-des-startups-de-la-greentech-verte\\\/102230\\\/#breadcrumb\",\"itemListElement\":[{\"@type\":\"ListItem\",\"position\":1,\"name\":\"Accueil\",\"item\":\"https:\\\/\\\/batijournal.com\\\/\"},{\"@type\":\"ListItem\",\"position\":2,\"name\":\"Actualit\u00e9s\",\"item\":\"https:\\\/\\\/batijournal.com\\\/index.php\\\/category\\\/actualites\\\/\"},{\"@type\":\"ListItem\",\"position\":3,\"name\":\"Rencontre des startups de la GreenTech Verte\"}]},{\"@type\":\"WebSite\",\"@id\":\"https:\\\/\\\/batijournal.com\\\/#website\",\"url\":\"https:\\\/\\\/batijournal.com\\\/\",\"name\":\"Batijournal\",\"description\":\"L&#039;actualit\u00e9 du b\u00e2timent\",\"potentialAction\":[{\"@type\":\"SearchAction\",\"target\":{\"@type\":\"EntryPoint\",\"urlTemplate\":\"https:\\\/\\\/batijournal.com\\\/?s={search_term_string}\"},\"query-input\":{\"@type\":\"PropertyValueSpecification\",\"valueRequired\":true,\"valueName\":\"search_term_string\"}}],\"inLanguage\":\"fr-FR\"},{\"@type\":\"Person\",\"@id\":\"https:\\\/\\\/batijournal.com\\\/#\\\/schema\\\/person\\\/1dc96ec6957aa1ccb25ebe78bb19f100\",\"name\":\"St\u00e9phane Miget\",\"image\":{\"@type\":\"ImageObject\",\"inLanguage\":\"fr-FR\",\"@id\":\"https:\\\/\\\/secure.gravatar.com\\\/avatar\\\/89915563d925342126b8ef0281b93d9d7fc337043e8df017f780908eb9644451?s=96&d=mm&r=g\",\"url\":\"https:\\\/\\\/secure.gravatar.com\\\/avatar\\\/89915563d925342126b8ef0281b93d9d7fc337043e8df017f780908eb9644451?s=96&d=mm&r=g\",\"contentUrl\":\"https:\\\/\\\/secure.gravatar.com\\\/avatar\\\/89915563d925342126b8ef0281b93d9d7fc337043e8df017f780908eb9644451?s=96&d=mm&r=g\",\"caption\":\"St\u00e9phane Miget\"},\"url\":\"https:\\\/\\\/batijournal.com\\\/index.php\\\/author\\\/stephane\\\/\"}]}<\/script>\n<!-- \/ Yoast SEO plugin. -->","yoast_head_json":{"title":"Rencontre des startups de la GreenTech Verte","description":"Le minist\u00e8re de la Transition \u00e9cologique et solidaire r\u00e9unit dans les locaux de la Station F. les start ups accompagn\u00e9es dans le cadre de l\u2019initiative GreenTech verte","robots":{"index":"index","follow":"follow","max-snippet":"max-snippet:-1","max-image-preview":"max-image-preview:large","max-video-preview":"max-video-preview:-1"},"canonical":"https:\/\/batijournal.com\/index.php\/rencontre-des-startups-de-la-greentech-verte\/102230\/","og_locale":"fr_FR","og_type":"article","og_title":"Rencontre des startups de la GreenTech Verte","og_description":"Le minist\u00e8re de la Transition \u00e9cologique et solidaire r\u00e9unit dans les locaux de la Station F. les start ups accompagn\u00e9es dans le cadre de l\u2019initiative GreenTech verte","og_url":"https:\/\/batijournal.com\/index.php\/rencontre-des-startups-de-la-greentech-verte\/102230\/","og_site_name":"Batijournal","article_published_time":"2019-06-04T05:03:43+00:00","article_modified_time":"2019-07-15T10:23:32+00:00","og_image":[{"width":566,"height":332,"url":"https:\/\/batijournal.com\/wp-content\/uploads\/2019\/06\/GreenTech-Verte.png","type":"image\/png"}],"author":"St\u00e9phane Miget","twitter_card":"summary_large_image","twitter_creator":"@bati_journal","twitter_site":"@bati_journal","twitter_misc":{"\u00c9crit par":"St\u00e9phane Miget","Dur\u00e9e de lecture estim\u00e9e":"1 minute"},"schema":{"@context":"https:\/\/schema.org","@graph":[{"@type":"Article","@id":"https:\/\/batijournal.com\/index.php\/rencontre-des-startups-de-la-greentech-verte\/102230\/#article","isPartOf":{"@id":"https:\/\/batijournal.com\/index.php\/rencontre-des-startups-de-la-greentech-verte\/102230\/"},"author":{"name":"St\u00e9phane Miget","@id":"https:\/\/batijournal.com\/#\/schema\/person\/1dc96ec6957aa1ccb25ebe78bb19f100"},"headline":"Rencontre des startups de la GreenTech Verte","datePublished":"2019-06-04T05:03:43+00:00","dateModified":"2019-07-15T10:23:32+00:00","mainEntityOfPage":{"@id":"https:\/\/batijournal.com\/index.php\/rencontre-des-startups-de-la-greentech-verte\/102230\/"},"wordCount":129,"image":{"@id":"https:\/\/batijournal.com\/index.php\/rencontre-des-startups-de-la-greentech-verte\/102230\/#primaryimage"},"thumbnailUrl":"https:\/\/batijournal.com\/wp-content\/uploads\/2019\/06\/GreenTech-Verte.png","keywords":["GreenTech verte"],"articleSection":["Actualit\u00e9s","\u00c9nergie &amp; Environnement"],"inLanguage":"fr-FR"},{"@type":"WebPage","@id":"https:\/\/batijournal.com\/index.php\/rencontre-des-startups-de-la-greentech-verte\/102230\/","url":"https:\/\/batijournal.com\/index.php\/rencontre-des-startups-de-la-greentech-verte\/102230\/","name":"Rencontre des startups de la GreenTech Verte","isPartOf":{"@id":"https:\/\/batijournal.com\/#website"},"primaryImageOfPage":{"@id":"https:\/\/batijournal.com\/index.php\/rencontre-des-startups-de-la-greentech-verte\/102230\/#primaryimage"},"image":{"@id":"https:\/\/batijournal.com\/index.php\/rencontre-des-startups-de-la-greentech-verte\/102230\/#primaryimage"},"thumbnailUrl":"https:\/\/batijournal.com\/wp-content\/uploads\/2019\/06\/GreenTech-Verte.png","datePublished":"2019-06-04T05:03:43+00:00","dateModified":"2019-07-15T10:23:32+00:00","author":{"@id":"https:\/\/batijournal.com\/#\/schema\/person\/1dc96ec6957aa1ccb25ebe78bb19f100"},"description":"Le minist\u00e8re de la Transition \u00e9cologique et solidaire r\u00e9unit dans les locaux de la Station F. les start ups accompagn\u00e9es dans le cadre de l\u2019initiative GreenTech verte","breadcrumb":{"@id":"https:\/\/batijournal.com\/index.php\/rencontre-des-startups-de-la-greentech-verte\/102230\/#breadcrumb"},"inLanguage":"fr-FR","potentialAction":[{"@type":"ReadAction","target":["https:\/\/batijournal.com\/index.php\/rencontre-des-startups-de-la-greentech-verte\/102230\/"]}]},{"@type":"ImageObject","inLanguage":"fr-FR","@id":"https:\/\/batijournal.com\/index.php\/rencontre-des-startups-de-la-greentech-verte\/102230\/#primaryimage","url":"https:\/\/batijournal.com\/wp-content\/uploads\/2019\/06\/GreenTech-Verte.png","contentUrl":"https:\/\/batijournal.com\/wp-content\/uploads\/2019\/06\/GreenTech-Verte.png","width":566,"height":332},{"@type":"BreadcrumbList","@id":"https:\/\/batijournal.com\/index.php\/rencontre-des-startups-de-la-greentech-verte\/102230\/#breadcrumb","itemListElement":[{"@type":"ListItem","position":1,"name":"Accueil","item":"https:\/\/batijournal.com\/"},{"@type":"ListItem","position":2,"name":"Actualit\u00e9s","item":"https:\/\/batijournal.com\/index.php\/category\/actualites\/"},{"@type":"ListItem","position":3,"name":"Rencontre des startups de la GreenTech Verte"}]},{"@type":"WebSite","@id":"https:\/\/batijournal.com\/#website","url":"https:\/\/batijournal.com\/","name":"Batijournal","description":"L&#039;actualit\u00e9 du b\u00e2timent","potentialAction":[{"@type":"SearchAction","target":{"@type":"EntryPoint","urlTemplate":"https:\/\/batijournal.com\/?s={search_term_string}"},"query-input":{"@type":"PropertyValueSpecification","valueRequired":true,"valueName":"search_term_string"}}],"inLanguage":"fr-FR"},{"@type":"Person","@id":"https:\/\/batijournal.com\/#\/schema\/person\/1dc96ec6957aa1ccb25ebe78bb19f100","name":"St\u00e9phane Miget","image":{"@type":"ImageObject","inLanguage":"fr-FR","@id":"https:\/\/secure.gravatar.com\/avatar\/89915563d925342126b8ef0281b93d9d7fc337043e8df017f780908eb9644451?s=96&d=mm&r=g","url":"https:\/\/secure.gravatar.com\/avatar\/89915563d925342126b8ef0281b93d9d7fc337043e8df017f780908eb9644451?s=96&d=mm&r=g","contentUrl":"https:\/\/secure.gravatar.com\/avatar\/89915563d925342126b8ef0281b93d9d7fc337043e8df017f780908eb9644451?s=96&d=mm&r=g","caption":"St\u00e9phane Miget"},"url":"https:\/\/batijournal.com\/index.php\/author\/stephane\/"}]}},"_links":{"self":[{"href":"https:\/\/batijournal.com\/index.php\/wp-json\/wp\/v2\/posts\/102230","targetHints":{"allow":["GET"]}}],"collection":[{"href":"https:\/\/batijournal.com\/index.php\/wp-json\/wp\/v2\/posts"}],"about":[{"href":"https:\/\/batijournal.com\/index.php\/wp-json\/wp\/v2\/types\/post"}],"author":[{"embeddable":true,"href":"https:\/\/batijournal.com\/index.php\/wp-json\/wp\/v2\/users\/17"}],"replies":[{"embeddable":true,"href":"https:\/\/batijournal.com\/index.php\/wp-json\/wp\/v2\/comments?post=102230"}],"version-history":[{"count":0,"href":"https:\/\/batijournal.com\/index.php\/wp-json\/wp\/v2\/posts\/102230\/revisions"}],"wp:featuredmedia":[{"embeddable":true,"href":"https:\/\/batijournal.com\/index.php\/wp-json\/wp\/v2\/media\/102231"}],"wp:attachment":[{"href":"https:\/\/batijournal.com\/index.php\/wp-json\/wp\/v2\/media?parent=102230"}],"wp:term":[{"taxonomy":"category","embeddable":true,"href":"https:\/\/batijournal.com\/index.php\/wp-json\/wp\/v2\/categories?post=102230"},{"taxonomy":"post_tag","embeddable":true,"href":"https:\/\/batijournal.com\/index.php\/wp-json\/wp\/v2\/tags?post=102230"}],"curies":[{"name":"wp","href":"https:\/\/api.w.org\/{rel}","templated":true}]}}