{"id":102233,"date":"2019-06-04T07:12:34","date_gmt":"2019-06-04T05:12:34","guid":{"rendered":"https:\/\/batijournal.com\/?p=102233"},"modified":"2019-07-15T12:19:44","modified_gmt":"2019-07-15T10:19:44","slug":"la-federation-des-distributeurs-de-materiel-electrique-a-signe-la-charte-led","status":"publish","type":"post","link":"https:\/\/batijournal.com\/index.php\/la-federation-des-distributeurs-de-materiel-electrique-a-signe-la-charte-led\/102233\/","title":{"rendered":"La F\u00e9d\u00e9ration des distributeurs de mat\u00e9riel \u00e9lectrique a sign\u00e9 la Charte LED"},"content":{"rendered":"<p>Le 22 mai 2019, la F\u00e9d\u00e9ration des distributeurs de mat\u00e9riel \u00e9lectrique (FDME) a sign\u00e9 son adh\u00e9sion \u00e0 la Charte LED. La r\u00e9cente \u00ab Charte LED \u00bb pr\u00e9sente 20 crit\u00e8res d\u2019\u00e9valuation objective de la qualit\u00e9 des luminaires LED pour l\u2019int\u00e9rieur et l\u2019ext\u00e9rieur, avec elle, le Syndicat de l\u2019\u00e9clairage fournit au march\u00e9 un outil d\u2019aide \u00e0 la d\u00e9cision dans le choix raisonn\u00e9 des solutions d\u2019\u00e9clairage. Avec elle, les fabricants membres du syndicat s\u2019obligent \u00e0 pr\u00e9senter \u00e0 leurs clients les valeurs correspondant \u00e0 ces crit\u00e8res, v\u00e9rifi\u00e9es en conformit\u00e9 avec les normes et r\u00e8glements europ\u00e9ens. Comme le Syndicat de l\u2019\u00e9clairage, la FDME porte une attention particuli\u00e8re \u00e0 la qualit\u00e9 et la sinc\u00e9rit\u00e9 des performances annonc\u00e9es par les luminaires. Elle se f\u00e9licite de l\u2019engagement des industriels de fournir ces informations, et d\u2019offrir ainsi une meilleure transparence des offres, afin d\u2019\u00e9tablir les conditions d\u2019une concurrence \u00e9quitable et responsable.<\/p>\n<p>Photo : Adh\u00e9sion de la FDME \u00e0 la Charte LED\u00a0par Alain Fragnaud \u2013 Pr\u00e9sident de la FDME (\u00e0 gauche)\u00a0et Julien Arnal \u2013 Pr\u00e9sident du Syndicat de l\u2019\u00e9clairage (\u00e0 droite)<\/p>\n<p>&nbsp;<\/p>\n","protected":false},"excerpt":{"rendered":"<p>Le 22 mai 2019, la F\u00e9d\u00e9ration des distributeurs de mat\u00e9riel \u00e9lectrique (FDME) a sign\u00e9 son adh\u00e9sion \u00e0 la Charte LED. La r\u00e9cente \u00ab Charte LED \u00bb pr\u00e9sente 20 crit\u00e8res d\u2019\u00e9valuation objective de la qualit\u00e9 des luminaires LED pour l\u2019int\u00e9rieur et l\u2019ext\u00e9rieur, avec elle, le Syndicat de l\u2019\u00e9clairage fournit au march\u00e9 un outil d\u2019aide \u00e0 la [&hellip;]<\/p>\n","protected":false},"author":17,"featured_media":102234,"comment_status":"closed","ping_status":"closed","sticky":false,"template":"","format":"standard","meta":{"_et_pb_use_builder":"","_et_pb_old_content":"","_et_gb_content_width":"","footnotes":""},"categories":[10530,6351,10778],"tags":[930],"class_list":["post-102233","post","type-post","status-publish","format-standard","has-post-thumbnail","hentry","category-actualites","category-energie-environnement","category-planete","tag-led"],"yoast_head":"<!-- This site is optimized with the Yoast SEO plugin v27.4 - https:\/\/yoast.com\/product\/yoast-seo-wordpress\/ -->\n<title>La F\u00e9d\u00e9ration des distributeurs de mat\u00e9riel \u00e9lectrique a sign\u00e9 la Charte LED<\/title>\n<meta name=\"description\" content=\"Le 22 mai 2019, la F\u00e9d\u00e9ration des distributeurs de mat\u00e9riel \u00e9lectrique (FDME) a sign\u00e9 son adh\u00e9sion \u00e0 la Charte LED\" \/>\n<meta name=\"robots\" content=\"index, follow, max-snippet:-1, max-image-preview:large, max-video-preview:-1\" \/>\n<link rel=\"canonical\" href=\"https:\/\/batijournal.com\/index.php\/la-federation-des-distributeurs-de-materiel-electrique-a-signe-la-charte-led\/102233\/\" \/>\n<meta property=\"og:locale\" content=\"fr_FR\" \/>\n<meta property=\"og:type\" content=\"article\" \/>\n<meta property=\"og:title\" content=\"La F\u00e9d\u00e9ration des distributeurs de mat\u00e9riel \u00e9lectrique a sign\u00e9 la Charte LED\" \/>\n<meta property=\"og:description\" content=\"Le 22 mai 2019, la F\u00e9d\u00e9ration des distributeurs de mat\u00e9riel \u00e9lectrique (FDME) a sign\u00e9 son adh\u00e9sion \u00e0 la Charte LED\" \/>\n<meta property=\"og:url\" content=\"https:\/\/batijournal.com\/index.php\/la-federation-des-distributeurs-de-materiel-electrique-a-signe-la-charte-led\/102233\/\" \/>\n<meta property=\"og:site_name\" content=\"Batijournal\" \/>\n<meta property=\"article:published_time\" content=\"2019-06-04T05:12:34+00:00\" \/>\n<meta property=\"article:modified_time\" content=\"2019-07-15T10:19:44+00:00\" \/>\n<meta property=\"og:image\" content=\"https:\/\/batijournal.com\/wp-content\/uploads\/2019\/06\/signature-charte-led.jpg\" \/>\n\t<meta property=\"og:image:width\" content=\"600\" \/>\n\t<meta property=\"og:image:height\" content=\"450\" \/>\n\t<meta property=\"og:image:type\" content=\"image\/jpeg\" \/>\n<meta name=\"author\" content=\"St\u00e9phane Miget\" \/>\n<meta name=\"twitter:card\" content=\"summary_large_image\" \/>\n<meta name=\"twitter:creator\" content=\"@bati_journal\" \/>\n<meta name=\"twitter:site\" content=\"@bati_journal\" \/>\n<meta name=\"twitter:label1\" content=\"\u00c9crit par\" \/>\n\t<meta name=\"twitter:data1\" content=\"St\u00e9phane Miget\" \/>\n\t<meta name=\"twitter:label2\" content=\"Dur\u00e9e de lecture estim\u00e9e\" \/>\n\t<meta name=\"twitter:data2\" content=\"1 minute\" \/>\n<script type=\"application\/ld+json\" class=\"yoast-schema-graph\">{\"@context\":\"https:\\\/\\\/schema.org\",\"@graph\":[{\"@type\":\"Article\",\"@id\":\"https:\\\/\\\/batijournal.com\\\/index.php\\\/la-federation-des-distributeurs-de-materiel-electrique-a-signe-la-charte-led\\\/102233\\\/#article\",\"isPartOf\":{\"@id\":\"https:\\\/\\\/batijournal.com\\\/index.php\\\/la-federation-des-distributeurs-de-materiel-electrique-a-signe-la-charte-led\\\/102233\\\/\"},\"author\":{\"name\":\"St\u00e9phane Miget\",\"@id\":\"https:\\\/\\\/batijournal.com\\\/#\\\/schema\\\/person\\\/1dc96ec6957aa1ccb25ebe78bb19f100\"},\"headline\":\"La F\u00e9d\u00e9ration des distributeurs de mat\u00e9riel \u00e9lectrique a sign\u00e9 la Charte LED\",\"datePublished\":\"2019-06-04T05:12:34+00:00\",\"dateModified\":\"2019-07-15T10:19:44+00:00\",\"mainEntityOfPage\":{\"@id\":\"https:\\\/\\\/batijournal.com\\\/index.php\\\/la-federation-des-distributeurs-de-materiel-electrique-a-signe-la-charte-led\\\/102233\\\/\"},\"wordCount\":208,\"image\":{\"@id\":\"https:\\\/\\\/batijournal.com\\\/index.php\\\/la-federation-des-distributeurs-de-materiel-electrique-a-signe-la-charte-led\\\/102233\\\/#primaryimage\"},\"thumbnailUrl\":\"https:\\\/\\\/batijournal.com\\\/wp-content\\\/uploads\\\/2019\\\/06\\\/signature-charte-led.jpg\",\"keywords\":[\"LED\"],\"articleSection\":[\"Actualit\u00e9s\",\"\u00c9nergie &amp; Environnement\",\"zz_Plan\u00e8te B\u00e2timent\"],\"inLanguage\":\"fr-FR\"},{\"@type\":\"WebPage\",\"@id\":\"https:\\\/\\\/batijournal.com\\\/index.php\\\/la-federation-des-distributeurs-de-materiel-electrique-a-signe-la-charte-led\\\/102233\\\/\",\"url\":\"https:\\\/\\\/batijournal.com\\\/index.php\\\/la-federation-des-distributeurs-de-materiel-electrique-a-signe-la-charte-led\\\/102233\\\/\",\"name\":\"La F\u00e9d\u00e9ration des distributeurs de mat\u00e9riel \u00e9lectrique a sign\u00e9 la Charte LED\",\"isPartOf\":{\"@id\":\"https:\\\/\\\/batijournal.com\\\/#website\"},\"primaryImageOfPage\":{\"@id\":\"https:\\\/\\\/batijournal.com\\\/index.php\\\/la-federation-des-distributeurs-de-materiel-electrique-a-signe-la-charte-led\\\/102233\\\/#primaryimage\"},\"image\":{\"@id\":\"https:\\\/\\\/batijournal.com\\\/index.php\\\/la-federation-des-distributeurs-de-materiel-electrique-a-signe-la-charte-led\\\/102233\\\/#primaryimage\"},\"thumbnailUrl\":\"https:\\\/\\\/batijournal.com\\\/wp-content\\\/uploads\\\/2019\\\/06\\\/signature-charte-led.jpg\",\"datePublished\":\"2019-06-04T05:12:34+00:00\",\"dateModified\":\"2019-07-15T10:19:44+00:00\",\"author\":{\"@id\":\"https:\\\/\\\/batijournal.com\\\/#\\\/schema\\\/person\\\/1dc96ec6957aa1ccb25ebe78bb19f100\"},\"description\":\"Le 22 mai 2019, la F\u00e9d\u00e9ration des distributeurs de mat\u00e9riel \u00e9lectrique (FDME) a sign\u00e9 son adh\u00e9sion \u00e0 la Charte LED\",\"breadcrumb\":{\"@id\":\"https:\\\/\\\/batijournal.com\\\/index.php\\\/la-federation-des-distributeurs-de-materiel-electrique-a-signe-la-charte-led\\\/102233\\\/#breadcrumb\"},\"inLanguage\":\"fr-FR\",\"potentialAction\":[{\"@type\":\"ReadAction\",\"target\":[\"https:\\\/\\\/batijournal.com\\\/index.php\\\/la-federation-des-distributeurs-de-materiel-electrique-a-signe-la-charte-led\\\/102233\\\/\"]}]},{\"@type\":\"ImageObject\",\"inLanguage\":\"fr-FR\",\"@id\":\"https:\\\/\\\/batijournal.com\\\/index.php\\\/la-federation-des-distributeurs-de-materiel-electrique-a-signe-la-charte-led\\\/102233\\\/#primaryimage\",\"url\":\"https:\\\/\\\/batijournal.com\\\/wp-content\\\/uploads\\\/2019\\\/06\\\/signature-charte-led.jpg\",\"contentUrl\":\"https:\\\/\\\/batijournal.com\\\/wp-content\\\/uploads\\\/2019\\\/06\\\/signature-charte-led.jpg\",\"width\":600,\"height\":450},{\"@type\":\"BreadcrumbList\",\"@id\":\"https:\\\/\\\/batijournal.com\\\/index.php\\\/la-federation-des-distributeurs-de-materiel-electrique-a-signe-la-charte-led\\\/102233\\\/#breadcrumb\",\"itemListElement\":[{\"@type\":\"ListItem\",\"position\":1,\"name\":\"Accueil\",\"item\":\"https:\\\/\\\/batijournal.com\\\/\"},{\"@type\":\"ListItem\",\"position\":2,\"name\":\"Actualit\u00e9s\",\"item\":\"https:\\\/\\\/batijournal.com\\\/index.php\\\/category\\\/actualites\\\/\"},{\"@type\":\"ListItem\",\"position\":3,\"name\":\"La F\u00e9d\u00e9ration des distributeurs de mat\u00e9riel \u00e9lectrique a sign\u00e9 la Charte LED\"}]},{\"@type\":\"WebSite\",\"@id\":\"https:\\\/\\\/batijournal.com\\\/#website\",\"url\":\"https:\\\/\\\/batijournal.com\\\/\",\"name\":\"Batijournal\",\"description\":\"L&#039;actualit\u00e9 du b\u00e2timent\",\"potentialAction\":[{\"@type\":\"SearchAction\",\"target\":{\"@type\":\"EntryPoint\",\"urlTemplate\":\"https:\\\/\\\/batijournal.com\\\/?s={search_term_string}\"},\"query-input\":{\"@type\":\"PropertyValueSpecification\",\"valueRequired\":true,\"valueName\":\"search_term_string\"}}],\"inLanguage\":\"fr-FR\"},{\"@type\":\"Person\",\"@id\":\"https:\\\/\\\/batijournal.com\\\/#\\\/schema\\\/person\\\/1dc96ec6957aa1ccb25ebe78bb19f100\",\"name\":\"St\u00e9phane Miget\",\"image\":{\"@type\":\"ImageObject\",\"inLanguage\":\"fr-FR\",\"@id\":\"https:\\\/\\\/secure.gravatar.com\\\/avatar\\\/89915563d925342126b8ef0281b93d9d7fc337043e8df017f780908eb9644451?s=96&d=mm&r=g\",\"url\":\"https:\\\/\\\/secure.gravatar.com\\\/avatar\\\/89915563d925342126b8ef0281b93d9d7fc337043e8df017f780908eb9644451?s=96&d=mm&r=g\",\"contentUrl\":\"https:\\\/\\\/secure.gravatar.com\\\/avatar\\\/89915563d925342126b8ef0281b93d9d7fc337043e8df017f780908eb9644451?s=96&d=mm&r=g\",\"caption\":\"St\u00e9phane Miget\"},\"url\":\"https:\\\/\\\/batijournal.com\\\/index.php\\\/author\\\/stephane\\\/\"}]}<\/script>\n<!-- \/ Yoast SEO plugin. -->","yoast_head_json":{"title":"La F\u00e9d\u00e9ration des distributeurs de mat\u00e9riel \u00e9lectrique a sign\u00e9 la Charte LED","description":"Le 22 mai 2019, la F\u00e9d\u00e9ration des distributeurs de mat\u00e9riel \u00e9lectrique (FDME) a sign\u00e9 son adh\u00e9sion \u00e0 la Charte LED","robots":{"index":"index","follow":"follow","max-snippet":"max-snippet:-1","max-image-preview":"max-image-preview:large","max-video-preview":"max-video-preview:-1"},"canonical":"https:\/\/batijournal.com\/index.php\/la-federation-des-distributeurs-de-materiel-electrique-a-signe-la-charte-led\/102233\/","og_locale":"fr_FR","og_type":"article","og_title":"La F\u00e9d\u00e9ration des distributeurs de mat\u00e9riel \u00e9lectrique a sign\u00e9 la Charte LED","og_description":"Le 22 mai 2019, la F\u00e9d\u00e9ration des distributeurs de mat\u00e9riel \u00e9lectrique (FDME) a sign\u00e9 son adh\u00e9sion \u00e0 la Charte LED","og_url":"https:\/\/batijournal.com\/index.php\/la-federation-des-distributeurs-de-materiel-electrique-a-signe-la-charte-led\/102233\/","og_site_name":"Batijournal","article_published_time":"2019-06-04T05:12:34+00:00","article_modified_time":"2019-07-15T10:19:44+00:00","og_image":[{"width":600,"height":450,"url":"https:\/\/batijournal.com\/wp-content\/uploads\/2019\/06\/signature-charte-led.jpg","type":"image\/jpeg"}],"author":"St\u00e9phane Miget","twitter_card":"summary_large_image","twitter_creator":"@bati_journal","twitter_site":"@bati_journal","twitter_misc":{"\u00c9crit par":"St\u00e9phane Miget","Dur\u00e9e de lecture estim\u00e9e":"1 minute"},"schema":{"@context":"https:\/\/schema.org","@graph":[{"@type":"Article","@id":"https:\/\/batijournal.com\/index.php\/la-federation-des-distributeurs-de-materiel-electrique-a-signe-la-charte-led\/102233\/#article","isPartOf":{"@id":"https:\/\/batijournal.com\/index.php\/la-federation-des-distributeurs-de-materiel-electrique-a-signe-la-charte-led\/102233\/"},"author":{"name":"St\u00e9phane Miget","@id":"https:\/\/batijournal.com\/#\/schema\/person\/1dc96ec6957aa1ccb25ebe78bb19f100"},"headline":"La F\u00e9d\u00e9ration des distributeurs de mat\u00e9riel \u00e9lectrique a sign\u00e9 la Charte LED","datePublished":"2019-06-04T05:12:34+00:00","dateModified":"2019-07-15T10:19:44+00:00","mainEntityOfPage":{"@id":"https:\/\/batijournal.com\/index.php\/la-federation-des-distributeurs-de-materiel-electrique-a-signe-la-charte-led\/102233\/"},"wordCount":208,"image":{"@id":"https:\/\/batijournal.com\/index.php\/la-federation-des-distributeurs-de-materiel-electrique-a-signe-la-charte-led\/102233\/#primaryimage"},"thumbnailUrl":"https:\/\/batijournal.com\/wp-content\/uploads\/2019\/06\/signature-charte-led.jpg","keywords":["LED"],"articleSection":["Actualit\u00e9s","\u00c9nergie &amp; Environnement","zz_Plan\u00e8te B\u00e2timent"],"inLanguage":"fr-FR"},{"@type":"WebPage","@id":"https:\/\/batijournal.com\/index.php\/la-federation-des-distributeurs-de-materiel-electrique-a-signe-la-charte-led\/102233\/","url":"https:\/\/batijournal.com\/index.php\/la-federation-des-distributeurs-de-materiel-electrique-a-signe-la-charte-led\/102233\/","name":"La F\u00e9d\u00e9ration des distributeurs de mat\u00e9riel \u00e9lectrique a sign\u00e9 la Charte LED","isPartOf":{"@id":"https:\/\/batijournal.com\/#website"},"primaryImageOfPage":{"@id":"https:\/\/batijournal.com\/index.php\/la-federation-des-distributeurs-de-materiel-electrique-a-signe-la-charte-led\/102233\/#primaryimage"},"image":{"@id":"https:\/\/batijournal.com\/index.php\/la-federation-des-distributeurs-de-materiel-electrique-a-signe-la-charte-led\/102233\/#primaryimage"},"thumbnailUrl":"https:\/\/batijournal.com\/wp-content\/uploads\/2019\/06\/signature-charte-led.jpg","datePublished":"2019-06-04T05:12:34+00:00","dateModified":"2019-07-15T10:19:44+00:00","author":{"@id":"https:\/\/batijournal.com\/#\/schema\/person\/1dc96ec6957aa1ccb25ebe78bb19f100"},"description":"Le 22 mai 2019, la F\u00e9d\u00e9ration des distributeurs de mat\u00e9riel \u00e9lectrique (FDME) a sign\u00e9 son adh\u00e9sion \u00e0 la Charte LED","breadcrumb":{"@id":"https:\/\/batijournal.com\/index.php\/la-federation-des-distributeurs-de-materiel-electrique-a-signe-la-charte-led\/102233\/#breadcrumb"},"inLanguage":"fr-FR","potentialAction":[{"@type":"ReadAction","target":["https:\/\/batijournal.com\/index.php\/la-federation-des-distributeurs-de-materiel-electrique-a-signe-la-charte-led\/102233\/"]}]},{"@type":"ImageObject","inLanguage":"fr-FR","@id":"https:\/\/batijournal.com\/index.php\/la-federation-des-distributeurs-de-materiel-electrique-a-signe-la-charte-led\/102233\/#primaryimage","url":"https:\/\/batijournal.com\/wp-content\/uploads\/2019\/06\/signature-charte-led.jpg","contentUrl":"https:\/\/batijournal.com\/wp-content\/uploads\/2019\/06\/signature-charte-led.jpg","width":600,"height":450},{"@type":"BreadcrumbList","@id":"https:\/\/batijournal.com\/index.php\/la-federation-des-distributeurs-de-materiel-electrique-a-signe-la-charte-led\/102233\/#breadcrumb","itemListElement":[{"@type":"ListItem","position":1,"name":"Accueil","item":"https:\/\/batijournal.com\/"},{"@type":"ListItem","position":2,"name":"Actualit\u00e9s","item":"https:\/\/batijournal.com\/index.php\/category\/actualites\/"},{"@type":"ListItem","position":3,"name":"La F\u00e9d\u00e9ration des distributeurs de mat\u00e9riel \u00e9lectrique a sign\u00e9 la Charte LED"}]},{"@type":"WebSite","@id":"https:\/\/batijournal.com\/#website","url":"https:\/\/batijournal.com\/","name":"Batijournal","description":"L&#039;actualit\u00e9 du b\u00e2timent","potentialAction":[{"@type":"SearchAction","target":{"@type":"EntryPoint","urlTemplate":"https:\/\/batijournal.com\/?s={search_term_string}"},"query-input":{"@type":"PropertyValueSpecification","valueRequired":true,"valueName":"search_term_string"}}],"inLanguage":"fr-FR"},{"@type":"Person","@id":"https:\/\/batijournal.com\/#\/schema\/person\/1dc96ec6957aa1ccb25ebe78bb19f100","name":"St\u00e9phane Miget","image":{"@type":"ImageObject","inLanguage":"fr-FR","@id":"https:\/\/secure.gravatar.com\/avatar\/89915563d925342126b8ef0281b93d9d7fc337043e8df017f780908eb9644451?s=96&d=mm&r=g","url":"https:\/\/secure.gravatar.com\/avatar\/89915563d925342126b8ef0281b93d9d7fc337043e8df017f780908eb9644451?s=96&d=mm&r=g","contentUrl":"https:\/\/secure.gravatar.com\/avatar\/89915563d925342126b8ef0281b93d9d7fc337043e8df017f780908eb9644451?s=96&d=mm&r=g","caption":"St\u00e9phane Miget"},"url":"https:\/\/batijournal.com\/index.php\/author\/stephane\/"}]}},"_links":{"self":[{"href":"https:\/\/batijournal.com\/index.php\/wp-json\/wp\/v2\/posts\/102233","targetHints":{"allow":["GET"]}}],"collection":[{"href":"https:\/\/batijournal.com\/index.php\/wp-json\/wp\/v2\/posts"}],"about":[{"href":"https:\/\/batijournal.com\/index.php\/wp-json\/wp\/v2\/types\/post"}],"author":[{"embeddable":true,"href":"https:\/\/batijournal.com\/index.php\/wp-json\/wp\/v2\/users\/17"}],"replies":[{"embeddable":true,"href":"https:\/\/batijournal.com\/index.php\/wp-json\/wp\/v2\/comments?post=102233"}],"version-history":[{"count":0,"href":"https:\/\/batijournal.com\/index.php\/wp-json\/wp\/v2\/posts\/102233\/revisions"}],"wp:featuredmedia":[{"embeddable":true,"href":"https:\/\/batijournal.com\/index.php\/wp-json\/wp\/v2\/media\/102234"}],"wp:attachment":[{"href":"https:\/\/batijournal.com\/index.php\/wp-json\/wp\/v2\/media?parent=102233"}],"wp:term":[{"taxonomy":"category","embeddable":true,"href":"https:\/\/batijournal.com\/index.php\/wp-json\/wp\/v2\/categories?post=102233"},{"taxonomy":"post_tag","embeddable":true,"href":"https:\/\/batijournal.com\/index.php\/wp-json\/wp\/v2\/tags?post=102233"}],"curies":[{"name":"wp","href":"https:\/\/api.w.org\/{rel}","templated":true}]}}