{"id":102236,"date":"2019-06-04T07:18:17","date_gmt":"2019-06-04T05:18:17","guid":{"rendered":"https:\/\/batijournal.com\/?p=102236"},"modified":"2019-07-15T12:21:49","modified_gmt":"2019-07-15T10:21:49","slug":"production-delectricite-eolienne-et-solaire-record-au-premier-trimestre-2019","status":"publish","type":"post","link":"https:\/\/batijournal.com\/index.php\/production-delectricite-eolienne-et-solaire-record-au-premier-trimestre-2019\/102236\/","title":{"rendered":"Production d\u2019\u00e9lectricit\u00e9 \u00e9olienne et solaire record au premier trimestre 2019"},"content":{"rendered":"<p><strong>Selon le Panorama de l\u2019\u00e9lectricit\u00e9 renouvelable au 31 mars 2019, les \u00e9nergies renouvelables ont particip\u00e9 \u00e0 hauteur de 20,1 % \u00e0 la couverture de la consommation d\u2019\u00e9lectricit\u00e9 en France au cours du premier trimestre 2019 avec une production de 28,5 TWh. Sur les douze derniers mois, l\u2019\u00e9lectricit\u00e9 renouvelable a permis de couvrir 22% de la consommation en France m\u00e9tropolitaine.<\/strong><\/p>\n<p>Le parc \u00e9olien atteint 15 352 MW au 31 mars 2019 avec 243 MW raccord\u00e9s sur le trimestre. Sur les douze derniers mois, sa croissance s\u2019\u00e9l\u00e8ve \u00e0 1 643 MW. L\u2019objectif fix\u00e9 \u00e0 la fili\u00e8re par la PPE \u00e0 fin 2023 est compris entre 21 800 MW et 26 000 MW.\u00a0La fili\u00e8re a produit 10,1 TWh sur le premier trimestre 2019, en hausse de 2,8% par rapport au premier trimestre 2018. C\u2019est la premi\u00e8re fois que la production \u00e9olienne d\u00e9passe les 10 TWh sur un trimestre. Le taux de couverture de la consommation par l\u2019\u00e9nergie \u00e9olienne s\u2019\u00e9tablit \u00e0 6% sur les douze derniers mois (et \u00e0 plus de 10% sur le seul mois de mars).<\/p>\n<p>La puissance du parc solaire s\u2019\u00e9l\u00e8ve \u00e0 8 684 MW au 31 mars 2019, avec 157 MW raccord\u00e9s au cours du trimestre. Sur les douze derniers mois, 781 MW ont \u00e9t\u00e9 raccord\u00e9s. La PPE a fix\u00e9 un objectif \u00e0 la fili\u00e8re compris entre 18 200 et 20 200 MW fin 2023.\u00a0Avec une production de 2,3 TWh sur le premier trimestre 2019 (+50,6% par rapport au premier trimestre 2018), l\u2019\u00e9nergie solaire photovolta\u00efque bat son record hivernal. Sur les douze derniers mois, 11 TWh ont \u00e9t\u00e9 produits, couvrant 2,3% de la consommation de la France m\u00e9tropolitaine.<\/p>\n<p>La fili\u00e8re bio\u00e9nergies \u00e9lectriques repr\u00e9sente une puissance install\u00e9e de 2 043 MW, dont 16 MW raccord\u00e9s sur le premier trimestre 2019.\u00a0Sa production renouvelable a atteint pour la premi\u00e8re fois 2 TWh sur un trimestre, en hausse de 4,4% par rapport au premier trimestre 2018. Les bio\u00e9nergies couvrent 1,6% de la consommation \u00e9lectrique m\u00e9tropolitaine sur les douze derniers mois.<\/p>\n<p>Le parc hydro\u00e9lectrique repr\u00e9sente une puissance install\u00e9e de 25 532 MW, dont 22 MW raccord\u00e9s sur le premier trimestre 2019.\u00a0Du fait de la faible pluviom\u00e9trie cet hiver, la production hydraulique a marqu\u00e9 le pas \u00e0 14,1 TWh (- 30,4% par rapport au premier trimestre 2018). L\u2019ann\u00e9e 2018 avait cependant enregistr\u00e9 des niveaux \u00e9lev\u00e9s de production. Sur un an, 57 TWh renouvelables ont \u00e9t\u00e9 produits, ce qui \u00e9tablit le taux de couverture de la consommation par l\u2019hydro\u00e9lectricit\u00e9 \u00e0 12,1%.<\/p>\n<p>Le Panorama de l\u2019\u00e9lectricit\u00e9 renouvelable est \u00e9labor\u00e9 chaque trimestre par RTE, le Syndicat des \u00e9nergies renouvelables (SER), Enedis, l\u2019Association des distributeurs d\u2019\u00e9lectricit\u00e9 en France (ADEeF) et l\u2019Agence ORE, Op\u00e9rateurs de R\u00e9seaux d\u2019Energie.<\/p>\n<p><a href=\"https:\/\/xrm3.eudonet.com\/XRM\/at?tok=A8F1EB23&amp;cs=0Ye4iKYzgX56161qZfT1b1ofR6Yu09axDuBFjZymiByy9kye-W1GUIfiiUYErG1n&amp;p=O34QDAZjKSBp_0hJ_RNyQxA6lZxUDxckmH9eVJm1sxBbASbZqKTM8XjKPmpabByLy7T8GFB0KYQ%3d\" target=\"_blank\" rel=\"noopener noreferrer\">T\u00e9l\u00e9charger le panorama<\/a><\/p>\n<p>&nbsp;<\/p>\n","protected":false},"excerpt":{"rendered":"<p>Selon le Panorama de l\u2019\u00e9lectricit\u00e9 renouvelable au 31 mars 2019, les \u00e9nergies renouvelables ont particip\u00e9 \u00e0 hauteur de 20,1 % \u00e0 la couverture de la consommation d\u2019\u00e9lectricit\u00e9 en France au cours du premier trimestre 2019 avec une production de 28,5 TWh. Sur les douze derniers mois, l\u2019\u00e9lectricit\u00e9 renouvelable a permis de couvrir 22% de la [&hellip;]<\/p>\n","protected":false},"author":17,"featured_media":102232,"comment_status":"closed","ping_status":"closed","sticky":false,"template":"","format":"standard","meta":{"_et_pb_use_builder":"","_et_pb_old_content":"","_et_gb_content_width":"","footnotes":""},"categories":[10530,6351,10778],"tags":[3152],"class_list":["post-102236","post","type-post","status-publish","format-standard","has-post-thumbnail","hentry","category-actualites","category-energie-environnement","category-planete","tag-energie-renouvelable"],"yoast_head":"<!-- This site is optimized with the Yoast SEO plugin v27.4 - https:\/\/yoast.com\/product\/yoast-seo-wordpress\/ -->\n<title>Production d\u2019\u00e9lectricit\u00e9 \u00e9olienne et solaire record au premier trimestre 2019<\/title>\n<meta name=\"description\" content=\"Les \u00e9nergies renouvelables ont particip\u00e9 \u00e0 hauteur de 20,1 % \u00e0 la couverture de la consommation d\u2019\u00e9lectricit\u00e9 en France au cours du premier trimestre 2019\" \/>\n<meta name=\"robots\" content=\"index, follow, max-snippet:-1, max-image-preview:large, max-video-preview:-1\" \/>\n<link rel=\"canonical\" href=\"https:\/\/batijournal.com\/index.php\/production-delectricite-eolienne-et-solaire-record-au-premier-trimestre-2019\/102236\/\" \/>\n<meta property=\"og:locale\" content=\"fr_FR\" \/>\n<meta property=\"og:type\" content=\"article\" \/>\n<meta property=\"og:title\" content=\"Production d\u2019\u00e9lectricit\u00e9 \u00e9olienne et solaire record au premier trimestre 2019\" \/>\n<meta property=\"og:description\" content=\"Les \u00e9nergies renouvelables ont particip\u00e9 \u00e0 hauteur de 20,1 % \u00e0 la couverture de la consommation d\u2019\u00e9lectricit\u00e9 en France au cours du premier trimestre 2019\" \/>\n<meta property=\"og:url\" content=\"https:\/\/batijournal.com\/index.php\/production-delectricite-eolienne-et-solaire-record-au-premier-trimestre-2019\/102236\/\" \/>\n<meta property=\"og:site_name\" content=\"Batijournal\" \/>\n<meta property=\"article:published_time\" content=\"2019-06-04T05:18:17+00:00\" \/>\n<meta property=\"article:modified_time\" content=\"2019-07-15T10:21:49+00:00\" \/>\n<meta property=\"og:image\" content=\"https:\/\/batijournal.com\/wp-content\/uploads\/2019\/06\/chiffres-energies-renouvelables.png\" \/>\n\t<meta property=\"og:image:width\" content=\"1048\" \/>\n\t<meta property=\"og:image:height\" content=\"497\" \/>\n\t<meta property=\"og:image:type\" content=\"image\/png\" \/>\n<meta name=\"author\" content=\"St\u00e9phane Miget\" \/>\n<meta name=\"twitter:card\" content=\"summary_large_image\" \/>\n<meta name=\"twitter:creator\" content=\"@bati_journal\" \/>\n<meta name=\"twitter:site\" content=\"@bati_journal\" \/>\n<meta name=\"twitter:label1\" content=\"\u00c9crit par\" \/>\n\t<meta name=\"twitter:data1\" content=\"St\u00e9phane Miget\" \/>\n\t<meta name=\"twitter:label2\" content=\"Dur\u00e9e de lecture estim\u00e9e\" \/>\n\t<meta name=\"twitter:data2\" content=\"2 minutes\" \/>\n<script type=\"application\/ld+json\" class=\"yoast-schema-graph\">{\"@context\":\"https:\\\/\\\/schema.org\",\"@graph\":[{\"@type\":\"Article\",\"@id\":\"https:\\\/\\\/batijournal.com\\\/index.php\\\/production-delectricite-eolienne-et-solaire-record-au-premier-trimestre-2019\\\/102236\\\/#article\",\"isPartOf\":{\"@id\":\"https:\\\/\\\/batijournal.com\\\/index.php\\\/production-delectricite-eolienne-et-solaire-record-au-premier-trimestre-2019\\\/102236\\\/\"},\"author\":{\"name\":\"St\u00e9phane Miget\",\"@id\":\"https:\\\/\\\/batijournal.com\\\/#\\\/schema\\\/person\\\/1dc96ec6957aa1ccb25ebe78bb19f100\"},\"headline\":\"Production d\u2019\u00e9lectricit\u00e9 \u00e9olienne et solaire record au premier trimestre 2019\",\"datePublished\":\"2019-06-04T05:18:17+00:00\",\"dateModified\":\"2019-07-15T10:21:49+00:00\",\"mainEntityOfPage\":{\"@id\":\"https:\\\/\\\/batijournal.com\\\/index.php\\\/production-delectricite-eolienne-et-solaire-record-au-premier-trimestre-2019\\\/102236\\\/\"},\"wordCount\":432,\"image\":{\"@id\":\"https:\\\/\\\/batijournal.com\\\/index.php\\\/production-delectricite-eolienne-et-solaire-record-au-premier-trimestre-2019\\\/102236\\\/#primaryimage\"},\"thumbnailUrl\":\"https:\\\/\\\/batijournal.com\\\/wp-content\\\/uploads\\\/2019\\\/06\\\/chiffres-energies-renouvelables.png\",\"keywords\":[\"\u00e9nergie renouvelable\"],\"articleSection\":[\"Actualit\u00e9s\",\"\u00c9nergie &amp; Environnement\",\"zz_Plan\u00e8te B\u00e2timent\"],\"inLanguage\":\"fr-FR\"},{\"@type\":\"WebPage\",\"@id\":\"https:\\\/\\\/batijournal.com\\\/index.php\\\/production-delectricite-eolienne-et-solaire-record-au-premier-trimestre-2019\\\/102236\\\/\",\"url\":\"https:\\\/\\\/batijournal.com\\\/index.php\\\/production-delectricite-eolienne-et-solaire-record-au-premier-trimestre-2019\\\/102236\\\/\",\"name\":\"Production d\u2019\u00e9lectricit\u00e9 \u00e9olienne et solaire record au premier trimestre 2019\",\"isPartOf\":{\"@id\":\"https:\\\/\\\/batijournal.com\\\/#website\"},\"primaryImageOfPage\":{\"@id\":\"https:\\\/\\\/batijournal.com\\\/index.php\\\/production-delectricite-eolienne-et-solaire-record-au-premier-trimestre-2019\\\/102236\\\/#primaryimage\"},\"image\":{\"@id\":\"https:\\\/\\\/batijournal.com\\\/index.php\\\/production-delectricite-eolienne-et-solaire-record-au-premier-trimestre-2019\\\/102236\\\/#primaryimage\"},\"thumbnailUrl\":\"https:\\\/\\\/batijournal.com\\\/wp-content\\\/uploads\\\/2019\\\/06\\\/chiffres-energies-renouvelables.png\",\"datePublished\":\"2019-06-04T05:18:17+00:00\",\"dateModified\":\"2019-07-15T10:21:49+00:00\",\"author\":{\"@id\":\"https:\\\/\\\/batijournal.com\\\/#\\\/schema\\\/person\\\/1dc96ec6957aa1ccb25ebe78bb19f100\"},\"description\":\"Les \u00e9nergies renouvelables ont particip\u00e9 \u00e0 hauteur de 20,1 % \u00e0 la couverture de la consommation d\u2019\u00e9lectricit\u00e9 en France au cours du premier trimestre 2019\",\"breadcrumb\":{\"@id\":\"https:\\\/\\\/batijournal.com\\\/index.php\\\/production-delectricite-eolienne-et-solaire-record-au-premier-trimestre-2019\\\/102236\\\/#breadcrumb\"},\"inLanguage\":\"fr-FR\",\"potentialAction\":[{\"@type\":\"ReadAction\",\"target\":[\"https:\\\/\\\/batijournal.com\\\/index.php\\\/production-delectricite-eolienne-et-solaire-record-au-premier-trimestre-2019\\\/102236\\\/\"]}]},{\"@type\":\"ImageObject\",\"inLanguage\":\"fr-FR\",\"@id\":\"https:\\\/\\\/batijournal.com\\\/index.php\\\/production-delectricite-eolienne-et-solaire-record-au-premier-trimestre-2019\\\/102236\\\/#primaryimage\",\"url\":\"https:\\\/\\\/batijournal.com\\\/wp-content\\\/uploads\\\/2019\\\/06\\\/chiffres-energies-renouvelables.png\",\"contentUrl\":\"https:\\\/\\\/batijournal.com\\\/wp-content\\\/uploads\\\/2019\\\/06\\\/chiffres-energies-renouvelables.png\",\"width\":1048,\"height\":497},{\"@type\":\"BreadcrumbList\",\"@id\":\"https:\\\/\\\/batijournal.com\\\/index.php\\\/production-delectricite-eolienne-et-solaire-record-au-premier-trimestre-2019\\\/102236\\\/#breadcrumb\",\"itemListElement\":[{\"@type\":\"ListItem\",\"position\":1,\"name\":\"Accueil\",\"item\":\"https:\\\/\\\/batijournal.com\\\/\"},{\"@type\":\"ListItem\",\"position\":2,\"name\":\"Actualit\u00e9s\",\"item\":\"https:\\\/\\\/batijournal.com\\\/index.php\\\/category\\\/actualites\\\/\"},{\"@type\":\"ListItem\",\"position\":3,\"name\":\"Production d\u2019\u00e9lectricit\u00e9 \u00e9olienne et solaire record au premier trimestre 2019\"}]},{\"@type\":\"WebSite\",\"@id\":\"https:\\\/\\\/batijournal.com\\\/#website\",\"url\":\"https:\\\/\\\/batijournal.com\\\/\",\"name\":\"Batijournal\",\"description\":\"L&#039;actualit\u00e9 du b\u00e2timent\",\"potentialAction\":[{\"@type\":\"SearchAction\",\"target\":{\"@type\":\"EntryPoint\",\"urlTemplate\":\"https:\\\/\\\/batijournal.com\\\/?s={search_term_string}\"},\"query-input\":{\"@type\":\"PropertyValueSpecification\",\"valueRequired\":true,\"valueName\":\"search_term_string\"}}],\"inLanguage\":\"fr-FR\"},{\"@type\":\"Person\",\"@id\":\"https:\\\/\\\/batijournal.com\\\/#\\\/schema\\\/person\\\/1dc96ec6957aa1ccb25ebe78bb19f100\",\"name\":\"St\u00e9phane Miget\",\"image\":{\"@type\":\"ImageObject\",\"inLanguage\":\"fr-FR\",\"@id\":\"https:\\\/\\\/secure.gravatar.com\\\/avatar\\\/89915563d925342126b8ef0281b93d9d7fc337043e8df017f780908eb9644451?s=96&d=mm&r=g\",\"url\":\"https:\\\/\\\/secure.gravatar.com\\\/avatar\\\/89915563d925342126b8ef0281b93d9d7fc337043e8df017f780908eb9644451?s=96&d=mm&r=g\",\"contentUrl\":\"https:\\\/\\\/secure.gravatar.com\\\/avatar\\\/89915563d925342126b8ef0281b93d9d7fc337043e8df017f780908eb9644451?s=96&d=mm&r=g\",\"caption\":\"St\u00e9phane Miget\"},\"url\":\"https:\\\/\\\/batijournal.com\\\/index.php\\\/author\\\/stephane\\\/\"}]}<\/script>\n<!-- \/ Yoast SEO plugin. -->","yoast_head_json":{"title":"Production d\u2019\u00e9lectricit\u00e9 \u00e9olienne et solaire record au premier trimestre 2019","description":"Les \u00e9nergies renouvelables ont particip\u00e9 \u00e0 hauteur de 20,1 % \u00e0 la couverture de la consommation d\u2019\u00e9lectricit\u00e9 en France au cours du premier trimestre 2019","robots":{"index":"index","follow":"follow","max-snippet":"max-snippet:-1","max-image-preview":"max-image-preview:large","max-video-preview":"max-video-preview:-1"},"canonical":"https:\/\/batijournal.com\/index.php\/production-delectricite-eolienne-et-solaire-record-au-premier-trimestre-2019\/102236\/","og_locale":"fr_FR","og_type":"article","og_title":"Production d\u2019\u00e9lectricit\u00e9 \u00e9olienne et solaire record au premier trimestre 2019","og_description":"Les \u00e9nergies renouvelables ont particip\u00e9 \u00e0 hauteur de 20,1 % \u00e0 la couverture de la consommation d\u2019\u00e9lectricit\u00e9 en France au cours du premier trimestre 2019","og_url":"https:\/\/batijournal.com\/index.php\/production-delectricite-eolienne-et-solaire-record-au-premier-trimestre-2019\/102236\/","og_site_name":"Batijournal","article_published_time":"2019-06-04T05:18:17+00:00","article_modified_time":"2019-07-15T10:21:49+00:00","og_image":[{"width":1048,"height":497,"url":"https:\/\/batijournal.com\/wp-content\/uploads\/2019\/06\/chiffres-energies-renouvelables.png","type":"image\/png"}],"author":"St\u00e9phane Miget","twitter_card":"summary_large_image","twitter_creator":"@bati_journal","twitter_site":"@bati_journal","twitter_misc":{"\u00c9crit par":"St\u00e9phane Miget","Dur\u00e9e de lecture estim\u00e9e":"2 minutes"},"schema":{"@context":"https:\/\/schema.org","@graph":[{"@type":"Article","@id":"https:\/\/batijournal.com\/index.php\/production-delectricite-eolienne-et-solaire-record-au-premier-trimestre-2019\/102236\/#article","isPartOf":{"@id":"https:\/\/batijournal.com\/index.php\/production-delectricite-eolienne-et-solaire-record-au-premier-trimestre-2019\/102236\/"},"author":{"name":"St\u00e9phane Miget","@id":"https:\/\/batijournal.com\/#\/schema\/person\/1dc96ec6957aa1ccb25ebe78bb19f100"},"headline":"Production d\u2019\u00e9lectricit\u00e9 \u00e9olienne et solaire record au premier trimestre 2019","datePublished":"2019-06-04T05:18:17+00:00","dateModified":"2019-07-15T10:21:49+00:00","mainEntityOfPage":{"@id":"https:\/\/batijournal.com\/index.php\/production-delectricite-eolienne-et-solaire-record-au-premier-trimestre-2019\/102236\/"},"wordCount":432,"image":{"@id":"https:\/\/batijournal.com\/index.php\/production-delectricite-eolienne-et-solaire-record-au-premier-trimestre-2019\/102236\/#primaryimage"},"thumbnailUrl":"https:\/\/batijournal.com\/wp-content\/uploads\/2019\/06\/chiffres-energies-renouvelables.png","keywords":["\u00e9nergie renouvelable"],"articleSection":["Actualit\u00e9s","\u00c9nergie &amp; Environnement","zz_Plan\u00e8te B\u00e2timent"],"inLanguage":"fr-FR"},{"@type":"WebPage","@id":"https:\/\/batijournal.com\/index.php\/production-delectricite-eolienne-et-solaire-record-au-premier-trimestre-2019\/102236\/","url":"https:\/\/batijournal.com\/index.php\/production-delectricite-eolienne-et-solaire-record-au-premier-trimestre-2019\/102236\/","name":"Production d\u2019\u00e9lectricit\u00e9 \u00e9olienne et solaire record au premier trimestre 2019","isPartOf":{"@id":"https:\/\/batijournal.com\/#website"},"primaryImageOfPage":{"@id":"https:\/\/batijournal.com\/index.php\/production-delectricite-eolienne-et-solaire-record-au-premier-trimestre-2019\/102236\/#primaryimage"},"image":{"@id":"https:\/\/batijournal.com\/index.php\/production-delectricite-eolienne-et-solaire-record-au-premier-trimestre-2019\/102236\/#primaryimage"},"thumbnailUrl":"https:\/\/batijournal.com\/wp-content\/uploads\/2019\/06\/chiffres-energies-renouvelables.png","datePublished":"2019-06-04T05:18:17+00:00","dateModified":"2019-07-15T10:21:49+00:00","author":{"@id":"https:\/\/batijournal.com\/#\/schema\/person\/1dc96ec6957aa1ccb25ebe78bb19f100"},"description":"Les \u00e9nergies renouvelables ont particip\u00e9 \u00e0 hauteur de 20,1 % \u00e0 la couverture de la consommation d\u2019\u00e9lectricit\u00e9 en France au cours du premier trimestre 2019","breadcrumb":{"@id":"https:\/\/batijournal.com\/index.php\/production-delectricite-eolienne-et-solaire-record-au-premier-trimestre-2019\/102236\/#breadcrumb"},"inLanguage":"fr-FR","potentialAction":[{"@type":"ReadAction","target":["https:\/\/batijournal.com\/index.php\/production-delectricite-eolienne-et-solaire-record-au-premier-trimestre-2019\/102236\/"]}]},{"@type":"ImageObject","inLanguage":"fr-FR","@id":"https:\/\/batijournal.com\/index.php\/production-delectricite-eolienne-et-solaire-record-au-premier-trimestre-2019\/102236\/#primaryimage","url":"https:\/\/batijournal.com\/wp-content\/uploads\/2019\/06\/chiffres-energies-renouvelables.png","contentUrl":"https:\/\/batijournal.com\/wp-content\/uploads\/2019\/06\/chiffres-energies-renouvelables.png","width":1048,"height":497},{"@type":"BreadcrumbList","@id":"https:\/\/batijournal.com\/index.php\/production-delectricite-eolienne-et-solaire-record-au-premier-trimestre-2019\/102236\/#breadcrumb","itemListElement":[{"@type":"ListItem","position":1,"name":"Accueil","item":"https:\/\/batijournal.com\/"},{"@type":"ListItem","position":2,"name":"Actualit\u00e9s","item":"https:\/\/batijournal.com\/index.php\/category\/actualites\/"},{"@type":"ListItem","position":3,"name":"Production d\u2019\u00e9lectricit\u00e9 \u00e9olienne et solaire record au premier trimestre 2019"}]},{"@type":"WebSite","@id":"https:\/\/batijournal.com\/#website","url":"https:\/\/batijournal.com\/","name":"Batijournal","description":"L&#039;actualit\u00e9 du b\u00e2timent","potentialAction":[{"@type":"SearchAction","target":{"@type":"EntryPoint","urlTemplate":"https:\/\/batijournal.com\/?s={search_term_string}"},"query-input":{"@type":"PropertyValueSpecification","valueRequired":true,"valueName":"search_term_string"}}],"inLanguage":"fr-FR"},{"@type":"Person","@id":"https:\/\/batijournal.com\/#\/schema\/person\/1dc96ec6957aa1ccb25ebe78bb19f100","name":"St\u00e9phane Miget","image":{"@type":"ImageObject","inLanguage":"fr-FR","@id":"https:\/\/secure.gravatar.com\/avatar\/89915563d925342126b8ef0281b93d9d7fc337043e8df017f780908eb9644451?s=96&d=mm&r=g","url":"https:\/\/secure.gravatar.com\/avatar\/89915563d925342126b8ef0281b93d9d7fc337043e8df017f780908eb9644451?s=96&d=mm&r=g","contentUrl":"https:\/\/secure.gravatar.com\/avatar\/89915563d925342126b8ef0281b93d9d7fc337043e8df017f780908eb9644451?s=96&d=mm&r=g","caption":"St\u00e9phane Miget"},"url":"https:\/\/batijournal.com\/index.php\/author\/stephane\/"}]}},"_links":{"self":[{"href":"https:\/\/batijournal.com\/index.php\/wp-json\/wp\/v2\/posts\/102236","targetHints":{"allow":["GET"]}}],"collection":[{"href":"https:\/\/batijournal.com\/index.php\/wp-json\/wp\/v2\/posts"}],"about":[{"href":"https:\/\/batijournal.com\/index.php\/wp-json\/wp\/v2\/types\/post"}],"author":[{"embeddable":true,"href":"https:\/\/batijournal.com\/index.php\/wp-json\/wp\/v2\/users\/17"}],"replies":[{"embeddable":true,"href":"https:\/\/batijournal.com\/index.php\/wp-json\/wp\/v2\/comments?post=102236"}],"version-history":[{"count":0,"href":"https:\/\/batijournal.com\/index.php\/wp-json\/wp\/v2\/posts\/102236\/revisions"}],"wp:featuredmedia":[{"embeddable":true,"href":"https:\/\/batijournal.com\/index.php\/wp-json\/wp\/v2\/media\/102232"}],"wp:attachment":[{"href":"https:\/\/batijournal.com\/index.php\/wp-json\/wp\/v2\/media?parent=102236"}],"wp:term":[{"taxonomy":"category","embeddable":true,"href":"https:\/\/batijournal.com\/index.php\/wp-json\/wp\/v2\/categories?post=102236"},{"taxonomy":"post_tag","embeddable":true,"href":"https:\/\/batijournal.com\/index.php\/wp-json\/wp\/v2\/tags?post=102236"}],"curies":[{"name":"wp","href":"https:\/\/api.w.org\/{rel}","templated":true}]}}