{"id":102249,"date":"2019-06-05T08:45:16","date_gmt":"2019-06-05T06:45:16","guid":{"rendered":"https:\/\/batijournal.com\/?p=102249"},"modified":"2019-07-15T11:14:31","modified_gmt":"2019-07-15T09:14:31","slug":"exposition-archeologie-du-debarquement","status":"publish","type":"post","link":"https:\/\/batijournal.com\/index.php\/exposition-archeologie-du-debarquement\/102249\/","title":{"rendered":"Exposition Arch\u00e9ologie du D\u00e9barquement"},"content":{"rendered":"<p>Dans le cadre du 75e anniversaire du D\u00e9barquement et des Journ\u00e9es Nationales de l\u2019Arch\u00e9ologie (14,15, 16 juin), l\u2019Inrap, le Conservatoire du littoral, le conseil r\u00e9gional Normandie et la DRAC Normandie s\u2019associent pour valoriser les vestiges arch\u00e9ologiques de la 2nde guerre mondiale (\u00e9clats d\u2019obus, \u00e9paves, trous d\u2019homme\u2026).\u00a0L\u2019exposition donne ainsi \u00e0 voir, dans la casemate de Longues-sur-Mer (14), plac\u00e9e au c\u0153ur du secteur d\u2019assaut alli\u00e9 lors de l\u2019op\u00e9ration Overlord, les travaux interdisciplinaires men\u00e9s par l\u2019Etat et ses partenaires :<br \/>\n&#8211; l&rsquo;INRAP (Institut national de recherches arch\u00e9ologiques pr\u00e9ventives), la DRAC et le Conservatoire du littoral sur les am\u00e9nagements c\u00f4tiers,<br \/>\n&#8211; le DRASSM (D\u00e9partement de recherches arch\u00e9ologiques subaquatiques et sous-marines ) sur &#8211; l\u2019arch\u00e9ologie subaquatique,<br \/>\n&#8211; le CNRS (Centre national de recherche scientifique) ou l\u2019INSA (Institut national des sciences appliqu\u00e9es) sur les carri\u00e8res qui ont abrit\u00e9 les civils lors des bombardements.<\/p>\n<p>Photo : DRAC Normandie \u2013 Casemate Longues sur mer \u2013 CRMH Philippe Rochas<\/p>\n<p>&nbsp;<\/p>\n","protected":false},"excerpt":{"rendered":"<p>Dans le cadre du 75e anniversaire du D\u00e9barquement et des Journ\u00e9es Nationales de l\u2019Arch\u00e9ologie (14,15, 16 juin), l\u2019Inrap, le Conservatoire du littoral, le conseil r\u00e9gional Normandie et la DRAC Normandie s\u2019associent pour valoriser les vestiges arch\u00e9ologiques de la 2nde guerre mondiale (\u00e9clats d\u2019obus, \u00e9paves, trous d\u2019homme\u2026).\u00a0L\u2019exposition donne ainsi \u00e0 voir, dans la casemate de Longues-sur-Mer [&hellip;]<\/p>\n","protected":false},"author":17,"featured_media":102250,"comment_status":"closed","ping_status":"closed","sticky":false,"template":"","format":"standard","meta":{"_et_pb_use_builder":"","_et_pb_old_content":"","_et_gb_content_width":"","footnotes":""},"categories":[10530,6340,10789,10785],"tags":[],"class_list":["post-102249","post","type-post","status-publish","format-standard","has-post-thumbnail","hentry","category-actualites","category-architecture-conception","category-publications-atrium","category-atrium"],"yoast_head":"<!-- This site is optimized with the Yoast SEO plugin v27.4 - https:\/\/yoast.com\/product\/yoast-seo-wordpress\/ -->\n<title>Exposition Arch\u00e9ologie du D\u00e9barquement<\/title>\n<meta name=\"description\" content=\"L\u2019exposition donne \u00e0 voir, dans la casemate de Longues-sur-Mer (14), plac\u00e9e au c\u0153ur du secteur d\u2019assaut alli\u00e9 lors de l\u2019op\u00e9ration Overlord\" \/>\n<meta name=\"robots\" content=\"index, follow, max-snippet:-1, max-image-preview:large, max-video-preview:-1\" \/>\n<link rel=\"canonical\" href=\"https:\/\/batijournal.com\/index.php\/exposition-archeologie-du-debarquement\/102249\/\" \/>\n<meta property=\"og:locale\" content=\"fr_FR\" \/>\n<meta property=\"og:type\" content=\"article\" \/>\n<meta property=\"og:title\" content=\"Exposition Arch\u00e9ologie du D\u00e9barquement\" \/>\n<meta property=\"og:description\" content=\"L\u2019exposition donne \u00e0 voir, dans la casemate de Longues-sur-Mer (14), plac\u00e9e au c\u0153ur du secteur d\u2019assaut alli\u00e9 lors de l\u2019op\u00e9ration Overlord\" \/>\n<meta property=\"og:url\" content=\"https:\/\/batijournal.com\/index.php\/exposition-archeologie-du-debarquement\/102249\/\" \/>\n<meta property=\"og:site_name\" content=\"Batijournal\" \/>\n<meta property=\"article:published_time\" content=\"2019-06-05T06:45:16+00:00\" \/>\n<meta property=\"article:modified_time\" content=\"2019-07-15T09:14:31+00:00\" \/>\n<meta property=\"og:image\" content=\"https:\/\/batijournal.com\/wp-content\/uploads\/2019\/06\/Exposition-archeologie-du-debarquement.jpg\" \/>\n\t<meta property=\"og:image:width\" content=\"603\" \/>\n\t<meta property=\"og:image:height\" content=\"452\" \/>\n\t<meta property=\"og:image:type\" content=\"image\/jpeg\" \/>\n<meta name=\"author\" content=\"St\u00e9phane Miget\" \/>\n<meta name=\"twitter:card\" content=\"summary_large_image\" \/>\n<meta name=\"twitter:creator\" content=\"@bati_journal\" \/>\n<meta name=\"twitter:site\" content=\"@bati_journal\" \/>\n<meta name=\"twitter:label1\" content=\"\u00c9crit par\" \/>\n\t<meta name=\"twitter:data1\" content=\"St\u00e9phane Miget\" \/>\n\t<meta name=\"twitter:label2\" content=\"Dur\u00e9e de lecture estim\u00e9e\" \/>\n\t<meta name=\"twitter:data2\" content=\"1 minute\" \/>\n<script type=\"application\/ld+json\" class=\"yoast-schema-graph\">{\"@context\":\"https:\\\/\\\/schema.org\",\"@graph\":[{\"@type\":\"Article\",\"@id\":\"https:\\\/\\\/batijournal.com\\\/index.php\\\/exposition-archeologie-du-debarquement\\\/102249\\\/#article\",\"isPartOf\":{\"@id\":\"https:\\\/\\\/batijournal.com\\\/index.php\\\/exposition-archeologie-du-debarquement\\\/102249\\\/\"},\"author\":{\"name\":\"St\u00e9phane Miget\",\"@id\":\"https:\\\/\\\/batijournal.com\\\/#\\\/schema\\\/person\\\/1dc96ec6957aa1ccb25ebe78bb19f100\"},\"headline\":\"Exposition Arch\u00e9ologie du D\u00e9barquement\",\"datePublished\":\"2019-06-05T06:45:16+00:00\",\"dateModified\":\"2019-07-15T09:14:31+00:00\",\"mainEntityOfPage\":{\"@id\":\"https:\\\/\\\/batijournal.com\\\/index.php\\\/exposition-archeologie-du-debarquement\\\/102249\\\/\"},\"wordCount\":179,\"image\":{\"@id\":\"https:\\\/\\\/batijournal.com\\\/index.php\\\/exposition-archeologie-du-debarquement\\\/102249\\\/#primaryimage\"},\"thumbnailUrl\":\"https:\\\/\\\/batijournal.com\\\/wp-content\\\/uploads\\\/2019\\\/06\\\/Exposition-archeologie-du-debarquement.jpg\",\"articleSection\":[\"Actualit\u00e9s\",\"Architecture &amp; Conception\",\"zz_Actualit\u00e9s - Atrium\",\"zz_Atrium Patrimoine\"],\"inLanguage\":\"fr-FR\"},{\"@type\":\"WebPage\",\"@id\":\"https:\\\/\\\/batijournal.com\\\/index.php\\\/exposition-archeologie-du-debarquement\\\/102249\\\/\",\"url\":\"https:\\\/\\\/batijournal.com\\\/index.php\\\/exposition-archeologie-du-debarquement\\\/102249\\\/\",\"name\":\"Exposition Arch\u00e9ologie du D\u00e9barquement\",\"isPartOf\":{\"@id\":\"https:\\\/\\\/batijournal.com\\\/#website\"},\"primaryImageOfPage\":{\"@id\":\"https:\\\/\\\/batijournal.com\\\/index.php\\\/exposition-archeologie-du-debarquement\\\/102249\\\/#primaryimage\"},\"image\":{\"@id\":\"https:\\\/\\\/batijournal.com\\\/index.php\\\/exposition-archeologie-du-debarquement\\\/102249\\\/#primaryimage\"},\"thumbnailUrl\":\"https:\\\/\\\/batijournal.com\\\/wp-content\\\/uploads\\\/2019\\\/06\\\/Exposition-archeologie-du-debarquement.jpg\",\"datePublished\":\"2019-06-05T06:45:16+00:00\",\"dateModified\":\"2019-07-15T09:14:31+00:00\",\"author\":{\"@id\":\"https:\\\/\\\/batijournal.com\\\/#\\\/schema\\\/person\\\/1dc96ec6957aa1ccb25ebe78bb19f100\"},\"description\":\"L\u2019exposition donne \u00e0 voir, dans la casemate de Longues-sur-Mer (14), plac\u00e9e au c\u0153ur du secteur d\u2019assaut alli\u00e9 lors de l\u2019op\u00e9ration Overlord\",\"breadcrumb\":{\"@id\":\"https:\\\/\\\/batijournal.com\\\/index.php\\\/exposition-archeologie-du-debarquement\\\/102249\\\/#breadcrumb\"},\"inLanguage\":\"fr-FR\",\"potentialAction\":[{\"@type\":\"ReadAction\",\"target\":[\"https:\\\/\\\/batijournal.com\\\/index.php\\\/exposition-archeologie-du-debarquement\\\/102249\\\/\"]}]},{\"@type\":\"ImageObject\",\"inLanguage\":\"fr-FR\",\"@id\":\"https:\\\/\\\/batijournal.com\\\/index.php\\\/exposition-archeologie-du-debarquement\\\/102249\\\/#primaryimage\",\"url\":\"https:\\\/\\\/batijournal.com\\\/wp-content\\\/uploads\\\/2019\\\/06\\\/Exposition-archeologie-du-debarquement.jpg\",\"contentUrl\":\"https:\\\/\\\/batijournal.com\\\/wp-content\\\/uploads\\\/2019\\\/06\\\/Exposition-archeologie-du-debarquement.jpg\",\"width\":603,\"height\":452},{\"@type\":\"BreadcrumbList\",\"@id\":\"https:\\\/\\\/batijournal.com\\\/index.php\\\/exposition-archeologie-du-debarquement\\\/102249\\\/#breadcrumb\",\"itemListElement\":[{\"@type\":\"ListItem\",\"position\":1,\"name\":\"Accueil\",\"item\":\"https:\\\/\\\/batijournal.com\\\/\"},{\"@type\":\"ListItem\",\"position\":2,\"name\":\"Actualit\u00e9s\",\"item\":\"https:\\\/\\\/batijournal.com\\\/index.php\\\/category\\\/actualites\\\/\"},{\"@type\":\"ListItem\",\"position\":3,\"name\":\"Exposition Arch\u00e9ologie du D\u00e9barquement\"}]},{\"@type\":\"WebSite\",\"@id\":\"https:\\\/\\\/batijournal.com\\\/#website\",\"url\":\"https:\\\/\\\/batijournal.com\\\/\",\"name\":\"Batijournal\",\"description\":\"L&#039;actualit\u00e9 du b\u00e2timent\",\"potentialAction\":[{\"@type\":\"SearchAction\",\"target\":{\"@type\":\"EntryPoint\",\"urlTemplate\":\"https:\\\/\\\/batijournal.com\\\/?s={search_term_string}\"},\"query-input\":{\"@type\":\"PropertyValueSpecification\",\"valueRequired\":true,\"valueName\":\"search_term_string\"}}],\"inLanguage\":\"fr-FR\"},{\"@type\":\"Person\",\"@id\":\"https:\\\/\\\/batijournal.com\\\/#\\\/schema\\\/person\\\/1dc96ec6957aa1ccb25ebe78bb19f100\",\"name\":\"St\u00e9phane Miget\",\"image\":{\"@type\":\"ImageObject\",\"inLanguage\":\"fr-FR\",\"@id\":\"https:\\\/\\\/secure.gravatar.com\\\/avatar\\\/89915563d925342126b8ef0281b93d9d7fc337043e8df017f780908eb9644451?s=96&d=mm&r=g\",\"url\":\"https:\\\/\\\/secure.gravatar.com\\\/avatar\\\/89915563d925342126b8ef0281b93d9d7fc337043e8df017f780908eb9644451?s=96&d=mm&r=g\",\"contentUrl\":\"https:\\\/\\\/secure.gravatar.com\\\/avatar\\\/89915563d925342126b8ef0281b93d9d7fc337043e8df017f780908eb9644451?s=96&d=mm&r=g\",\"caption\":\"St\u00e9phane Miget\"},\"url\":\"https:\\\/\\\/batijournal.com\\\/index.php\\\/author\\\/stephane\\\/\"}]}<\/script>\n<!-- \/ Yoast SEO plugin. -->","yoast_head_json":{"title":"Exposition Arch\u00e9ologie du D\u00e9barquement","description":"L\u2019exposition donne \u00e0 voir, dans la casemate de Longues-sur-Mer (14), plac\u00e9e au c\u0153ur du secteur d\u2019assaut alli\u00e9 lors de l\u2019op\u00e9ration Overlord","robots":{"index":"index","follow":"follow","max-snippet":"max-snippet:-1","max-image-preview":"max-image-preview:large","max-video-preview":"max-video-preview:-1"},"canonical":"https:\/\/batijournal.com\/index.php\/exposition-archeologie-du-debarquement\/102249\/","og_locale":"fr_FR","og_type":"article","og_title":"Exposition Arch\u00e9ologie du D\u00e9barquement","og_description":"L\u2019exposition donne \u00e0 voir, dans la casemate de Longues-sur-Mer (14), plac\u00e9e au c\u0153ur du secteur d\u2019assaut alli\u00e9 lors de l\u2019op\u00e9ration Overlord","og_url":"https:\/\/batijournal.com\/index.php\/exposition-archeologie-du-debarquement\/102249\/","og_site_name":"Batijournal","article_published_time":"2019-06-05T06:45:16+00:00","article_modified_time":"2019-07-15T09:14:31+00:00","og_image":[{"width":603,"height":452,"url":"https:\/\/batijournal.com\/wp-content\/uploads\/2019\/06\/Exposition-archeologie-du-debarquement.jpg","type":"image\/jpeg"}],"author":"St\u00e9phane Miget","twitter_card":"summary_large_image","twitter_creator":"@bati_journal","twitter_site":"@bati_journal","twitter_misc":{"\u00c9crit par":"St\u00e9phane Miget","Dur\u00e9e de lecture estim\u00e9e":"1 minute"},"schema":{"@context":"https:\/\/schema.org","@graph":[{"@type":"Article","@id":"https:\/\/batijournal.com\/index.php\/exposition-archeologie-du-debarquement\/102249\/#article","isPartOf":{"@id":"https:\/\/batijournal.com\/index.php\/exposition-archeologie-du-debarquement\/102249\/"},"author":{"name":"St\u00e9phane Miget","@id":"https:\/\/batijournal.com\/#\/schema\/person\/1dc96ec6957aa1ccb25ebe78bb19f100"},"headline":"Exposition Arch\u00e9ologie du D\u00e9barquement","datePublished":"2019-06-05T06:45:16+00:00","dateModified":"2019-07-15T09:14:31+00:00","mainEntityOfPage":{"@id":"https:\/\/batijournal.com\/index.php\/exposition-archeologie-du-debarquement\/102249\/"},"wordCount":179,"image":{"@id":"https:\/\/batijournal.com\/index.php\/exposition-archeologie-du-debarquement\/102249\/#primaryimage"},"thumbnailUrl":"https:\/\/batijournal.com\/wp-content\/uploads\/2019\/06\/Exposition-archeologie-du-debarquement.jpg","articleSection":["Actualit\u00e9s","Architecture &amp; Conception","zz_Actualit\u00e9s - Atrium","zz_Atrium Patrimoine"],"inLanguage":"fr-FR"},{"@type":"WebPage","@id":"https:\/\/batijournal.com\/index.php\/exposition-archeologie-du-debarquement\/102249\/","url":"https:\/\/batijournal.com\/index.php\/exposition-archeologie-du-debarquement\/102249\/","name":"Exposition Arch\u00e9ologie du D\u00e9barquement","isPartOf":{"@id":"https:\/\/batijournal.com\/#website"},"primaryImageOfPage":{"@id":"https:\/\/batijournal.com\/index.php\/exposition-archeologie-du-debarquement\/102249\/#primaryimage"},"image":{"@id":"https:\/\/batijournal.com\/index.php\/exposition-archeologie-du-debarquement\/102249\/#primaryimage"},"thumbnailUrl":"https:\/\/batijournal.com\/wp-content\/uploads\/2019\/06\/Exposition-archeologie-du-debarquement.jpg","datePublished":"2019-06-05T06:45:16+00:00","dateModified":"2019-07-15T09:14:31+00:00","author":{"@id":"https:\/\/batijournal.com\/#\/schema\/person\/1dc96ec6957aa1ccb25ebe78bb19f100"},"description":"L\u2019exposition donne \u00e0 voir, dans la casemate de Longues-sur-Mer (14), plac\u00e9e au c\u0153ur du secteur d\u2019assaut alli\u00e9 lors de l\u2019op\u00e9ration Overlord","breadcrumb":{"@id":"https:\/\/batijournal.com\/index.php\/exposition-archeologie-du-debarquement\/102249\/#breadcrumb"},"inLanguage":"fr-FR","potentialAction":[{"@type":"ReadAction","target":["https:\/\/batijournal.com\/index.php\/exposition-archeologie-du-debarquement\/102249\/"]}]},{"@type":"ImageObject","inLanguage":"fr-FR","@id":"https:\/\/batijournal.com\/index.php\/exposition-archeologie-du-debarquement\/102249\/#primaryimage","url":"https:\/\/batijournal.com\/wp-content\/uploads\/2019\/06\/Exposition-archeologie-du-debarquement.jpg","contentUrl":"https:\/\/batijournal.com\/wp-content\/uploads\/2019\/06\/Exposition-archeologie-du-debarquement.jpg","width":603,"height":452},{"@type":"BreadcrumbList","@id":"https:\/\/batijournal.com\/index.php\/exposition-archeologie-du-debarquement\/102249\/#breadcrumb","itemListElement":[{"@type":"ListItem","position":1,"name":"Accueil","item":"https:\/\/batijournal.com\/"},{"@type":"ListItem","position":2,"name":"Actualit\u00e9s","item":"https:\/\/batijournal.com\/index.php\/category\/actualites\/"},{"@type":"ListItem","position":3,"name":"Exposition Arch\u00e9ologie du D\u00e9barquement"}]},{"@type":"WebSite","@id":"https:\/\/batijournal.com\/#website","url":"https:\/\/batijournal.com\/","name":"Batijournal","description":"L&#039;actualit\u00e9 du b\u00e2timent","potentialAction":[{"@type":"SearchAction","target":{"@type":"EntryPoint","urlTemplate":"https:\/\/batijournal.com\/?s={search_term_string}"},"query-input":{"@type":"PropertyValueSpecification","valueRequired":true,"valueName":"search_term_string"}}],"inLanguage":"fr-FR"},{"@type":"Person","@id":"https:\/\/batijournal.com\/#\/schema\/person\/1dc96ec6957aa1ccb25ebe78bb19f100","name":"St\u00e9phane Miget","image":{"@type":"ImageObject","inLanguage":"fr-FR","@id":"https:\/\/secure.gravatar.com\/avatar\/89915563d925342126b8ef0281b93d9d7fc337043e8df017f780908eb9644451?s=96&d=mm&r=g","url":"https:\/\/secure.gravatar.com\/avatar\/89915563d925342126b8ef0281b93d9d7fc337043e8df017f780908eb9644451?s=96&d=mm&r=g","contentUrl":"https:\/\/secure.gravatar.com\/avatar\/89915563d925342126b8ef0281b93d9d7fc337043e8df017f780908eb9644451?s=96&d=mm&r=g","caption":"St\u00e9phane Miget"},"url":"https:\/\/batijournal.com\/index.php\/author\/stephane\/"}]}},"_links":{"self":[{"href":"https:\/\/batijournal.com\/index.php\/wp-json\/wp\/v2\/posts\/102249","targetHints":{"allow":["GET"]}}],"collection":[{"href":"https:\/\/batijournal.com\/index.php\/wp-json\/wp\/v2\/posts"}],"about":[{"href":"https:\/\/batijournal.com\/index.php\/wp-json\/wp\/v2\/types\/post"}],"author":[{"embeddable":true,"href":"https:\/\/batijournal.com\/index.php\/wp-json\/wp\/v2\/users\/17"}],"replies":[{"embeddable":true,"href":"https:\/\/batijournal.com\/index.php\/wp-json\/wp\/v2\/comments?post=102249"}],"version-history":[{"count":0,"href":"https:\/\/batijournal.com\/index.php\/wp-json\/wp\/v2\/posts\/102249\/revisions"}],"wp:featuredmedia":[{"embeddable":true,"href":"https:\/\/batijournal.com\/index.php\/wp-json\/wp\/v2\/media\/102250"}],"wp:attachment":[{"href":"https:\/\/batijournal.com\/index.php\/wp-json\/wp\/v2\/media?parent=102249"}],"wp:term":[{"taxonomy":"category","embeddable":true,"href":"https:\/\/batijournal.com\/index.php\/wp-json\/wp\/v2\/categories?post=102249"},{"taxonomy":"post_tag","embeddable":true,"href":"https:\/\/batijournal.com\/index.php\/wp-json\/wp\/v2\/tags?post=102249"}],"curies":[{"name":"wp","href":"https:\/\/api.w.org\/{rel}","templated":true}]}}