{"id":102251,"date":"2019-06-05T08:54:51","date_gmt":"2019-06-05T06:54:51","guid":{"rendered":"https:\/\/batijournal.com\/?p=102251"},"modified":"2019-07-15T11:14:31","modified_gmt":"2019-07-15T09:14:31","slug":"10e-journees-nationales-de-larcheologie","status":"publish","type":"post","link":"https:\/\/batijournal.com\/index.php\/10e-journees-nationales-de-larcheologie\/102251\/","title":{"rendered":"10e Journ\u00e9es nationales de l&rsquo;arch\u00e9ologie"},"content":{"rendered":"<p>Les Journ\u00e9es nationales de l\u2019arch\u00e9ologie invitent le public, depuis 10 ans, partout en France, \u00e0 d\u00e9couvrir les coulisses de cette discipline \u00e0 travers activit\u00e9s p\u00e9dagogiques et ludiques (simulateurs de fouilles, ateliers de c\u00e9ramologie, mosa\u00efques, taille de silex, monnaie\u2026), rencontres et visites avec les chercheurs mais aussi expositions, reconstitutions, projections, manipulations en laboratoire&#8230; Les 14, 15 et 16 juin 2019, plus d\u2019un millier de manifestations accessibles \u00e0 tous vont se d\u00e9ploier sur tout le territoire. Temps forts, une dizaine de villages de l\u2019arch\u00e9ologie accueillent les visiteurs curieux de d\u00e9couvrir cette discipline et les derni\u00e8res avanc\u00e9es de la recherche : \u00e0 Al\u00e9ria, mais aussi \u00e0 Lyon, Mandeure, Marseille, Nice, Orl\u00e9ans, Rennes, Saint-Germain-en-Laye, Toulouse et Troyes. Pour cette nouvelle \u00e9dition, les Journ\u00e9es nationales de l\u2019arch\u00e9ologie (JNA) s\u2019ouvrent \u00e0 l\u2019Europe avec des rendez-vous en Allemagne, en Angleterre, en Belgique, en \u00c9cosse, en Espagne, en Italie, au Portugal et en Suisse.<\/p>\n","protected":false},"excerpt":{"rendered":"<p>Les Journ\u00e9es nationales de l\u2019arch\u00e9ologie invitent le public, depuis 10 ans, partout en France, \u00e0 d\u00e9couvrir les coulisses de cette discipline \u00e0 travers activit\u00e9s p\u00e9dagogiques et ludiques (simulateurs de fouilles, ateliers de c\u00e9ramologie, mosa\u00efques, taille de silex, monnaie\u2026), rencontres et visites avec les chercheurs mais aussi expositions, reconstitutions, projections, manipulations en laboratoire&#8230; Les 14, 15 [&hellip;]<\/p>\n","protected":false},"author":17,"featured_media":102252,"comment_status":"closed","ping_status":"closed","sticky":false,"template":"","format":"standard","meta":{"_et_pb_use_builder":"","_et_pb_old_content":"","_et_gb_content_width":"","footnotes":""},"categories":[10530,6340,10789,10785],"tags":[9196],"class_list":["post-102251","post","type-post","status-publish","format-standard","has-post-thumbnail","hentry","category-actualites","category-architecture-conception","category-publications-atrium","category-atrium","tag-journees-nationales-de-larcheologie"],"yoast_head":"<!-- This site is optimized with the Yoast SEO plugin v27.4 - https:\/\/yoast.com\/product\/yoast-seo-wordpress\/ -->\n<title>10e Journ\u00e9es nationales de l&#039;arch\u00e9ologie<\/title>\n<meta name=\"description\" content=\"Les Journ\u00e9es nationales de l\u2019arch\u00e9ologie invitent le public, depuis 10 ans, partout en France, \u00e0 d\u00e9couvrir les coulisses de cette discipline\" \/>\n<meta name=\"robots\" content=\"index, follow, max-snippet:-1, max-image-preview:large, max-video-preview:-1\" \/>\n<link rel=\"canonical\" href=\"https:\/\/batijournal.com\/index.php\/10e-journees-nationales-de-larcheologie\/102251\/\" \/>\n<meta property=\"og:locale\" content=\"fr_FR\" \/>\n<meta property=\"og:type\" content=\"article\" \/>\n<meta property=\"og:title\" content=\"10e Journ\u00e9es nationales de l&#039;arch\u00e9ologie\" \/>\n<meta property=\"og:description\" content=\"Les Journ\u00e9es nationales de l\u2019arch\u00e9ologie invitent le public, depuis 10 ans, partout en France, \u00e0 d\u00e9couvrir les coulisses de cette discipline\" \/>\n<meta property=\"og:url\" content=\"https:\/\/batijournal.com\/index.php\/10e-journees-nationales-de-larcheologie\/102251\/\" \/>\n<meta property=\"og:site_name\" content=\"Batijournal\" \/>\n<meta property=\"article:published_time\" content=\"2019-06-05T06:54:51+00:00\" \/>\n<meta property=\"article:modified_time\" content=\"2019-07-15T09:14:31+00:00\" \/>\n<meta property=\"og:image\" content=\"https:\/\/batijournal.com\/wp-content\/uploads\/2019\/06\/fondation-chapelle-buoux-archeologie.jpg\" \/>\n\t<meta property=\"og:image:width\" content=\"1200\" \/>\n\t<meta property=\"og:image:height\" content=\"596\" \/>\n\t<meta property=\"og:image:type\" content=\"image\/jpeg\" \/>\n<meta name=\"author\" content=\"St\u00e9phane Miget\" \/>\n<meta name=\"twitter:card\" content=\"summary_large_image\" \/>\n<meta name=\"twitter:creator\" content=\"@bati_journal\" \/>\n<meta name=\"twitter:site\" content=\"@bati_journal\" \/>\n<meta name=\"twitter:label1\" content=\"\u00c9crit par\" \/>\n\t<meta name=\"twitter:data1\" content=\"St\u00e9phane Miget\" \/>\n\t<meta name=\"twitter:label2\" content=\"Dur\u00e9e de lecture estim\u00e9e\" \/>\n\t<meta name=\"twitter:data2\" content=\"1 minute\" \/>\n<script type=\"application\/ld+json\" class=\"yoast-schema-graph\">{\"@context\":\"https:\\\/\\\/schema.org\",\"@graph\":[{\"@type\":\"Article\",\"@id\":\"https:\\\/\\\/batijournal.com\\\/index.php\\\/10e-journees-nationales-de-larcheologie\\\/102251\\\/#article\",\"isPartOf\":{\"@id\":\"https:\\\/\\\/batijournal.com\\\/index.php\\\/10e-journees-nationales-de-larcheologie\\\/102251\\\/\"},\"author\":{\"name\":\"St\u00e9phane Miget\",\"@id\":\"https:\\\/\\\/batijournal.com\\\/#\\\/schema\\\/person\\\/1dc96ec6957aa1ccb25ebe78bb19f100\"},\"headline\":\"10e Journ\u00e9es nationales de l&rsquo;arch\u00e9ologie\",\"datePublished\":\"2019-06-05T06:54:51+00:00\",\"dateModified\":\"2019-07-15T09:14:31+00:00\",\"mainEntityOfPage\":{\"@id\":\"https:\\\/\\\/batijournal.com\\\/index.php\\\/10e-journees-nationales-de-larcheologie\\\/102251\\\/\"},\"wordCount\":164,\"image\":{\"@id\":\"https:\\\/\\\/batijournal.com\\\/index.php\\\/10e-journees-nationales-de-larcheologie\\\/102251\\\/#primaryimage\"},\"thumbnailUrl\":\"https:\\\/\\\/batijournal.com\\\/wp-content\\\/uploads\\\/2019\\\/06\\\/fondation-chapelle-buoux-archeologie.jpg\",\"keywords\":[\"journees nationales de larcheologie\"],\"articleSection\":[\"Actualit\u00e9s\",\"Architecture &amp; Conception\",\"zz_Actualit\u00e9s - Atrium\",\"zz_Atrium Patrimoine\"],\"inLanguage\":\"fr-FR\"},{\"@type\":\"WebPage\",\"@id\":\"https:\\\/\\\/batijournal.com\\\/index.php\\\/10e-journees-nationales-de-larcheologie\\\/102251\\\/\",\"url\":\"https:\\\/\\\/batijournal.com\\\/index.php\\\/10e-journees-nationales-de-larcheologie\\\/102251\\\/\",\"name\":\"10e Journ\u00e9es nationales de l'arch\u00e9ologie\",\"isPartOf\":{\"@id\":\"https:\\\/\\\/batijournal.com\\\/#website\"},\"primaryImageOfPage\":{\"@id\":\"https:\\\/\\\/batijournal.com\\\/index.php\\\/10e-journees-nationales-de-larcheologie\\\/102251\\\/#primaryimage\"},\"image\":{\"@id\":\"https:\\\/\\\/batijournal.com\\\/index.php\\\/10e-journees-nationales-de-larcheologie\\\/102251\\\/#primaryimage\"},\"thumbnailUrl\":\"https:\\\/\\\/batijournal.com\\\/wp-content\\\/uploads\\\/2019\\\/06\\\/fondation-chapelle-buoux-archeologie.jpg\",\"datePublished\":\"2019-06-05T06:54:51+00:00\",\"dateModified\":\"2019-07-15T09:14:31+00:00\",\"author\":{\"@id\":\"https:\\\/\\\/batijournal.com\\\/#\\\/schema\\\/person\\\/1dc96ec6957aa1ccb25ebe78bb19f100\"},\"description\":\"Les Journ\u00e9es nationales de l\u2019arch\u00e9ologie invitent le public, depuis 10 ans, partout en France, \u00e0 d\u00e9couvrir les coulisses de cette discipline\",\"breadcrumb\":{\"@id\":\"https:\\\/\\\/batijournal.com\\\/index.php\\\/10e-journees-nationales-de-larcheologie\\\/102251\\\/#breadcrumb\"},\"inLanguage\":\"fr-FR\",\"potentialAction\":[{\"@type\":\"ReadAction\",\"target\":[\"https:\\\/\\\/batijournal.com\\\/index.php\\\/10e-journees-nationales-de-larcheologie\\\/102251\\\/\"]}]},{\"@type\":\"ImageObject\",\"inLanguage\":\"fr-FR\",\"@id\":\"https:\\\/\\\/batijournal.com\\\/index.php\\\/10e-journees-nationales-de-larcheologie\\\/102251\\\/#primaryimage\",\"url\":\"https:\\\/\\\/batijournal.com\\\/wp-content\\\/uploads\\\/2019\\\/06\\\/fondation-chapelle-buoux-archeologie.jpg\",\"contentUrl\":\"https:\\\/\\\/batijournal.com\\\/wp-content\\\/uploads\\\/2019\\\/06\\\/fondation-chapelle-buoux-archeologie.jpg\",\"width\":1200,\"height\":596},{\"@type\":\"BreadcrumbList\",\"@id\":\"https:\\\/\\\/batijournal.com\\\/index.php\\\/10e-journees-nationales-de-larcheologie\\\/102251\\\/#breadcrumb\",\"itemListElement\":[{\"@type\":\"ListItem\",\"position\":1,\"name\":\"Accueil\",\"item\":\"https:\\\/\\\/batijournal.com\\\/\"},{\"@type\":\"ListItem\",\"position\":2,\"name\":\"Actualit\u00e9s\",\"item\":\"https:\\\/\\\/batijournal.com\\\/index.php\\\/category\\\/actualites\\\/\"},{\"@type\":\"ListItem\",\"position\":3,\"name\":\"10e Journ\u00e9es nationales de l&rsquo;arch\u00e9ologie\"}]},{\"@type\":\"WebSite\",\"@id\":\"https:\\\/\\\/batijournal.com\\\/#website\",\"url\":\"https:\\\/\\\/batijournal.com\\\/\",\"name\":\"Batijournal\",\"description\":\"L&#039;actualit\u00e9 du b\u00e2timent\",\"potentialAction\":[{\"@type\":\"SearchAction\",\"target\":{\"@type\":\"EntryPoint\",\"urlTemplate\":\"https:\\\/\\\/batijournal.com\\\/?s={search_term_string}\"},\"query-input\":{\"@type\":\"PropertyValueSpecification\",\"valueRequired\":true,\"valueName\":\"search_term_string\"}}],\"inLanguage\":\"fr-FR\"},{\"@type\":\"Person\",\"@id\":\"https:\\\/\\\/batijournal.com\\\/#\\\/schema\\\/person\\\/1dc96ec6957aa1ccb25ebe78bb19f100\",\"name\":\"St\u00e9phane Miget\",\"image\":{\"@type\":\"ImageObject\",\"inLanguage\":\"fr-FR\",\"@id\":\"https:\\\/\\\/secure.gravatar.com\\\/avatar\\\/89915563d925342126b8ef0281b93d9d7fc337043e8df017f780908eb9644451?s=96&d=mm&r=g\",\"url\":\"https:\\\/\\\/secure.gravatar.com\\\/avatar\\\/89915563d925342126b8ef0281b93d9d7fc337043e8df017f780908eb9644451?s=96&d=mm&r=g\",\"contentUrl\":\"https:\\\/\\\/secure.gravatar.com\\\/avatar\\\/89915563d925342126b8ef0281b93d9d7fc337043e8df017f780908eb9644451?s=96&d=mm&r=g\",\"caption\":\"St\u00e9phane Miget\"},\"url\":\"https:\\\/\\\/batijournal.com\\\/index.php\\\/author\\\/stephane\\\/\"}]}<\/script>\n<!-- \/ Yoast SEO plugin. -->","yoast_head_json":{"title":"10e Journ\u00e9es nationales de l'arch\u00e9ologie","description":"Les Journ\u00e9es nationales de l\u2019arch\u00e9ologie invitent le public, depuis 10 ans, partout en France, \u00e0 d\u00e9couvrir les coulisses de cette discipline","robots":{"index":"index","follow":"follow","max-snippet":"max-snippet:-1","max-image-preview":"max-image-preview:large","max-video-preview":"max-video-preview:-1"},"canonical":"https:\/\/batijournal.com\/index.php\/10e-journees-nationales-de-larcheologie\/102251\/","og_locale":"fr_FR","og_type":"article","og_title":"10e Journ\u00e9es nationales de l'arch\u00e9ologie","og_description":"Les Journ\u00e9es nationales de l\u2019arch\u00e9ologie invitent le public, depuis 10 ans, partout en France, \u00e0 d\u00e9couvrir les coulisses de cette discipline","og_url":"https:\/\/batijournal.com\/index.php\/10e-journees-nationales-de-larcheologie\/102251\/","og_site_name":"Batijournal","article_published_time":"2019-06-05T06:54:51+00:00","article_modified_time":"2019-07-15T09:14:31+00:00","og_image":[{"width":1200,"height":596,"url":"https:\/\/batijournal.com\/wp-content\/uploads\/2019\/06\/fondation-chapelle-buoux-archeologie.jpg","type":"image\/jpeg"}],"author":"St\u00e9phane Miget","twitter_card":"summary_large_image","twitter_creator":"@bati_journal","twitter_site":"@bati_journal","twitter_misc":{"\u00c9crit par":"St\u00e9phane Miget","Dur\u00e9e de lecture estim\u00e9e":"1 minute"},"schema":{"@context":"https:\/\/schema.org","@graph":[{"@type":"Article","@id":"https:\/\/batijournal.com\/index.php\/10e-journees-nationales-de-larcheologie\/102251\/#article","isPartOf":{"@id":"https:\/\/batijournal.com\/index.php\/10e-journees-nationales-de-larcheologie\/102251\/"},"author":{"name":"St\u00e9phane Miget","@id":"https:\/\/batijournal.com\/#\/schema\/person\/1dc96ec6957aa1ccb25ebe78bb19f100"},"headline":"10e Journ\u00e9es nationales de l&rsquo;arch\u00e9ologie","datePublished":"2019-06-05T06:54:51+00:00","dateModified":"2019-07-15T09:14:31+00:00","mainEntityOfPage":{"@id":"https:\/\/batijournal.com\/index.php\/10e-journees-nationales-de-larcheologie\/102251\/"},"wordCount":164,"image":{"@id":"https:\/\/batijournal.com\/index.php\/10e-journees-nationales-de-larcheologie\/102251\/#primaryimage"},"thumbnailUrl":"https:\/\/batijournal.com\/wp-content\/uploads\/2019\/06\/fondation-chapelle-buoux-archeologie.jpg","keywords":["journees nationales de larcheologie"],"articleSection":["Actualit\u00e9s","Architecture &amp; Conception","zz_Actualit\u00e9s - Atrium","zz_Atrium Patrimoine"],"inLanguage":"fr-FR"},{"@type":"WebPage","@id":"https:\/\/batijournal.com\/index.php\/10e-journees-nationales-de-larcheologie\/102251\/","url":"https:\/\/batijournal.com\/index.php\/10e-journees-nationales-de-larcheologie\/102251\/","name":"10e Journ\u00e9es nationales de l'arch\u00e9ologie","isPartOf":{"@id":"https:\/\/batijournal.com\/#website"},"primaryImageOfPage":{"@id":"https:\/\/batijournal.com\/index.php\/10e-journees-nationales-de-larcheologie\/102251\/#primaryimage"},"image":{"@id":"https:\/\/batijournal.com\/index.php\/10e-journees-nationales-de-larcheologie\/102251\/#primaryimage"},"thumbnailUrl":"https:\/\/batijournal.com\/wp-content\/uploads\/2019\/06\/fondation-chapelle-buoux-archeologie.jpg","datePublished":"2019-06-05T06:54:51+00:00","dateModified":"2019-07-15T09:14:31+00:00","author":{"@id":"https:\/\/batijournal.com\/#\/schema\/person\/1dc96ec6957aa1ccb25ebe78bb19f100"},"description":"Les Journ\u00e9es nationales de l\u2019arch\u00e9ologie invitent le public, depuis 10 ans, partout en France, \u00e0 d\u00e9couvrir les coulisses de cette discipline","breadcrumb":{"@id":"https:\/\/batijournal.com\/index.php\/10e-journees-nationales-de-larcheologie\/102251\/#breadcrumb"},"inLanguage":"fr-FR","potentialAction":[{"@type":"ReadAction","target":["https:\/\/batijournal.com\/index.php\/10e-journees-nationales-de-larcheologie\/102251\/"]}]},{"@type":"ImageObject","inLanguage":"fr-FR","@id":"https:\/\/batijournal.com\/index.php\/10e-journees-nationales-de-larcheologie\/102251\/#primaryimage","url":"https:\/\/batijournal.com\/wp-content\/uploads\/2019\/06\/fondation-chapelle-buoux-archeologie.jpg","contentUrl":"https:\/\/batijournal.com\/wp-content\/uploads\/2019\/06\/fondation-chapelle-buoux-archeologie.jpg","width":1200,"height":596},{"@type":"BreadcrumbList","@id":"https:\/\/batijournal.com\/index.php\/10e-journees-nationales-de-larcheologie\/102251\/#breadcrumb","itemListElement":[{"@type":"ListItem","position":1,"name":"Accueil","item":"https:\/\/batijournal.com\/"},{"@type":"ListItem","position":2,"name":"Actualit\u00e9s","item":"https:\/\/batijournal.com\/index.php\/category\/actualites\/"},{"@type":"ListItem","position":3,"name":"10e Journ\u00e9es nationales de l&rsquo;arch\u00e9ologie"}]},{"@type":"WebSite","@id":"https:\/\/batijournal.com\/#website","url":"https:\/\/batijournal.com\/","name":"Batijournal","description":"L&#039;actualit\u00e9 du b\u00e2timent","potentialAction":[{"@type":"SearchAction","target":{"@type":"EntryPoint","urlTemplate":"https:\/\/batijournal.com\/?s={search_term_string}"},"query-input":{"@type":"PropertyValueSpecification","valueRequired":true,"valueName":"search_term_string"}}],"inLanguage":"fr-FR"},{"@type":"Person","@id":"https:\/\/batijournal.com\/#\/schema\/person\/1dc96ec6957aa1ccb25ebe78bb19f100","name":"St\u00e9phane Miget","image":{"@type":"ImageObject","inLanguage":"fr-FR","@id":"https:\/\/secure.gravatar.com\/avatar\/89915563d925342126b8ef0281b93d9d7fc337043e8df017f780908eb9644451?s=96&d=mm&r=g","url":"https:\/\/secure.gravatar.com\/avatar\/89915563d925342126b8ef0281b93d9d7fc337043e8df017f780908eb9644451?s=96&d=mm&r=g","contentUrl":"https:\/\/secure.gravatar.com\/avatar\/89915563d925342126b8ef0281b93d9d7fc337043e8df017f780908eb9644451?s=96&d=mm&r=g","caption":"St\u00e9phane Miget"},"url":"https:\/\/batijournal.com\/index.php\/author\/stephane\/"}]}},"_links":{"self":[{"href":"https:\/\/batijournal.com\/index.php\/wp-json\/wp\/v2\/posts\/102251","targetHints":{"allow":["GET"]}}],"collection":[{"href":"https:\/\/batijournal.com\/index.php\/wp-json\/wp\/v2\/posts"}],"about":[{"href":"https:\/\/batijournal.com\/index.php\/wp-json\/wp\/v2\/types\/post"}],"author":[{"embeddable":true,"href":"https:\/\/batijournal.com\/index.php\/wp-json\/wp\/v2\/users\/17"}],"replies":[{"embeddable":true,"href":"https:\/\/batijournal.com\/index.php\/wp-json\/wp\/v2\/comments?post=102251"}],"version-history":[{"count":0,"href":"https:\/\/batijournal.com\/index.php\/wp-json\/wp\/v2\/posts\/102251\/revisions"}],"wp:featuredmedia":[{"embeddable":true,"href":"https:\/\/batijournal.com\/index.php\/wp-json\/wp\/v2\/media\/102252"}],"wp:attachment":[{"href":"https:\/\/batijournal.com\/index.php\/wp-json\/wp\/v2\/media?parent=102251"}],"wp:term":[{"taxonomy":"category","embeddable":true,"href":"https:\/\/batijournal.com\/index.php\/wp-json\/wp\/v2\/categories?post=102251"},{"taxonomy":"post_tag","embeddable":true,"href":"https:\/\/batijournal.com\/index.php\/wp-json\/wp\/v2\/tags?post=102251"}],"curies":[{"name":"wp","href":"https:\/\/api.w.org\/{rel}","templated":true}]}}