{"id":102257,"date":"2019-06-06T08:09:40","date_gmt":"2019-06-06T06:09:40","guid":{"rendered":"https:\/\/batijournal.com\/?p=102257"},"modified":"2019-07-15T11:26:41","modified_gmt":"2019-07-15T09:26:41","slug":"ite-pour-une-maison-agrandie","status":"publish","type":"post","link":"https:\/\/batijournal.com\/index.php\/ite-pour-une-maison-agrandie\/102257\/","title":{"rendered":"ITE pour une maison agrandie"},"content":{"rendered":"<p><strong>Construite dans les ann\u00e9es 1930 sans fondations et en mat\u00e9riaux assez pauvres tels que les blocs de m\u00e2chefer, cette petite maison de Suresnes \u00e9tait constitu\u00e9e de petites pi\u00e8ces inadapt\u00e9es au mode de vie actuel. Le couple de propri\u00e9taires a d\u00e9cid\u00e9 de l\u2019agrandir et a confi\u00e9 le projet \u00e0 l\u2019architecte Alain Manceau.<\/strong><\/p>\n<p>L\u2019architecte a propos\u00e9 de d\u00e9molir une partie pour reconstruire une extension vers le jardin et sur trois niveaux (R+2). Les murs p\u00e9riph\u00e9riques de la partie neuve ont \u00e9t\u00e9 r\u00e9alis\u00e9s en parpaings creux de b\u00e9ton et isol\u00e9s par l\u2019int\u00e9rieur gr\u00e2ce \u00e0 un complexe de doublage coll\u00e9 constitu\u00e9 de plaques de pl\u00e2tre coll\u00e9es sur 10 cm de polystyr\u00e8ne expans\u00e9. L\u2019isolation thermique int\u00e9rieure des anciens murs irr\u00e9guliers est quant \u00e0 elle assur\u00e9e par un doublage en plaques de pl\u00e2tre sur ossature m\u00e9tallique recouvrant un isolant en laine min\u00e9rale. Pour compl\u00e9ter l\u2019isolation, l\u2019architecte a propos\u00e9 le syst\u00e8me d\u2019isolation thermique par l\u2019ext\u00e9rieur sous enduit StoTherm Classic rev\u00eatu d\u2019un enduit peint avec du StoColor Silco. Des panneaux de polystyr\u00e8ne graphit\u00e9 de qualit\u00e9 de 15 cm d\u2019\u00e9paisseur sont coll\u00e9s sur le support en parpaings gr\u00e2ce \u00e0 un mortier-colle. Puis est appliqu\u00e9 un enduit de base dans l\u2019\u00e9paisseur duquel est noy\u00e9 un treillis d\u2019armature en fibres de verre et l\u2019enduit de finition puis la peinture. Autour des quatre baies vitr\u00e9es du rez-de-chauss\u00e9e et du premier \u00e9tage qui ouvrent sur le jardin, l\u2019architecte a m\u00e9nag\u00e9 un renfoncement de 5 cm par rapport au reste de la fa\u00e7ade, qui forme un cadre gris acier ins\u00e9r\u00e9 dans le mur blanc. Pour r\u00e9aliser ce d\u00e9crochement, une sur\u00e9paisseur de polystyr\u00e8ne a \u00e9t\u00e9 appliqu\u00e9e sur la partie du mur destin\u00e9e \u00e0 \u00eatre blanche afin de faire appara\u00eetre en creux la partie grise.<\/p>\n<p>Ma\u00eetre d\u2019\u0153uvre : Alain Manceau, architecte<br \/>\nEntreprise applicatrice : TM Global Services<\/p>\n<p>&nbsp;<\/p>\n","protected":false},"excerpt":{"rendered":"<p>Construite dans les ann\u00e9es 1930 sans fondations et en mat\u00e9riaux assez pauvres tels que les blocs de m\u00e2chefer, cette petite maison de Suresnes \u00e9tait constitu\u00e9e de petites pi\u00e8ces inadapt\u00e9es au mode de vie actuel. Le couple de propri\u00e9taires a d\u00e9cid\u00e9 de l\u2019agrandir et a confi\u00e9 le projet \u00e0 l\u2019architecte Alain Manceau. L\u2019architecte a propos\u00e9 de [&hellip;]<\/p>\n","protected":false},"author":17,"featured_media":102258,"comment_status":"closed","ping_status":"closed","sticky":false,"template":"","format":"standard","meta":{"_et_pb_use_builder":"","_et_pb_old_content":"","_et_gb_content_width":"","footnotes":""},"categories":[10530,6340,10771,10775],"tags":[70],"class_list":["post-102257","post","type-post","status-publish","format-standard","has-post-thumbnail","hentry","category-actualites","category-architecture-conception","category-5facades","category-actualites-5facades","tag-ite"],"yoast_head":"<!-- This site is optimized with the Yoast SEO plugin v27.4 - https:\/\/yoast.com\/product\/yoast-seo-wordpress\/ -->\n<title>ITE pour une maison agrandie<\/title>\n<meta name=\"description\" content=\"L\u2019architecte a propos\u00e9 de d\u00e9molir une partie pour reconstruire une extension vers le jardin et sur trois niveaux (R+2). Les murs p\u00e9riph\u00e9riques\" \/>\n<meta name=\"robots\" content=\"index, follow, max-snippet:-1, max-image-preview:large, max-video-preview:-1\" \/>\n<link rel=\"canonical\" href=\"https:\/\/batijournal.com\/index.php\/ite-pour-une-maison-agrandie\/102257\/\" \/>\n<meta property=\"og:locale\" content=\"fr_FR\" \/>\n<meta property=\"og:type\" content=\"article\" \/>\n<meta property=\"og:title\" content=\"ITE pour une maison agrandie\" \/>\n<meta property=\"og:description\" content=\"L\u2019architecte a propos\u00e9 de d\u00e9molir une partie pour reconstruire une extension vers le jardin et sur trois niveaux (R+2). Les murs p\u00e9riph\u00e9riques\" \/>\n<meta property=\"og:url\" content=\"https:\/\/batijournal.com\/index.php\/ite-pour-une-maison-agrandie\/102257\/\" \/>\n<meta property=\"og:site_name\" content=\"Batijournal\" \/>\n<meta property=\"article:published_time\" content=\"2019-06-06T06:09:40+00:00\" \/>\n<meta property=\"article:modified_time\" content=\"2019-07-15T09:26:41+00:00\" \/>\n<meta property=\"og:image\" content=\"https:\/\/batijournal.com\/wp-content\/uploads\/2019\/06\/Sto-Suresnes.jpg\" \/>\n\t<meta property=\"og:image:width\" content=\"600\" \/>\n\t<meta property=\"og:image:height\" content=\"400\" \/>\n\t<meta property=\"og:image:type\" content=\"image\/jpeg\" \/>\n<meta name=\"author\" content=\"St\u00e9phane Miget\" \/>\n<meta name=\"twitter:card\" content=\"summary_large_image\" \/>\n<meta name=\"twitter:creator\" content=\"@bati_journal\" \/>\n<meta name=\"twitter:site\" content=\"@bati_journal\" \/>\n<meta name=\"twitter:label1\" content=\"\u00c9crit par\" \/>\n\t<meta name=\"twitter:data1\" content=\"St\u00e9phane Miget\" \/>\n\t<meta name=\"twitter:label2\" content=\"Dur\u00e9e de lecture estim\u00e9e\" \/>\n\t<meta name=\"twitter:data2\" content=\"2 minutes\" \/>\n<script type=\"application\/ld+json\" class=\"yoast-schema-graph\">{\"@context\":\"https:\\\/\\\/schema.org\",\"@graph\":[{\"@type\":\"Article\",\"@id\":\"https:\\\/\\\/batijournal.com\\\/index.php\\\/ite-pour-une-maison-agrandie\\\/102257\\\/#article\",\"isPartOf\":{\"@id\":\"https:\\\/\\\/batijournal.com\\\/index.php\\\/ite-pour-une-maison-agrandie\\\/102257\\\/\"},\"author\":{\"name\":\"St\u00e9phane Miget\",\"@id\":\"https:\\\/\\\/batijournal.com\\\/#\\\/schema\\\/person\\\/1dc96ec6957aa1ccb25ebe78bb19f100\"},\"headline\":\"ITE pour une maison agrandie\",\"datePublished\":\"2019-06-06T06:09:40+00:00\",\"dateModified\":\"2019-07-15T09:26:41+00:00\",\"mainEntityOfPage\":{\"@id\":\"https:\\\/\\\/batijournal.com\\\/index.php\\\/ite-pour-une-maison-agrandie\\\/102257\\\/\"},\"wordCount\":348,\"image\":{\"@id\":\"https:\\\/\\\/batijournal.com\\\/index.php\\\/ite-pour-une-maison-agrandie\\\/102257\\\/#primaryimage\"},\"thumbnailUrl\":\"https:\\\/\\\/batijournal.com\\\/wp-content\\\/uploads\\\/2019\\\/06\\\/Sto-Suresnes.jpg\",\"keywords\":[\"ITE\"],\"articleSection\":[\"Actualit\u00e9s\",\"Architecture &amp; Conception\",\"zz_5fa\u00e7ades\",\"zz_Actualit\u00e9s - 5fa\u00e7ades\"],\"inLanguage\":\"fr-FR\"},{\"@type\":\"WebPage\",\"@id\":\"https:\\\/\\\/batijournal.com\\\/index.php\\\/ite-pour-une-maison-agrandie\\\/102257\\\/\",\"url\":\"https:\\\/\\\/batijournal.com\\\/index.php\\\/ite-pour-une-maison-agrandie\\\/102257\\\/\",\"name\":\"ITE pour une maison agrandie\",\"isPartOf\":{\"@id\":\"https:\\\/\\\/batijournal.com\\\/#website\"},\"primaryImageOfPage\":{\"@id\":\"https:\\\/\\\/batijournal.com\\\/index.php\\\/ite-pour-une-maison-agrandie\\\/102257\\\/#primaryimage\"},\"image\":{\"@id\":\"https:\\\/\\\/batijournal.com\\\/index.php\\\/ite-pour-une-maison-agrandie\\\/102257\\\/#primaryimage\"},\"thumbnailUrl\":\"https:\\\/\\\/batijournal.com\\\/wp-content\\\/uploads\\\/2019\\\/06\\\/Sto-Suresnes.jpg\",\"datePublished\":\"2019-06-06T06:09:40+00:00\",\"dateModified\":\"2019-07-15T09:26:41+00:00\",\"author\":{\"@id\":\"https:\\\/\\\/batijournal.com\\\/#\\\/schema\\\/person\\\/1dc96ec6957aa1ccb25ebe78bb19f100\"},\"description\":\"L\u2019architecte a propos\u00e9 de d\u00e9molir une partie pour reconstruire une extension vers le jardin et sur trois niveaux (R+2). Les murs p\u00e9riph\u00e9riques\",\"breadcrumb\":{\"@id\":\"https:\\\/\\\/batijournal.com\\\/index.php\\\/ite-pour-une-maison-agrandie\\\/102257\\\/#breadcrumb\"},\"inLanguage\":\"fr-FR\",\"potentialAction\":[{\"@type\":\"ReadAction\",\"target\":[\"https:\\\/\\\/batijournal.com\\\/index.php\\\/ite-pour-une-maison-agrandie\\\/102257\\\/\"]}]},{\"@type\":\"ImageObject\",\"inLanguage\":\"fr-FR\",\"@id\":\"https:\\\/\\\/batijournal.com\\\/index.php\\\/ite-pour-une-maison-agrandie\\\/102257\\\/#primaryimage\",\"url\":\"https:\\\/\\\/batijournal.com\\\/wp-content\\\/uploads\\\/2019\\\/06\\\/Sto-Suresnes.jpg\",\"contentUrl\":\"https:\\\/\\\/batijournal.com\\\/wp-content\\\/uploads\\\/2019\\\/06\\\/Sto-Suresnes.jpg\",\"width\":600,\"height\":400},{\"@type\":\"BreadcrumbList\",\"@id\":\"https:\\\/\\\/batijournal.com\\\/index.php\\\/ite-pour-une-maison-agrandie\\\/102257\\\/#breadcrumb\",\"itemListElement\":[{\"@type\":\"ListItem\",\"position\":1,\"name\":\"Accueil\",\"item\":\"https:\\\/\\\/batijournal.com\\\/\"},{\"@type\":\"ListItem\",\"position\":2,\"name\":\"Actualit\u00e9s\",\"item\":\"https:\\\/\\\/batijournal.com\\\/index.php\\\/category\\\/actualites\\\/\"},{\"@type\":\"ListItem\",\"position\":3,\"name\":\"ITE pour une maison agrandie\"}]},{\"@type\":\"WebSite\",\"@id\":\"https:\\\/\\\/batijournal.com\\\/#website\",\"url\":\"https:\\\/\\\/batijournal.com\\\/\",\"name\":\"Batijournal\",\"description\":\"L&#039;actualit\u00e9 du b\u00e2timent\",\"potentialAction\":[{\"@type\":\"SearchAction\",\"target\":{\"@type\":\"EntryPoint\",\"urlTemplate\":\"https:\\\/\\\/batijournal.com\\\/?s={search_term_string}\"},\"query-input\":{\"@type\":\"PropertyValueSpecification\",\"valueRequired\":true,\"valueName\":\"search_term_string\"}}],\"inLanguage\":\"fr-FR\"},{\"@type\":\"Person\",\"@id\":\"https:\\\/\\\/batijournal.com\\\/#\\\/schema\\\/person\\\/1dc96ec6957aa1ccb25ebe78bb19f100\",\"name\":\"St\u00e9phane Miget\",\"image\":{\"@type\":\"ImageObject\",\"inLanguage\":\"fr-FR\",\"@id\":\"https:\\\/\\\/secure.gravatar.com\\\/avatar\\\/89915563d925342126b8ef0281b93d9d7fc337043e8df017f780908eb9644451?s=96&d=mm&r=g\",\"url\":\"https:\\\/\\\/secure.gravatar.com\\\/avatar\\\/89915563d925342126b8ef0281b93d9d7fc337043e8df017f780908eb9644451?s=96&d=mm&r=g\",\"contentUrl\":\"https:\\\/\\\/secure.gravatar.com\\\/avatar\\\/89915563d925342126b8ef0281b93d9d7fc337043e8df017f780908eb9644451?s=96&d=mm&r=g\",\"caption\":\"St\u00e9phane Miget\"},\"url\":\"https:\\\/\\\/batijournal.com\\\/index.php\\\/author\\\/stephane\\\/\"}]}<\/script>\n<!-- \/ Yoast SEO plugin. -->","yoast_head_json":{"title":"ITE pour une maison agrandie","description":"L\u2019architecte a propos\u00e9 de d\u00e9molir une partie pour reconstruire une extension vers le jardin et sur trois niveaux (R+2). Les murs p\u00e9riph\u00e9riques","robots":{"index":"index","follow":"follow","max-snippet":"max-snippet:-1","max-image-preview":"max-image-preview:large","max-video-preview":"max-video-preview:-1"},"canonical":"https:\/\/batijournal.com\/index.php\/ite-pour-une-maison-agrandie\/102257\/","og_locale":"fr_FR","og_type":"article","og_title":"ITE pour une maison agrandie","og_description":"L\u2019architecte a propos\u00e9 de d\u00e9molir une partie pour reconstruire une extension vers le jardin et sur trois niveaux (R+2). Les murs p\u00e9riph\u00e9riques","og_url":"https:\/\/batijournal.com\/index.php\/ite-pour-une-maison-agrandie\/102257\/","og_site_name":"Batijournal","article_published_time":"2019-06-06T06:09:40+00:00","article_modified_time":"2019-07-15T09:26:41+00:00","og_image":[{"width":600,"height":400,"url":"https:\/\/batijournal.com\/wp-content\/uploads\/2019\/06\/Sto-Suresnes.jpg","type":"image\/jpeg"}],"author":"St\u00e9phane Miget","twitter_card":"summary_large_image","twitter_creator":"@bati_journal","twitter_site":"@bati_journal","twitter_misc":{"\u00c9crit par":"St\u00e9phane Miget","Dur\u00e9e de lecture estim\u00e9e":"2 minutes"},"schema":{"@context":"https:\/\/schema.org","@graph":[{"@type":"Article","@id":"https:\/\/batijournal.com\/index.php\/ite-pour-une-maison-agrandie\/102257\/#article","isPartOf":{"@id":"https:\/\/batijournal.com\/index.php\/ite-pour-une-maison-agrandie\/102257\/"},"author":{"name":"St\u00e9phane Miget","@id":"https:\/\/batijournal.com\/#\/schema\/person\/1dc96ec6957aa1ccb25ebe78bb19f100"},"headline":"ITE pour une maison agrandie","datePublished":"2019-06-06T06:09:40+00:00","dateModified":"2019-07-15T09:26:41+00:00","mainEntityOfPage":{"@id":"https:\/\/batijournal.com\/index.php\/ite-pour-une-maison-agrandie\/102257\/"},"wordCount":348,"image":{"@id":"https:\/\/batijournal.com\/index.php\/ite-pour-une-maison-agrandie\/102257\/#primaryimage"},"thumbnailUrl":"https:\/\/batijournal.com\/wp-content\/uploads\/2019\/06\/Sto-Suresnes.jpg","keywords":["ITE"],"articleSection":["Actualit\u00e9s","Architecture &amp; Conception","zz_5fa\u00e7ades","zz_Actualit\u00e9s - 5fa\u00e7ades"],"inLanguage":"fr-FR"},{"@type":"WebPage","@id":"https:\/\/batijournal.com\/index.php\/ite-pour-une-maison-agrandie\/102257\/","url":"https:\/\/batijournal.com\/index.php\/ite-pour-une-maison-agrandie\/102257\/","name":"ITE pour une maison agrandie","isPartOf":{"@id":"https:\/\/batijournal.com\/#website"},"primaryImageOfPage":{"@id":"https:\/\/batijournal.com\/index.php\/ite-pour-une-maison-agrandie\/102257\/#primaryimage"},"image":{"@id":"https:\/\/batijournal.com\/index.php\/ite-pour-une-maison-agrandie\/102257\/#primaryimage"},"thumbnailUrl":"https:\/\/batijournal.com\/wp-content\/uploads\/2019\/06\/Sto-Suresnes.jpg","datePublished":"2019-06-06T06:09:40+00:00","dateModified":"2019-07-15T09:26:41+00:00","author":{"@id":"https:\/\/batijournal.com\/#\/schema\/person\/1dc96ec6957aa1ccb25ebe78bb19f100"},"description":"L\u2019architecte a propos\u00e9 de d\u00e9molir une partie pour reconstruire une extension vers le jardin et sur trois niveaux (R+2). Les murs p\u00e9riph\u00e9riques","breadcrumb":{"@id":"https:\/\/batijournal.com\/index.php\/ite-pour-une-maison-agrandie\/102257\/#breadcrumb"},"inLanguage":"fr-FR","potentialAction":[{"@type":"ReadAction","target":["https:\/\/batijournal.com\/index.php\/ite-pour-une-maison-agrandie\/102257\/"]}]},{"@type":"ImageObject","inLanguage":"fr-FR","@id":"https:\/\/batijournal.com\/index.php\/ite-pour-une-maison-agrandie\/102257\/#primaryimage","url":"https:\/\/batijournal.com\/wp-content\/uploads\/2019\/06\/Sto-Suresnes.jpg","contentUrl":"https:\/\/batijournal.com\/wp-content\/uploads\/2019\/06\/Sto-Suresnes.jpg","width":600,"height":400},{"@type":"BreadcrumbList","@id":"https:\/\/batijournal.com\/index.php\/ite-pour-une-maison-agrandie\/102257\/#breadcrumb","itemListElement":[{"@type":"ListItem","position":1,"name":"Accueil","item":"https:\/\/batijournal.com\/"},{"@type":"ListItem","position":2,"name":"Actualit\u00e9s","item":"https:\/\/batijournal.com\/index.php\/category\/actualites\/"},{"@type":"ListItem","position":3,"name":"ITE pour une maison agrandie"}]},{"@type":"WebSite","@id":"https:\/\/batijournal.com\/#website","url":"https:\/\/batijournal.com\/","name":"Batijournal","description":"L&#039;actualit\u00e9 du b\u00e2timent","potentialAction":[{"@type":"SearchAction","target":{"@type":"EntryPoint","urlTemplate":"https:\/\/batijournal.com\/?s={search_term_string}"},"query-input":{"@type":"PropertyValueSpecification","valueRequired":true,"valueName":"search_term_string"}}],"inLanguage":"fr-FR"},{"@type":"Person","@id":"https:\/\/batijournal.com\/#\/schema\/person\/1dc96ec6957aa1ccb25ebe78bb19f100","name":"St\u00e9phane Miget","image":{"@type":"ImageObject","inLanguage":"fr-FR","@id":"https:\/\/secure.gravatar.com\/avatar\/89915563d925342126b8ef0281b93d9d7fc337043e8df017f780908eb9644451?s=96&d=mm&r=g","url":"https:\/\/secure.gravatar.com\/avatar\/89915563d925342126b8ef0281b93d9d7fc337043e8df017f780908eb9644451?s=96&d=mm&r=g","contentUrl":"https:\/\/secure.gravatar.com\/avatar\/89915563d925342126b8ef0281b93d9d7fc337043e8df017f780908eb9644451?s=96&d=mm&r=g","caption":"St\u00e9phane Miget"},"url":"https:\/\/batijournal.com\/index.php\/author\/stephane\/"}]}},"_links":{"self":[{"href":"https:\/\/batijournal.com\/index.php\/wp-json\/wp\/v2\/posts\/102257","targetHints":{"allow":["GET"]}}],"collection":[{"href":"https:\/\/batijournal.com\/index.php\/wp-json\/wp\/v2\/posts"}],"about":[{"href":"https:\/\/batijournal.com\/index.php\/wp-json\/wp\/v2\/types\/post"}],"author":[{"embeddable":true,"href":"https:\/\/batijournal.com\/index.php\/wp-json\/wp\/v2\/users\/17"}],"replies":[{"embeddable":true,"href":"https:\/\/batijournal.com\/index.php\/wp-json\/wp\/v2\/comments?post=102257"}],"version-history":[{"count":0,"href":"https:\/\/batijournal.com\/index.php\/wp-json\/wp\/v2\/posts\/102257\/revisions"}],"wp:featuredmedia":[{"embeddable":true,"href":"https:\/\/batijournal.com\/index.php\/wp-json\/wp\/v2\/media\/102258"}],"wp:attachment":[{"href":"https:\/\/batijournal.com\/index.php\/wp-json\/wp\/v2\/media?parent=102257"}],"wp:term":[{"taxonomy":"category","embeddable":true,"href":"https:\/\/batijournal.com\/index.php\/wp-json\/wp\/v2\/categories?post=102257"},{"taxonomy":"post_tag","embeddable":true,"href":"https:\/\/batijournal.com\/index.php\/wp-json\/wp\/v2\/tags?post=102257"}],"curies":[{"name":"wp","href":"https:\/\/api.w.org\/{rel}","templated":true}]}}