{"id":102395,"date":"2019-06-18T08:04:41","date_gmt":"2019-06-18T06:04:41","guid":{"rendered":"https:\/\/batijournal.com\/?p=102395"},"modified":"2019-07-15T12:19:44","modified_gmt":"2019-07-15T10:19:44","slug":"renovation-energetique-de-la-copropriete-helene-boucher-a-sevran","status":"publish","type":"post","link":"https:\/\/batijournal.com\/index.php\/renovation-energetique-de-la-copropriete-helene-boucher-a-sevran\/102395\/","title":{"rendered":"R\u00e9novation \u00e9nerg\u00e9tique de la copropri\u00e9t\u00e9 H\u00e9l\u00e8ne Boucher \u00e0 Sevran"},"content":{"rendered":"<p><strong>\u00ab Les Troph\u00e9es CoachCopro \u00bb est le premier concours en France qui r\u00e9compense les r\u00e9alisations de r\u00e9novation \u00e9nerg\u00e9tique les plus exemplaires. Cinq projets d\u2019\u00e9co-r\u00e9novation se sont vus d\u00e9cerner des prix sous sous l\u2019impulsion de l\u2019Agence Parisienne du Climat. Le Prix Sp\u00e9cial du jury a \u00e9t\u00e9 d\u00e9cern\u00e9 la copropri\u00e9t\u00e9 H\u00e9l\u00e8ne Boucher \u00e0 Sevran.<\/strong><\/p>\n<p>D\u00e9marr\u00e9 en septembre 2017 et livr\u00e9 en janvier 2018, le chantier portait sur un nombre de 23 logements. 76 menuiseries ont \u00e9t\u00e9 remplac\u00e9es, r\u00e9parties dans des chambres, cuisines, et loggias, ainsi qu\u2019une porte d\u2019entr\u00e9e. Le chantier a mobilis\u00e9 trois compagnons poseurs sur site, un chef de chantier et un conducteur de travaux. Les menuiseries initiales \u00e9taient de grands ouvrants int\u00e9grant un garde-corps m\u00e9tallique pos\u00e9 devant la fen\u00eatre. Toute la probl\u00e9matique a consist\u00e9 \u00e0 enlever ce garde-corps m\u00e9tallique pour y d\u00e9poser une fen\u00eatre avec une partie fixe, faisant office de garde-corps et int\u00e9grant un vitrage de s\u00e9curit\u00e9 r\u00e9pondant aux normes pare-flammes de la s\u00e9curit\u00e9 incendie (all\u00e8ge pare-flamme d\u2019une 1\/2h), et une autre partie ouvrante. Pour les chambres et les cuisines, Lorenove Grands-Comptes a favoris\u00e9 la gamme Evasion, fen\u00eatres \u00e0 frappe oscillo-battantes, compos\u00e9es, pour cette copropri\u00e9t\u00e9, d\u2019un ch\u00e2ssis all\u00e8ge en aluminium et d\u2019une partie haute en PVC. Pour les loggias, le choix s\u2019est port\u00e9 sur la gamme Twinea \u00e0 ch\u00e2ssis coulissant HPC-Hybrid Premium Composite (soit un PVC renforc\u00e9 en fibre de verre) \u00e9quip\u00e9e d\u2019un volet roulant int\u00e9gr\u00e9 \u00e0 la menuiserie, avec tablier en aluminium. Ces menuiseries avec double vitrage de 28 mm (BE4\/20mm, avec gaz argon\/4) r\u00e9pondent aux exigences \u00e9nerg\u00e9tiques avec une performance thermique Uw de 1,3 W\/m2.K, et une r\u00e9sistance thermique additionnelle des volets de 0,22W\/m2.K. Ajout\u00e9 aux travaux r\u00e9alis\u00e9s par les autres corps de m\u00e9tiers pour l\u2019isolation de la toiture terrasse, l\u2019isolation thermique par l\u2019ext\u00e9rieur, l\u2019isolation du plancher bas et la mise en place d\u2019une ventilation hygror\u00e9glable, le remplacement des menuiseries a fortement contribu\u00e9 \u00e0 l\u2019am\u00e9lioration de l\u2019image du b\u00e2ti ainsi qu\u2019\u00e0 la r\u00e9alisation d\u2019importantes \u00e9conomies (gain \u00e9nerg\u00e9tique de 64%) pour tous les copropri\u00e9taires, en revalorisant la fa\u00e7ade et en permettant une mise aux normes s\u00e9curitaires du b\u00e2timent.<\/p>\n","protected":false},"excerpt":{"rendered":"<p>\u00ab Les Troph\u00e9es CoachCopro \u00bb est le premier concours en France qui r\u00e9compense les r\u00e9alisations de r\u00e9novation \u00e9nerg\u00e9tique les plus exemplaires. Cinq projets d\u2019\u00e9co-r\u00e9novation se sont vus d\u00e9cerner des prix sous sous l\u2019impulsion de l\u2019Agence Parisienne du Climat. Le Prix Sp\u00e9cial du jury a \u00e9t\u00e9 d\u00e9cern\u00e9 la copropri\u00e9t\u00e9 H\u00e9l\u00e8ne Boucher \u00e0 Sevran. D\u00e9marr\u00e9 en septembre [&hellip;]<\/p>\n","protected":false},"author":17,"featured_media":102396,"comment_status":"closed","ping_status":"closed","sticky":false,"template":"","format":"standard","meta":{"_et_pb_use_builder":"","_et_pb_old_content":"","_et_gb_content_width":"","footnotes":""},"categories":[10530,6340,6351,10771,10775,10778],"tags":[3230,1683],"class_list":["post-102395","post","type-post","status-publish","format-standard","has-post-thumbnail","hentry","category-actualites","category-architecture-conception","category-energie-environnement","category-5facades","category-actualites-5facades","category-planete","tag-coproprietes","tag-renovation-energetique"],"yoast_head":"<!-- This site is optimized with the Yoast SEO plugin v27.4 - https:\/\/yoast.com\/product\/yoast-seo-wordpress\/ -->\n<title>R\u00e9novation \u00e9nerg\u00e9tique de la copropri\u00e9t\u00e9 H\u00e9l\u00e8ne Boucher \u00e0 Sevran<\/title>\n<meta name=\"description\" content=\"le chantier portait sur un nombre de 23 logements. 76 menuiseries ont \u00e9t\u00e9 remplac\u00e9es, r\u00e9parties dans des chambres, cuisines, et loggias\" \/>\n<meta name=\"robots\" content=\"index, follow, max-snippet:-1, max-image-preview:large, max-video-preview:-1\" \/>\n<link rel=\"canonical\" href=\"https:\/\/batijournal.com\/index.php\/renovation-energetique-de-la-copropriete-helene-boucher-a-sevran\/102395\/\" \/>\n<meta property=\"og:locale\" content=\"fr_FR\" \/>\n<meta property=\"og:type\" content=\"article\" \/>\n<meta property=\"og:title\" content=\"R\u00e9novation \u00e9nerg\u00e9tique de la copropri\u00e9t\u00e9 H\u00e9l\u00e8ne Boucher \u00e0 Sevran\" \/>\n<meta property=\"og:description\" content=\"le chantier portait sur un nombre de 23 logements. 76 menuiseries ont \u00e9t\u00e9 remplac\u00e9es, r\u00e9parties dans des chambres, cuisines, et loggias\" \/>\n<meta property=\"og:url\" content=\"https:\/\/batijournal.com\/index.php\/renovation-energetique-de-la-copropriete-helene-boucher-a-sevran\/102395\/\" \/>\n<meta property=\"og:site_name\" content=\"Batijournal\" \/>\n<meta property=\"article:published_time\" content=\"2019-06-18T06:04:41+00:00\" \/>\n<meta property=\"article:modified_time\" content=\"2019-07-15T10:19:44+00:00\" \/>\n<meta property=\"og:image\" content=\"https:\/\/batijournal.com\/wp-content\/uploads\/2019\/06\/Copropriete-Helene-Boucher-Sevran.jpg\" \/>\n\t<meta property=\"og:image:width\" content=\"1200\" \/>\n\t<meta property=\"og:image:height\" content=\"900\" \/>\n\t<meta property=\"og:image:type\" content=\"image\/jpeg\" \/>\n<meta name=\"author\" content=\"St\u00e9phane Miget\" \/>\n<meta name=\"twitter:card\" content=\"summary_large_image\" \/>\n<meta name=\"twitter:creator\" content=\"@bati_journal\" \/>\n<meta name=\"twitter:site\" content=\"@bati_journal\" \/>\n<meta name=\"twitter:label1\" content=\"\u00c9crit par\" \/>\n\t<meta name=\"twitter:data1\" content=\"St\u00e9phane Miget\" \/>\n\t<meta name=\"twitter:label2\" content=\"Dur\u00e9e de lecture estim\u00e9e\" \/>\n\t<meta name=\"twitter:data2\" content=\"2 minutes\" \/>\n<script type=\"application\/ld+json\" class=\"yoast-schema-graph\">{\"@context\":\"https:\\\/\\\/schema.org\",\"@graph\":[{\"@type\":\"Article\",\"@id\":\"https:\\\/\\\/batijournal.com\\\/index.php\\\/renovation-energetique-de-la-copropriete-helene-boucher-a-sevran\\\/102395\\\/#article\",\"isPartOf\":{\"@id\":\"https:\\\/\\\/batijournal.com\\\/index.php\\\/renovation-energetique-de-la-copropriete-helene-boucher-a-sevran\\\/102395\\\/\"},\"author\":{\"name\":\"St\u00e9phane Miget\",\"@id\":\"https:\\\/\\\/batijournal.com\\\/#\\\/schema\\\/person\\\/1dc96ec6957aa1ccb25ebe78bb19f100\"},\"headline\":\"R\u00e9novation \u00e9nerg\u00e9tique de la copropri\u00e9t\u00e9 H\u00e9l\u00e8ne Boucher \u00e0 Sevran\",\"datePublished\":\"2019-06-18T06:04:41+00:00\",\"dateModified\":\"2019-07-15T10:19:44+00:00\",\"mainEntityOfPage\":{\"@id\":\"https:\\\/\\\/batijournal.com\\\/index.php\\\/renovation-energetique-de-la-copropriete-helene-boucher-a-sevran\\\/102395\\\/\"},\"wordCount\":413,\"image\":{\"@id\":\"https:\\\/\\\/batijournal.com\\\/index.php\\\/renovation-energetique-de-la-copropriete-helene-boucher-a-sevran\\\/102395\\\/#primaryimage\"},\"thumbnailUrl\":\"https:\\\/\\\/batijournal.com\\\/wp-content\\\/uploads\\\/2019\\\/06\\\/Copropriete-Helene-Boucher-Sevran.jpg\",\"keywords\":[\"copropri\u00e9t\u00e9s\",\"renovation energetique\"],\"articleSection\":[\"Actualit\u00e9s\",\"Architecture &amp; Conception\",\"\u00c9nergie &amp; Environnement\",\"zz_5fa\u00e7ades\",\"zz_Actualit\u00e9s - 5fa\u00e7ades\",\"zz_Plan\u00e8te B\u00e2timent\"],\"inLanguage\":\"fr-FR\"},{\"@type\":\"WebPage\",\"@id\":\"https:\\\/\\\/batijournal.com\\\/index.php\\\/renovation-energetique-de-la-copropriete-helene-boucher-a-sevran\\\/102395\\\/\",\"url\":\"https:\\\/\\\/batijournal.com\\\/index.php\\\/renovation-energetique-de-la-copropriete-helene-boucher-a-sevran\\\/102395\\\/\",\"name\":\"R\u00e9novation \u00e9nerg\u00e9tique de la copropri\u00e9t\u00e9 H\u00e9l\u00e8ne Boucher \u00e0 Sevran\",\"isPartOf\":{\"@id\":\"https:\\\/\\\/batijournal.com\\\/#website\"},\"primaryImageOfPage\":{\"@id\":\"https:\\\/\\\/batijournal.com\\\/index.php\\\/renovation-energetique-de-la-copropriete-helene-boucher-a-sevran\\\/102395\\\/#primaryimage\"},\"image\":{\"@id\":\"https:\\\/\\\/batijournal.com\\\/index.php\\\/renovation-energetique-de-la-copropriete-helene-boucher-a-sevran\\\/102395\\\/#primaryimage\"},\"thumbnailUrl\":\"https:\\\/\\\/batijournal.com\\\/wp-content\\\/uploads\\\/2019\\\/06\\\/Copropriete-Helene-Boucher-Sevran.jpg\",\"datePublished\":\"2019-06-18T06:04:41+00:00\",\"dateModified\":\"2019-07-15T10:19:44+00:00\",\"author\":{\"@id\":\"https:\\\/\\\/batijournal.com\\\/#\\\/schema\\\/person\\\/1dc96ec6957aa1ccb25ebe78bb19f100\"},\"description\":\"le chantier portait sur un nombre de 23 logements. 76 menuiseries ont \u00e9t\u00e9 remplac\u00e9es, r\u00e9parties dans des chambres, cuisines, et loggias\",\"breadcrumb\":{\"@id\":\"https:\\\/\\\/batijournal.com\\\/index.php\\\/renovation-energetique-de-la-copropriete-helene-boucher-a-sevran\\\/102395\\\/#breadcrumb\"},\"inLanguage\":\"fr-FR\",\"potentialAction\":[{\"@type\":\"ReadAction\",\"target\":[\"https:\\\/\\\/batijournal.com\\\/index.php\\\/renovation-energetique-de-la-copropriete-helene-boucher-a-sevran\\\/102395\\\/\"]}]},{\"@type\":\"ImageObject\",\"inLanguage\":\"fr-FR\",\"@id\":\"https:\\\/\\\/batijournal.com\\\/index.php\\\/renovation-energetique-de-la-copropriete-helene-boucher-a-sevran\\\/102395\\\/#primaryimage\",\"url\":\"https:\\\/\\\/batijournal.com\\\/wp-content\\\/uploads\\\/2019\\\/06\\\/Copropriete-Helene-Boucher-Sevran.jpg\",\"contentUrl\":\"https:\\\/\\\/batijournal.com\\\/wp-content\\\/uploads\\\/2019\\\/06\\\/Copropriete-Helene-Boucher-Sevran.jpg\",\"width\":1200,\"height\":900},{\"@type\":\"BreadcrumbList\",\"@id\":\"https:\\\/\\\/batijournal.com\\\/index.php\\\/renovation-energetique-de-la-copropriete-helene-boucher-a-sevran\\\/102395\\\/#breadcrumb\",\"itemListElement\":[{\"@type\":\"ListItem\",\"position\":1,\"name\":\"Accueil\",\"item\":\"https:\\\/\\\/batijournal.com\\\/\"},{\"@type\":\"ListItem\",\"position\":2,\"name\":\"Actualit\u00e9s\",\"item\":\"https:\\\/\\\/batijournal.com\\\/index.php\\\/category\\\/actualites\\\/\"},{\"@type\":\"ListItem\",\"position\":3,\"name\":\"R\u00e9novation \u00e9nerg\u00e9tique de la copropri\u00e9t\u00e9 H\u00e9l\u00e8ne Boucher \u00e0 Sevran\"}]},{\"@type\":\"WebSite\",\"@id\":\"https:\\\/\\\/batijournal.com\\\/#website\",\"url\":\"https:\\\/\\\/batijournal.com\\\/\",\"name\":\"Batijournal\",\"description\":\"L&#039;actualit\u00e9 du b\u00e2timent\",\"potentialAction\":[{\"@type\":\"SearchAction\",\"target\":{\"@type\":\"EntryPoint\",\"urlTemplate\":\"https:\\\/\\\/batijournal.com\\\/?s={search_term_string}\"},\"query-input\":{\"@type\":\"PropertyValueSpecification\",\"valueRequired\":true,\"valueName\":\"search_term_string\"}}],\"inLanguage\":\"fr-FR\"},{\"@type\":\"Person\",\"@id\":\"https:\\\/\\\/batijournal.com\\\/#\\\/schema\\\/person\\\/1dc96ec6957aa1ccb25ebe78bb19f100\",\"name\":\"St\u00e9phane Miget\",\"image\":{\"@type\":\"ImageObject\",\"inLanguage\":\"fr-FR\",\"@id\":\"https:\\\/\\\/secure.gravatar.com\\\/avatar\\\/89915563d925342126b8ef0281b93d9d7fc337043e8df017f780908eb9644451?s=96&d=mm&r=g\",\"url\":\"https:\\\/\\\/secure.gravatar.com\\\/avatar\\\/89915563d925342126b8ef0281b93d9d7fc337043e8df017f780908eb9644451?s=96&d=mm&r=g\",\"contentUrl\":\"https:\\\/\\\/secure.gravatar.com\\\/avatar\\\/89915563d925342126b8ef0281b93d9d7fc337043e8df017f780908eb9644451?s=96&d=mm&r=g\",\"caption\":\"St\u00e9phane Miget\"},\"url\":\"https:\\\/\\\/batijournal.com\\\/index.php\\\/author\\\/stephane\\\/\"}]}<\/script>\n<!-- \/ Yoast SEO plugin. -->","yoast_head_json":{"title":"R\u00e9novation \u00e9nerg\u00e9tique de la copropri\u00e9t\u00e9 H\u00e9l\u00e8ne Boucher \u00e0 Sevran","description":"le chantier portait sur un nombre de 23 logements. 76 menuiseries ont \u00e9t\u00e9 remplac\u00e9es, r\u00e9parties dans des chambres, cuisines, et loggias","robots":{"index":"index","follow":"follow","max-snippet":"max-snippet:-1","max-image-preview":"max-image-preview:large","max-video-preview":"max-video-preview:-1"},"canonical":"https:\/\/batijournal.com\/index.php\/renovation-energetique-de-la-copropriete-helene-boucher-a-sevran\/102395\/","og_locale":"fr_FR","og_type":"article","og_title":"R\u00e9novation \u00e9nerg\u00e9tique de la copropri\u00e9t\u00e9 H\u00e9l\u00e8ne Boucher \u00e0 Sevran","og_description":"le chantier portait sur un nombre de 23 logements. 76 menuiseries ont \u00e9t\u00e9 remplac\u00e9es, r\u00e9parties dans des chambres, cuisines, et loggias","og_url":"https:\/\/batijournal.com\/index.php\/renovation-energetique-de-la-copropriete-helene-boucher-a-sevran\/102395\/","og_site_name":"Batijournal","article_published_time":"2019-06-18T06:04:41+00:00","article_modified_time":"2019-07-15T10:19:44+00:00","og_image":[{"width":1200,"height":900,"url":"https:\/\/batijournal.com\/wp-content\/uploads\/2019\/06\/Copropriete-Helene-Boucher-Sevran.jpg","type":"image\/jpeg"}],"author":"St\u00e9phane Miget","twitter_card":"summary_large_image","twitter_creator":"@bati_journal","twitter_site":"@bati_journal","twitter_misc":{"\u00c9crit par":"St\u00e9phane Miget","Dur\u00e9e de lecture estim\u00e9e":"2 minutes"},"schema":{"@context":"https:\/\/schema.org","@graph":[{"@type":"Article","@id":"https:\/\/batijournal.com\/index.php\/renovation-energetique-de-la-copropriete-helene-boucher-a-sevran\/102395\/#article","isPartOf":{"@id":"https:\/\/batijournal.com\/index.php\/renovation-energetique-de-la-copropriete-helene-boucher-a-sevran\/102395\/"},"author":{"name":"St\u00e9phane Miget","@id":"https:\/\/batijournal.com\/#\/schema\/person\/1dc96ec6957aa1ccb25ebe78bb19f100"},"headline":"R\u00e9novation \u00e9nerg\u00e9tique de la copropri\u00e9t\u00e9 H\u00e9l\u00e8ne Boucher \u00e0 Sevran","datePublished":"2019-06-18T06:04:41+00:00","dateModified":"2019-07-15T10:19:44+00:00","mainEntityOfPage":{"@id":"https:\/\/batijournal.com\/index.php\/renovation-energetique-de-la-copropriete-helene-boucher-a-sevran\/102395\/"},"wordCount":413,"image":{"@id":"https:\/\/batijournal.com\/index.php\/renovation-energetique-de-la-copropriete-helene-boucher-a-sevran\/102395\/#primaryimage"},"thumbnailUrl":"https:\/\/batijournal.com\/wp-content\/uploads\/2019\/06\/Copropriete-Helene-Boucher-Sevran.jpg","keywords":["copropri\u00e9t\u00e9s","renovation energetique"],"articleSection":["Actualit\u00e9s","Architecture &amp; Conception","\u00c9nergie &amp; Environnement","zz_5fa\u00e7ades","zz_Actualit\u00e9s - 5fa\u00e7ades","zz_Plan\u00e8te B\u00e2timent"],"inLanguage":"fr-FR"},{"@type":"WebPage","@id":"https:\/\/batijournal.com\/index.php\/renovation-energetique-de-la-copropriete-helene-boucher-a-sevran\/102395\/","url":"https:\/\/batijournal.com\/index.php\/renovation-energetique-de-la-copropriete-helene-boucher-a-sevran\/102395\/","name":"R\u00e9novation \u00e9nerg\u00e9tique de la copropri\u00e9t\u00e9 H\u00e9l\u00e8ne Boucher \u00e0 Sevran","isPartOf":{"@id":"https:\/\/batijournal.com\/#website"},"primaryImageOfPage":{"@id":"https:\/\/batijournal.com\/index.php\/renovation-energetique-de-la-copropriete-helene-boucher-a-sevran\/102395\/#primaryimage"},"image":{"@id":"https:\/\/batijournal.com\/index.php\/renovation-energetique-de-la-copropriete-helene-boucher-a-sevran\/102395\/#primaryimage"},"thumbnailUrl":"https:\/\/batijournal.com\/wp-content\/uploads\/2019\/06\/Copropriete-Helene-Boucher-Sevran.jpg","datePublished":"2019-06-18T06:04:41+00:00","dateModified":"2019-07-15T10:19:44+00:00","author":{"@id":"https:\/\/batijournal.com\/#\/schema\/person\/1dc96ec6957aa1ccb25ebe78bb19f100"},"description":"le chantier portait sur un nombre de 23 logements. 76 menuiseries ont \u00e9t\u00e9 remplac\u00e9es, r\u00e9parties dans des chambres, cuisines, et loggias","breadcrumb":{"@id":"https:\/\/batijournal.com\/index.php\/renovation-energetique-de-la-copropriete-helene-boucher-a-sevran\/102395\/#breadcrumb"},"inLanguage":"fr-FR","potentialAction":[{"@type":"ReadAction","target":["https:\/\/batijournal.com\/index.php\/renovation-energetique-de-la-copropriete-helene-boucher-a-sevran\/102395\/"]}]},{"@type":"ImageObject","inLanguage":"fr-FR","@id":"https:\/\/batijournal.com\/index.php\/renovation-energetique-de-la-copropriete-helene-boucher-a-sevran\/102395\/#primaryimage","url":"https:\/\/batijournal.com\/wp-content\/uploads\/2019\/06\/Copropriete-Helene-Boucher-Sevran.jpg","contentUrl":"https:\/\/batijournal.com\/wp-content\/uploads\/2019\/06\/Copropriete-Helene-Boucher-Sevran.jpg","width":1200,"height":900},{"@type":"BreadcrumbList","@id":"https:\/\/batijournal.com\/index.php\/renovation-energetique-de-la-copropriete-helene-boucher-a-sevran\/102395\/#breadcrumb","itemListElement":[{"@type":"ListItem","position":1,"name":"Accueil","item":"https:\/\/batijournal.com\/"},{"@type":"ListItem","position":2,"name":"Actualit\u00e9s","item":"https:\/\/batijournal.com\/index.php\/category\/actualites\/"},{"@type":"ListItem","position":3,"name":"R\u00e9novation \u00e9nerg\u00e9tique de la copropri\u00e9t\u00e9 H\u00e9l\u00e8ne Boucher \u00e0 Sevran"}]},{"@type":"WebSite","@id":"https:\/\/batijournal.com\/#website","url":"https:\/\/batijournal.com\/","name":"Batijournal","description":"L&#039;actualit\u00e9 du b\u00e2timent","potentialAction":[{"@type":"SearchAction","target":{"@type":"EntryPoint","urlTemplate":"https:\/\/batijournal.com\/?s={search_term_string}"},"query-input":{"@type":"PropertyValueSpecification","valueRequired":true,"valueName":"search_term_string"}}],"inLanguage":"fr-FR"},{"@type":"Person","@id":"https:\/\/batijournal.com\/#\/schema\/person\/1dc96ec6957aa1ccb25ebe78bb19f100","name":"St\u00e9phane Miget","image":{"@type":"ImageObject","inLanguage":"fr-FR","@id":"https:\/\/secure.gravatar.com\/avatar\/89915563d925342126b8ef0281b93d9d7fc337043e8df017f780908eb9644451?s=96&d=mm&r=g","url":"https:\/\/secure.gravatar.com\/avatar\/89915563d925342126b8ef0281b93d9d7fc337043e8df017f780908eb9644451?s=96&d=mm&r=g","contentUrl":"https:\/\/secure.gravatar.com\/avatar\/89915563d925342126b8ef0281b93d9d7fc337043e8df017f780908eb9644451?s=96&d=mm&r=g","caption":"St\u00e9phane Miget"},"url":"https:\/\/batijournal.com\/index.php\/author\/stephane\/"}]}},"_links":{"self":[{"href":"https:\/\/batijournal.com\/index.php\/wp-json\/wp\/v2\/posts\/102395","targetHints":{"allow":["GET"]}}],"collection":[{"href":"https:\/\/batijournal.com\/index.php\/wp-json\/wp\/v2\/posts"}],"about":[{"href":"https:\/\/batijournal.com\/index.php\/wp-json\/wp\/v2\/types\/post"}],"author":[{"embeddable":true,"href":"https:\/\/batijournal.com\/index.php\/wp-json\/wp\/v2\/users\/17"}],"replies":[{"embeddable":true,"href":"https:\/\/batijournal.com\/index.php\/wp-json\/wp\/v2\/comments?post=102395"}],"version-history":[{"count":0,"href":"https:\/\/batijournal.com\/index.php\/wp-json\/wp\/v2\/posts\/102395\/revisions"}],"wp:featuredmedia":[{"embeddable":true,"href":"https:\/\/batijournal.com\/index.php\/wp-json\/wp\/v2\/media\/102396"}],"wp:attachment":[{"href":"https:\/\/batijournal.com\/index.php\/wp-json\/wp\/v2\/media?parent=102395"}],"wp:term":[{"taxonomy":"category","embeddable":true,"href":"https:\/\/batijournal.com\/index.php\/wp-json\/wp\/v2\/categories?post=102395"},{"taxonomy":"post_tag","embeddable":true,"href":"https:\/\/batijournal.com\/index.php\/wp-json\/wp\/v2\/tags?post=102395"}],"curies":[{"name":"wp","href":"https:\/\/api.w.org\/{rel}","templated":true}]}}