{"id":102397,"date":"2019-06-18T08:19:50","date_gmt":"2019-06-18T06:19:50","guid":{"rendered":"https:\/\/batijournal.com\/?p=102397"},"modified":"2019-07-15T12:19:44","modified_gmt":"2019-07-15T10:19:44","slug":"cite-la-capeb-vigilante","status":"publish","type":"post","link":"https:\/\/batijournal.com\/index.php\/cite-la-capeb-vigilante\/102397\/","title":{"rendered":"CITE : la Capeb vigilante"},"content":{"rendered":"<p><strong>Suite \u00e0 la d\u00e9claration de politique g\u00e9n\u00e9rale du Premier ministre, la CAPEB a tenu \u00e0 saluer l\u2019ambition \u00e9cologique du Gouvernement. Pour elle, la simplification des aides \u00e0 la r\u00e9novation \u00e9nerg\u00e9tique est une bonne initiative. La CAPEB restera toutefois vigilante<\/strong> \u00e0 ce que les mesures appliqu\u00e9es ne soient pas plus restrictives, notamment pour le CITE qui a d\u00e9j\u00e0 \u00e9t\u00e9 r\u00e9duit l\u2019an dernier (de 1,6 milliard \u00e0 800 millions d\u2019euros), tout comme le PTZ. La CAPEB tient \u00e0 rappeler son opposition \u00e0 restreindre le b\u00e9n\u00e9fice du CITE ou de la prime \u00e0 certains m\u00e9nages modestes. Les entreprises artisanales du b\u00e2timent sont les premiers ambassadeurs de la transition \u00e9nerg\u00e9tique et accompagnent au quotidien les particuliers afin de r\u00e9pondre \u00e0 l\u2019objectif ambitieux de 500 000 logements r\u00e9nov\u00e9s par an. \u00c0 l\u2019heure o\u00f9 le projet de loi \u00c9conomie circulaire va \u00eatre discut\u00e9 au Parlement, la Fili\u00e8re du B\u00e2timent reste \u00e9galement mobilis\u00e9e dans le domaine de la r\u00e9cup\u00e9ration et recyclage des d\u00e9chets de chantiers, suite \u00e0 ses initiatives d\u00e9j\u00e0 pr\u00e9sent\u00e9es aux membres du Gouvernement.<\/p>\n<p>Alors que la secr\u00e9taire d\u2019\u00c9tat Emmanuelle Wargon a reconnu ce matin que les objectifs environnementaux du Gouvernement n\u2019\u00e9taient pas atteints, la CAPEB r\u00e9clame des solutions ambitieuses et concr\u00e8tes. Les organisations professionnelles sont indissociables de la r\u00e9ussite de la strat\u00e9gie politique du Gouvernement, et indispensables pour instaurer un dialogue permanent avec les forces vives de la nation. Le Premier ministre a par ailleurs \u00e9voqu\u00e9 la r\u00e9vision de certaines niches fiscales et sociales. La CAPEB rel\u00e8ve qu\u2019\u00c9douard Philippe promet de la concertation et de la progressivit\u00e9 sur ce dossier, et ne manquera pas de le lui rappeler si les pouvoirs publics devraient oublier d\u2019associer les organisations professionnelles \u00e0 l\u2019approche des discussions des lois de finances.<\/p>\n","protected":false},"excerpt":{"rendered":"<p>Suite \u00e0 la d\u00e9claration de politique g\u00e9n\u00e9rale du Premier ministre, la CAPEB a tenu \u00e0 saluer l\u2019ambition \u00e9cologique du Gouvernement. Pour elle, la simplification des aides \u00e0 la r\u00e9novation \u00e9nerg\u00e9tique est une bonne initiative. La CAPEB restera toutefois vigilante \u00e0 ce que les mesures appliqu\u00e9es ne soient pas plus restrictives, notamment pour le CITE qui [&hellip;]<\/p>\n","protected":false},"author":17,"featured_media":87319,"comment_status":"closed","ping_status":"closed","sticky":false,"template":"","format":"standard","meta":{"_et_pb_use_builder":"","_et_pb_old_content":"","_et_gb_content_width":"","footnotes":""},"categories":[10530,6351,10778],"tags":[647,428,1683],"class_list":["post-102397","post","type-post","status-publish","format-standard","has-post-thumbnail","hentry","category-actualites","category-energie-environnement","category-planete","tag-capeb","tag-credit-dimpot","tag-renovation-energetique"],"yoast_head":"<!-- This site is optimized with the Yoast SEO plugin v27.4 - https:\/\/yoast.com\/product\/yoast-seo-wordpress\/ -->\n<title>CITE : Suite \u00e0 la d\u00e9claration du premier ministre la Capeb reste vigilante<\/title>\n<meta name=\"description\" content=\"la CAPEB a tenu \u00e0 saluer l\u2019ambition \u00e9cologique du Gouvernement. Pour elle, la simplification des aides \u00e0 la r\u00e9novation \u00e9nerg\u00e9tique est une bonne initiative\" \/>\n<meta name=\"robots\" content=\"index, follow, max-snippet:-1, max-image-preview:large, max-video-preview:-1\" \/>\n<link rel=\"canonical\" href=\"https:\/\/batijournal.com\/index.php\/cite-la-capeb-vigilante\/102397\/\" \/>\n<meta property=\"og:locale\" content=\"fr_FR\" \/>\n<meta property=\"og:type\" content=\"article\" \/>\n<meta property=\"og:title\" content=\"CITE : Suite \u00e0 la d\u00e9claration du premier ministre la Capeb reste vigilante\" \/>\n<meta property=\"og:description\" content=\"la CAPEB a tenu \u00e0 saluer l\u2019ambition \u00e9cologique du Gouvernement. Pour elle, la simplification des aides \u00e0 la r\u00e9novation \u00e9nerg\u00e9tique est une bonne initiative\" \/>\n<meta property=\"og:url\" content=\"https:\/\/batijournal.com\/index.php\/cite-la-capeb-vigilante\/102397\/\" \/>\n<meta property=\"og:site_name\" content=\"Batijournal\" \/>\n<meta property=\"article:published_time\" content=\"2019-06-18T06:19:50+00:00\" \/>\n<meta property=\"article:modified_time\" content=\"2019-07-15T10:19:44+00:00\" \/>\n<meta property=\"og:image\" content=\"https:\/\/batijournal.com\/wp-content\/uploads\/2015\/05\/99857158.jpg\" \/>\n\t<meta property=\"og:image:width\" content=\"600\" \/>\n\t<meta property=\"og:image:height\" content=\"450\" \/>\n\t<meta property=\"og:image:type\" content=\"image\/jpeg\" \/>\n<meta name=\"author\" content=\"St\u00e9phane Miget\" \/>\n<meta name=\"twitter:card\" content=\"summary_large_image\" \/>\n<meta name=\"twitter:creator\" content=\"@bati_journal\" \/>\n<meta name=\"twitter:site\" content=\"@bati_journal\" \/>\n<meta name=\"twitter:label1\" content=\"\u00c9crit par\" \/>\n\t<meta name=\"twitter:data1\" content=\"St\u00e9phane Miget\" \/>\n\t<meta name=\"twitter:label2\" content=\"Dur\u00e9e de lecture estim\u00e9e\" \/>\n\t<meta name=\"twitter:data2\" content=\"2 minutes\" \/>\n<script type=\"application\/ld+json\" class=\"yoast-schema-graph\">{\"@context\":\"https:\\\/\\\/schema.org\",\"@graph\":[{\"@type\":\"Article\",\"@id\":\"https:\\\/\\\/batijournal.com\\\/index.php\\\/cite-la-capeb-vigilante\\\/102397\\\/#article\",\"isPartOf\":{\"@id\":\"https:\\\/\\\/batijournal.com\\\/index.php\\\/cite-la-capeb-vigilante\\\/102397\\\/\"},\"author\":{\"name\":\"St\u00e9phane Miget\",\"@id\":\"https:\\\/\\\/batijournal.com\\\/#\\\/schema\\\/person\\\/1dc96ec6957aa1ccb25ebe78bb19f100\"},\"headline\":\"CITE : la Capeb vigilante\",\"datePublished\":\"2019-06-18T06:19:50+00:00\",\"dateModified\":\"2019-07-15T10:19:44+00:00\",\"mainEntityOfPage\":{\"@id\":\"https:\\\/\\\/batijournal.com\\\/index.php\\\/cite-la-capeb-vigilante\\\/102397\\\/\"},\"wordCount\":311,\"image\":{\"@id\":\"https:\\\/\\\/batijournal.com\\\/index.php\\\/cite-la-capeb-vigilante\\\/102397\\\/#primaryimage\"},\"thumbnailUrl\":\"https:\\\/\\\/batijournal.com\\\/wp-content\\\/uploads\\\/2015\\\/05\\\/99857158.jpg\",\"keywords\":[\"CAPEB\",\"cr\u00e9dit d'imp\u00f4t\",\"renovation energetique\"],\"articleSection\":[\"Actualit\u00e9s\",\"\u00c9nergie &amp; Environnement\",\"zz_Plan\u00e8te B\u00e2timent\"],\"inLanguage\":\"fr-FR\"},{\"@type\":\"WebPage\",\"@id\":\"https:\\\/\\\/batijournal.com\\\/index.php\\\/cite-la-capeb-vigilante\\\/102397\\\/\",\"url\":\"https:\\\/\\\/batijournal.com\\\/index.php\\\/cite-la-capeb-vigilante\\\/102397\\\/\",\"name\":\"CITE : Suite \u00e0 la d\u00e9claration du premier ministre la Capeb reste vigilante\",\"isPartOf\":{\"@id\":\"https:\\\/\\\/batijournal.com\\\/#website\"},\"primaryImageOfPage\":{\"@id\":\"https:\\\/\\\/batijournal.com\\\/index.php\\\/cite-la-capeb-vigilante\\\/102397\\\/#primaryimage\"},\"image\":{\"@id\":\"https:\\\/\\\/batijournal.com\\\/index.php\\\/cite-la-capeb-vigilante\\\/102397\\\/#primaryimage\"},\"thumbnailUrl\":\"https:\\\/\\\/batijournal.com\\\/wp-content\\\/uploads\\\/2015\\\/05\\\/99857158.jpg\",\"datePublished\":\"2019-06-18T06:19:50+00:00\",\"dateModified\":\"2019-07-15T10:19:44+00:00\",\"author\":{\"@id\":\"https:\\\/\\\/batijournal.com\\\/#\\\/schema\\\/person\\\/1dc96ec6957aa1ccb25ebe78bb19f100\"},\"description\":\"la CAPEB a tenu \u00e0 saluer l\u2019ambition \u00e9cologique du Gouvernement. Pour elle, la simplification des aides \u00e0 la r\u00e9novation \u00e9nerg\u00e9tique est une bonne initiative\",\"breadcrumb\":{\"@id\":\"https:\\\/\\\/batijournal.com\\\/index.php\\\/cite-la-capeb-vigilante\\\/102397\\\/#breadcrumb\"},\"inLanguage\":\"fr-FR\",\"potentialAction\":[{\"@type\":\"ReadAction\",\"target\":[\"https:\\\/\\\/batijournal.com\\\/index.php\\\/cite-la-capeb-vigilante\\\/102397\\\/\"]}]},{\"@type\":\"ImageObject\",\"inLanguage\":\"fr-FR\",\"@id\":\"https:\\\/\\\/batijournal.com\\\/index.php\\\/cite-la-capeb-vigilante\\\/102397\\\/#primaryimage\",\"url\":\"https:\\\/\\\/batijournal.com\\\/wp-content\\\/uploads\\\/2015\\\/05\\\/99857158.jpg\",\"contentUrl\":\"https:\\\/\\\/batijournal.com\\\/wp-content\\\/uploads\\\/2015\\\/05\\\/99857158.jpg\",\"width\":600,\"height\":450,\"caption\":\"r\u00e9novation logements\"},{\"@type\":\"BreadcrumbList\",\"@id\":\"https:\\\/\\\/batijournal.com\\\/index.php\\\/cite-la-capeb-vigilante\\\/102397\\\/#breadcrumb\",\"itemListElement\":[{\"@type\":\"ListItem\",\"position\":1,\"name\":\"Accueil\",\"item\":\"https:\\\/\\\/batijournal.com\\\/\"},{\"@type\":\"ListItem\",\"position\":2,\"name\":\"Actualit\u00e9s\",\"item\":\"https:\\\/\\\/batijournal.com\\\/index.php\\\/category\\\/actualites\\\/\"},{\"@type\":\"ListItem\",\"position\":3,\"name\":\"CITE : la Capeb vigilante\"}]},{\"@type\":\"WebSite\",\"@id\":\"https:\\\/\\\/batijournal.com\\\/#website\",\"url\":\"https:\\\/\\\/batijournal.com\\\/\",\"name\":\"Batijournal\",\"description\":\"L&#039;actualit\u00e9 du b\u00e2timent\",\"potentialAction\":[{\"@type\":\"SearchAction\",\"target\":{\"@type\":\"EntryPoint\",\"urlTemplate\":\"https:\\\/\\\/batijournal.com\\\/?s={search_term_string}\"},\"query-input\":{\"@type\":\"PropertyValueSpecification\",\"valueRequired\":true,\"valueName\":\"search_term_string\"}}],\"inLanguage\":\"fr-FR\"},{\"@type\":\"Person\",\"@id\":\"https:\\\/\\\/batijournal.com\\\/#\\\/schema\\\/person\\\/1dc96ec6957aa1ccb25ebe78bb19f100\",\"name\":\"St\u00e9phane Miget\",\"image\":{\"@type\":\"ImageObject\",\"inLanguage\":\"fr-FR\",\"@id\":\"https:\\\/\\\/secure.gravatar.com\\\/avatar\\\/89915563d925342126b8ef0281b93d9d7fc337043e8df017f780908eb9644451?s=96&d=mm&r=g\",\"url\":\"https:\\\/\\\/secure.gravatar.com\\\/avatar\\\/89915563d925342126b8ef0281b93d9d7fc337043e8df017f780908eb9644451?s=96&d=mm&r=g\",\"contentUrl\":\"https:\\\/\\\/secure.gravatar.com\\\/avatar\\\/89915563d925342126b8ef0281b93d9d7fc337043e8df017f780908eb9644451?s=96&d=mm&r=g\",\"caption\":\"St\u00e9phane Miget\"},\"url\":\"https:\\\/\\\/batijournal.com\\\/index.php\\\/author\\\/stephane\\\/\"}]}<\/script>\n<!-- \/ Yoast SEO plugin. -->","yoast_head_json":{"title":"CITE : Suite \u00e0 la d\u00e9claration du premier ministre la Capeb reste vigilante","description":"la CAPEB a tenu \u00e0 saluer l\u2019ambition \u00e9cologique du Gouvernement. Pour elle, la simplification des aides \u00e0 la r\u00e9novation \u00e9nerg\u00e9tique est une bonne initiative","robots":{"index":"index","follow":"follow","max-snippet":"max-snippet:-1","max-image-preview":"max-image-preview:large","max-video-preview":"max-video-preview:-1"},"canonical":"https:\/\/batijournal.com\/index.php\/cite-la-capeb-vigilante\/102397\/","og_locale":"fr_FR","og_type":"article","og_title":"CITE : Suite \u00e0 la d\u00e9claration du premier ministre la Capeb reste vigilante","og_description":"la CAPEB a tenu \u00e0 saluer l\u2019ambition \u00e9cologique du Gouvernement. Pour elle, la simplification des aides \u00e0 la r\u00e9novation \u00e9nerg\u00e9tique est une bonne initiative","og_url":"https:\/\/batijournal.com\/index.php\/cite-la-capeb-vigilante\/102397\/","og_site_name":"Batijournal","article_published_time":"2019-06-18T06:19:50+00:00","article_modified_time":"2019-07-15T10:19:44+00:00","og_image":[{"width":600,"height":450,"url":"https:\/\/batijournal.com\/wp-content\/uploads\/2015\/05\/99857158.jpg","type":"image\/jpeg"}],"author":"St\u00e9phane Miget","twitter_card":"summary_large_image","twitter_creator":"@bati_journal","twitter_site":"@bati_journal","twitter_misc":{"\u00c9crit par":"St\u00e9phane Miget","Dur\u00e9e de lecture estim\u00e9e":"2 minutes"},"schema":{"@context":"https:\/\/schema.org","@graph":[{"@type":"Article","@id":"https:\/\/batijournal.com\/index.php\/cite-la-capeb-vigilante\/102397\/#article","isPartOf":{"@id":"https:\/\/batijournal.com\/index.php\/cite-la-capeb-vigilante\/102397\/"},"author":{"name":"St\u00e9phane Miget","@id":"https:\/\/batijournal.com\/#\/schema\/person\/1dc96ec6957aa1ccb25ebe78bb19f100"},"headline":"CITE : la Capeb vigilante","datePublished":"2019-06-18T06:19:50+00:00","dateModified":"2019-07-15T10:19:44+00:00","mainEntityOfPage":{"@id":"https:\/\/batijournal.com\/index.php\/cite-la-capeb-vigilante\/102397\/"},"wordCount":311,"image":{"@id":"https:\/\/batijournal.com\/index.php\/cite-la-capeb-vigilante\/102397\/#primaryimage"},"thumbnailUrl":"https:\/\/batijournal.com\/wp-content\/uploads\/2015\/05\/99857158.jpg","keywords":["CAPEB","cr\u00e9dit d'imp\u00f4t","renovation energetique"],"articleSection":["Actualit\u00e9s","\u00c9nergie &amp; Environnement","zz_Plan\u00e8te B\u00e2timent"],"inLanguage":"fr-FR"},{"@type":"WebPage","@id":"https:\/\/batijournal.com\/index.php\/cite-la-capeb-vigilante\/102397\/","url":"https:\/\/batijournal.com\/index.php\/cite-la-capeb-vigilante\/102397\/","name":"CITE : Suite \u00e0 la d\u00e9claration du premier ministre la Capeb reste vigilante","isPartOf":{"@id":"https:\/\/batijournal.com\/#website"},"primaryImageOfPage":{"@id":"https:\/\/batijournal.com\/index.php\/cite-la-capeb-vigilante\/102397\/#primaryimage"},"image":{"@id":"https:\/\/batijournal.com\/index.php\/cite-la-capeb-vigilante\/102397\/#primaryimage"},"thumbnailUrl":"https:\/\/batijournal.com\/wp-content\/uploads\/2015\/05\/99857158.jpg","datePublished":"2019-06-18T06:19:50+00:00","dateModified":"2019-07-15T10:19:44+00:00","author":{"@id":"https:\/\/batijournal.com\/#\/schema\/person\/1dc96ec6957aa1ccb25ebe78bb19f100"},"description":"la CAPEB a tenu \u00e0 saluer l\u2019ambition \u00e9cologique du Gouvernement. Pour elle, la simplification des aides \u00e0 la r\u00e9novation \u00e9nerg\u00e9tique est une bonne initiative","breadcrumb":{"@id":"https:\/\/batijournal.com\/index.php\/cite-la-capeb-vigilante\/102397\/#breadcrumb"},"inLanguage":"fr-FR","potentialAction":[{"@type":"ReadAction","target":["https:\/\/batijournal.com\/index.php\/cite-la-capeb-vigilante\/102397\/"]}]},{"@type":"ImageObject","inLanguage":"fr-FR","@id":"https:\/\/batijournal.com\/index.php\/cite-la-capeb-vigilante\/102397\/#primaryimage","url":"https:\/\/batijournal.com\/wp-content\/uploads\/2015\/05\/99857158.jpg","contentUrl":"https:\/\/batijournal.com\/wp-content\/uploads\/2015\/05\/99857158.jpg","width":600,"height":450,"caption":"r\u00e9novation logements"},{"@type":"BreadcrumbList","@id":"https:\/\/batijournal.com\/index.php\/cite-la-capeb-vigilante\/102397\/#breadcrumb","itemListElement":[{"@type":"ListItem","position":1,"name":"Accueil","item":"https:\/\/batijournal.com\/"},{"@type":"ListItem","position":2,"name":"Actualit\u00e9s","item":"https:\/\/batijournal.com\/index.php\/category\/actualites\/"},{"@type":"ListItem","position":3,"name":"CITE : la Capeb vigilante"}]},{"@type":"WebSite","@id":"https:\/\/batijournal.com\/#website","url":"https:\/\/batijournal.com\/","name":"Batijournal","description":"L&#039;actualit\u00e9 du b\u00e2timent","potentialAction":[{"@type":"SearchAction","target":{"@type":"EntryPoint","urlTemplate":"https:\/\/batijournal.com\/?s={search_term_string}"},"query-input":{"@type":"PropertyValueSpecification","valueRequired":true,"valueName":"search_term_string"}}],"inLanguage":"fr-FR"},{"@type":"Person","@id":"https:\/\/batijournal.com\/#\/schema\/person\/1dc96ec6957aa1ccb25ebe78bb19f100","name":"St\u00e9phane Miget","image":{"@type":"ImageObject","inLanguage":"fr-FR","@id":"https:\/\/secure.gravatar.com\/avatar\/89915563d925342126b8ef0281b93d9d7fc337043e8df017f780908eb9644451?s=96&d=mm&r=g","url":"https:\/\/secure.gravatar.com\/avatar\/89915563d925342126b8ef0281b93d9d7fc337043e8df017f780908eb9644451?s=96&d=mm&r=g","contentUrl":"https:\/\/secure.gravatar.com\/avatar\/89915563d925342126b8ef0281b93d9d7fc337043e8df017f780908eb9644451?s=96&d=mm&r=g","caption":"St\u00e9phane Miget"},"url":"https:\/\/batijournal.com\/index.php\/author\/stephane\/"}]}},"_links":{"self":[{"href":"https:\/\/batijournal.com\/index.php\/wp-json\/wp\/v2\/posts\/102397","targetHints":{"allow":["GET"]}}],"collection":[{"href":"https:\/\/batijournal.com\/index.php\/wp-json\/wp\/v2\/posts"}],"about":[{"href":"https:\/\/batijournal.com\/index.php\/wp-json\/wp\/v2\/types\/post"}],"author":[{"embeddable":true,"href":"https:\/\/batijournal.com\/index.php\/wp-json\/wp\/v2\/users\/17"}],"replies":[{"embeddable":true,"href":"https:\/\/batijournal.com\/index.php\/wp-json\/wp\/v2\/comments?post=102397"}],"version-history":[{"count":0,"href":"https:\/\/batijournal.com\/index.php\/wp-json\/wp\/v2\/posts\/102397\/revisions"}],"wp:featuredmedia":[{"embeddable":true,"href":"https:\/\/batijournal.com\/index.php\/wp-json\/wp\/v2\/media\/87319"}],"wp:attachment":[{"href":"https:\/\/batijournal.com\/index.php\/wp-json\/wp\/v2\/media?parent=102397"}],"wp:term":[{"taxonomy":"category","embeddable":true,"href":"https:\/\/batijournal.com\/index.php\/wp-json\/wp\/v2\/categories?post=102397"},{"taxonomy":"post_tag","embeddable":true,"href":"https:\/\/batijournal.com\/index.php\/wp-json\/wp\/v2\/tags?post=102397"}],"curies":[{"name":"wp","href":"https:\/\/api.w.org\/{rel}","templated":true}]}}