{"id":102398,"date":"2019-06-18T08:35:05","date_gmt":"2019-06-18T06:35:05","guid":{"rendered":"https:\/\/batijournal.com\/?p=102398"},"modified":"2019-07-15T11:03:38","modified_gmt":"2019-07-15T09:03:38","slug":"logement-social-connecte","status":"publish","type":"post","link":"https:\/\/batijournal.com\/index.php\/logement-social-connecte\/102398\/","title":{"rendered":"Logement social connect\u00e9"},"content":{"rendered":"<p><strong>COMAP Smart Home permet aux bailleurs sociaux d\u2019assurer une meilleure performance \u00e9nerg\u00e9tique des logements et d\u2019optimiser la gestion de leur parc au quotidien. Sa solution de chauffage intelligente s\u00e9lectionn\u00e9e par Les R\u00e9sidences Yvelines Essonne, dans le cadre de son initiative d\u00e9veloppant le logement social connect\u00e9.<\/strong> Cette solution assure un bien-\u00eatre thermique personnalis\u00e9 et permet de r\u00e9aliser des \u00e9conomies. Le thermostat autonome n\u2019exige pas de programmation sp\u00e9cifique de la part des occupants. En effet, le syst\u00e8me fonctionne en auto-apprentissage, selon les habitudes de confort et de pr\u00e9sence des occupants : il apprend la temp\u00e9rature qu\u2019ils souhaitent dans le logement et conna\u00eet leurs habitudes gr\u00e2ce \u00e0 un capteur de pr\u00e9sence. Si l\u2019on souhaite modifier la temp\u00e9rature imm\u00e9diatement, il suffit d\u2019appuyer sur \u00ab + \u00bb ou \u00ab \u2013 \u00bb.<\/p>\n<p>Les R\u00e9sidences Yvelines Essonne propose ici un concept novateur puisque l\u2019appartement int\u00e8gre la technologie dans l\u2019habitat d\u00e8s sa conception. Au-del\u00e0 des \u00e9conomies d\u2019\u00e9nergie possibles, l\u2019approche des R\u00e9sidences Yvelines Essonne est d\u2019am\u00e9liorer le bien-\u00eatre de chacun (confort thermique, qualit\u00e9 de l\u2019air int\u00e9rieur, s\u00e9curit\u00e9\u2026). \u00ab Nous avons choisi des \u00e9quipements pens\u00e9s pour r\u00e9pondre aux probl\u00e9matiques du quotidien, en privil\u00e9giant les \u00e9quipements con\u00e7us et fabriqu\u00e9s en France \u00bb, souligne Arnaud Legros des R\u00e9sidences Yvelines Essonne. Parmi les autres solutions retenues pour ce projet, on peut citer : MCOHOME (capteur de qualit\u00e9 de l\u2019air), THE KEYS (serrure connect\u00e9e), NOLSY (visiophone), ZIPATO (tablette, prises et ampoules connect\u00e9es), DOMALYS (d\u00e9tecteur de chute pour le maintien \u00e0 domicile des s\u00e9niors)\u2026<\/p>\n","protected":false},"excerpt":{"rendered":"<p>COMAP Smart Home permet aux bailleurs sociaux d\u2019assurer une meilleure performance \u00e9nerg\u00e9tique des logements et d\u2019optimiser la gestion de leur parc au quotidien. Sa solution de chauffage intelligente s\u00e9lectionn\u00e9e par Les R\u00e9sidences Yvelines Essonne, dans le cadre de son initiative d\u00e9veloppant le logement social connect\u00e9. Cette solution assure un bien-\u00eatre thermique personnalis\u00e9 et permet de [&hellip;]<\/p>\n","protected":false},"author":17,"featured_media":102399,"comment_status":"closed","ping_status":"closed","sticky":false,"template":"","format":"standard","meta":{"_et_pb_use_builder":"","_et_pb_old_content":"","_et_gb_content_width":"","footnotes":""},"categories":[10530,6351,10778],"tags":[827],"class_list":["post-102398","post","type-post","status-publish","format-standard","has-post-thumbnail","hentry","category-actualites","category-energie-environnement","category-planete","tag-domotique-2"],"yoast_head":"<!-- This site is optimized with the Yoast SEO plugin v27.4 - https:\/\/yoast.com\/product\/yoast-seo-wordpress\/ -->\n<title>Logement social connect\u00e9 pour une meilleure performance \u00e9nerg\u00e9tique<\/title>\n<meta name=\"description\" content=\"COMAP Smart Home permet aux bailleurs sociaux d\u2019assurer une meilleure performance \u00e9nerg\u00e9tique des logements et d\u2019optimiser la gestion de leur parc\" \/>\n<meta name=\"robots\" content=\"index, follow, max-snippet:-1, max-image-preview:large, max-video-preview:-1\" \/>\n<link rel=\"canonical\" href=\"https:\/\/batijournal.com\/index.php\/logement-social-connecte\/102398\/\" \/>\n<meta property=\"og:locale\" content=\"fr_FR\" \/>\n<meta property=\"og:type\" content=\"article\" \/>\n<meta property=\"og:title\" content=\"Logement social connect\u00e9 pour une meilleure performance \u00e9nerg\u00e9tique\" \/>\n<meta property=\"og:description\" content=\"COMAP Smart Home permet aux bailleurs sociaux d\u2019assurer une meilleure performance \u00e9nerg\u00e9tique des logements et d\u2019optimiser la gestion de leur parc\" \/>\n<meta property=\"og:url\" content=\"https:\/\/batijournal.com\/index.php\/logement-social-connecte\/102398\/\" \/>\n<meta property=\"og:site_name\" content=\"Batijournal\" \/>\n<meta property=\"article:published_time\" content=\"2019-06-18T06:35:05+00:00\" \/>\n<meta property=\"article:modified_time\" content=\"2019-07-15T09:03:38+00:00\" \/>\n<meta property=\"og:image\" content=\"https:\/\/batijournal.com\/wp-content\/uploads\/2019\/06\/comap-smarthome.jpg\" \/>\n\t<meta property=\"og:image:width\" content=\"2728\" \/>\n\t<meta property=\"og:image:height\" content=\"1565\" \/>\n\t<meta property=\"og:image:type\" content=\"image\/jpeg\" \/>\n<meta name=\"author\" content=\"St\u00e9phane Miget\" \/>\n<meta name=\"twitter:card\" content=\"summary_large_image\" \/>\n<meta name=\"twitter:creator\" content=\"@bati_journal\" \/>\n<meta name=\"twitter:site\" content=\"@bati_journal\" \/>\n<meta name=\"twitter:label1\" content=\"\u00c9crit par\" \/>\n\t<meta name=\"twitter:data1\" content=\"St\u00e9phane Miget\" \/>\n\t<meta name=\"twitter:label2\" content=\"Dur\u00e9e de lecture estim\u00e9e\" \/>\n\t<meta name=\"twitter:data2\" content=\"1 minute\" \/>\n<script type=\"application\/ld+json\" class=\"yoast-schema-graph\">{\"@context\":\"https:\\\/\\\/schema.org\",\"@graph\":[{\"@type\":\"Article\",\"@id\":\"https:\\\/\\\/batijournal.com\\\/index.php\\\/logement-social-connecte\\\/102398\\\/#article\",\"isPartOf\":{\"@id\":\"https:\\\/\\\/batijournal.com\\\/index.php\\\/logement-social-connecte\\\/102398\\\/\"},\"author\":{\"name\":\"St\u00e9phane Miget\",\"@id\":\"https:\\\/\\\/batijournal.com\\\/#\\\/schema\\\/person\\\/1dc96ec6957aa1ccb25ebe78bb19f100\"},\"headline\":\"Logement social connect\u00e9\",\"datePublished\":\"2019-06-18T06:35:05+00:00\",\"dateModified\":\"2019-07-15T09:03:38+00:00\",\"mainEntityOfPage\":{\"@id\":\"https:\\\/\\\/batijournal.com\\\/index.php\\\/logement-social-connecte\\\/102398\\\/\"},\"wordCount\":278,\"image\":{\"@id\":\"https:\\\/\\\/batijournal.com\\\/index.php\\\/logement-social-connecte\\\/102398\\\/#primaryimage\"},\"thumbnailUrl\":\"https:\\\/\\\/batijournal.com\\\/wp-content\\\/uploads\\\/2019\\\/06\\\/comap-smarthome.jpg\",\"keywords\":[\"domotique\"],\"articleSection\":[\"Actualit\u00e9s\",\"\u00c9nergie &amp; Environnement\",\"zz_Plan\u00e8te B\u00e2timent\"],\"inLanguage\":\"fr-FR\"},{\"@type\":\"WebPage\",\"@id\":\"https:\\\/\\\/batijournal.com\\\/index.php\\\/logement-social-connecte\\\/102398\\\/\",\"url\":\"https:\\\/\\\/batijournal.com\\\/index.php\\\/logement-social-connecte\\\/102398\\\/\",\"name\":\"Logement social connect\u00e9 pour une meilleure performance \u00e9nerg\u00e9tique\",\"isPartOf\":{\"@id\":\"https:\\\/\\\/batijournal.com\\\/#website\"},\"primaryImageOfPage\":{\"@id\":\"https:\\\/\\\/batijournal.com\\\/index.php\\\/logement-social-connecte\\\/102398\\\/#primaryimage\"},\"image\":{\"@id\":\"https:\\\/\\\/batijournal.com\\\/index.php\\\/logement-social-connecte\\\/102398\\\/#primaryimage\"},\"thumbnailUrl\":\"https:\\\/\\\/batijournal.com\\\/wp-content\\\/uploads\\\/2019\\\/06\\\/comap-smarthome.jpg\",\"datePublished\":\"2019-06-18T06:35:05+00:00\",\"dateModified\":\"2019-07-15T09:03:38+00:00\",\"author\":{\"@id\":\"https:\\\/\\\/batijournal.com\\\/#\\\/schema\\\/person\\\/1dc96ec6957aa1ccb25ebe78bb19f100\"},\"description\":\"COMAP Smart Home permet aux bailleurs sociaux d\u2019assurer une meilleure performance \u00e9nerg\u00e9tique des logements et d\u2019optimiser la gestion de leur parc\",\"breadcrumb\":{\"@id\":\"https:\\\/\\\/batijournal.com\\\/index.php\\\/logement-social-connecte\\\/102398\\\/#breadcrumb\"},\"inLanguage\":\"fr-FR\",\"potentialAction\":[{\"@type\":\"ReadAction\",\"target\":[\"https:\\\/\\\/batijournal.com\\\/index.php\\\/logement-social-connecte\\\/102398\\\/\"]}]},{\"@type\":\"ImageObject\",\"inLanguage\":\"fr-FR\",\"@id\":\"https:\\\/\\\/batijournal.com\\\/index.php\\\/logement-social-connecte\\\/102398\\\/#primaryimage\",\"url\":\"https:\\\/\\\/batijournal.com\\\/wp-content\\\/uploads\\\/2019\\\/06\\\/comap-smarthome.jpg\",\"contentUrl\":\"https:\\\/\\\/batijournal.com\\\/wp-content\\\/uploads\\\/2019\\\/06\\\/comap-smarthome.jpg\",\"width\":2728,\"height\":1565},{\"@type\":\"BreadcrumbList\",\"@id\":\"https:\\\/\\\/batijournal.com\\\/index.php\\\/logement-social-connecte\\\/102398\\\/#breadcrumb\",\"itemListElement\":[{\"@type\":\"ListItem\",\"position\":1,\"name\":\"Accueil\",\"item\":\"https:\\\/\\\/batijournal.com\\\/\"},{\"@type\":\"ListItem\",\"position\":2,\"name\":\"Actualit\u00e9s\",\"item\":\"https:\\\/\\\/batijournal.com\\\/index.php\\\/category\\\/actualites\\\/\"},{\"@type\":\"ListItem\",\"position\":3,\"name\":\"Logement social connect\u00e9\"}]},{\"@type\":\"WebSite\",\"@id\":\"https:\\\/\\\/batijournal.com\\\/#website\",\"url\":\"https:\\\/\\\/batijournal.com\\\/\",\"name\":\"Batijournal\",\"description\":\"L&#039;actualit\u00e9 du b\u00e2timent\",\"potentialAction\":[{\"@type\":\"SearchAction\",\"target\":{\"@type\":\"EntryPoint\",\"urlTemplate\":\"https:\\\/\\\/batijournal.com\\\/?s={search_term_string}\"},\"query-input\":{\"@type\":\"PropertyValueSpecification\",\"valueRequired\":true,\"valueName\":\"search_term_string\"}}],\"inLanguage\":\"fr-FR\"},{\"@type\":\"Person\",\"@id\":\"https:\\\/\\\/batijournal.com\\\/#\\\/schema\\\/person\\\/1dc96ec6957aa1ccb25ebe78bb19f100\",\"name\":\"St\u00e9phane Miget\",\"image\":{\"@type\":\"ImageObject\",\"inLanguage\":\"fr-FR\",\"@id\":\"https:\\\/\\\/secure.gravatar.com\\\/avatar\\\/89915563d925342126b8ef0281b93d9d7fc337043e8df017f780908eb9644451?s=96&d=mm&r=g\",\"url\":\"https:\\\/\\\/secure.gravatar.com\\\/avatar\\\/89915563d925342126b8ef0281b93d9d7fc337043e8df017f780908eb9644451?s=96&d=mm&r=g\",\"contentUrl\":\"https:\\\/\\\/secure.gravatar.com\\\/avatar\\\/89915563d925342126b8ef0281b93d9d7fc337043e8df017f780908eb9644451?s=96&d=mm&r=g\",\"caption\":\"St\u00e9phane Miget\"},\"url\":\"https:\\\/\\\/batijournal.com\\\/index.php\\\/author\\\/stephane\\\/\"}]}<\/script>\n<!-- \/ Yoast SEO plugin. -->","yoast_head_json":{"title":"Logement social connect\u00e9 pour une meilleure performance \u00e9nerg\u00e9tique","description":"COMAP Smart Home permet aux bailleurs sociaux d\u2019assurer une meilleure performance \u00e9nerg\u00e9tique des logements et d\u2019optimiser la gestion de leur parc","robots":{"index":"index","follow":"follow","max-snippet":"max-snippet:-1","max-image-preview":"max-image-preview:large","max-video-preview":"max-video-preview:-1"},"canonical":"https:\/\/batijournal.com\/index.php\/logement-social-connecte\/102398\/","og_locale":"fr_FR","og_type":"article","og_title":"Logement social connect\u00e9 pour une meilleure performance \u00e9nerg\u00e9tique","og_description":"COMAP Smart Home permet aux bailleurs sociaux d\u2019assurer une meilleure performance \u00e9nerg\u00e9tique des logements et d\u2019optimiser la gestion de leur parc","og_url":"https:\/\/batijournal.com\/index.php\/logement-social-connecte\/102398\/","og_site_name":"Batijournal","article_published_time":"2019-06-18T06:35:05+00:00","article_modified_time":"2019-07-15T09:03:38+00:00","og_image":[{"width":2728,"height":1565,"url":"https:\/\/batijournal.com\/wp-content\/uploads\/2019\/06\/comap-smarthome.jpg","type":"image\/jpeg"}],"author":"St\u00e9phane Miget","twitter_card":"summary_large_image","twitter_creator":"@bati_journal","twitter_site":"@bati_journal","twitter_misc":{"\u00c9crit par":"St\u00e9phane Miget","Dur\u00e9e de lecture estim\u00e9e":"1 minute"},"schema":{"@context":"https:\/\/schema.org","@graph":[{"@type":"Article","@id":"https:\/\/batijournal.com\/index.php\/logement-social-connecte\/102398\/#article","isPartOf":{"@id":"https:\/\/batijournal.com\/index.php\/logement-social-connecte\/102398\/"},"author":{"name":"St\u00e9phane Miget","@id":"https:\/\/batijournal.com\/#\/schema\/person\/1dc96ec6957aa1ccb25ebe78bb19f100"},"headline":"Logement social connect\u00e9","datePublished":"2019-06-18T06:35:05+00:00","dateModified":"2019-07-15T09:03:38+00:00","mainEntityOfPage":{"@id":"https:\/\/batijournal.com\/index.php\/logement-social-connecte\/102398\/"},"wordCount":278,"image":{"@id":"https:\/\/batijournal.com\/index.php\/logement-social-connecte\/102398\/#primaryimage"},"thumbnailUrl":"https:\/\/batijournal.com\/wp-content\/uploads\/2019\/06\/comap-smarthome.jpg","keywords":["domotique"],"articleSection":["Actualit\u00e9s","\u00c9nergie &amp; Environnement","zz_Plan\u00e8te B\u00e2timent"],"inLanguage":"fr-FR"},{"@type":"WebPage","@id":"https:\/\/batijournal.com\/index.php\/logement-social-connecte\/102398\/","url":"https:\/\/batijournal.com\/index.php\/logement-social-connecte\/102398\/","name":"Logement social connect\u00e9 pour une meilleure performance \u00e9nerg\u00e9tique","isPartOf":{"@id":"https:\/\/batijournal.com\/#website"},"primaryImageOfPage":{"@id":"https:\/\/batijournal.com\/index.php\/logement-social-connecte\/102398\/#primaryimage"},"image":{"@id":"https:\/\/batijournal.com\/index.php\/logement-social-connecte\/102398\/#primaryimage"},"thumbnailUrl":"https:\/\/batijournal.com\/wp-content\/uploads\/2019\/06\/comap-smarthome.jpg","datePublished":"2019-06-18T06:35:05+00:00","dateModified":"2019-07-15T09:03:38+00:00","author":{"@id":"https:\/\/batijournal.com\/#\/schema\/person\/1dc96ec6957aa1ccb25ebe78bb19f100"},"description":"COMAP Smart Home permet aux bailleurs sociaux d\u2019assurer une meilleure performance \u00e9nerg\u00e9tique des logements et d\u2019optimiser la gestion de leur parc","breadcrumb":{"@id":"https:\/\/batijournal.com\/index.php\/logement-social-connecte\/102398\/#breadcrumb"},"inLanguage":"fr-FR","potentialAction":[{"@type":"ReadAction","target":["https:\/\/batijournal.com\/index.php\/logement-social-connecte\/102398\/"]}]},{"@type":"ImageObject","inLanguage":"fr-FR","@id":"https:\/\/batijournal.com\/index.php\/logement-social-connecte\/102398\/#primaryimage","url":"https:\/\/batijournal.com\/wp-content\/uploads\/2019\/06\/comap-smarthome.jpg","contentUrl":"https:\/\/batijournal.com\/wp-content\/uploads\/2019\/06\/comap-smarthome.jpg","width":2728,"height":1565},{"@type":"BreadcrumbList","@id":"https:\/\/batijournal.com\/index.php\/logement-social-connecte\/102398\/#breadcrumb","itemListElement":[{"@type":"ListItem","position":1,"name":"Accueil","item":"https:\/\/batijournal.com\/"},{"@type":"ListItem","position":2,"name":"Actualit\u00e9s","item":"https:\/\/batijournal.com\/index.php\/category\/actualites\/"},{"@type":"ListItem","position":3,"name":"Logement social connect\u00e9"}]},{"@type":"WebSite","@id":"https:\/\/batijournal.com\/#website","url":"https:\/\/batijournal.com\/","name":"Batijournal","description":"L&#039;actualit\u00e9 du b\u00e2timent","potentialAction":[{"@type":"SearchAction","target":{"@type":"EntryPoint","urlTemplate":"https:\/\/batijournal.com\/?s={search_term_string}"},"query-input":{"@type":"PropertyValueSpecification","valueRequired":true,"valueName":"search_term_string"}}],"inLanguage":"fr-FR"},{"@type":"Person","@id":"https:\/\/batijournal.com\/#\/schema\/person\/1dc96ec6957aa1ccb25ebe78bb19f100","name":"St\u00e9phane Miget","image":{"@type":"ImageObject","inLanguage":"fr-FR","@id":"https:\/\/secure.gravatar.com\/avatar\/89915563d925342126b8ef0281b93d9d7fc337043e8df017f780908eb9644451?s=96&d=mm&r=g","url":"https:\/\/secure.gravatar.com\/avatar\/89915563d925342126b8ef0281b93d9d7fc337043e8df017f780908eb9644451?s=96&d=mm&r=g","contentUrl":"https:\/\/secure.gravatar.com\/avatar\/89915563d925342126b8ef0281b93d9d7fc337043e8df017f780908eb9644451?s=96&d=mm&r=g","caption":"St\u00e9phane Miget"},"url":"https:\/\/batijournal.com\/index.php\/author\/stephane\/"}]}},"_links":{"self":[{"href":"https:\/\/batijournal.com\/index.php\/wp-json\/wp\/v2\/posts\/102398","targetHints":{"allow":["GET"]}}],"collection":[{"href":"https:\/\/batijournal.com\/index.php\/wp-json\/wp\/v2\/posts"}],"about":[{"href":"https:\/\/batijournal.com\/index.php\/wp-json\/wp\/v2\/types\/post"}],"author":[{"embeddable":true,"href":"https:\/\/batijournal.com\/index.php\/wp-json\/wp\/v2\/users\/17"}],"replies":[{"embeddable":true,"href":"https:\/\/batijournal.com\/index.php\/wp-json\/wp\/v2\/comments?post=102398"}],"version-history":[{"count":0,"href":"https:\/\/batijournal.com\/index.php\/wp-json\/wp\/v2\/posts\/102398\/revisions"}],"wp:featuredmedia":[{"embeddable":true,"href":"https:\/\/batijournal.com\/index.php\/wp-json\/wp\/v2\/media\/102399"}],"wp:attachment":[{"href":"https:\/\/batijournal.com\/index.php\/wp-json\/wp\/v2\/media?parent=102398"}],"wp:term":[{"taxonomy":"category","embeddable":true,"href":"https:\/\/batijournal.com\/index.php\/wp-json\/wp\/v2\/categories?post=102398"},{"taxonomy":"post_tag","embeddable":true,"href":"https:\/\/batijournal.com\/index.php\/wp-json\/wp\/v2\/tags?post=102398"}],"curies":[{"name":"wp","href":"https:\/\/api.w.org\/{rel}","templated":true}]}}