{"id":102400,"date":"2019-06-18T08:41:23","date_gmt":"2019-06-18T06:41:23","guid":{"rendered":"https:\/\/batijournal.com\/?p=102400"},"modified":"2019-07-15T12:21:49","modified_gmt":"2019-07-15T10:21:49","slug":"14-projets-de-production-denergie-a-partir-de-dechets-non-recyclables","status":"publish","type":"post","link":"https:\/\/batijournal.com\/index.php\/14-projets-de-production-denergie-a-partir-de-dechets-non-recyclables\/102400\/","title":{"rendered":"14 projets de production d\u2019\u00e9nergie \u00e0 partir de d\u00e9chets non-recyclables"},"content":{"rendered":"<p>Le Comit\u00e9 Strat\u00e9gique de la Fili\u00e8re \u00ab Transformation et Valorisation des D\u00e9chets \u00bb, dont le contrat a \u00e9t\u00e9 sign\u00e9 le 18 janvier 2019 sous l\u2019\u00e9gide du Conseil National de l\u2019Industrie (CNI) entre le minist\u00e8re de la Transition \u00e9cologique et solidaire, le minist\u00e8re de l\u2019\u00c9conomie et des Finances et la fili\u00e8re de valorisation des d\u00e9chets repr\u00e9sent\u00e9e par la Conf\u00e9d\u00e9ration des M\u00e9tiers de l\u2019Environnement (CME), s\u2019engage dans le d\u00e9veloppement de la fili\u00e8re industrielle des combustibles solides de r\u00e9cup\u00e9ration (CSR), \u00e0 travers 14 projets r\u00e9partis sur le territoire. Les 14 projets industriels ont \u00e9t\u00e9 identifi\u00e9s suite \u00e0 un Appel \u00e0 Manifestation d\u2019Int\u00e9r\u00eat. Ces projets sont port\u00e9s par des acteurs de la fili\u00e8re d\u00e9chets, mais aussi plus largement par des acteurs de l\u2019\u00e9nergie. Ils feront l\u2019objet d\u2019un suivi sp\u00e9cifique, par la CME et la fili\u00e8re ainsi que par l\u2019Etat. L\u2019\u00e9nergie produite se substituera \u00e0 des \u00e9nergies fossiles, ce qui permettra l\u2019\u00e9conomie de 350 000 tonnes d\u2019\u00e9quivalent CO2 chaque ann\u00e9e. Situ\u00e9s sur l\u2019ensemble du territoire fran\u00e7ais, ils repr\u00e9sentent 320 MW de puissance install\u00e9e, ce qui, sous forme de chaleur, permettrait de chauffer une ville de 1 200 000 habitants, \u00e9quivalent \u00e0 la somme des r\u00e9seaux de chaleur de Lyon, Grenoble et Toulouse.<\/p>\n","protected":false},"excerpt":{"rendered":"<p>Le Comit\u00e9 Strat\u00e9gique de la Fili\u00e8re \u00ab Transformation et Valorisation des D\u00e9chets \u00bb, dont le contrat a \u00e9t\u00e9 sign\u00e9 le 18 janvier 2019 sous l\u2019\u00e9gide du Conseil National de l\u2019Industrie (CNI) entre le minist\u00e8re de la Transition \u00e9cologique et solidaire, le minist\u00e8re de l\u2019\u00c9conomie et des Finances et la fili\u00e8re de valorisation des d\u00e9chets repr\u00e9sent\u00e9e [&hellip;]<\/p>\n","protected":false},"author":17,"featured_media":85146,"comment_status":"closed","ping_status":"closed","sticky":false,"template":"","format":"standard","meta":{"_et_pb_use_builder":"","_et_pb_old_content":"","_et_gb_content_width":"","footnotes":""},"categories":[10530,6351,10778],"tags":[1211],"class_list":["post-102400","post","type-post","status-publish","format-standard","has-post-thumbnail","hentry","category-actualites","category-energie-environnement","category-planete","tag-dechets"],"yoast_head":"<!-- This site is optimized with the Yoast SEO plugin v27.4 - https:\/\/yoast.com\/product\/yoast-seo-wordpress\/ -->\n<title>14 projets de production d\u2019\u00e9nergie \u00e0 partir de d\u00e9chets non-recyclables<\/title>\n<meta name=\"description\" content=\"Le Comit\u00e9 Strat\u00e9gique de la Fili\u00e8re \u00ab Transformation et Valorisation des D\u00e9chets \u00bb s\u2019engage dans le d\u00e9veloppement des combustibles solides de r\u00e9cup\u00e9ration\" \/>\n<meta name=\"robots\" content=\"index, follow, max-snippet:-1, max-image-preview:large, max-video-preview:-1\" \/>\n<link rel=\"canonical\" href=\"https:\/\/batijournal.com\/index.php\/14-projets-de-production-denergie-a-partir-de-dechets-non-recyclables\/102400\/\" \/>\n<meta property=\"og:locale\" content=\"fr_FR\" \/>\n<meta property=\"og:type\" content=\"article\" \/>\n<meta property=\"og:title\" content=\"14 projets de production d\u2019\u00e9nergie \u00e0 partir de d\u00e9chets non-recyclables\" \/>\n<meta property=\"og:description\" content=\"Le Comit\u00e9 Strat\u00e9gique de la Fili\u00e8re \u00ab Transformation et Valorisation des D\u00e9chets \u00bb s\u2019engage dans le d\u00e9veloppement des combustibles solides de r\u00e9cup\u00e9ration\" \/>\n<meta property=\"og:url\" content=\"https:\/\/batijournal.com\/index.php\/14-projets-de-production-denergie-a-partir-de-dechets-non-recyclables\/102400\/\" \/>\n<meta property=\"og:site_name\" content=\"Batijournal\" \/>\n<meta property=\"article:published_time\" content=\"2019-06-18T06:41:23+00:00\" \/>\n<meta property=\"article:modified_time\" content=\"2019-07-15T10:21:49+00:00\" \/>\n<meta property=\"og:image\" content=\"https:\/\/batijournal.com\/wp-content\/uploads\/2015\/03\/96487501.jpg\" \/>\n\t<meta property=\"og:image:width\" content=\"599\" \/>\n\t<meta property=\"og:image:height\" content=\"382\" \/>\n\t<meta property=\"og:image:type\" content=\"image\/jpeg\" \/>\n<meta name=\"author\" content=\"St\u00e9phane Miget\" \/>\n<meta name=\"twitter:card\" content=\"summary_large_image\" \/>\n<meta name=\"twitter:creator\" content=\"@bati_journal\" \/>\n<meta name=\"twitter:site\" content=\"@bati_journal\" \/>\n<meta name=\"twitter:label1\" content=\"\u00c9crit par\" \/>\n\t<meta name=\"twitter:data1\" content=\"St\u00e9phane Miget\" \/>\n\t<meta name=\"twitter:label2\" content=\"Dur\u00e9e de lecture estim\u00e9e\" \/>\n\t<meta name=\"twitter:data2\" content=\"1 minute\" \/>\n<script type=\"application\/ld+json\" class=\"yoast-schema-graph\">{\"@context\":\"https:\\\/\\\/schema.org\",\"@graph\":[{\"@type\":\"Article\",\"@id\":\"https:\\\/\\\/batijournal.com\\\/index.php\\\/14-projets-de-production-denergie-a-partir-de-dechets-non-recyclables\\\/102400\\\/#article\",\"isPartOf\":{\"@id\":\"https:\\\/\\\/batijournal.com\\\/index.php\\\/14-projets-de-production-denergie-a-partir-de-dechets-non-recyclables\\\/102400\\\/\"},\"author\":{\"name\":\"St\u00e9phane Miget\",\"@id\":\"https:\\\/\\\/batijournal.com\\\/#\\\/schema\\\/person\\\/1dc96ec6957aa1ccb25ebe78bb19f100\"},\"headline\":\"14 projets de production d\u2019\u00e9nergie \u00e0 partir de d\u00e9chets non-recyclables\",\"datePublished\":\"2019-06-18T06:41:23+00:00\",\"dateModified\":\"2019-07-15T10:21:49+00:00\",\"mainEntityOfPage\":{\"@id\":\"https:\\\/\\\/batijournal.com\\\/index.php\\\/14-projets-de-production-denergie-a-partir-de-dechets-non-recyclables\\\/102400\\\/\"},\"wordCount\":235,\"image\":{\"@id\":\"https:\\\/\\\/batijournal.com\\\/index.php\\\/14-projets-de-production-denergie-a-partir-de-dechets-non-recyclables\\\/102400\\\/#primaryimage\"},\"thumbnailUrl\":\"https:\\\/\\\/batijournal.com\\\/wp-content\\\/uploads\\\/2015\\\/03\\\/96487501.jpg\",\"keywords\":[\"d\u00e9chets\"],\"articleSection\":[\"Actualit\u00e9s\",\"\u00c9nergie &amp; Environnement\",\"zz_Plan\u00e8te B\u00e2timent\"],\"inLanguage\":\"fr-FR\"},{\"@type\":\"WebPage\",\"@id\":\"https:\\\/\\\/batijournal.com\\\/index.php\\\/14-projets-de-production-denergie-a-partir-de-dechets-non-recyclables\\\/102400\\\/\",\"url\":\"https:\\\/\\\/batijournal.com\\\/index.php\\\/14-projets-de-production-denergie-a-partir-de-dechets-non-recyclables\\\/102400\\\/\",\"name\":\"14 projets de production d\u2019\u00e9nergie \u00e0 partir de d\u00e9chets non-recyclables\",\"isPartOf\":{\"@id\":\"https:\\\/\\\/batijournal.com\\\/#website\"},\"primaryImageOfPage\":{\"@id\":\"https:\\\/\\\/batijournal.com\\\/index.php\\\/14-projets-de-production-denergie-a-partir-de-dechets-non-recyclables\\\/102400\\\/#primaryimage\"},\"image\":{\"@id\":\"https:\\\/\\\/batijournal.com\\\/index.php\\\/14-projets-de-production-denergie-a-partir-de-dechets-non-recyclables\\\/102400\\\/#primaryimage\"},\"thumbnailUrl\":\"https:\\\/\\\/batijournal.com\\\/wp-content\\\/uploads\\\/2015\\\/03\\\/96487501.jpg\",\"datePublished\":\"2019-06-18T06:41:23+00:00\",\"dateModified\":\"2019-07-15T10:21:49+00:00\",\"author\":{\"@id\":\"https:\\\/\\\/batijournal.com\\\/#\\\/schema\\\/person\\\/1dc96ec6957aa1ccb25ebe78bb19f100\"},\"description\":\"Le Comit\u00e9 Strat\u00e9gique de la Fili\u00e8re \u00ab Transformation et Valorisation des D\u00e9chets \u00bb s\u2019engage dans le d\u00e9veloppement des combustibles solides de r\u00e9cup\u00e9ration\",\"breadcrumb\":{\"@id\":\"https:\\\/\\\/batijournal.com\\\/index.php\\\/14-projets-de-production-denergie-a-partir-de-dechets-non-recyclables\\\/102400\\\/#breadcrumb\"},\"inLanguage\":\"fr-FR\",\"potentialAction\":[{\"@type\":\"ReadAction\",\"target\":[\"https:\\\/\\\/batijournal.com\\\/index.php\\\/14-projets-de-production-denergie-a-partir-de-dechets-non-recyclables\\\/102400\\\/\"]}]},{\"@type\":\"ImageObject\",\"inLanguage\":\"fr-FR\",\"@id\":\"https:\\\/\\\/batijournal.com\\\/index.php\\\/14-projets-de-production-denergie-a-partir-de-dechets-non-recyclables\\\/102400\\\/#primaryimage\",\"url\":\"https:\\\/\\\/batijournal.com\\\/wp-content\\\/uploads\\\/2015\\\/03\\\/96487501.jpg\",\"contentUrl\":\"https:\\\/\\\/batijournal.com\\\/wp-content\\\/uploads\\\/2015\\\/03\\\/96487501.jpg\",\"width\":599,\"height\":382,\"caption\":\"d\u00e9chets de chantier\"},{\"@type\":\"BreadcrumbList\",\"@id\":\"https:\\\/\\\/batijournal.com\\\/index.php\\\/14-projets-de-production-denergie-a-partir-de-dechets-non-recyclables\\\/102400\\\/#breadcrumb\",\"itemListElement\":[{\"@type\":\"ListItem\",\"position\":1,\"name\":\"Accueil\",\"item\":\"https:\\\/\\\/batijournal.com\\\/\"},{\"@type\":\"ListItem\",\"position\":2,\"name\":\"Actualit\u00e9s\",\"item\":\"https:\\\/\\\/batijournal.com\\\/index.php\\\/category\\\/actualites\\\/\"},{\"@type\":\"ListItem\",\"position\":3,\"name\":\"14 projets de production d\u2019\u00e9nergie \u00e0 partir de d\u00e9chets non-recyclables\"}]},{\"@type\":\"WebSite\",\"@id\":\"https:\\\/\\\/batijournal.com\\\/#website\",\"url\":\"https:\\\/\\\/batijournal.com\\\/\",\"name\":\"Batijournal\",\"description\":\"L&#039;actualit\u00e9 du b\u00e2timent\",\"potentialAction\":[{\"@type\":\"SearchAction\",\"target\":{\"@type\":\"EntryPoint\",\"urlTemplate\":\"https:\\\/\\\/batijournal.com\\\/?s={search_term_string}\"},\"query-input\":{\"@type\":\"PropertyValueSpecification\",\"valueRequired\":true,\"valueName\":\"search_term_string\"}}],\"inLanguage\":\"fr-FR\"},{\"@type\":\"Person\",\"@id\":\"https:\\\/\\\/batijournal.com\\\/#\\\/schema\\\/person\\\/1dc96ec6957aa1ccb25ebe78bb19f100\",\"name\":\"St\u00e9phane Miget\",\"image\":{\"@type\":\"ImageObject\",\"inLanguage\":\"fr-FR\",\"@id\":\"https:\\\/\\\/secure.gravatar.com\\\/avatar\\\/89915563d925342126b8ef0281b93d9d7fc337043e8df017f780908eb9644451?s=96&d=mm&r=g\",\"url\":\"https:\\\/\\\/secure.gravatar.com\\\/avatar\\\/89915563d925342126b8ef0281b93d9d7fc337043e8df017f780908eb9644451?s=96&d=mm&r=g\",\"contentUrl\":\"https:\\\/\\\/secure.gravatar.com\\\/avatar\\\/89915563d925342126b8ef0281b93d9d7fc337043e8df017f780908eb9644451?s=96&d=mm&r=g\",\"caption\":\"St\u00e9phane Miget\"},\"url\":\"https:\\\/\\\/batijournal.com\\\/index.php\\\/author\\\/stephane\\\/\"}]}<\/script>\n<!-- \/ Yoast SEO plugin. -->","yoast_head_json":{"title":"14 projets de production d\u2019\u00e9nergie \u00e0 partir de d\u00e9chets non-recyclables","description":"Le Comit\u00e9 Strat\u00e9gique de la Fili\u00e8re \u00ab Transformation et Valorisation des D\u00e9chets \u00bb s\u2019engage dans le d\u00e9veloppement des combustibles solides de r\u00e9cup\u00e9ration","robots":{"index":"index","follow":"follow","max-snippet":"max-snippet:-1","max-image-preview":"max-image-preview:large","max-video-preview":"max-video-preview:-1"},"canonical":"https:\/\/batijournal.com\/index.php\/14-projets-de-production-denergie-a-partir-de-dechets-non-recyclables\/102400\/","og_locale":"fr_FR","og_type":"article","og_title":"14 projets de production d\u2019\u00e9nergie \u00e0 partir de d\u00e9chets non-recyclables","og_description":"Le Comit\u00e9 Strat\u00e9gique de la Fili\u00e8re \u00ab Transformation et Valorisation des D\u00e9chets \u00bb s\u2019engage dans le d\u00e9veloppement des combustibles solides de r\u00e9cup\u00e9ration","og_url":"https:\/\/batijournal.com\/index.php\/14-projets-de-production-denergie-a-partir-de-dechets-non-recyclables\/102400\/","og_site_name":"Batijournal","article_published_time":"2019-06-18T06:41:23+00:00","article_modified_time":"2019-07-15T10:21:49+00:00","og_image":[{"width":599,"height":382,"url":"https:\/\/batijournal.com\/wp-content\/uploads\/2015\/03\/96487501.jpg","type":"image\/jpeg"}],"author":"St\u00e9phane Miget","twitter_card":"summary_large_image","twitter_creator":"@bati_journal","twitter_site":"@bati_journal","twitter_misc":{"\u00c9crit par":"St\u00e9phane Miget","Dur\u00e9e de lecture estim\u00e9e":"1 minute"},"schema":{"@context":"https:\/\/schema.org","@graph":[{"@type":"Article","@id":"https:\/\/batijournal.com\/index.php\/14-projets-de-production-denergie-a-partir-de-dechets-non-recyclables\/102400\/#article","isPartOf":{"@id":"https:\/\/batijournal.com\/index.php\/14-projets-de-production-denergie-a-partir-de-dechets-non-recyclables\/102400\/"},"author":{"name":"St\u00e9phane Miget","@id":"https:\/\/batijournal.com\/#\/schema\/person\/1dc96ec6957aa1ccb25ebe78bb19f100"},"headline":"14 projets de production d\u2019\u00e9nergie \u00e0 partir de d\u00e9chets non-recyclables","datePublished":"2019-06-18T06:41:23+00:00","dateModified":"2019-07-15T10:21:49+00:00","mainEntityOfPage":{"@id":"https:\/\/batijournal.com\/index.php\/14-projets-de-production-denergie-a-partir-de-dechets-non-recyclables\/102400\/"},"wordCount":235,"image":{"@id":"https:\/\/batijournal.com\/index.php\/14-projets-de-production-denergie-a-partir-de-dechets-non-recyclables\/102400\/#primaryimage"},"thumbnailUrl":"https:\/\/batijournal.com\/wp-content\/uploads\/2015\/03\/96487501.jpg","keywords":["d\u00e9chets"],"articleSection":["Actualit\u00e9s","\u00c9nergie &amp; Environnement","zz_Plan\u00e8te B\u00e2timent"],"inLanguage":"fr-FR"},{"@type":"WebPage","@id":"https:\/\/batijournal.com\/index.php\/14-projets-de-production-denergie-a-partir-de-dechets-non-recyclables\/102400\/","url":"https:\/\/batijournal.com\/index.php\/14-projets-de-production-denergie-a-partir-de-dechets-non-recyclables\/102400\/","name":"14 projets de production d\u2019\u00e9nergie \u00e0 partir de d\u00e9chets non-recyclables","isPartOf":{"@id":"https:\/\/batijournal.com\/#website"},"primaryImageOfPage":{"@id":"https:\/\/batijournal.com\/index.php\/14-projets-de-production-denergie-a-partir-de-dechets-non-recyclables\/102400\/#primaryimage"},"image":{"@id":"https:\/\/batijournal.com\/index.php\/14-projets-de-production-denergie-a-partir-de-dechets-non-recyclables\/102400\/#primaryimage"},"thumbnailUrl":"https:\/\/batijournal.com\/wp-content\/uploads\/2015\/03\/96487501.jpg","datePublished":"2019-06-18T06:41:23+00:00","dateModified":"2019-07-15T10:21:49+00:00","author":{"@id":"https:\/\/batijournal.com\/#\/schema\/person\/1dc96ec6957aa1ccb25ebe78bb19f100"},"description":"Le Comit\u00e9 Strat\u00e9gique de la Fili\u00e8re \u00ab Transformation et Valorisation des D\u00e9chets \u00bb s\u2019engage dans le d\u00e9veloppement des combustibles solides de r\u00e9cup\u00e9ration","breadcrumb":{"@id":"https:\/\/batijournal.com\/index.php\/14-projets-de-production-denergie-a-partir-de-dechets-non-recyclables\/102400\/#breadcrumb"},"inLanguage":"fr-FR","potentialAction":[{"@type":"ReadAction","target":["https:\/\/batijournal.com\/index.php\/14-projets-de-production-denergie-a-partir-de-dechets-non-recyclables\/102400\/"]}]},{"@type":"ImageObject","inLanguage":"fr-FR","@id":"https:\/\/batijournal.com\/index.php\/14-projets-de-production-denergie-a-partir-de-dechets-non-recyclables\/102400\/#primaryimage","url":"https:\/\/batijournal.com\/wp-content\/uploads\/2015\/03\/96487501.jpg","contentUrl":"https:\/\/batijournal.com\/wp-content\/uploads\/2015\/03\/96487501.jpg","width":599,"height":382,"caption":"d\u00e9chets de chantier"},{"@type":"BreadcrumbList","@id":"https:\/\/batijournal.com\/index.php\/14-projets-de-production-denergie-a-partir-de-dechets-non-recyclables\/102400\/#breadcrumb","itemListElement":[{"@type":"ListItem","position":1,"name":"Accueil","item":"https:\/\/batijournal.com\/"},{"@type":"ListItem","position":2,"name":"Actualit\u00e9s","item":"https:\/\/batijournal.com\/index.php\/category\/actualites\/"},{"@type":"ListItem","position":3,"name":"14 projets de production d\u2019\u00e9nergie \u00e0 partir de d\u00e9chets non-recyclables"}]},{"@type":"WebSite","@id":"https:\/\/batijournal.com\/#website","url":"https:\/\/batijournal.com\/","name":"Batijournal","description":"L&#039;actualit\u00e9 du b\u00e2timent","potentialAction":[{"@type":"SearchAction","target":{"@type":"EntryPoint","urlTemplate":"https:\/\/batijournal.com\/?s={search_term_string}"},"query-input":{"@type":"PropertyValueSpecification","valueRequired":true,"valueName":"search_term_string"}}],"inLanguage":"fr-FR"},{"@type":"Person","@id":"https:\/\/batijournal.com\/#\/schema\/person\/1dc96ec6957aa1ccb25ebe78bb19f100","name":"St\u00e9phane Miget","image":{"@type":"ImageObject","inLanguage":"fr-FR","@id":"https:\/\/secure.gravatar.com\/avatar\/89915563d925342126b8ef0281b93d9d7fc337043e8df017f780908eb9644451?s=96&d=mm&r=g","url":"https:\/\/secure.gravatar.com\/avatar\/89915563d925342126b8ef0281b93d9d7fc337043e8df017f780908eb9644451?s=96&d=mm&r=g","contentUrl":"https:\/\/secure.gravatar.com\/avatar\/89915563d925342126b8ef0281b93d9d7fc337043e8df017f780908eb9644451?s=96&d=mm&r=g","caption":"St\u00e9phane Miget"},"url":"https:\/\/batijournal.com\/index.php\/author\/stephane\/"}]}},"_links":{"self":[{"href":"https:\/\/batijournal.com\/index.php\/wp-json\/wp\/v2\/posts\/102400","targetHints":{"allow":["GET"]}}],"collection":[{"href":"https:\/\/batijournal.com\/index.php\/wp-json\/wp\/v2\/posts"}],"about":[{"href":"https:\/\/batijournal.com\/index.php\/wp-json\/wp\/v2\/types\/post"}],"author":[{"embeddable":true,"href":"https:\/\/batijournal.com\/index.php\/wp-json\/wp\/v2\/users\/17"}],"replies":[{"embeddable":true,"href":"https:\/\/batijournal.com\/index.php\/wp-json\/wp\/v2\/comments?post=102400"}],"version-history":[{"count":0,"href":"https:\/\/batijournal.com\/index.php\/wp-json\/wp\/v2\/posts\/102400\/revisions"}],"wp:featuredmedia":[{"embeddable":true,"href":"https:\/\/batijournal.com\/index.php\/wp-json\/wp\/v2\/media\/85146"}],"wp:attachment":[{"href":"https:\/\/batijournal.com\/index.php\/wp-json\/wp\/v2\/media?parent=102400"}],"wp:term":[{"taxonomy":"category","embeddable":true,"href":"https:\/\/batijournal.com\/index.php\/wp-json\/wp\/v2\/categories?post=102400"},{"taxonomy":"post_tag","embeddable":true,"href":"https:\/\/batijournal.com\/index.php\/wp-json\/wp\/v2\/tags?post=102400"}],"curies":[{"name":"wp","href":"https:\/\/api.w.org\/{rel}","templated":true}]}}